{"id":3920,"date":"2019-04-13T19:24:15","date_gmt":"2019-04-13T19:24:15","guid":{"rendered":"https:\/\/la-presse-anarchiste.net\/index.php\/2019\/04\/13\/declaration-unitaire-et-solennelle-du-comite-regional-de-catalogne-de-la-cnt\/"},"modified":"2019-04-13T19:24:15","modified_gmt":"2019-04-13T19:24:15","slug":"declaration-unitaire-et-solennelle-du-comite-regional-de-catalogne-de-la-cnt","status":"publish","type":"post","link":"https:\/\/la-presse-anarchiste.net\/index.php\/2019\/04\/13\/declaration-unitaire-et-solennelle-du-comite-regional-de-catalogne-de-la-cnt\/","title":{"rendered":"D\u00e9claration unitaire et solennelle du Comit\u00e9 R\u00e9gional de Catalogne de la&nbsp;CNT"},"content":{"rendered":"<div class=\"pdfprnt-buttons pdfprnt-buttons-post pdfprnt-top-right\"><a href=\"https:\/\/la-presse-anarchiste.net\/index.php\/wp-json\/wp\/v2\/posts\/3920?print=pdf\" class=\"pdfprnt-button pdfprnt-button-pdf\" target=\"_blank\"><img decoding=\"async\" src=\"https:\/\/la-presse-anarchiste.net\/wp-content\/plugins\/pdf-print\/images\/pdf.png\" alt=\"image_pdf\" title=\"Afficher le PDF\"><\/a><a href=\"https:\/\/la-presse-anarchiste.net\/index.php\/wp-json\/wp\/v2\/posts\/3920?print=print\" class=\"pdfprnt-button pdfprnt-button-print\" target=\"_blank\"><img decoding=\"async\" src=\"https:\/\/la-presse-anarchiste.net\/wp-content\/plugins\/pdf-print\/images\/print.png\" alt=\"image_print\" title=\"Contenu imprim\u00e9\"><\/a><\/div><div align=\"justify\">\n<div style=\"text-indent: 1cm\">\nLes trans\u00adfor\u00adma\u00adtions sociales, exi\u00adg\u00e9es par notre \u00e9poque et que le dyna\u00admisme de struc\u00adtures neuves doit favo\u00adri\u00adser, r\u00e9clament de nous une trans\u00adfor\u00adma\u00adtion pro\u00adfonde des valeurs et une nou\u00advelle conscience adap\u00adt\u00e9e aux besoins de l\u2019homme nou\u00adveau que fait appa\u00adra\u00eetre le pro\u00adgr\u00e8s tech\u00adnique et scien\u00adti\u00adfique. Cela \u00e9tant accep\u00adt\u00e9 et tenant compte que l\u2019ignorance de la pro\u00adbl\u00e9\u00adma\u00adtique sociale fut la cause de la d\u00e9faite des r\u00e9vo\u00adlu\u00adtions his\u00adto\u00adriques du pas\u00ads\u00e9, il serait absurde de pr\u00e9\u00adtendre \u00e0 une trans\u00adfor\u00adma\u00adtion de la soci\u00e9\u00adt\u00e9 sans une ana\u00adlyse pr\u00e9a\u00adlable des fon\u00adde\u00adments sur les\u00adquels elle repose et des condi\u00adtion\u00adne\u00adments psy\u00adcho-cultu\u00adrels qui ont per\u00admis leur main\u00adtien. Agir de tout autre fa\u00e7on, entra\u00ee\u00adn\u00e9s par le cou\u00adrant du res\u00adsen\u00adti\u00adment, ce serait aller \u00e0 une aven\u00adture irr\u00e9\u00adfl\u00e9\u00adchie et d\u00e9sas\u00adtreuse dans ses cons\u00e9\u00adquences, en retom\u00adbant dans les erreurs du&nbsp;pass\u00e9.\n<p>Or, pour par\u00adve\u00adnir \u00e0 une pen\u00ads\u00e9e et \u00e0 une action allant de pair, \u00e0 une praxis r\u00e9vo\u00adlu\u00adtion\u00adnaire, nous devons com\u00admen\u00adcer par \u00eatre authen\u00adtiques. C\u2019est-\u00e0-dire par nous lib\u00e9\u00adrer de tout dogme, des id\u00e9es pr\u00e9\u00adcon\u00ad\u00e7ues et, plus par\u00adti\u00adcu\u00adli\u00e8\u00adre\u00adment, de la peur. Lib\u00e9\u00adr\u00e9s de ce poids, il nous suf\u00adfit d\u2019observer avec une logique pros\u00adpec\u00adtive les besoins qui nous poussent, de cher\u00adcher le dia\u00adlogue avec les autres et, tous unis, d\u2019\u00e9tudier les pos\u00adsi\u00adbi\u00adli\u00adt\u00e9s qui nous sont offertes pour avan\u00adcer ensemble vers le but que nous nous fixe\u00adrons, ration\u00adnel\u00adle\u00adment et humainement.<\/p>\n<p>Rares sont ceux qui ne com\u00adprennent pas la n\u00e9ces\u00adsi\u00adt\u00e9 de cette uni\u00adfi\u00adca\u00adtion active.<\/p>\n<p>Mais l\u2019image fausse que l\u2019on se fait du syn\u00addi\u00adca\u00adlisme \u2013 car il y a actuel\u00adle\u00adment des syn\u00addi\u00adcats de toute sorte, depuis les syn\u00addi\u00adcats qui sont de simples groupes de pres\u00adsion au ser\u00advice de par\u00adtis poli\u00adtiques jusqu\u2019aux syn\u00addi\u00adcats qui sont subor\u00addon\u00adn\u00e9s au pou\u00advoir \u00e9ta\u00adtique \u2013 est l\u2019obstacle majeur auquel se heurtent les tra\u00advailleurs pour par\u00adve\u00adnir \u00e0 la conscience que le syn\u00addi\u00adca\u00adlisme n\u2019est qu\u2019un&nbsp;: le syn\u00addi\u00adca\u00adlisme liber\u00adtaire, celui de l\u2019action directe (action directe que des gens mal\u00adin\u00adten\u00adtion\u00adn\u00e9s iden\u00adti\u00adfient \u00e0 la vio\u00adlence sys\u00adt\u00e9\u00adma\u00adtique), qui fait l\u2019unit\u00e9 de tous les tra\u00advailleurs par une struc\u00adture vivante et d\u00e9mo\u00adcra\u00adtique, pour accom\u00adplir la r\u00e9vo\u00adlu\u00adtion de notre temps et en ter\u00admi\u00adner ain\u00adsi avec l\u2019exploitation, le des\u00adpo\u00adtisme, l\u2019in\u00e9galit\u00e9, les conflits et la guerre.<\/p>\n<p>Le Syn\u00addi\u00adcat, tel que nous le com\u00adpre\u00adnons, n\u2019est ni une doc\u00adtrine ni un par\u00adti, sinon une orga\u00adni\u00adsa\u00adtion ouverte, de libre par\u00adti\u00adci\u00adpa\u00adtion et de cri\u00adtique, de soli\u00adda\u00adri\u00adt\u00e9 et d\u2019entraide, qui trouve dans l\u2019autogestion \u00e0 tous les niveaux les sti\u00admu\u00adlants qui doivent pous\u00adser l\u2019homme sur la voie de son propre d\u00e9ve\u00adlop\u00adpe\u00adment, vers la liber\u00adt\u00e9 et la jus\u00adtice d\u2019une \u00e9co\u00adno\u00admie consti\u00adtu\u00e9e rationnellement.<\/p>\n<p>[|<b> \u2013 O \u2013 <\/b>|]<br>\n<br>\nMais, comme il se doit, nous devons com\u00admen\u00adcer par nous regrou\u00adper autour de cette pro\u00adjec\u00adtion syn\u00addi\u00adca\u00adliste liber\u00adtaire pour ren\u00adfor\u00adcer, en pre\u00admier lieu, la soli\u00adda\u00adri\u00adt\u00e9 entre les travailleurs.<\/p>\n<p>Et c\u2019est ce que vient de r\u00e9a\u00adli\u00adser la Conf\u00e9\u00add\u00e9\u00adra\u00adtion du Tra\u00advail de Cata\u00adlogne, \u00e0 la suite d\u2019un long tra\u00advail men\u00e9 \u00e0 bien avec le d\u00e9sir de mettre fin aux dis\u00adsen\u00adsions pou\u00advant exis\u00adter dans les milieux conf\u00e9\u00add\u00e9\u00adraux en ce qui concerne les atti\u00adtudes \u00e0 prendre face \u00e0 la pro\u00adbl\u00e9\u00adma\u00adtique poli\u00adti\u00adco\u00adso\u00adciale de notre&nbsp;pays.<\/p>\n<p>[|<b> \u2013 O \u2013 <\/b>|]<br>\n<br>\nLe 24 sep\u00adtembre 1971 sera une date historique.<\/p>\n<p>Dans Bar\u00adce\u00adlone, les cama\u00adrades de la R\u00e9gion cata\u00adlane, avec la repr\u00e9\u00adsen\u00adta\u00adti\u00advi\u00adt\u00e9 idoine et une haute conscience de leur res\u00adpon\u00adsa\u00adbi\u00adli\u00adt\u00e9, cou\u00adron\u00adn\u00e8rent d\u00e9fi\u00adni\u00adti\u00adve\u00adment l\u2019unit\u00e9 d\u2019action du syn\u00addi\u00adca\u00adlisme liber\u00adtaire en se r\u00e9unis\u00adsant dans la dis\u00adci\u00adpline d\u2019un seul Comi\u00adt\u00e9 R\u00e9gio\u00adnal, ind\u00e9\u00adpen\u00addant, et dont l\u2019exemple ani\u00adme\u00adra la nou\u00advelle d\u00e9marche conf\u00e9\u00add\u00e9\u00adrale d\u2019Espagne et, d\u00e8s \u00e0 pr\u00e9\u00adsent, face \u00e0 l\u2019avenir.<\/p>\n<p>La \u00ab&nbsp;D\u00e9cla\u00adra\u00adtion&nbsp;\u00bb pr\u00e9\u00adsente est le reflet du Pro\u00adc\u00e8s-Ver\u00adbal de cette r\u00e9union conjointe des hommes de la C.N.T.<\/p>\n<p>En cons\u00e9\u00adquence, l\u2019ensemble des mili\u00adtants conf\u00e9\u00add\u00e9\u00adraux s\u2019appr\u00eatent, avec r\u00e9a\u00adlisme et d\u00e9ter\u00admi\u00adna\u00adtion, \u00e0 tra\u00adcer de nou\u00advelles voies pour les p\u00e8le\u00adrins de l\u2019\u00e9mancipation indi\u00advi\u00adduelle et col\u00adlec\u00adtive, pour les Cata\u00adlans et les Espa\u00adgnols qui aspirent \u00e0 une com\u00admu\u00adnau\u00adt\u00e9 ib\u00e9\u00adrique meilleure et plus&nbsp;juste.<\/p>\n<p>D\u00e9j\u00e0, les craintes, les ran\u00adc\u0153urs et les s\u00e9pa\u00adra\u00adtions qui nous d\u00e9ses\u00adp\u00e9\u00adraient, nous affai\u00adblis\u00adsaient et qui nous emp\u00ea\u00adchaient de cap\u00adter r\u00e9so\u00adlu\u00adment la confiance de la col\u00adlec\u00adti\u00advi\u00adt\u00e9 ouvri\u00e8re, sont&nbsp;loin.<\/p>\n<p>L\u2019unit\u00e9 d\u2019action qui vient d\u2019\u00eatre obte\u00adnue n\u2019est pas la vic\u00adtoire de cer\u00adtains com\u00adpa\u00adgnons sur d\u2019autres, mais, \u00e0 par\u00adtir d\u2019une situa\u00adtion par\u00adti\u00adcu\u00adli\u00e8re, l\u2019issue vers le rap\u00adpro\u00adche\u00adment de tous les com\u00adpa\u00adgnons \u00e0 un niveau sup\u00e9\u00adrieur et trans\u00adcen\u00addant&nbsp;: celui de l\u2019\u00e9mancipation sociale, \u00e9co\u00adno\u00admique et cultu\u00adrelle des tra\u00advailleurs \u2013 \u0153uvre des tra\u00advailleurs eux-m\u00eames. Et si cela est valable pour les tra\u00advailleurs, femmes et hommes, de toute ten\u00addance, cela l\u2019est encore plus pour les jeunes qui nous rejoignent \u2013 \u00e9tant don\u00adn\u00e9 que la jeu\u00adnesse se pr\u00e9\u00adoc\u00adcupe plus des res\u00adpon\u00adsa\u00adbi\u00adli\u00adt\u00e9s du futur que des que\u00adrelles du&nbsp;pass\u00e9.<\/p>\n<p>[|<b> \u2013 O \u2013 <\/b>|]<br>\n<br>\nNous r\u00e9af\u00adfir\u00admons notre convic\u00adtion que l\u2019unit\u00e9 soli\u00addaire obte\u00adnue est la base et le levier pour atteindre tout objec\u00adtif. Nous serons impla\u00adcables envers ceux qui, par \u00e9go\u00adcen\u00adtrisme ou mol\u00adlesse, attentent, minent ou adul\u00adt\u00e8rent l\u2019esprit uni\u00adtaire et le corps soli\u00addaire qui sont et seront notre force d\u2019aujourd\u2019hui et de demain.<\/p>\n<p>Enfin, nous esp\u00e9\u00adrons que cette uni\u00adt\u00e9 conf\u00e9\u00add\u00e9\u00adrale et liber\u00adtaire de la R\u00e9gion cata\u00adlane ser\u00advi\u00adra d\u2019exemple, d\u2019aiguillon et d\u2019encouragement au niveau natio\u00adnal de la Conf\u00e9\u00add\u00e9\u00adra\u00adtion, et qu\u2019il y aura de pro\u00adfondes r\u00e9per\u00adcus\u00adsions sur les d\u00e9si\u00adrs ardents de r\u00e9uni\u00adfi\u00adca\u00adtion des com\u00adpa\u00adgnons de l\u2019exil, aux\u00adquels nous deman\u00addons de prendre acte imm\u00e9\u00addia\u00adte\u00adment de la nou\u00advelle \u00e9tape conf\u00e9\u00add\u00e9\u00adrale cata\u00adlane en se tenant pr\u00eats et en \u00e9tant atten\u00adtifs \u00e0 nos d\u00e9ci\u00adsions, en nous appuyant \u2013 unis eux aus\u00adsi \u2013 depuis leurs divers lieux d\u2019exil.<\/p>\n<p>Et nous les inci\u00adtons \u00e0 nous envoyer des sug\u00adges\u00adtions, des encou\u00adra\u00adge\u00adments et de l\u2019aide, afin de concen\u00adtrer nos efforts sur des objec\u00adtifs effi\u00adcaces et r\u00e9alistes.<\/p>\n<p><sc>En avant, par et pour le syn\u00addi\u00adca\u00adlisme libertaire&nbsp;!<\/sc><\/p>\n<p>[\/\u200bCatalogne, octobre 1971.<br>\n<br><i>(Cachet du Comi\u00adt\u00e9 R\u00e9gio\u00adnal de Catalogne.<br>\n<br>Conf\u00e9\u00add\u00e9\u00adra\u00adtion Natio\u00adnale du Tra\u00advail d\u2019Espagne.)\/]\n<\/i><\/p><\/div>\n<\/div>\n","protected":false},"excerpt":{"rendered":"<p>Les trans\u00adfor\u00adma\u00adtions sociales, exi\u00adg\u00e9es par notre \u00e9poque et que le dyna\u00admisme de struc\u00adtures neuves doit favo\u00adri\u00adser, r\u00e9clament de nous une trans\u00adfor\u00adma\u00adtion pro\u00adfonde des valeurs et une nou\u00advelle conscience adap\u00adt\u00e9e aux besoins de l\u2019homme nou\u00adveau que fait appa\u00adra\u00eetre le pro\u00adgr\u00e8s tech\u00adnique et scien\u00adti\u00adfique. Cela \u00e9tant accep\u00adt\u00e9 et tenant compte que l\u2019ignorance de la pro\u00adbl\u00e9\u00adma\u00adtique sociale fut&nbsp;[\u2026]<\/p>\n","protected":false},"author":1,"featured_media":0,"comment_status":"closed","ping_status":"closed","sticky":false,"template":"","format":"standard","meta":{"wp_typography_post_enhancements_disabled":false,"footnotes":""},"categories":[481],"tags":[],"ppma_author":[540],"class_list":["post-3920","post","type-post","status-publish","format-standard","hentry","category-solidarite-ouvriere-n7-novembre-1971"],"authors":[{"term_id":540,"user_id":1,"is_guest":0,"slug":"admin_3gikpwyf","display_name":"Vincent Dubuc","avatar_url":"https:\/\/secure.gravatar.com\/avatar\/d015720652c25fd2ced191ade86430094e1f288a17483713e3b34d26dea52507?s=96&d=mm&r=g","author_category":"","user_url":"https:\/\/la-presse-anarchiste.net","last_name":"Dubuc","first_name":"Vincent","job_title":"","description":""}],"_links":{"self":[{"href":"https:\/\/la-presse-anarchiste.net\/index.php\/wp-json\/wp\/v2\/posts\/3920","targetHints":{"allow":["GET"]}}],"collection":[{"href":"https:\/\/la-presse-anarchiste.net\/index.php\/wp-json\/wp\/v2\/posts"}],"about":[{"href":"https:\/\/la-presse-anarchiste.net\/index.php\/wp-json\/wp\/v2\/types\/post"}],"author":[{"embeddable":true,"href":"https:\/\/la-presse-anarchiste.net\/index.php\/wp-json\/wp\/v2\/users\/1"}],"replies":[{"embeddable":true,"href":"https:\/\/la-presse-anarchiste.net\/index.php\/wp-json\/wp\/v2\/comments?post=3920"}],"version-history":[{"count":0,"href":"https:\/\/la-presse-anarchiste.net\/index.php\/wp-json\/wp\/v2\/posts\/3920\/revisions"}],"wp:attachment":[{"href":"https:\/\/la-presse-anarchiste.net\/index.php\/wp-json\/wp\/v2\/media?parent=3920"}],"wp:term":[{"taxonomy":"category","embeddable":true,"href":"https:\/\/la-presse-anarchiste.net\/index.php\/wp-json\/wp\/v2\/categories?post=3920"},{"taxonomy":"post_tag","embeddable":true,"href":"https:\/\/la-presse-anarchiste.net\/index.php\/wp-json\/wp\/v2\/tags?post=3920"},{"taxonomy":"author","embeddable":true,"href":"https:\/\/la-presse-anarchiste.net\/index.php\/wp-json\/wp\/v2\/ppma_author?post=3920"}],"curies":[{"name":"wp","href":"https:\/\/api.w.org\/{rel}","templated":true}]}}