{"id":3921,"date":"2019-04-13T19:23:55","date_gmt":"2019-04-13T19:23:55","guid":{"rendered":"https:\/\/la-presse-anarchiste.net\/index.php\/2019\/04\/13\/les-affrontements-a-s-e-a-t\/"},"modified":"2019-04-13T19:23:55","modified_gmt":"2019-04-13T19:23:55","slug":"les-affrontements-a-s-e-a-t","status":"publish","type":"post","link":"https:\/\/la-presse-anarchiste.net\/index.php\/2019\/04\/13\/les-affrontements-a-s-e-a-t\/","title":{"rendered":"Les affrontements \u00e0 S.E.A.T."},"content":{"rendered":"<div class=\"pdfprnt-buttons pdfprnt-buttons-post pdfprnt-top-right\"><a href=\"https:\/\/la-presse-anarchiste.net\/index.php\/wp-json\/wp\/v2\/posts\/3921?print=pdf\" class=\"pdfprnt-button pdfprnt-button-pdf\" target=\"_blank\"><img decoding=\"async\" src=\"https:\/\/la-presse-anarchiste.net\/wp-content\/plugins\/pdf-print\/images\/pdf.png\" alt=\"image_pdf\" title=\"Afficher le PDF\"><\/a><a href=\"https:\/\/la-presse-anarchiste.net\/index.php\/wp-json\/wp\/v2\/posts\/3921?print=print\" class=\"pdfprnt-button pdfprnt-button-print\" target=\"_blank\"><img decoding=\"async\" src=\"https:\/\/la-presse-anarchiste.net\/wp-content\/plugins\/pdf-print\/images\/print.png\" alt=\"image_print\" title=\"Contenu imprim\u00e9\"><\/a><\/div><div align=\"justify\">\n<div style=\"text-indent: 1cm\">\nLe groupe anar\u00adcho-syn\u00addi\u00adca\u00adliste \u00ab&nbsp;Jus\u00adti\u00adcia y Liber\u00adtad&nbsp;\u00bb de Bar\u00adce\u00adlone nous demande de rendre public le fait que la direc\u00adtion de S.E.A.T. (filiale de F.I.A.T. en Espagne) est lar\u00adge\u00adment res\u00adpon\u00adsable des \u00e9v\u00e9\u00adne\u00adments et des affron\u00adte\u00adments entre les tra\u00advailleurs et la police \u2013 affron\u00adte\u00adments qui firent un mort (six balles dans le ventre), encore un ouvrier.\n<p>Le Tri\u00adbu\u00adnal du Tra\u00advail avait condam\u00adn\u00e9 S.E.A.T. \u00e0 r\u00e9in\u00adt\u00e9\u00adgrer seize tra\u00advailleurs ren\u00advoy\u00e9s. La direc\u00adtion de S.E.A.T. refu\u00adsa. Les tra\u00advailleurs ren\u00advoy\u00e9s reviennent dans les ate\u00adliers. La Direc\u00adtion les \u00ab&nbsp;invite&nbsp;\u00bb \u00e0 par\u00adtir. Les autres tra\u00advailleurs se soli\u00adda\u00adrisent et d\u00e9clarent la gr\u00e8ve sur le tas. La Direc\u00adtion fait alors appel \u00e0 la police pour d\u00e9lo\u00adger les tra\u00advailleurs de leurs ate\u00adliers. Et c\u2019est l\u2019affrontement&nbsp;: un mort, de nom\u00adbreux bles\u00ads\u00e9s et emprisonn\u00e9s\u2026<\/p>\n<p>Nos cama\u00adrades d\u2019Espagne nous demandent de rap\u00adpe\u00adler que cette firme auto\u00admo\u00adbile (S.E.A.T., filiale de F.I.A.T. \u2013 Ita\u00adlie) dans son pays d\u2019origine, l\u2019Italie, avait sou\u00adte\u00adnu finan\u00adci\u00e8\u00adre\u00adment le fas\u00adcisme et fut un des agents du mar\u00adtyre du pro\u00adl\u00e9\u00adta\u00adriat ita\u00adlien de 1920 \u00e0&nbsp;1945.<\/p>\n<p>Le patro\u00adnat ita\u00adlien retrouve faci\u00adle\u00adment cer\u00adtaines m\u00e9thodes&nbsp;!<\/p>\n<p>La struc\u00adtu\u00adra\u00adtion du mou\u00adve\u00adment ouvrier espa\u00adgnol com\u00admen\u00ad\u00e7a pen\u00addant la Pre\u00admi\u00e8re Inter\u00adna\u00adtio\u00adnale, vers 1868, avec l\u2019aide des amis de Bakou\u00adnine de l\u2019Alliance de la d\u00e9mo\u00adcra\u00adtie socia\u00adliste. La \u00ab&nbsp;Fede\u00adra\u00adcion obre\u00adra de la region espa\u00adno\u00adla&nbsp;\u00bb fut une des sec\u00adtions les plus actives de l\u2019Internationale jusqu\u2019aux envi\u00adrons de&nbsp;1880.<\/p>\n<p>Mal\u00adgr\u00e9 la ten\u00adta\u00adtive du Par\u00adti socia\u00adliste de cr\u00e9er un par\u00adti ouvrier par\u00adle\u00admen\u00adtaire, vers les ann\u00e9es&nbsp;1910.1911, les anar\u00adcho syn\u00addi\u00adca\u00adlistes r\u00e9or\u00adga\u00adni\u00adsaient leur mou\u00adve\u00adment. La CNT nais\u00adsait. Son but est la construc\u00adtion du com\u00admu\u00adnisme liber\u00adtaire par l\u2019action directe des travailleurs.<\/p>\n<p>En 1921, apr\u00e8s le rap\u00adport de notre cama\u00adrade Leval, lequel fut confir\u00adm\u00e9 par le t\u00e9moi\u00adgnage de Angel Pes\u00adta\u00adna, elle refu\u00adsait d\u2019entrer dans l\u2019Internationale syn\u00addi\u00adcale rouge et r\u00e9us\u00adsit, gr\u00e2ce \u00e0 la haute conscience de ses mili\u00adtants, \u00e0 \u00e9vi\u00adter la scis\u00adsion qui d\u00e9trui\u00adsit chez nous la CGT r\u00e9volutionnaire.<\/p>\n<p>Plon\u00adgeant ses racines pro\u00adfon\u00add\u00e9\u00adment dans la lutte du pro\u00adl\u00e9\u00adta\u00adriat espa\u00adgnol, la CNT et le syn\u00addi\u00adca\u00adlisme liber\u00adtaire ne sau\u00adraient mourir.<\/p>\n<p>Aujourd\u2019hui, des vieilles cita\u00addelles ouvri\u00e8res de Bar\u00adce\u00adlone, de Valence et de Sara\u00adgosse refleu\u00adrit la vieille volon\u00adt\u00e9 de liber\u00adt\u00e9 du prol\u00e9tariat.&nbsp;<\/p><\/div>\n<\/div>\n","protected":false},"excerpt":{"rendered":"<p>Le groupe anar\u00ad\u00adcho-syn\u00ad\u00addi\u00ad\u00adca\u00ad\u00adliste \u00ab&nbsp;Jus\u00adti\u00adcia y Liber\u00adtad&nbsp;\u00bb de Bar\u00adce\u00adlone nous demande de rendre public le fait que la direc\u00adtion de S.E.A.T. (filiale de F.I.A.T. en Espagne) est lar\u00adge\u00adment res\u00adpon\u00adsable des \u00e9v\u00e9\u00adne\u00adments et des affron\u00adte\u00adments entre les tra\u00advailleurs et la police \u2013 affron\u00adte\u00adments qui firent un mort (six balles dans le ventre), encore un ouvrier. Le Tribunal&nbsp;[\u2026]<\/p>\n","protected":false},"author":1,"featured_media":0,"comment_status":"closed","ping_status":"closed","sticky":false,"template":"","format":"standard","meta":{"wp_typography_post_enhancements_disabled":false,"footnotes":""},"categories":[481],"tags":[],"ppma_author":[540],"class_list":["post-3921","post","type-post","status-publish","format-standard","hentry","category-solidarite-ouvriere-n7-novembre-1971"],"authors":[{"term_id":540,"user_id":1,"is_guest":0,"slug":"admin_3gikpwyf","display_name":"Vincent Dubuc","avatar_url":"https:\/\/secure.gravatar.com\/avatar\/d015720652c25fd2ced191ade86430094e1f288a17483713e3b34d26dea52507?s=96&d=mm&r=g","author_category":"","user_url":"https:\/\/la-presse-anarchiste.net","last_name":"Dubuc","first_name":"Vincent","job_title":"","description":""}],"_links":{"self":[{"href":"https:\/\/la-presse-anarchiste.net\/index.php\/wp-json\/wp\/v2\/posts\/3921","targetHints":{"allow":["GET"]}}],"collection":[{"href":"https:\/\/la-presse-anarchiste.net\/index.php\/wp-json\/wp\/v2\/posts"}],"about":[{"href":"https:\/\/la-presse-anarchiste.net\/index.php\/wp-json\/wp\/v2\/types\/post"}],"author":[{"embeddable":true,"href":"https:\/\/la-presse-anarchiste.net\/index.php\/wp-json\/wp\/v2\/users\/1"}],"replies":[{"embeddable":true,"href":"https:\/\/la-presse-anarchiste.net\/index.php\/wp-json\/wp\/v2\/comments?post=3921"}],"version-history":[{"count":0,"href":"https:\/\/la-presse-anarchiste.net\/index.php\/wp-json\/wp\/v2\/posts\/3921\/revisions"}],"wp:attachment":[{"href":"https:\/\/la-presse-anarchiste.net\/index.php\/wp-json\/wp\/v2\/media?parent=3921"}],"wp:term":[{"taxonomy":"category","embeddable":true,"href":"https:\/\/la-presse-anarchiste.net\/index.php\/wp-json\/wp\/v2\/categories?post=3921"},{"taxonomy":"post_tag","embeddable":true,"href":"https:\/\/la-presse-anarchiste.net\/index.php\/wp-json\/wp\/v2\/tags?post=3921"},{"taxonomy":"author","embeddable":true,"href":"https:\/\/la-presse-anarchiste.net\/index.php\/wp-json\/wp\/v2\/ppma_author?post=3921"}],"curies":[{"name":"wp","href":"https:\/\/api.w.org\/{rel}","templated":true}]}}