{"id":3938,"date":"2019-04-18T13:08:40","date_gmt":"2019-04-18T13:08:40","guid":{"rendered":"https:\/\/la-presse-anarchiste.net\/index.php\/2019\/04\/18\/le-probleme-du-ble\/"},"modified":"2019-04-18T13:08:40","modified_gmt":"2019-04-18T13:08:40","slug":"le-probleme-du-ble","status":"publish","type":"post","link":"https:\/\/la-presse-anarchiste.net\/index.php\/2019\/04\/18\/le-probleme-du-ble\/","title":{"rendered":"Le probl\u00e8me du&nbsp;bl\u00e9"},"content":{"rendered":"<div class=\"pdfprnt-buttons pdfprnt-buttons-post pdfprnt-top-right\"><a href=\"https:\/\/la-presse-anarchiste.net\/index.php\/wp-json\/wp\/v2\/posts\/3938?print=pdf\" class=\"pdfprnt-button pdfprnt-button-pdf\" target=\"_blank\"><img decoding=\"async\" src=\"https:\/\/la-presse-anarchiste.net\/wp-content\/plugins\/pdf-print\/images\/pdf.png\" alt=\"image_pdf\" title=\"Afficher le PDF\"><\/a><a href=\"https:\/\/la-presse-anarchiste.net\/index.php\/wp-json\/wp\/v2\/posts\/3938?print=print\" class=\"pdfprnt-button pdfprnt-button-print\" target=\"_blank\"><img decoding=\"async\" src=\"https:\/\/la-presse-anarchiste.net\/wp-content\/plugins\/pdf-print\/images\/print.png\" alt=\"image_print\" title=\"Contenu imprim\u00e9\"><\/a><\/div><div align=\"justify\">\n<div style=\"text-indent: 1cm\">\n<p>Dans sa der\u00adni\u00e8re conf\u00e9\u00adrence de presse, le g\u00e9n\u00e9\u00adral de Gaulle avait d\u00e9cla\u00adr\u00e9 que la Com\u00admu\u00adnau\u00adt\u00e9 euro\u00adp\u00e9enne devait avoir r\u00e9so\u00adlu la ques\u00adtion de l\u2019organisation agri\u00adcole pour la fin de l\u2019ann\u00e9e, faute de quoi on pou\u00advait pr\u00e9\u00advoir sa dis\u00adpa\u00adri\u00adtion. C\u2019\u00e9tait une esp\u00e8ce d\u2019ultimatum, que le chef de l\u2019\u00c9tat fran\u00ad\u00e7ais posait en atta\u00adquant sur la base la plus chan\u00adce\u00adlante&nbsp;: celle de l\u2019accord entre les nations int\u00e9\u00adres\u00ads\u00e9es sur le pro\u00adbl\u00e8me le plus dif\u00adfi\u00adcile \u00e0 r\u00e9soudre.<\/p>\n<p>Disons fran\u00adche\u00adment que nous ne d\u00e9si\u00adrons pas l\u2019\u00e9chec de l\u2019int\u00e9gration euro\u00adp\u00e9enne&nbsp;: il est bien que nombre d\u2019hommes soient arri\u00adv\u00e9s \u00e0 sur\u00admon\u00adter le vieil esprit natio\u00adna\u00adliste et patrio\u00adtard dans lequel et par lequel les nations se sont embour\u00adb\u00e9es et ensan\u00adglan\u00adt\u00e9es pen\u00addant des si\u00e8cles. Mais depuis le d\u00e9but nous avons affir\u00adm\u00e9 que dans le r\u00e9gime capi\u00adta\u00adliste il \u00e9tait impos\u00adsible de par\u00adve\u00adnir \u00e0 l\u2019int\u00e9gration \u00e9co\u00adno\u00admique et poli\u00adtique de l\u2019Europe. Les inten\u00adtions des hommes sont une chose, les pos\u00adsi\u00adbi\u00adli\u00adt\u00e9s pra\u00adtiques en sont une&nbsp;autre.<\/p>\n<p>Le pro\u00adbl\u00e8me du bl\u00e9 s\u2019offre en ce moment comme un exemple, avec la \u00ab&nbsp;guerre des pou\u00adlets&nbsp;\u00bb d\u00e9clen\u00adch\u00e9e par les expor\u00adta\u00adteurs des \u00c9tats-Unis. La dis\u00adpa\u00adri\u00adt\u00e9 des prix entre les nations euro\u00adp\u00e9ennes emp\u00eache qu\u2019on se mette d\u2019accord. Le quin\u00adtal de cette c\u00e9r\u00e9ale vaut en ce moment 54,61 francs en Alle\u00admagne, 52,30 francs en Bel\u00adgique, 49,28 francs en Ita\u00adlie, 45,52 francs en France. Et d\u2019autre part, le bl\u00e9 des U.S.A. ou cana\u00addien co\u00fbte moins cher que le bl\u00e9 fran\u00e7ais.<\/p>\n<p>Il semble que, pour faci\u00adli\u00adter la libre cir\u00adcu\u00adla\u00adtion des pro\u00adduits agri\u00adcoles entre les nations de l\u2019Europe des Six, il n\u2019y ait qu\u2019\u00e0 ouvrir les fron\u00adti\u00e8res. Mais si on laisse p\u00e9n\u00e9\u00adtrer libre\u00adment le bl\u00e9 fran\u00ad\u00e7ais en Alle\u00admagne ou en Bel\u00adgique, la dif\u00adf\u00e9\u00adrence des prix fera imm\u00e9\u00addia\u00adte\u00adment bais\u00adser catas\u00adtro\u00adphi\u00adque\u00adment le cours du bl\u00e9 alle\u00admand, et les agri\u00adcul\u00adteurs d\u2019outre-Rhin s\u2019y opposent \u00e9nergiquement.<\/p>\n<p>Ils ont de solides rai\u00adsons pour cela&nbsp;: les d\u00e9penses impo\u00ads\u00e9es par l\u2019agriculture, dans des terres sou\u00advent tr\u00e8s peu favo\u00adrables, sont en moyenne beau\u00adcoup plus \u00e9le\u00adv\u00e9es que celles de l\u2019agriculture fran\u00ad\u00e7aise, qui dis\u00adpose de terres plus \u00e9ten\u00addues et plus f\u00e9condes. Le quin\u00adtal de bl\u00e9 revient donc plus cher en Alle\u00admagne qu\u2019en France, et ici m\u00eame le quin\u00adtal de bl\u00e9 revient plus cher dans une r\u00e9gion ou que l\u2019autre, selon les condi\u00adtions natu\u00adrelles extr\u00ea\u00adme\u00adment variables&nbsp;: cli\u00admat, pos\u00adsi\u00adbi\u00adli\u00adt\u00e9 de rota\u00adtion des cultures, com\u00adpo\u00adsi\u00adtion chi\u00admique du sol,&nbsp;etc.<\/p>\n<p>Les dis\u00adpa\u00adri\u00adt\u00e9s des prix sont donc in\u00e9vi\u00adtables, et elles le seraient dans n\u2019importe quel r\u00e9gime social. Il en est de m\u00eame pour tous les pro\u00adduits de la terre, quels qu\u2019ils soient. L\u2019homme peut, par une uti\u00adli\u00adsa\u00adtion plus intel\u00adli\u00adgente, une fer\u00adti\u00adli\u00adsa\u00adtion plus pous\u00ads\u00e9e, une meilleure orga\u00adni\u00adsa\u00adtion du tra\u00advail, dimi\u00adnuer les dif\u00adf\u00e9\u00adrences exis\u00adtantes&nbsp;: il ne peut les effacer.<\/p>\n<p>Aus\u00adsi, comme il arrive pour le lait, le beurre, la viande, des sub\u00adven\u00adtions directes et indi\u00adrectes sont appor\u00adt\u00e9es par les gou\u00adver\u00adne\u00adments, gr\u00e2ce aux imp\u00f4ts directs et indi\u00adrects pay\u00e9s par l\u2019ensemble des contri\u00adbuables, et ce n\u2019est pas sans rai\u00adson que l\u2019on parle de dum\u00adping. Mais celui-ci rev\u00eat des formes si vari\u00e9es qu\u2019il est impos\u00adsible, lorsqu\u2019on s\u2019enfonce dans ce maquis, d\u2019en d\u00e9m\u00ea\u00adler toutes les ficelles&nbsp;: aide directe, par des sub\u00adven\u00adtions avou\u00e9es&nbsp;; aide indi\u00adrecte, par l\u2019exigu\u00eft\u00e9 des imp\u00f4ts pr\u00e9\u00adle\u00adv\u00e9s, par les sub\u00adven\u00adtions don\u00adn\u00e9es pour l\u2019achat de mat\u00e9\u00adriel agri\u00adcole, sur le prix du gas-oil ou autres com\u00adbus\u00adtibles, le pro\u00adtec\u00adtion\u00adnisme pour l\u2019importation des machines outils, le prix du trans\u00adport des engrais, et les pro\u00adduits ven\u00addus \u00e0 l\u2019\u00e9tranger, l\u2019aide \u00e0 l\u2019exportation, etc. Tous les moyens mis en \u0153uvre sont si nom\u00adbreux, vari\u00e9s, com\u00adplexes et astu\u00adcieux que bien malin serait celui qui pour\u00adrait s\u2019y recon\u00adna\u00eetre. Les experts y ont renon\u00adc\u00e9\u2026 Et n\u2019oublions pas le prix pay\u00e9 pour le pain dans chaque nation.<\/p>\n<p>Le trai\u00adt\u00e9 de Rome a jusqu\u2019ici \u00e9chou\u00e9 dans son appli\u00adca\u00adtion, et toutes les ten\u00adta\u00adtives pour uni\u00adfier ce qui n\u2019est pas uni\u00adfiable dans le cadre des nations s\u00e9pa\u00adr\u00e9es et capi\u00adta\u00adlistes n\u2019ayant pas don\u00adn\u00e9 de r\u00e9sul\u00adtats, on nous parle main\u00adte\u00adnant du Plan Man\u00adsholt qui, par un ing\u00e9\u00adnieux sys\u00adt\u00e8me de p\u00e9r\u00e9qua\u00adtion, per\u00admet\u00adtrait de mettre fin aux dif\u00adfi\u00adcul\u00adt\u00e9s jusqu\u2019ici invin\u00adcibles. Mais il fau\u00addrait d\u2019abord \u00e9le\u00adver le prix du bl\u00e9 dans un pays comme la France, o\u00f9 il compte beau\u00adcoup plus qu\u2019en Alle\u00admagne. De m\u00eame en Ita\u00adlie. Pre\u00admier obs\u00adtacle. Deuxi\u00e8me obs\u00adtacle&nbsp;: le bl\u00e9 fran\u00ad\u00e7ais se payant au prix du bl\u00e9 alle\u00admand, les pay\u00adsans fran\u00ad\u00e7ais, dont la pro\u00adduc\u00adtion est d\u00e9j\u00e0 exc\u00e9\u00adden\u00adtaire \u00e9tant don\u00adn\u00e9 les pos\u00adsi\u00adbi\u00adli\u00adt\u00e9s de vente, et qui peuvent sans beau\u00adcoup de dif\u00adfi\u00adcul\u00adt\u00e9 arri\u00adver \u00e0 pro\u00adduire 150 mil\u00adlions de quin\u00adtaux contre une moyenne de 80 avant 1939 se h\u00e2te\u00adraient de le faire. O\u00f9 ven\u00addrait-on ces nou\u00adveaux exc\u00e9dents&nbsp;?<\/p>\n<p>La Com\u00admu\u00adnau\u00adt\u00e9 euro\u00adp\u00e9enne ne peut pas aller au-del\u00e0 d\u2019un cer\u00adtain seuil. Elle avor\u00adte\u00adra si elle n\u2019est pas, aus\u00adsi, une cr\u00e9a\u00adtion de la conscience euro\u00adp\u00e9enne soli\u00addaire et fra\u00adter\u00adnelle. Mais cela implique la r\u00e9a\u00adli\u00adsa\u00adtion d\u2019un socia\u00adlisme v\u00e9ri\u00adtable que les socia\u00adlistes eux-m\u00eames ont par trop oubli\u00e9.&nbsp;<\/p><\/div>\n<\/div>\n","protected":false},"excerpt":{"rendered":"<p>Dans sa der\u00adni\u00e8re conf\u00e9\u00adrence de presse, le g\u00e9n\u00e9\u00adral de Gaulle avait d\u00e9cla\u00adr\u00e9 que la Com\u00admu\u00adnau\u00adt\u00e9 euro\u00adp\u00e9enne devait avoir r\u00e9so\u00adlu la ques\u00adtion de l\u2019organisation agri\u00adcole pour la fin de l\u2019ann\u00e9e, faute de quoi on pou\u00advait pr\u00e9\u00advoir sa dis\u00adpa\u00adri\u00adtion. C\u2019\u00e9tait une esp\u00e8ce d\u2019ultimatum, que le chef de l\u2019\u00c9tat fran\u00ad\u00e7ais posait en atta\u00adquant sur la base la&nbsp;plus&nbsp;[\u2026]<\/p>\n","protected":false},"author":1,"featured_media":0,"comment_status":"closed","ping_status":"closed","sticky":false,"template":"","format":"standard","meta":{"wp_typography_post_enhancements_disabled":false,"footnotes":""},"categories":[484],"tags":[],"ppma_author":[540],"class_list":["post-3938","post","type-post","status-publish","format-standard","hentry","category-cahiers-de-lhumanisme-libertaire-na95-octobre-1963"],"authors":[{"term_id":540,"user_id":1,"is_guest":0,"slug":"admin_3gikpwyf","display_name":"Vincent Dubuc","avatar_url":"https:\/\/secure.gravatar.com\/avatar\/d015720652c25fd2ced191ade86430094e1f288a17483713e3b34d26dea52507?s=96&d=mm&r=g","author_category":"","user_url":"https:\/\/la-presse-anarchiste.net","last_name":"Dubuc","first_name":"Vincent","job_title":"","description":""}],"_links":{"self":[{"href":"https:\/\/la-presse-anarchiste.net\/index.php\/wp-json\/wp\/v2\/posts\/3938","targetHints":{"allow":["GET"]}}],"collection":[{"href":"https:\/\/la-presse-anarchiste.net\/index.php\/wp-json\/wp\/v2\/posts"}],"about":[{"href":"https:\/\/la-presse-anarchiste.net\/index.php\/wp-json\/wp\/v2\/types\/post"}],"author":[{"embeddable":true,"href":"https:\/\/la-presse-anarchiste.net\/index.php\/wp-json\/wp\/v2\/users\/1"}],"replies":[{"embeddable":true,"href":"https:\/\/la-presse-anarchiste.net\/index.php\/wp-json\/wp\/v2\/comments?post=3938"}],"version-history":[{"count":0,"href":"https:\/\/la-presse-anarchiste.net\/index.php\/wp-json\/wp\/v2\/posts\/3938\/revisions"}],"wp:attachment":[{"href":"https:\/\/la-presse-anarchiste.net\/index.php\/wp-json\/wp\/v2\/media?parent=3938"}],"wp:term":[{"taxonomy":"category","embeddable":true,"href":"https:\/\/la-presse-anarchiste.net\/index.php\/wp-json\/wp\/v2\/categories?post=3938"},{"taxonomy":"post_tag","embeddable":true,"href":"https:\/\/la-presse-anarchiste.net\/index.php\/wp-json\/wp\/v2\/tags?post=3938"},{"taxonomy":"author","embeddable":true,"href":"https:\/\/la-presse-anarchiste.net\/index.php\/wp-json\/wp\/v2\/ppma_author?post=3938"}],"curies":[{"name":"wp","href":"https:\/\/api.w.org\/{rel}","templated":true}]}}