{"id":3946,"date":"2019-04-19T18:11:27","date_gmt":"2019-04-19T18:11:27","guid":{"rendered":"https:\/\/la-presse-anarchiste.net\/index.php\/2019\/04\/19\/lunion-anarchiste-et-le-libertaire\/"},"modified":"2019-04-19T18:11:27","modified_gmt":"2019-04-19T18:11:27","slug":"lunion-anarchiste-et-le-libertaire","status":"publish","type":"post","link":"https:\/\/la-presse-anarchiste.net\/index.php\/2019\/04\/19\/lunion-anarchiste-et-le-libertaire\/","title":{"rendered":"L\u2019union anarchiste et le Libertaire"},"content":{"rendered":"<div class=\"pdfprnt-buttons pdfprnt-buttons-post pdfprnt-top-right\"><a href=\"https:\/\/la-presse-anarchiste.net\/index.php\/wp-json\/wp\/v2\/posts\/3946?print=pdf\" class=\"pdfprnt-button pdfprnt-button-pdf\" target=\"_blank\"><img decoding=\"async\" src=\"https:\/\/la-presse-anarchiste.net\/wp-content\/plugins\/pdf-print\/images\/pdf.png\" alt=\"image_pdf\" title=\"Afficher le PDF\"><\/a><a href=\"https:\/\/la-presse-anarchiste.net\/index.php\/wp-json\/wp\/v2\/posts\/3946?print=print\" class=\"pdfprnt-button pdfprnt-button-print\" target=\"_blank\"><img decoding=\"async\" src=\"https:\/\/la-presse-anarchiste.net\/wp-content\/plugins\/pdf-print\/images\/print.png\" alt=\"image_print\" title=\"Contenu imprim\u00e9\"><\/a><\/div><div align=\"justify\">\n<div style=\"text-indent: 1cm\">\n<p>\u00ab&nbsp;C.G.T.U.&nbsp;\u00bb et \u00ab&nbsp;Cot\u00adtin&nbsp;\u00bb&nbsp;: tous les efforts de l\u2019Union Anar\u00adchiste sont concen\u00adtr\u00e9s sur ces deux objec\u00adtifs. Non syn\u00addi\u00adqu\u00e9, je me refuse \u00e0 \u00e9tu\u00addier le pre\u00admier. Pas\u00adsons de suite au second.<\/p>\n<p>Cot\u00adtin&nbsp;: sa per\u00adson\u00adna\u00adli\u00adt\u00e9, mala\u00addive, subit p\u00e9ni\u00adble\u00adment son empri\u00adson\u00adne\u00adment au droit com\u00admun, d\u2019autant plus p\u00e9ni\u00adble\u00adment que Cot\u00adtin \u00ab&nbsp;pense&nbsp;\u00bb et que son \u00e2me d\u2019ap\u00f4tre aurait ten\u00addance, de par son atti\u00adtude, \u00e0 aggra\u00adver encore son sort, \u2013 son acte, sur lequel je fais toutes les r\u00e9serves, que je ne puis consi\u00add\u00e9\u00adrer comme un moment de la conscience humaine, mais plu\u00adt\u00f4t comme une incons\u00adcience. En face de ce fait&nbsp;: la Guerre, abattre Cle\u00admen\u00adceau n\u2019\u00e9tait pas une solu\u00adtion. C\u2019\u00e9tait en ao\u00fbt 1914 que la solu\u00adtion devait inter\u00adve\u00adnir&nbsp;: devant la veu\u00adle\u00adrie de la foule, une action \u00ab&nbsp;col\u00adlec\u00adtive&nbsp;\u00bb \u00e9tait en quelque sorte impos\u00adsible, mais il y avait la \u00ab&nbsp;solu\u00adtion indi\u00advi\u00adduelle&nbsp;\u00bb, maints cama\u00adrades l\u2019ont trouv\u00e9e\u2026<\/p>\n<p>L\u2019U.A. et le Liber\u00adtaire veulent la lib\u00e9\u00adra\u00adtion de Cot\u00adtin. Les moyens employ\u00e9s y par\u00advien\u00addront-ils&nbsp;? Je doute. Les tracts s\u2019empilent dans les groupes, impar\u00adfai\u00adte\u00adment dis\u00adtri\u00adbu\u00e9s&nbsp;; \u2013 les r\u00e9unions, les mee\u00adtings, fr\u00e9\u00adquents, sont sui\u00advis tou\u00adjours par les m\u00eames&nbsp;: la masse n\u2019est pas atteinte&nbsp;; \u2013 les articles sur le ton \u00ab&nbsp;Lib\u00e9\u00adrez Cot\u00adtin ou quelqu\u2019un par\u00admi nous se l\u00e8ve\u00adra\u2026&nbsp;\u00bb ouvrent \u00e0 de nou\u00adveaux cama\u00adrades les portes des pri\u00adsons et ferment plus lour\u00adde\u00adment celle ou v\u00e9g\u00e8te Cot\u00adtin\u2026 Et puis pour\u00adquoi tant insis\u00adter sur la haute por\u00adt\u00e9e morale de l\u2019acte de Cot\u00adtin&nbsp;? C\u2019est comme cela que vous esp\u00e9\u00adrez aboutir&nbsp;?<\/p>\n<p>Il est d\u2019autres moyens&nbsp;: ils r\u00e9pugnent peut-\u00eatre \u00e0 l\u2019U.A. \u00c0 moi aus\u00adsi, ils r\u00e9pu\u00adgne\u00adraient peut-\u00eatre. Et cepen\u00addant\u2026 Oui, une action bien l\u00e9ga\u00adliste\u2026 Ligue des Droits de l\u2019Homme, etc. Il est d\u2019autres moyens\u2026 Du jour o\u00f9 l\u2019on s\u2019est occu\u00adp\u00e9 conscien\u00adcieu\u00adse\u00adment d\u2019Armand, par des moyens l\u00e9ga\u00adlistes et par des d\u00e9marches, sa lib\u00e9\u00adra\u00adtion n\u2019a gu\u00e8re tard\u00e9e\u2026<\/p>\n<p>Et cette agi\u00adta\u00adtion autour de Cot\u00adtin a cr\u00e9e chez nos cama\u00adrades anar\u00adchistes com\u00admu\u00adnistes une atmo\u00adsph\u00e8re toute sp\u00e9\u00adciale et qui peut deve\u00adnir dan\u00adge\u00adreuse. Ouvrez le <i>Liber\u00adtaire<\/i>, il n\u2019est ques\u00adtion que de r\u00e9pres\u00adsions, et les invec\u00adtives com\u00adbien vaines&nbsp;; une rubrique \u00ab&nbsp;Figures R\u00e9vo\u00adlu\u00adtion\u00adnaires&nbsp;\u00bb exalte les gestes d\u2019action directe, d\u2019un pas\u00ads\u00e9 r\u00e9cent&nbsp;; un feuille\u00adton signi\u00adfi\u00adca\u00adtif&nbsp;: \u00ab&nbsp;De Rava\u00adchol \u00e0 Casei\u00adro&nbsp;\u00bb&nbsp;; des articles v\u00e9h\u00e9\u00adments contre \u00ab&nbsp;les brutes galon\u00adn\u00e9es&nbsp;\u00bb, aux\u00adquelles on pro\u00admet, sur le papier, des \u00ab&nbsp;balles dans la peau&nbsp;\u00bb. Des arres\u00adta\u00adtions, in\u00e9vi\u00adtables et dans la logique des choses, arrivent, pr\u00e9\u00adtexte \u00e0 de nou\u00advelles agi\u00adta\u00adtions. Les\u00adquelles am\u00e8\u00adne\u00adront nou\u00advelles arres\u00adta\u00adtions. Et jusqu\u2019\u00e0 quand&nbsp;? des cama\u00adrades bien inten\u00adtion\u00adn\u00e9s, devant le mys\u00adti\u00adcisme des\u00adquels je m\u2019incline sans le par\u00adta\u00adger, font la gr\u00e8ve de la faim. Agi\u00adta\u00adtion nouvelle.<\/p>\n<p>Le gou\u00adver\u00adne\u00adment c\u00e9de\u00adra&nbsp;? Non. Car il semble d\u00e9si\u00adrer sa r\u00e9pres\u00adsion int\u00e9\u00adrieure, heu\u00adreuse et n\u00e9ces\u00adsaire diver\u00adsion pour pour\u00adsuivre sa poli\u00adtique ext\u00e9\u00adrieure. Cama\u00adrades, vous pr\u00ea\u00adtez les flancs&nbsp;! Res\u00adsai\u00adsis\u00adsez-vous. Voyez o\u00f9 conduit le che\u00admin sur lequel vous avan\u00adcez, \u00e0 grandes enjam\u00adb\u00e9es depuis quelques mois. Je ne les ai pas v\u00e9cues, mais j\u2019appr\u00e9hende des ann\u00e9es sem\u00adblables aux ann\u00e9es 1894\u200a\u2013\u200a1898. Le geste de Juv\u00e9\u00adnis l\u00e9gi\u00adtime mon appr\u00e9hension.<\/p>\n<p>Il existe d\u2019autres besognes. Et plus dan\u00adge\u00adreuses pour nos enne\u00admis. Un homme que notre pro\u00adpa\u00adgande \u00e9du\u00adca\u00adtive tenace arrache au milieu ambiant, c\u2019est une vic\u00adtoire&nbsp;; six mois de pri\u00adson pour un article \u00ab&nbsp;vive Cot\u00adtin&nbsp;\u00bb, c\u2019est une d\u00e9faite.<\/p>\n<p>Cama\u00adrades anar\u00adchistes com\u00admu\u00adnistes, ressaisissez-vous&nbsp;!<\/p>\n<p>[\/\u200b16 aout&nbsp;1922<br>\n<br>Paul <sc>Ber\u00adge\u00adron<\/sc>\/\u200b]<\/p>\n<\/div>\n<\/div>\n","protected":false},"excerpt":{"rendered":"<p>\u00ab&nbsp;C.G.T.U.&nbsp;\u00bb et \u00ab&nbsp;Cot\u00adtin&nbsp;\u00bb&nbsp;: tous les efforts de l\u2019Union Anar\u00adchiste sont concen\u00adtr\u00e9s sur ces deux objec\u00adtifs. Non syn\u00addi\u00adqu\u00e9, je me refuse \u00e0 \u00e9tu\u00addier le pre\u00admier. Pas\u00adsons de suite au second. Cot\u00adtin&nbsp;: sa per\u00adson\u00adna\u00adli\u00adt\u00e9, mala\u00addive, subit p\u00e9ni\u00adble\u00adment son empri\u00adson\u00adne\u00adment au droit com\u00admun, d\u2019autant plus p\u00e9ni\u00adble\u00adment que Cot\u00adtin \u00ab&nbsp;pense&nbsp;\u00bb et que son \u00e2me d\u2019ap\u00f4tre aurait ten\u00addance, de&nbsp;par&nbsp;[\u2026]<\/p>\n","protected":false},"author":1,"featured_media":0,"comment_status":"closed","ping_status":"closed","sticky":false,"template":"","format":"standard","meta":{"wp_typography_post_enhancements_disabled":false,"footnotes":""},"categories":[485],"tags":[],"ppma_author":[540],"class_list":["post-3946","post","type-post","status-publish","format-standard","hentry","category-les-vagabonds-na4-septembre-1922"],"authors":[{"term_id":540,"user_id":1,"is_guest":0,"slug":"admin_3gikpwyf","display_name":"Vincent Dubuc","avatar_url":"https:\/\/secure.gravatar.com\/avatar\/d015720652c25fd2ced191ade86430094e1f288a17483713e3b34d26dea52507?s=96&d=mm&r=g","author_category":"","user_url":"https:\/\/la-presse-anarchiste.net","last_name":"Dubuc","first_name":"Vincent","job_title":"","description":""}],"_links":{"self":[{"href":"https:\/\/la-presse-anarchiste.net\/index.php\/wp-json\/wp\/v2\/posts\/3946","targetHints":{"allow":["GET"]}}],"collection":[{"href":"https:\/\/la-presse-anarchiste.net\/index.php\/wp-json\/wp\/v2\/posts"}],"about":[{"href":"https:\/\/la-presse-anarchiste.net\/index.php\/wp-json\/wp\/v2\/types\/post"}],"author":[{"embeddable":true,"href":"https:\/\/la-presse-anarchiste.net\/index.php\/wp-json\/wp\/v2\/users\/1"}],"replies":[{"embeddable":true,"href":"https:\/\/la-presse-anarchiste.net\/index.php\/wp-json\/wp\/v2\/comments?post=3946"}],"version-history":[{"count":0,"href":"https:\/\/la-presse-anarchiste.net\/index.php\/wp-json\/wp\/v2\/posts\/3946\/revisions"}],"wp:attachment":[{"href":"https:\/\/la-presse-anarchiste.net\/index.php\/wp-json\/wp\/v2\/media?parent=3946"}],"wp:term":[{"taxonomy":"category","embeddable":true,"href":"https:\/\/la-presse-anarchiste.net\/index.php\/wp-json\/wp\/v2\/categories?post=3946"},{"taxonomy":"post_tag","embeddable":true,"href":"https:\/\/la-presse-anarchiste.net\/index.php\/wp-json\/wp\/v2\/tags?post=3946"},{"taxonomy":"author","embeddable":true,"href":"https:\/\/la-presse-anarchiste.net\/index.php\/wp-json\/wp\/v2\/ppma_author?post=3946"}],"curies":[{"name":"wp","href":"https:\/\/api.w.org\/{rel}","templated":true}]}}