{"id":3947,"date":"2019-04-19T18:11:12","date_gmt":"2019-04-19T18:11:12","guid":{"rendered":"https:\/\/la-presse-anarchiste.net\/index.php\/2019\/04\/19\/andre-lorulot-meditations-et-souvenirs-dun-prisonnier\/"},"modified":"2019-04-19T18:11:12","modified_gmt":"2019-04-19T18:11:12","slug":"andre-lorulot-meditations-et-souvenirs-dun-prisonnier","status":"publish","type":"post","link":"https:\/\/la-presse-anarchiste.net\/index.php\/2019\/04\/19\/andre-lorulot-meditations-et-souvenirs-dun-prisonnier\/","title":{"rendered":"Andr\u00e9 Lorulot&nbsp;: M\u00e9ditations et souvenirs d\u2019un prisonnier."},"content":{"rendered":"<div class=\"pdfprnt-buttons pdfprnt-buttons-post pdfprnt-top-right\"><a href=\"https:\/\/la-presse-anarchiste.net\/index.php\/wp-json\/wp\/v2\/posts\/3947?print=pdf\" class=\"pdfprnt-button pdfprnt-button-pdf\" target=\"_blank\"><img decoding=\"async\" src=\"https:\/\/la-presse-anarchiste.net\/wp-content\/plugins\/pdf-print\/images\/pdf.png\" alt=\"image_pdf\" title=\"Afficher le PDF\"><\/a><a href=\"https:\/\/la-presse-anarchiste.net\/index.php\/wp-json\/wp\/v2\/posts\/3947?print=print\" class=\"pdfprnt-button pdfprnt-button-print\" target=\"_blank\"><img decoding=\"async\" src=\"https:\/\/la-presse-anarchiste.net\/wp-content\/plugins\/pdf-print\/images\/print.png\" alt=\"image_print\" title=\"Contenu imprim\u00e9\"><\/a><\/div><div align=\"justify\">\n<div style=\"text-indent: 1cm\">\n<p>Voi\u00adci un petit volume qui, inf\u00e9\u00adrieur par la forme \u00e0 \u00ab&nbsp;Chez les loups&nbsp;\u00bb m\u2019a plu bien davan\u00adtage que ce der\u00adnier roman sur lequel j\u2019entends bien reve\u00adnir ailleurs. Ces \u00ab&nbsp;M\u00e9di\u00adta\u00adtions&nbsp;\u00bb et ces \u00ab&nbsp;Sou\u00adve\u00adnirs&nbsp;\u00bb sont une col\u00adlec\u00adtion d\u2019observations, de r\u00e9flexions, d\u2019anecdotes sur le r\u00e9gime des pri\u00adsons que l\u2019auteur a enten\u00addu, recueilli et com\u00adpi\u00adl\u00e9 pour son plus grand plai\u00adsir per\u00adson\u00adnel, je n\u2019en ai aucun doute. Si tous les d\u00e9tails que contient ce petit livre n\u2019apprennent rien au vieil abon\u00adn\u00e9 que je suis des vil\u00adl\u00e9\u00adgia\u00adtures p\u00e9ni\u00adten\u00adtiaires, il n\u2019en est pas de m\u00eame pour ceux des lec\u00adteurs des \u00ab&nbsp;Vaga\u00adbonds&nbsp;\u00bb \u2013 nom\u00adbreux je l\u2019esp\u00e8re \u2013 qui n\u2019ont pas encore t\u00e2t\u00e9 de la vie en cel\u00adlule ou en ate\u00adlier de mai\u00adson d\u2019arr\u00eat ou de mai\u00adson cen\u00adtrale. S\u2019\u00e9tayant sur son exp\u00e9\u00adrience, sur une masse de remarques et d\u2019annotations per\u00adson\u00adnelles, sur un cer\u00adtain nombre d\u2019extraits d\u2019ouvrages de cri\u00admi\u00adno\u00adlo\u00adgistes, A.&nbsp;Loru\u00adlot expose et veut d\u00e9mon\u00adtrer l\u2019impuissance du r\u00e9gime p\u00e9ni\u00adten\u00adtiaire, tel qu\u2019il est appli\u00adqu\u00e9, \u00e0 r\u00e9g\u00e9\u00adn\u00e9\u00adrer, tout au moins \u00e0 r\u00e9for\u00admer celui qui y est astreint. Le sys\u00adt\u00e8me de r\u00e9pres\u00adsion en vigueur non seule\u00adment n\u2019amende pas mora\u00adle\u00adment le d\u00e9lin\u00adquant, mais encore se montre inca\u00adpable de r\u00e9pri\u00admer le d\u00e9lit, d\u2019emp\u00eacher, non pas la r\u00e9ci\u00addive, mais que se per\u00adp\u00e8tre de nou\u00adveaux d\u00e9lits.<\/p>\n<p>Le d\u00e9te\u00adnu ne sort donc pas de la pri\u00adson meilleur qu\u2019il y est entr\u00e9, il en sort pire sim\u00adple\u00adment parce qu\u2019au cours de son empri\u00adson\u00adne\u00adment, tout est cal\u00adcu\u00adl\u00e9 pour l\u2019indisposer, pour le mor\u00adti\u00adfier, pour l\u2019aigrir. La men\u00adta\u00adli\u00adt\u00e9 de ceux qui le sur\u00adveillent n\u2019est pas sen\u00adsi\u00adble\u00adment dif\u00adf\u00e9\u00adrente de la sienne. Et le meilleur des gar\u00addiens de pri\u00adson demeure un fonc\u00adtion\u00adnaire \u00e0 qui h\u00e2te de voir s\u2019\u00e9couler les 25 ans qui lui sont n\u00e9ces\u00adsaires pour jouir de sa retraite. Dans les cir\u00adcons\u00adtances les plus favo\u00adrables, il demeure un rouage, un rouage que l\u2019administration est pr\u00eate \u00e0 rem\u00adpla\u00adcer par un autre s\u2019il entrave le fonc\u00adtion\u00adne\u00adment de la machine \u00e0 mater, \u00e0 com\u00adpri\u00admer et \u00e0 ter\u00adro\u00adri\u00adser ceux qui lui sont abandonn\u00e9s.<\/p>\n<p>Le pro\u00adbl\u00e8me de l\u2019am\u00e9lioration des cri\u00admi\u00adnels a pr\u00e9\u00adoc\u00adcu\u00adp\u00e9 des hommes intel\u00adli\u00adgents, comme notre ex-copain Georges Cle\u00admen\u00adceau. Dans ces \u00ab&nbsp;notes de voyage dans l\u2019Am\u00e9rique du Sud&nbsp;\u00bb il se d\u00e9clare&nbsp;: \u00ab&nbsp;en faveur de l\u2019institution d\u2019un r\u00e9gime d\u2019amendement ou de r\u00e9for\u00adma\u00adtion dans les \u00e9ta\u00adblis\u00adse\u00adments o\u00f9 sont assem\u00adbl\u00e9s les d\u00e9te\u00adnus&nbsp;\u00bb et il d\u00e9fend avec vigueur la th\u00e8se qui est \u00ab&nbsp;celle de tous les cri\u00admi\u00adno\u00adlo\u00adgistes dignes de ce nom&nbsp;\u00bb. Seule\u00adment \u00ab&nbsp;comme les gou\u00adver\u00adne\u00adments les mieux inten\u00adtion\u00adn\u00e9s, d\u2019autant plus impr\u00e9\u00adgn\u00e9s des pr\u00e9\u00adju\u00adg\u00e9s de la foule, qu\u2019ils sont plus p\u00e9n\u00e9\u00adtr\u00e9s de d\u00e9mo\u00adcra\u00adtie, n\u2019arrivent que len\u00adte\u00adment \u00e0 cette concep\u00adtion nou\u00advelle et comme la trans\u00adfor\u00adma\u00adtion de nos \u00e9ta\u00adblis\u00adse\u00adments de d\u00e9ten\u00adtion exi\u00adge\u00adra beau\u00adcoup d\u2019argent, nous n\u2019en sommes encore qu\u2019\u00e0 l\u2019inscription des mots de r\u00e9for\u00adma\u00adtion et d\u2019amendement dans les pro\u00adgrammes aux\u00adquels font d\u00e9faut jusqu\u2019\u00e0 ce jour un com\u00admen\u00adce\u00adment d\u2019ex\u00e9cution.&nbsp;\u00bb Est-il bien s\u00fbr que les gou\u00adver\u00adne\u00adments d\u00e9si\u00adrent s\u00e9rieu\u00adse\u00adment que les r\u00e9frac\u00adtaires sociaux s\u2019amendent et se r\u00e9forment&nbsp;? Ne consti\u00adtuent-ils pas la rai\u00adson d\u2019\u00eatre appa\u00adrente d\u2019une police nom\u00adbreuse des\u00adti\u00adn\u00e9e \u00e0 des fins ultimes, autres que celle de la r\u00e9pres\u00adsion de l\u2019ill\u00e9galisme \u00e9co\u00adno\u00admique&nbsp;? Et l\u2019indiff\u00e9rence du per\u00adson\u00adnel p\u00e9ni\u00adten\u00adtiaire ne se fonde-t-elle pas en grande par\u00adtie sur cette consta\u00adta\u00adtion ins\u00adtinc\u00adtive que la per\u00adp\u00e9\u00adtua\u00adtion du r\u00e9ci\u00addi\u00advisme est fonc\u00adtion de l\u2019indispensabilit\u00e9 de leur exis\u00adtence&nbsp;? On ne sau\u00adrait nier que Cle\u00admen\u00adceau a vu clair en \u00e9cri\u00advant qu\u2019\u00ab&nbsp;il est infi\u00adni\u00adment plus \u00e9co\u00adno\u00admique de cher\u00adcher \u00e0 tirer du tra\u00advail des pri\u00adson\u00adniers le plus grand ren\u00adde\u00adment imm\u00e9\u00addiat que de ren\u00adver\u00adser le pro\u00adbl\u00e8me en d\u00e9pen\u00adsant de l\u2019argent pour mettre aux mains de l\u2019homme en faute (au risque d\u2019un \u00e9chec que je ne veux pas m\u00e9con\u00adna\u00eetre) l\u2019outil de son rel\u00e8vement.&nbsp;\u00bb<\/p>\n<p>J\u2019aurais vou\u00adlu que Loru\u00adlot creu\u00ads\u00e2t \u2013 il n\u2019a fait que les effleu\u00adrer \u2013 les rai\u00adsons pro\u00adfondes du fait qu\u2019il existe des cri\u00admi\u00adnels, des d\u00e9lin\u00adquants et cela mal\u00adgr\u00e9 la s\u00e9v\u00e9\u00adri\u00adt\u00e9 tou\u00adjours plus grande des sanc\u00adtions r\u00e9pressives.<\/p>\n<p>Peut-on esp\u00e9\u00adrer dans nos milieux humains actuels, que dis\u00adpa\u00adraisse le \u00ab&nbsp;voleur&nbsp;\u00bb pro\u00adfes\u00adsion\u00adnel, c\u2019est-\u00e0-dire l\u2019homme d\u00e9pour\u00advu de res\u00adsources qui veut consom\u00admer et jouir de la vie sans s\u2019astreindre \u00e0 un tra\u00advail quel\u00adconque alors qu\u2019il existe d\u2019autres hommes, pour\u00advus d\u2019argent ceux-l\u00e0, qui vivent sans rien faire de fati\u00adgant ou de mal\u00adpropre, sans pro\u00adduire d\u2019utilit\u00e9s v\u00e9ri\u00adtables, et qui passent leur temps \u00e0 voya\u00adger, \u00e0 acqu\u00e9\u00adrir des connais\u00adsances agr\u00e9ables, \u00e0 jouir de tous les plai\u00adsirs, de tous les amu\u00adse\u00adments, de toutes les com\u00admo\u00addi\u00adt\u00e9s, de toutes les super\u00adflui\u00adt\u00e9s, que la soci\u00e9\u00adt\u00e9 contem\u00adpo\u00adraine offre \u00e0 ceux qui sont d\u00e9li\u00advr\u00e9s de la pr\u00e9\u00adoc\u00adcu\u00adpa\u00adtion du gagne-pain quo\u00adti\u00addien&nbsp;? J\u2019aurais \u00e9ga\u00adle\u00adment sou\u00adhai\u00adt\u00e9 que Loru\u00adlot, exa\u00admi\u00adnant alors \u00e0 fond le pro\u00adbl\u00e8me de la d\u00e9lin\u00adquance, s\u2019attach\u00e2t \u00e0 r\u00e9soudre ou tout au moins dis\u00adcu\u00adter cette ques\u00adtion-ci&nbsp;: \u00ab&nbsp;sans le d\u00e9lin\u00adquant, sans le trans\u00adgres\u00adseur, sans le r\u00e9frac\u00adtaire \u0336 intel\u00adlec\u00adtuel, \u00e9thique, reli\u00adgieux, \u00e9co\u00adno\u00admique, \u0336 y aurait-il eu d\u00e9ve\u00adlop\u00adpe\u00adment, d\u00e9pla\u00adce\u00adment, trans\u00adfor\u00adma\u00adtion des pen\u00ads\u00e9es, des acquis et de leurs appli\u00adca\u00adtions, des \u00e9tats de pen\u00ads\u00e9e des uni\u00adt\u00e9s et des col\u00adlec\u00adti\u00advi\u00adt\u00e9s humaines.<\/p>\n<p>Loru\u00adlot ter\u00admine son livre par ce qu\u2019il appelle des \u00ab&nbsp;grif\u00adfo\u00adnages&nbsp;\u00bb. Ce sont des bou\u00adtades plu\u00adt\u00f4t que des pen\u00ads\u00e9es, esquisses sans grand sou\u00adcis des r\u00e9mi\u00adnis\u00adcences clas\u00adsiques, des r\u00e9p\u00e9\u00adti\u00adtions, par\u00adfois m\u00eame de la logique. En g\u00e9n\u00e9\u00adral, elles portent \u00e0 r\u00e9fl\u00e9\u00adchir. Cepen\u00addant il y a dans le nombre des plai\u00adsan\u00adte\u00adries que je n\u2019aurais pas vou\u00adlu voir sous la plume de ce cama\u00adrade. Je sais bien que la plu\u00adpart de ces \u00ab&nbsp;grif\u00adfo\u00adnages&nbsp;\u00bb ont \u00e9t\u00e9 com\u00adpo\u00ads\u00e9s \u00ab&nbsp;entre quatre murs&nbsp;\u00bb et, dans ces lieux-l\u00e0, pour bien trem\u00adp\u00e9 qu\u2019on soit, s\u2019il est dif\u00adfi\u00adcile que le pes\u00adsi\u00admisme ne s\u2019infiltre pas, il arrive aus\u00adsi que l\u2019esprit d\u00e9ten\u00addu se laisse par\u00adfois s\u00e9duire par des asso\u00adcia\u00adtions d\u2019id\u00e9es pu\u00e9\u00adriles. Alexandre Dumas \u00e9crit quelque part qu\u2019il y a tou\u00adjours de l\u2019enfant chez le pri\u00adson\u00adnier. C\u2019est bien&nbsp;vrai\u2026<\/p>\n<p>[\/\u200bE. <sc>Armand<\/sc>\/\u200b]\n<\/p><\/div>\n<\/div>\n","protected":false},"excerpt":{"rendered":"<p>Voi\u00adci un petit volume qui, inf\u00e9\u00adrieur par la forme \u00e0 \u00ab&nbsp;Chez les loups&nbsp;\u00bb m\u2019a plu bien davan\u00adtage que ce der\u00adnier roman sur lequel j\u2019entends bien reve\u00adnir ailleurs. Ces \u00ab&nbsp;M\u00e9di\u00adta\u00adtions&nbsp;\u00bb et ces \u00ab&nbsp;Sou\u00adve\u00adnirs&nbsp;\u00bb sont une col\u00adlec\u00adtion d\u2019observations, de r\u00e9flexions, d\u2019anecdotes sur le r\u00e9gime des pri\u00adsons que l\u2019auteur a enten\u00addu, recueilli et com\u00adpi\u00adl\u00e9 pour son plus&nbsp;grand&nbsp;[\u2026]<\/p>\n","protected":false},"author":1,"featured_media":0,"comment_status":"closed","ping_status":"closed","sticky":false,"template":"","format":"standard","meta":{"wp_typography_post_enhancements_disabled":false,"footnotes":""},"categories":[485],"tags":[],"ppma_author":[540],"class_list":["post-3947","post","type-post","status-publish","format-standard","hentry","category-les-vagabonds-na4-septembre-1922"],"authors":[{"term_id":540,"user_id":1,"is_guest":0,"slug":"admin_3gikpwyf","display_name":"Vincent Dubuc","avatar_url":"https:\/\/secure.gravatar.com\/avatar\/d015720652c25fd2ced191ade86430094e1f288a17483713e3b34d26dea52507?s=96&d=mm&r=g","author_category":"","user_url":"https:\/\/la-presse-anarchiste.net","last_name":"Dubuc","first_name":"Vincent","job_title":"","description":""}],"_links":{"self":[{"href":"https:\/\/la-presse-anarchiste.net\/index.php\/wp-json\/wp\/v2\/posts\/3947","targetHints":{"allow":["GET"]}}],"collection":[{"href":"https:\/\/la-presse-anarchiste.net\/index.php\/wp-json\/wp\/v2\/posts"}],"about":[{"href":"https:\/\/la-presse-anarchiste.net\/index.php\/wp-json\/wp\/v2\/types\/post"}],"author":[{"embeddable":true,"href":"https:\/\/la-presse-anarchiste.net\/index.php\/wp-json\/wp\/v2\/users\/1"}],"replies":[{"embeddable":true,"href":"https:\/\/la-presse-anarchiste.net\/index.php\/wp-json\/wp\/v2\/comments?post=3947"}],"version-history":[{"count":0,"href":"https:\/\/la-presse-anarchiste.net\/index.php\/wp-json\/wp\/v2\/posts\/3947\/revisions"}],"wp:attachment":[{"href":"https:\/\/la-presse-anarchiste.net\/index.php\/wp-json\/wp\/v2\/media?parent=3947"}],"wp:term":[{"taxonomy":"category","embeddable":true,"href":"https:\/\/la-presse-anarchiste.net\/index.php\/wp-json\/wp\/v2\/categories?post=3947"},{"taxonomy":"post_tag","embeddable":true,"href":"https:\/\/la-presse-anarchiste.net\/index.php\/wp-json\/wp\/v2\/tags?post=3947"},{"taxonomy":"author","embeddable":true,"href":"https:\/\/la-presse-anarchiste.net\/index.php\/wp-json\/wp\/v2\/ppma_author?post=3947"}],"curies":[{"name":"wp","href":"https:\/\/api.w.org\/{rel}","templated":true}]}}