{"id":3948,"date":"2019-04-19T18:11:05","date_gmt":"2019-04-19T18:11:05","guid":{"rendered":"https:\/\/la-presse-anarchiste.net\/index.php\/2019\/04\/19\/bibliographies-critiques\/"},"modified":"2019-04-19T18:11:05","modified_gmt":"2019-04-19T18:11:05","slug":"bibliographies-critiques","status":"publish","type":"post","link":"https:\/\/la-presse-anarchiste.net\/index.php\/2019\/04\/19\/bibliographies-critiques\/","title":{"rendered":"Bibliographies critiques"},"content":{"rendered":"<div class=\"pdfprnt-buttons pdfprnt-buttons-post pdfprnt-top-right\"><a href=\"https:\/\/la-presse-anarchiste.net\/index.php\/wp-json\/wp\/v2\/posts\/3948?print=pdf\" class=\"pdfprnt-button pdfprnt-button-pdf\" target=\"_blank\"><img decoding=\"async\" src=\"https:\/\/la-presse-anarchiste.net\/wp-content\/plugins\/pdf-print\/images\/pdf.png\" alt=\"image_pdf\" title=\"Afficher le PDF\"><\/a><a href=\"https:\/\/la-presse-anarchiste.net\/index.php\/wp-json\/wp\/v2\/posts\/3948?print=print\" class=\"pdfprnt-button pdfprnt-button-print\" target=\"_blank\"><img decoding=\"async\" src=\"https:\/\/la-presse-anarchiste.net\/wp-content\/plugins\/pdf-print\/images\/print.png\" alt=\"image_print\" title=\"Contenu imprim\u00e9\"><\/a><\/div><div align=\"justify\">\n<div style=\"text-indent: 1cm\">\n<h2>En Allemagne<\/h2>\n<p><b>\u00ab&nbsp;Der Frei Arbei\u00adter&nbsp;\u00bb n\u00b026 de fin juin<\/b>. \u0336 Fritz Oer\u00adter dans un bel article \u00ab&nbsp;La force cr\u00e9a\u00adtrice du peuple&nbsp;\u00bb exa\u00admine de quelle fa\u00e7on elle s\u2019est mani\u00adfes\u00adt\u00e9e dans les mou\u00adve\u00adments popu\u00adlaires du pas\u00ads\u00e9 et lors de la r\u00e9cente r\u00e9vo\u00adlu\u00adtion alle\u00admande, et il arrive \u00e0 la conclu\u00adsion que la cr\u00e9a\u00adtion de conseils d\u2019ouvriers fut en somme le seul r\u00e9sul\u00adtat tan\u00adgible de ce mouvement.<\/p>\n<p><b>N<sup>os<\/sup>&nbsp;27\u200a\u2013\u200a28-29 du mois de juillet.<\/b> \u0336 \u00ab&nbsp;La r\u00e9pu\u00adblique bour\u00adgeoise en dan\u00adger&nbsp;\u00bb par R.&nbsp;Rocker. Stig\u00adma\u00adti\u00adsant le r\u00f4le inf\u00e2me de la sociale d\u00e9mo\u00adcra\u00adtie alle\u00admande et sa res\u00adpon\u00adsa\u00adbi\u00adli\u00adt\u00e9 directe dans l\u2019assassinat de Liebk\u00adnecht et Rosa Luxem\u00adbourg&nbsp;; \u00ab&nbsp;Monar\u00adchisme et Anar\u00adchisme&nbsp;\u00bb par F.&nbsp;Oer\u00adter&nbsp;; \u00ab&nbsp;Anar\u00adchisme spi\u00adri\u00adtuel&nbsp;\u00bb, cri\u00adtique de l\u2019anarchisme reli\u00adgieux, n\u00e9o-chr\u00e9\u00adtien, qui dans cer\u00adtains pays prend de l\u2019extension aux d\u00e9pens de l\u2019anarchisme ratio\u00adna\u00adliste et ath\u00e9e par A. Bierdet.<\/p>\n<p><b>\u00ab&nbsp;die Aktion&nbsp;\u00bb<\/b> (mai \u2013 juin). Une \u00e9tude tr\u00e8s r\u00e9us\u00adsie de F.&nbsp;Brup\u00adba\u00adcher sur \u00ab&nbsp;l\u2019homme pro\u00adl\u00e9\u00adta\u00adrien et le pro\u00adl\u00e9\u00adtaire phi\u00adlis\u00adtin&nbsp;\u00bb&nbsp;; une contro\u00adverse sur Goethe et la lit\u00adt\u00e9\u00adra\u00adture clas\u00adsique alle\u00admande, entre O.&nbsp;Rh\u00fcle et Pfem\u00adfert ain\u00adsi que la st\u00e9\u00adno\u00adgra\u00adphie d\u2019une int\u00e9\u00adres\u00adsante conf\u00e9\u00adrence faite sur le m\u00eame sujet par Max Herc\u00admann, o\u00f9 la valeur de toute lit\u00adt\u00e9\u00adra\u00adture et jug\u00e9e exclu\u00adsi\u00adve\u00adment selon son uti\u00adli\u00adt\u00e9 imm\u00e9\u00addiate pour la cause prol\u00e9tarienne.<\/p>\n<p>[\/\u200b<sc>Dol\u00adci\u00adno<\/sc>\/\u200b]<\/p>\n<h2>Angleterre<\/h2>\n<p>\u00c0 Londres, parait \u00ab&nbsp;Infi\u00adni\u00adto&nbsp;\u00bb, \u00ab&nbsp;revue inter\u00adna\u00adtio\u00adnale des id\u00e9es indi\u00advi\u00addua\u00adlistes&nbsp;\u00bb, r\u00e9di\u00adg\u00e9e en anglais, fran\u00ad\u00e7ais et russe. Les cama\u00adrades qui font para\u00eetre ce jour\u00adnal ne semblent gu\u00e8re fix\u00e9s sur le but qu\u2019ils pour\u00adsuivent, \u00e0 en juger par le n\u00b0&nbsp;25 qui nous est par\u00adve\u00adnu. Le direc\u00adteur est un russe, Michel N.&nbsp;Bal\u00adka\u00adchine (42 Whar\u00adton street, Lon\u00addon, W.C.1)<\/p>\n<p>\u00ab&nbsp;Free\u00addom&nbsp;\u00bb d\u2019ao\u00fbt contient la fin des articles d\u2019Emma Gold\u00adman, un article contre \u00ab&nbsp;Tchit\u00adche\u00adrine le Grand&nbsp;\u00bb et la \u00ab&nbsp;per\u00ads\u00e9\u00adcu\u00adtion des anar\u00adchistes russes. Appel au tra\u00advail Inter\u00adna\u00adtio\u00adnal&nbsp;\u00bb. \u00c0 part quelques notes sur l\u2019Angleterre, les \u00c9tats-Unis et l\u2019Allemagne, le num\u00e9\u00adro est consa\u00adcr\u00e9 \u00e0 com\u00adbattre la Rus\u00adsie, occu\u00adpa\u00adtion habi\u00adtuelle des jour\u00adnaux anar\u00adchistes com\u00admu\u00adnistes en Angle\u00adterre comme ailleurs.<\/p>\n<p>L\u2019article le plus int\u00e9\u00adres\u00adsant au point de vue contraire, est inti\u00adtu\u00adl\u00e9 \u00ab&nbsp;Fabri r\u00e9pond \u00e0 Bou\u00adka\u00adrine&nbsp;\u00bb. Bou\u00adka\u00adrine, le prin\u00adci\u00adpal th\u00e9o\u00adri\u00adcien du mar\u00adxisme en Rus\u00adsie, vient de publier un livre inti\u00adtu\u00adl\u00e9 \u00ab&nbsp;L\u2019Anarchisme et le Com\u00admu\u00adnisme scien\u00adti\u00adfique&nbsp;\u00bb et Lui\u00adgi Fabri lui a r\u00e9pon\u00addu en Ita\u00adlie par un livre inti\u00adtu\u00adl\u00e9 \u00ab&nbsp;L\u2019Anarchie et le Com\u00admu\u00adnisme scien\u00adti\u00adfiques&nbsp;\u00bb. N\u2019ayant re\u00e7u aucun de ces deux ouvrages, nous n\u2019avons rien \u00e0 en&nbsp;dire.<\/p>\n<p>[\/\u200bManuel <sc>Devaldes<\/sc>\/\u200b]<\/p>\n<h2>En Espagne<\/h2>\n<p>Depuis que la ter\u00adrible r\u00e9pres\u00adsion qui a s\u00e9vi dans ce pays pen\u00addant 2 ans s\u2019est ralen\u00adtie, la presse sub\u00adver\u00adsive recom\u00admence \u00e0 para\u00eetre un peu par\u00adtout. Cepen\u00addant peu d\u2019organes nous sont par\u00adve\u00adnus jusqu\u2019\u00e0 pr\u00e9\u00adsent et notre compte-ren\u00addu est donc for\u00adc\u00e9\u00adment tr\u00e8s incomplet.<\/p>\n<p>\u00c0 Valence, les anar\u00adchistes syn\u00addi\u00adca\u00adlistes font para\u00eetre un organe quo\u00adti\u00addien \u00ab&nbsp;Soli\u00adda\u00adri\u00addad Obre\u00adra&nbsp;\u00bb, et \u00e0 Madrid, un heb\u00addo\u00adma\u00addaire de doc\u00adtrine anar\u00adchiste et de redres\u00adse\u00adment syn\u00addi\u00adcal \u00ab&nbsp;Tier\u00adra Libra&nbsp;\u00bb, auquel col\u00adla\u00adborent entre autres, Jos\u00e9 Prat, Gas\u00adton Leval, etc. De ce der\u00adnier, notons une s\u00e9rie d\u2019articles sur l\u2019organisation anarchiste.<\/p>\n<p>De Sara\u00adgosse, nous rece\u00advons un heb\u00addo\u00adma\u00addaire de ten\u00addance indi\u00advi\u00addua\u00adliste et \u00e9du\u00adca\u00adtio\u00adniste \u00ab&nbsp;Volun\u00adtad&nbsp;\u00bb auquel col\u00adla\u00adborent de nom\u00adbreux ins\u00adti\u00adtu\u00adteurs. Les der\u00adniers num\u00e9\u00adros conte\u00adnaient une s\u00e9rie d\u2019articles remar\u00adquables de R.&nbsp;Rocker&nbsp;: \u00ab&nbsp;Le cou\u00adrant cen\u00adtra\u00adliste&nbsp;\u00bb, ain\u00adsi que plu\u00adsieurs \u00e9tudes p\u00e9da\u00adgo\u00adgiques sans men\u00adtion du nom de leurs auteurs, confor\u00adm\u00e9\u00adment aux prin\u00adcipes de ce jour\u00adnal. Il doit vou\u00adloir suivre par ses efforts, la voie tra\u00adc\u00e9e par <i>La M\u00eal\u00e9e<\/i> et <i>L\u2019Id\u00e9e Libre<\/i> en France.<\/p>\n<p>Men\u00adtion\u00adnons encore \u00ab&nbsp;Nue\u00adva Sen\u00adda&nbsp;\u00bb de Madrid<\/p>\n<p>[\/\u200b<sc>Dol\u00adci\u00adno<\/sc>\/\u200b]<\/p>\n<h2>Aux \u00c9tats-Unis<\/h2>\n<p>\u00ab&nbsp;The Dawn&nbsp;\u00bb de Seat\u00adtle (USA) est tou\u00adjours com\u00adpo\u00ads\u00e9 d\u2019une quan\u00adti\u00adt\u00e9 d\u2019articulets et par suite dif\u00adfi\u00adcile \u00e0 ana\u00adly\u00adser. Le num\u00e9\u00adro de juin-juillet est moins anti-russe que d\u2019habitude. Par\u00admi les grands articles qui ne touchent pas \u00e0 cette ques\u00adtion ou ne fait pas la cri\u00adtique des menus \u00e9v\u00e9\u00adne\u00adments des \u00c9tats-Unis, signa\u00adlons \u00ab&nbsp;L\u2019\u00e9volution de la race et le milieu&nbsp;\u00bb et un autre rela\u00adtif \u00e0 la situa\u00adtion au Mexique.<\/p>\n<p>\u00ab&nbsp;Free Socie\u00adty&nbsp;\u00bb organe clan\u00addes\u00adtin de l\u2019anarchisme aux \u00c9tats-Unis, vient de repa\u00adra\u00eetre apr\u00e8s une \u00e9clipse de 4 mois. Un article de th\u00e9o\u00adrie \u00ab&nbsp;L\u2019\u00c9tat&nbsp;\u00bb, cri\u00adtique de cette ins\u00adti\u00adtu\u00adtion. La rubrique du mou\u00adve\u00adment inter\u00adna\u00adtio\u00adnal anar\u00adchiste contient une lettre de Chine du groupe anar\u00adchiste <i>La Voix du Peuple<\/i> et une lettre d\u2019Espagne don\u00adnant des d\u00e9tails sur le mou\u00adve\u00adment de ces deux&nbsp;pays.<\/p>\n<p>Sauf un article sur la lutte du Capi\u00adta\u00adlisme contre de Tra\u00advail, aux \u00c9tats-Unis, le reste du jour\u00adnal est consa\u00adcr\u00e9 \u00e0 com\u00adbattre la Russie.<\/p>\n<p>\u00c0 noter que \u00ab&nbsp;Free Socie\u00adty&nbsp;\u00bb bl\u00e2me Emma Gold\u00adman pour la publi\u00adca\u00adtion de ses articles contre les bol\u00adche\u00adviks dans le bour\u00adgeois \u00ab&nbsp;New York World&nbsp;\u00bb, uni\u00adque\u00adment d\u2019un point de vue oppor\u00adtu\u00adniste d\u2019ailleurs. \u00ab&nbsp;Free Socie\u00adty&nbsp;\u00bb semble oublier que \u00ab&nbsp;busi\u00adness is business&nbsp;\u00bb.<\/p>\n<p>[\/\u200bManuel <sc>Devaldes<\/sc>\/\u200b]<\/p>\n<h2>En France<\/h2>\n<p>Les temps sont durs, les beaux jours sont venus&nbsp;: l\u2019indiff\u00e9rence, l\u2019avachissement des cama\u00adrades en r\u00e9sultent. Et nos organes en souffrent&nbsp;: pr\u00e9\u00advoyant, le <i>N\u00e9o-Natu\u00adrien<\/i> a annon\u00adc\u00e9 sa paru\u00adtion tous les deux mois pour cette p\u00e9riode&nbsp;; la <i>R\u00e9volte<\/i> a d\u00fb sus\u00adpendre sa paru\u00adtion, elle rede\u00advient men\u00adsuelle, \u00e0 dater du 15 ao\u00fbt (j\u2019en repar\u00adle\u00adrai au pro\u00adchain num\u00e9\u00adro). Le <i>r\u00e9veil de l\u2019esclave<\/i>, tou\u00adjours bien con\u00e7u et pro\u00adfi\u00adtable \u00e0 lire est obli\u00adg\u00e9 de recou\u00adrir \u00e0 para\u00eetre en sep\u00adtembre. Tou\u00adjours les m\u00eames plaintes&nbsp;: manque d\u2019argent. Les cama\u00adrades qui pro\u00adfitent des organes, ceux qui se per\u00adfec\u00adtionnent \u00e0 leur lec\u00adture, comme les n\u00e9o\u00adphytes qui voient enfin clair en eux-m\u00eames, \u00e0 leur contact, ne peuvent-ils pas sou\u00adte\u00adnir et aider plus vaillam\u00adment ceux d\u2019entre eux qui assument la dure t\u00e2che de main\u00adte\u00adnir d\u2019aplomb la presse libertaire&nbsp;?<\/p>\n<p>Et cepen\u00addant, des efforts nou\u00adveaux&nbsp;: \u00e0 Mar\u00adseille, \u00ab&nbsp;Terre Libre&nbsp;\u00bb (Andr\u00e9 Viaud, 1 mar\u00adch\u00e9 des Capu\u00adcins) parait depuis le 20 juin. Des articles de th\u00e9o\u00adrie, une tri\u00adbune syn\u00addi\u00adca\u00adliste, une tri\u00adbune espa\u00adgnole, mais aus\u00adsi place trop impor\u00adtante aux faits locaux. D\u2019un esprit anar\u00adchiste vaste, accueillant toutes les ten\u00addances et les fai\u00adsant toutes conna\u00eetre.<\/p>\n<p>\u00c0 Lyon, Albin (4 rue Chau\u00admais) donne tou\u00adjours ses \u00ab&nbsp;Cro\u00adquis Brefs&nbsp;\u00bb, livr\u00e9s au dupli\u00adca\u00adteur. Voi\u00adci ceux de Deval\u00add\u00e8s&nbsp;; Zis\u00adly, Pierre Char\u00addon. Trop brefs, ils ne peuvent faire conna\u00eetre les indi\u00advi\u00addua\u00adli\u00adt\u00e9s, mais seule\u00adment quelques aper\u00ad\u00e7us, et sur\u00adtout ce qu\u2019Albin pense d\u2019elles. J\u2019aimerais mieux des cro\u00adquis moins fr\u00e9\u00adquents, mais moins brefs, beau\u00adcoup plus pr\u00e9\u00adcis et plus com\u00adplets. Le cro\u00adquis&nbsp;: 0,20&nbsp;cts. Effort indi\u00advi\u00addua\u00adliste qui serait \u00e0 sou\u00adte\u00adnir, mais il est d\u2019Albin, que devien\u00addra-t-il&nbsp;? Je n\u2019ai pu me pro\u00adcu\u00adrer encore le der\u00adnier num\u00e9\u00adro paru de la <i>revue Anar\u00adchiste<\/i>, mais voi\u00adci le num\u00e9\u00adro d\u2019ao\u00fbt de L\u2019<i>Id\u00e9e Libre<\/i>. L\u2019enqu\u00eate \u00ab&nbsp;Peut-on vivre sans auto\u00adri\u00adt\u00e9&nbsp;?&nbsp;\u00bb doit suivre son cours car en ce num\u00e9\u00adro, nous n\u2019y trou\u00advons que la repro\u00adduc\u00adtion d\u2019un article de Han Ryner paru dans le <i>Jour\u00adnal du Peuple<\/i>&nbsp;: \u00ab&nbsp;L\u2019Autorit\u00e9&nbsp;\u00bb, sui\u00advie de com\u00admen\u00adtaires par Loru\u00adlot. Notons encore \u00ab&nbsp;La fin du Secret&nbsp;\u00bb du D<sup>r<\/sup> Elie Gom\u00adpers et \u00ab&nbsp;Les concep\u00adtions r\u00e9centes de l\u2019univers&nbsp;et les th\u00e9o\u00adries de Mes\u00admer&nbsp;\u00bb par P.&nbsp;Vign\u00e9 d\u2019Octon. \u0336 Une rubrique \u00ab&nbsp;Les p\u00e9rio\u00addiques&nbsp;\u00bb qui n\u2019est qu\u2019une s\u00e8che nomen\u00adcla\u00adture, mais une cri\u00adtique des \u00ab&nbsp;Livres&nbsp;\u00bb, conscien\u00adcieuse et pr\u00e9\u00adcieuse pour celui qui ne veut ache\u00adter qu\u2019\u00e0 bon escient.<\/p>\n<p>15 ao\u00fbt&nbsp;1922<\/p>\n<p>[\/\u200bPaul <sc>Ber\u00adge\u00adron<\/sc>\/\u200b]<\/p>\n<\/div>\n<\/div>\n","protected":false},"excerpt":{"rendered":"<p>En Alle\u00admagne \u00ab&nbsp;Der Frei Arbei\u00adter&nbsp;\u00bb n\u00b026 de fin juin. \u0336 Fritz Oer\u00adter dans un bel article \u00ab&nbsp;La force cr\u00e9a\u00adtrice du peuple&nbsp;\u00bb exa\u00admine de quelle fa\u00e7on elle s\u2019est mani\u00adfes\u00adt\u00e9e dans les mou\u00adve\u00adments popu\u00adlaires du pas\u00ads\u00e9 et lors de la r\u00e9cente r\u00e9vo\u00adlu\u00adtion alle\u00admande, et il arrive \u00e0 la conclu\u00adsion que la cr\u00e9a\u00adtion de conseils d\u2019ouvriers fut&nbsp;en&nbsp;[\u2026]<\/p>\n","protected":false},"author":1,"featured_media":0,"comment_status":"closed","ping_status":"closed","sticky":false,"template":"","format":"standard","meta":{"wp_typography_post_enhancements_disabled":false,"footnotes":""},"categories":[485],"tags":[],"ppma_author":[540],"class_list":["post-3948","post","type-post","status-publish","format-standard","hentry","category-les-vagabonds-na4-septembre-1922"],"authors":[{"term_id":540,"user_id":1,"is_guest":0,"slug":"admin_3gikpwyf","display_name":"Vincent Dubuc","avatar_url":"https:\/\/secure.gravatar.com\/avatar\/d015720652c25fd2ced191ade86430094e1f288a17483713e3b34d26dea52507?s=96&d=mm&r=g","author_category":"","user_url":"https:\/\/la-presse-anarchiste.net","last_name":"Dubuc","first_name":"Vincent","job_title":"","description":""}],"_links":{"self":[{"href":"https:\/\/la-presse-anarchiste.net\/index.php\/wp-json\/wp\/v2\/posts\/3948","targetHints":{"allow":["GET"]}}],"collection":[{"href":"https:\/\/la-presse-anarchiste.net\/index.php\/wp-json\/wp\/v2\/posts"}],"about":[{"href":"https:\/\/la-presse-anarchiste.net\/index.php\/wp-json\/wp\/v2\/types\/post"}],"author":[{"embeddable":true,"href":"https:\/\/la-presse-anarchiste.net\/index.php\/wp-json\/wp\/v2\/users\/1"}],"replies":[{"embeddable":true,"href":"https:\/\/la-presse-anarchiste.net\/index.php\/wp-json\/wp\/v2\/comments?post=3948"}],"version-history":[{"count":0,"href":"https:\/\/la-presse-anarchiste.net\/index.php\/wp-json\/wp\/v2\/posts\/3948\/revisions"}],"wp:attachment":[{"href":"https:\/\/la-presse-anarchiste.net\/index.php\/wp-json\/wp\/v2\/media?parent=3948"}],"wp:term":[{"taxonomy":"category","embeddable":true,"href":"https:\/\/la-presse-anarchiste.net\/index.php\/wp-json\/wp\/v2\/categories?post=3948"},{"taxonomy":"post_tag","embeddable":true,"href":"https:\/\/la-presse-anarchiste.net\/index.php\/wp-json\/wp\/v2\/tags?post=3948"},{"taxonomy":"author","embeddable":true,"href":"https:\/\/la-presse-anarchiste.net\/index.php\/wp-json\/wp\/v2\/ppma_author?post=3948"}],"curies":[{"name":"wp","href":"https:\/\/api.w.org\/{rel}","templated":true}]}}