{"id":3949,"date":"2019-04-19T18:11:21","date_gmt":"2019-04-19T18:11:21","guid":{"rendered":"https:\/\/la-presse-anarchiste.net\/index.php\/2019\/04\/19\/education\/"},"modified":"2019-04-19T18:11:21","modified_gmt":"2019-04-19T18:11:21","slug":"education","status":"publish","type":"post","link":"https:\/\/la-presse-anarchiste.net\/index.php\/2019\/04\/19\/education\/","title":{"rendered":"\u00c9ducation"},"content":{"rendered":"<div class=\"pdfprnt-buttons pdfprnt-buttons-post pdfprnt-top-right\"><a href=\"https:\/\/la-presse-anarchiste.net\/index.php\/wp-json\/wp\/v2\/posts\/3949?print=pdf\" class=\"pdfprnt-button pdfprnt-button-pdf\" target=\"_blank\"><img decoding=\"async\" src=\"https:\/\/la-presse-anarchiste.net\/wp-content\/plugins\/pdf-print\/images\/pdf.png\" alt=\"image_pdf\" title=\"Afficher le PDF\"><\/a><a href=\"https:\/\/la-presse-anarchiste.net\/index.php\/wp-json\/wp\/v2\/posts\/3949?print=print\" class=\"pdfprnt-button pdfprnt-button-print\" target=\"_blank\"><img decoding=\"async\" src=\"https:\/\/la-presse-anarchiste.net\/wp-content\/plugins\/pdf-print\/images\/print.png\" alt=\"image_print\" title=\"Contenu imprim\u00e9\"><\/a><\/div><div align=\"justify\">\n<div style=\"text-indent: 1cm\">\n<h2>I<\/h2>\n<p>Il est toute une cat\u00e9\u00adgo\u00adrie de r\u00e9for\u00adma\u00adteurs de la Soci\u00e9\u00adt\u00e9 qui s\u2019affirment \u00ab&nbsp;\u00e9du\u00adca\u00adtion\u00adnistes&nbsp;\u00bb. On les confond volon\u00adtiers avec les indi\u00advi\u00addua\u00adlistes car cer\u00adtains d\u2019entre eux se parent aus\u00adsi de cette \u00e9pith\u00e8te.<\/p>\n<p>Ils sou\u00adtiennent qu\u2019une \u00e9du\u00adca\u00adtion appro\u00adpri\u00e9e, appli\u00adqu\u00e9e aux hommes d\u00e8s l\u2019enfance, for\u00adme\u00adrait en eux une men\u00adta\u00adli\u00adt\u00e9 tol\u00e9\u00adrante, altruiste, d\u00e9s\u00adin\u00adt\u00e9\u00adres\u00ads\u00e9e, etc., telle en un mot, qu\u2019\u00e0 par\u00adtir d\u2019eux, l\u2019humanit\u00e9 serait vou\u00e9e au bon\u00adheur \u00e9ter\u00adnel. C\u2019est affir\u00admer \u2013 affir\u00adma\u00adtion peut-\u00eatre t\u00e9m\u00e9\u00adraire \u2013 que le bon\u00adheur est fonc\u00adtion n\u00e9ces\u00adsai\u00adre\u00adment de la tol\u00e9\u00adrance, de l\u2019altruisme et du d\u00e9s\u00adin\u00adt\u00e9\u00adres\u00adse\u00adment ou de tout autre ver\u00adtu qu\u2019il leur plai\u00adra de mettre au pre\u00admier&nbsp;rang.<\/p>\n<p>Au risque de les scan\u00adda\u00adli\u00adser, je leur dirai que la ques\u00adtion sociale n\u2019est pas affaire d\u2019\u00e9ducation.<\/p>\n<p>Bien enten\u00addu, je n\u2019appelle pas \u00e9du\u00adca\u00adtion la pro\u00adpa\u00adgande d\u2019adulte \u00e0 adulte, ni l\u2019instruction telle qu\u2019elle est <u>recher\u00adch\u00e9e<\/u> spon\u00adta\u00adn\u00e9\u00adment par les hommes faits. Tout cela c\u2019est sim\u00adple\u00adment l\u2019exercice de la liber\u00adt\u00e9 indi\u00advi\u00adduelle. Je parle de l\u2019instruction telle qu\u2019elle est <u>impo\u00ads\u00e9e<\/u> aux enfants avant que leur per\u00adson\u00adna\u00adli\u00adt\u00e9 ait pris sont plein d\u00e9veloppement.<\/p>\n<p>Or, cette ins\u00adtruc\u00adtion don\u00adn\u00e9e aux enfants, je consi\u00add\u00e8re qu\u2019elle ne doit pas \u00eatre un ins\u00adtru\u00adment de r\u00e9forme social et cela pour plu\u00adsieurs raisons&nbsp;:<\/p>\n<p>1) L\u2019\u00e9ducation sub\u00adsti\u00adtue tou\u00adjours plus ou moins la per\u00adson\u00adna\u00adli\u00adt\u00e9 de l\u2019\u00e9ducateur \u00e0 celle de l\u2019enfant. \u00c9du\u00adquer celui-ci socia\u00adle\u00adment c\u2019est lui ins\u00adtil\u00adler les concep\u00adtions sociales de l\u2019\u00e9ducateur, lui incul\u00adquer, \u00e0 l\u2019exclusion de tous les autres id\u00e9als, un id\u00e9al indi\u00advi\u00adduel qui serait bien en peine de jus\u00adti\u00adfier son droit \u00e0 pri\u00admer au fait que les parents prennent cette liber\u00adt\u00e9 avec leurs enfants. Je veux bien, pour des rai\u00adsons d\u2019ordre pra\u00adtique, l\u2019admettre. Mais que l\u2019\u00e9ducation deve\u00adnue un moyen de trans\u00adfor\u00adma\u00adtion sociale, et le moyen par excel\u00adlence, c\u2019est autre&nbsp;chose.<\/p>\n<p>L\u2019\u00e9ducation est, mal\u00adheu\u00adreu\u00adse\u00adment d\u2019ailleurs, tr\u00e8s effi\u00adcace, elle fait des hommes tout ce que l\u2019on veut, des pr\u00eatres, des sol\u00addats, des mili\u00adta\u00adristes, des indi\u00advi\u00addua\u00adlistes, des com\u00admu\u00adnistes\u2026 C\u2019est une cour\u00adti\u00adsane qui donne ses faveurs au pre\u00admier venu. Quand je vois des enfants \u00ab&nbsp;rouges&nbsp;\u00bb fa\u00e7on\u00adn\u00e9s pour la R\u00e9vo\u00adlu\u00adtion pro\u00adchaine par un dres\u00adsage inten\u00adsif, j\u2019\u00e9prouve le m\u00eame sen\u00adti\u00adment que devant une pro\u00adces\u00adsion \u00ab&nbsp;d\u2019enfant de moine&nbsp;\u00bb por\u00adtant des cierges.<\/p>\n<p>2) L\u2019\u00e9ducation, ins\u00adtru\u00adment de r\u00e9forme sociale, abou\u00adtit for\u00adc\u00e9\u00adment \u00e0 l\u2019uniformit\u00e9. Or, rien n\u2019est plus oppo\u00ads\u00e9 \u00e0 l\u2019attitude indi\u00advi\u00addua\u00adliste qui voit dans la diver\u00adsi\u00adt\u00e9 des hommes et des opi\u00adnions la valeur \u00e9mi\u00adnente de la vie. Qu\u2019on nous garde d\u2019un monde o\u00f9 tous seraient ver\u00adtueux, et d\u2019o\u00f9 l\u2019int\u00e9r\u00eat per\u00adson\u00adnel serait exclu&nbsp;! Qui veut faire l\u2019ange fait la b\u00eate et la ver\u00adtu est une conven\u00adtion. C\u2019est l\u2019enseignement g\u00e9n\u00e9\u00adra\u00adli\u00ads\u00e9 de la morale chr\u00e9\u00adtienne qui a fa\u00e7on\u00adn\u00e9 le sombre et fas\u00adti\u00addieux moyen-\u00e2ge.<\/p>\n<p>Est-ce \u00e0 dire qu\u2019il faille sup\u00adpri\u00admer aux enfants toute \u00e9du\u00adca\u00adtion et toute ins\u00adtruc\u00adtion&nbsp;? Non pas. Nous le ver\u00adrons bient\u00f4t.<\/p>\n<p>[\/\u200bMarc L. <sc>Lefort<\/sc>\/\u200b]\n<\/p><\/div>\n<\/div>\n","protected":false},"excerpt":{"rendered":"<p>I Il est toute une cat\u00e9\u00adgo\u00adrie de r\u00e9for\u00adma\u00adteurs de la Soci\u00e9\u00adt\u00e9 qui s\u2019affirment \u00ab&nbsp;\u00e9du\u00adca\u00adtion\u00adnistes&nbsp;\u00bb. On les confond volon\u00adtiers avec les indi\u00advi\u00addua\u00adlistes car cer\u00adtains d\u2019entre eux se parent aus\u00adsi de cette \u00e9pi\u00adth\u00e8te. Ils sou\u00adtiennent qu\u2019une \u00e9du\u00adca\u00adtion appro\u00adpri\u00e9e, appli\u00adqu\u00e9e aux hommes d\u00e8s l\u2019enfance, for\u00adme\u00adrait en eux une men\u00adta\u00adli\u00adt\u00e9 tol\u00e9\u00adrante, altruiste, d\u00e9s\u00adin\u00adt\u00e9\u00adres\u00ads\u00e9e, etc., telle en un mot, qu\u2019\u00e0 [\u2026]<\/p>\n","protected":false},"author":1,"featured_media":0,"comment_status":"closed","ping_status":"closed","sticky":false,"template":"","format":"standard","meta":{"wp_typography_post_enhancements_disabled":false,"footnotes":""},"categories":[485],"tags":[],"ppma_author":[540],"class_list":["post-3949","post","type-post","status-publish","format-standard","hentry","category-les-vagabonds-na4-septembre-1922"],"authors":[{"term_id":540,"user_id":1,"is_guest":0,"slug":"admin_3gikpwyf","display_name":"Vincent Dubuc","avatar_url":"https:\/\/secure.gravatar.com\/avatar\/d015720652c25fd2ced191ade86430094e1f288a17483713e3b34d26dea52507?s=96&d=mm&r=g","author_category":"","user_url":"https:\/\/la-presse-anarchiste.net","last_name":"Dubuc","first_name":"Vincent","job_title":"","description":""}],"_links":{"self":[{"href":"https:\/\/la-presse-anarchiste.net\/index.php\/wp-json\/wp\/v2\/posts\/3949","targetHints":{"allow":["GET"]}}],"collection":[{"href":"https:\/\/la-presse-anarchiste.net\/index.php\/wp-json\/wp\/v2\/posts"}],"about":[{"href":"https:\/\/la-presse-anarchiste.net\/index.php\/wp-json\/wp\/v2\/types\/post"}],"author":[{"embeddable":true,"href":"https:\/\/la-presse-anarchiste.net\/index.php\/wp-json\/wp\/v2\/users\/1"}],"replies":[{"embeddable":true,"href":"https:\/\/la-presse-anarchiste.net\/index.php\/wp-json\/wp\/v2\/comments?post=3949"}],"version-history":[{"count":0,"href":"https:\/\/la-presse-anarchiste.net\/index.php\/wp-json\/wp\/v2\/posts\/3949\/revisions"}],"wp:attachment":[{"href":"https:\/\/la-presse-anarchiste.net\/index.php\/wp-json\/wp\/v2\/media?parent=3949"}],"wp:term":[{"taxonomy":"category","embeddable":true,"href":"https:\/\/la-presse-anarchiste.net\/index.php\/wp-json\/wp\/v2\/categories?post=3949"},{"taxonomy":"post_tag","embeddable":true,"href":"https:\/\/la-presse-anarchiste.net\/index.php\/wp-json\/wp\/v2\/tags?post=3949"},{"taxonomy":"author","embeddable":true,"href":"https:\/\/la-presse-anarchiste.net\/index.php\/wp-json\/wp\/v2\/ppma_author?post=3949"}],"curies":[{"name":"wp","href":"https:\/\/api.w.org\/{rel}","templated":true}]}}