{"id":3964,"date":"2019-04-26T14:38:47","date_gmt":"2019-04-26T14:38:47","guid":{"rendered":"https:\/\/la-presse-anarchiste.net\/index.php\/2019\/04\/26\/repliques-et-mises-au-point\/"},"modified":"2019-04-26T14:38:47","modified_gmt":"2019-04-26T14:38:47","slug":"repliques-et-mises-au-point","status":"publish","type":"post","link":"https:\/\/la-presse-anarchiste.net\/index.php\/2019\/04\/26\/repliques-et-mises-au-point\/","title":{"rendered":"R\u00e9pliques et mises au&nbsp;point"},"content":{"rendered":"<div class=\"pdfprnt-buttons pdfprnt-buttons-post pdfprnt-top-right\"><a href=\"https:\/\/la-presse-anarchiste.net\/index.php\/wp-json\/wp\/v2\/posts\/3964?print=pdf\" class=\"pdfprnt-button pdfprnt-button-pdf\" target=\"_blank\"><img decoding=\"async\" src=\"https:\/\/la-presse-anarchiste.net\/wp-content\/plugins\/pdf-print\/images\/pdf.png\" alt=\"image_pdf\" title=\"Afficher le PDF\"><\/a><a href=\"https:\/\/la-presse-anarchiste.net\/index.php\/wp-json\/wp\/v2\/posts\/3964?print=print\" class=\"pdfprnt-button pdfprnt-button-print\" target=\"_blank\"><img decoding=\"async\" src=\"https:\/\/la-presse-anarchiste.net\/wp-content\/plugins\/pdf-print\/images\/print.png\" alt=\"image_print\" title=\"Contenu imprim\u00e9\"><\/a><\/div><div align=\"justify\">\n<p>Des social-d\u00e9mo\u00adcrates nous ont dit&nbsp;: \u2013 De quoi vous plai\u00adgnez-vous&nbsp;? d\u2019\u00eatre tra\u00adhis&nbsp;?\u2026 mais on ne vous a jamais rien pro\u00admis&nbsp;! au contraire&nbsp;: vous \u00e9tiez pr\u00e9\u00adve\u00adnus de n\u2019avoir \u00e0 comp\u00adter sur personne.<\/p>\n<p>Tr\u00e8s bien, mais alors il y a dans cette affaire un mal\u00adfai\u00adteur&nbsp;: car nous, nous y allions de notre bonne&nbsp;foi.<\/p>\n<p>Alors, on ne nous lais\u00adsait entrer dans la mai\u00adson que pour nous mieux d\u00e9valiser&nbsp;?<\/p>\n<p>[|<b>* * * *<\/b>|]<\/p>\n<p>On a d\u00e9j\u00e0 tant fait d\u2019hypoth\u00e8ses ici et l\u00e0, des hypo\u00adth\u00e8ses dans l\u2019eau, que nous allons nous per\u00admettre d\u2019en faire encore une et de la sou\u00admettre aux r\u00e9flexions&nbsp;:<\/p>\n<p>Croit-on que le peuple fran\u00ad\u00e7ais se f\u00fbt lev\u00e9 pour une guerre de conqu\u00eate&nbsp;?<\/p>\n<p>[|<b>* * * *<\/b>|]<\/p>\n<p>On nous a objec\u00adt\u00e9 encore&nbsp;: \u00ab&nbsp;En lut\u00adtant contre l\u2019imp\u00e9rialisme alle\u00admand vous lut\u00adtez <i>pour<\/i> l\u2019\u00c9tat fran\u00ad\u00e7ais, c\u2019est-\u00e0-dire pour vos ma\u00eetres, dont vous conso\u00adli\u00addez le cr\u00e9\u00addit en assu\u00adrant le triomphe.&nbsp;\u00bb<\/p>\n<p>Nous r\u00e9pon\u00addons qu\u2019il n\u2019y a pas l\u2019\u00c9tat fran\u00ad\u00e7ais, l\u2019\u00c9tat bour\u00adgeois, mais la menace alle\u00admande du capo\u00adra\u00adlisme \u00e0 la Bis\u00admarck, du c\u00e9sa\u00adrisme omni\u00adpo\u00adtent, du cen\u00adtra\u00adlisme enne\u00admi mor\u00adtel de tout f\u00e9d\u00e9\u00adra\u00adlisme, tueur dans l\u2019\u0153uf de toute libert\u00e9.<\/p>\n<p>[|<b>* * * *<\/b>|]<\/p>\n<p>Eh bien oui, il y a des guerres d\u2019agression et des guerres de d\u00e9fense. Et il y a autant de dif\u00adf\u00e9\u00adrence entre celles-ci et celles-l\u00e0 qu\u2019il y en a entre la th\u00e9o\u00adrie r\u00e9vo\u00adlu\u00adtion\u00adnaire d\u2019instauration d\u2019un monde nou\u00adveau et sa pratique.<\/p>\n<p>Pour \u00eatre tra\u00adduite en <i>fait<\/i> la th\u00e9o\u00adrie demande des hommes, des hommes nou\u00adveaux&nbsp;: o\u00f9 sont-ils&nbsp;? o\u00f9 les a\u2011t-on jamais vus&nbsp;?<\/p>\n<p>Ce n\u2019est pas la th\u00e9o\u00adrie qui fait l\u2019homme, mais l\u2019homme qui fait la th\u00e9o\u00adrie \u2013 et le r\u00eave. Le r\u00eave dis\u00adpose, mais le milieu pro\u00adpose&nbsp;: Le milieu, c\u2019est-\u00e0-dire les ins\u00adti\u00adtu\u00adtions, les m\u0153urs, les carac\u00adt\u00e8res, les int\u00e9r\u00eats.<\/p>\n<p>Le r\u00eave est bon, mais il s\u2019agit de r\u00eaver tout \u00e9veill\u00e9.<\/p>\n<p>[|<b>* * * *<\/b>|]<\/p>\n<p>Nous ne savons pas, dans ce jour\u00adnal, quel sort nous est d\u00e9vo\u00adlu, mais ce que nous savons c\u2019est que nous sommes forts de notre volon\u00adt\u00e9 de recon\u00adna\u00eetre que sur plus d\u2019un point nous avons man\u00adqu\u00e9 de pr\u00e9\u00advoyance&nbsp;; que nous n\u2019avons pas atta\u00adch\u00e9 assez d\u2019importance \u00e0 cer\u00adtaines choses et qu\u2019\u00e0 d\u2019autres nous en avons accor\u00add\u00e9&nbsp;trop.<\/p>\n<p>Nous retour\u00adnons au peuple, dont nous sommes, et nous enten\u00addons souf\u00adfrir avec lui et le plaindre, pour m\u00e9ri\u00adter de pou\u00advoir le bl\u00e2\u00admer et le conseiller.<\/p>\n<p>[|<b>* * * *<\/b>|]<\/p>\n<p>\u2013&nbsp;H\u00e9&nbsp;! h\u00e9&nbsp;! vous lut\u00adtez pour sau\u00adve\u00adgar\u00adder \u00ab&nbsp;le bien com\u00admun&nbsp;\u00bb, mais o\u00f9 est-il&nbsp;? N\u2019avez-vous pas tou\u00adjours dit que vous ne pos\u00ads\u00e9\u00addez&nbsp;rien&nbsp;?<br>\n<br>\u2013 Nous pos\u00ads\u00e9\u00addons un id\u00e9al et des tra\u00addi\u00adtions, choses que n\u2019a pas le voi\u00adsin. Notre id\u00e9al peut s\u2019\u00eatre voi\u00adl\u00e9 et nos tra\u00addi\u00adtions peuvent s\u2019\u00eatre endor\u00admies, \u2013 l\u2019un et l\u2019autre se r\u00e9veille\u00adront rien que parce que nous en conser\u00advons le souvenir.<\/p>\n<p>De m\u00eame que nous aimons mieux tra\u00advailler dix heures que douze et huit que dix, de m\u00eame nous aimons mieux gagner dix francs que huit et huit que&nbsp;cinq.<\/p>\n<p>Et de m\u00eame nous aimons mieux ce qu\u2019il y a de r\u00e9vo\u00adlu\u00adtion\u00adnaire dans l\u2019esprit r\u00e9pu\u00adbli\u00adcain et le lib\u00e9\u00adra\u00adlisme anglais que ce qu\u2019il y a de c\u00e9sa\u00adrien dans le germanisme.<\/p>\n<p>[|<b>* * * *<\/b>|]<\/p>\n<p>\u2013 Tr\u00e8s bien&nbsp;! mais \u2013 et le tsarisme&nbsp;?<br>\n<br>\u2013 Qui vous a dit que nous oublions le tsarisme&nbsp;?<\/p>\n<p>[|<b>* * * *<\/b>|]<\/p>\n<p>\u2013 \u2026 Et l\u2019exploitation de l\u2019homme par l\u2019homme\u2026 r\u00e9publicain&nbsp;?<br>\n<br>\u2013 \u00c0 bas le salariat&nbsp;!<br>\n<br>\u2013 Et les gen\u00addarmes r\u00e9pu\u00adbli\u00adcains&nbsp;? les tri\u00adbu\u00adnaux r\u00e9pu\u00adbli\u00adcains&nbsp;? les pri\u00adsons r\u00e9publicaines&nbsp;?\u2026<br>\n<br>\u2013 Vive la libert\u00e9&nbsp;!<\/p>\n<p>[|<b>* * * *<\/b>|]<\/p>\n<p>\u2013 Vous vous \u00ab&nbsp;adaptez&nbsp;\u00bb.<br>\n<br>\u2013 Nous sui\u00advons l\u2019actualit\u00e9. Et nous ne serons pas plus sou\u00admis que vous \u00e0 l\u2019\u00e9picier, au bou\u00adlan\u00adger, au pro\u00adpri\u00e9\u00adtaire, au pr\u00eatre, \u00e0 la loi, et \u00e0 nos&nbsp;vices.<\/p>\n<p>Il n\u2019y aura pas chez nous plus de faux pro\u00ads\u00e9\u00adlytes, plus de faux mar\u00adtyrs, plus de faux amis, plus de faux fr\u00e8res.<\/p>\n<p>Il y en aura autant.<\/p>\n<p>[|<b>* * * *<\/b>|]<\/p>\n<p>\u2013 Vous cou\u00adpez dans ce bateau de la \u00ab&nbsp;der\u00adni\u00e8re guerre&nbsp;\u00bb&nbsp;?<br>\n<br>\u2013 Ce n\u2019est pas nous qui avons lan\u00adc\u00e9 le mot&nbsp;: il n\u2019aurait pas eu tant de for\u00adtune. Et c\u2019est pour\u00adquoi il nous&nbsp;ravit.<br>\nIl faut qu\u2019il devienne notre Pologne autonome.<br>\n<br>\u2013 Vive la Pologne&nbsp;!<br>\n<br>\u2013 Donc vous deve\u00adnez nationalistes&nbsp;?<br>\n<br>\u2013 \u00c0 peine des g\u00e9o\u00adgraphes et des his\u00adto\u00adriens, en ce qui concerne la nais\u00adsance des races, la for\u00adma\u00adtion des patries, les cou\u00adtumes et les habitudes.<\/p>\n<p>\u00c7a s\u2019appelle de l\u2019ethnographie, et c\u2019est au patrio\u00adtisme ce que le pan\u00adth\u00e9isme est au mys\u00adti\u00adcisme religieux.<\/p>\n<p>[|<b>* * * *<\/b>|]<\/p>\n<p>\u2013 Et la lutte des classes&nbsp;?\u2026<br>\n<br>\u2013 Elle conti\u00adnue, puisque nous pre\u00adnons d\u00e9j\u00e0 des garan\u00adties en rete\u00adnant des pro\u00admesses dont nous sur\u00adveille\u00adrons l\u2019ex\u00e9cution, \u2013 mieux que des pro\u00admesses&nbsp;: en cr\u00e9ant du pos\u00adsible, en enle\u00advant son objec\u00adtif \u00e0 la Paix&nbsp;Arm\u00e9e.<\/p>\n<p>[|<b>*   *   *   *<\/b>|]<\/p>\n<p>\u2013 Et vous ne croyez pas qu\u2019il aurait mieux valu pr\u00e9\u00adve\u00adnir tout cela que d\u2019avoir la guerre&nbsp;?<br>\n<br>\u2013 Par\u00addon&nbsp;! vous vous trom\u00adpez de porte. Quand il pleut nous ne pou\u00advons qu\u2019ouvrir notre para\u00adpluie, chas\u00adser le chien qui veut nous mordre ou don\u00adner du sucre \u00e0 l\u2019enfant qui pleure.<\/p>\n<p>Mek\u00adtoub&nbsp;! disent les Arabes. \u00ab&nbsp;C\u2019\u00e9tait \u00e9crit&nbsp;\u00bb. C\u2019\u00e9tait \u00e9crit dans un tas de choses, qui pro\u00adba\u00adble\u00adment devaient \u00eatre fortes puisqu\u2019elles ont eu raison.<\/p>\n<p>Adres\u00adsez-vous pour plus amples ren\u00adsei\u00adgne\u00adments aux \u00ab&nbsp;jun\u00adkers&nbsp;\u00bb d\u2019Allemagne, qui veulent se plan\u00adter un arbre g\u00e9n\u00e9a\u00adlo\u00adgique \u00e0 fleurs de bla\u00adson, et aux Sozial-demo\u00adkra\u00adten qui ont trou\u00adv\u00e9 que mou\u00adrir pour les \u00ab&nbsp;jun\u00adkers&nbsp;\u00bb c\u2019\u00e9tait mou\u00adrir pour l\u2019Internationale.<\/p>\n<p>[|<b>*   *   *   *<\/b>|]<\/p>\n<p>\u2013 Bref, vous envoyez \u00e0 la tuerie.<br>\n<br>\u2013 Inexact. Car nous serions des l\u00e2ches puisque nous n\u2019y allons pas nous-m\u00eames. Nous sommes neutres au point de res\u00adpec\u00adter jusqu\u2019\u00e0 la vie des autres. Mais nous avons nos pr\u00e9\u00adf\u00e9\u00adrences comme vous avez les v\u00f4tres. Cela ne nous emp\u00eache pas de pleu\u00adrer tous les&nbsp;morts.<\/p>\n<p>Nous ferons se dres\u00adser tous les spectres, sur tous les champs de bataille. Et nous avons id\u00e9e qu\u2019ils par\u00adle\u00adront plus fort que les vivants quand nous liqui\u00adde\u00adrons toutes les banqueroutes.<\/p>\n<p>[\/\u200bJacques <sc>Bon\u00adhomme<\/sc>\/\u200b]\n<\/p><\/div>\n","protected":false},"excerpt":{"rendered":"<p>Des social-d\u00e9mo\u00ad\u00adcrates nous ont dit&nbsp;: \u2013 De quoi vous plai\u00ad\u00adgnez-vous&nbsp;? d\u2019\u00eatre tra\u00adhis&nbsp;?\u2026 mais on ne vous a jamais rien pro\u00admis&nbsp;! au contraire&nbsp;: vous \u00e9tiez pr\u00e9\u00adve\u00adnus de n\u2019avoir \u00e0 comp\u00adter sur per\u00adsonne. Tr\u00e8s bien, mais alors il y a dans cette affaire un mal\u00adfai\u00adteur&nbsp;: car nous, nous y allions de notre bonne&nbsp;foi. Alors, on ne&nbsp;nous&nbsp;[\u2026]<\/p>\n","protected":false},"author":1,"featured_media":0,"comment_status":"closed","ping_status":"closed","sticky":false,"template":"","format":"standard","meta":{"wp_typography_post_enhancements_disabled":false,"footnotes":""},"categories":[486],"tags":[],"ppma_author":[540],"class_list":["post-3964","post","type-post","status-publish","format-standard","hentry","category-la-libre-federation-n3-27-octobre-1915"],"authors":[{"term_id":540,"user_id":1,"is_guest":0,"slug":"admin_3gikpwyf","display_name":"Vincent Dubuc","avatar_url":"https:\/\/secure.gravatar.com\/avatar\/d015720652c25fd2ced191ade86430094e1f288a17483713e3b34d26dea52507?s=96&d=mm&r=g","author_category":"","user_url":"https:\/\/la-presse-anarchiste.net","last_name":"Dubuc","first_name":"Vincent","job_title":"","description":""}],"_links":{"self":[{"href":"https:\/\/la-presse-anarchiste.net\/index.php\/wp-json\/wp\/v2\/posts\/3964","targetHints":{"allow":["GET"]}}],"collection":[{"href":"https:\/\/la-presse-anarchiste.net\/index.php\/wp-json\/wp\/v2\/posts"}],"about":[{"href":"https:\/\/la-presse-anarchiste.net\/index.php\/wp-json\/wp\/v2\/types\/post"}],"author":[{"embeddable":true,"href":"https:\/\/la-presse-anarchiste.net\/index.php\/wp-json\/wp\/v2\/users\/1"}],"replies":[{"embeddable":true,"href":"https:\/\/la-presse-anarchiste.net\/index.php\/wp-json\/wp\/v2\/comments?post=3964"}],"version-history":[{"count":0,"href":"https:\/\/la-presse-anarchiste.net\/index.php\/wp-json\/wp\/v2\/posts\/3964\/revisions"}],"wp:attachment":[{"href":"https:\/\/la-presse-anarchiste.net\/index.php\/wp-json\/wp\/v2\/media?parent=3964"}],"wp:term":[{"taxonomy":"category","embeddable":true,"href":"https:\/\/la-presse-anarchiste.net\/index.php\/wp-json\/wp\/v2\/categories?post=3964"},{"taxonomy":"post_tag","embeddable":true,"href":"https:\/\/la-presse-anarchiste.net\/index.php\/wp-json\/wp\/v2\/tags?post=3964"},{"taxonomy":"author","embeddable":true,"href":"https:\/\/la-presse-anarchiste.net\/index.php\/wp-json\/wp\/v2\/ppma_author?post=3964"}],"curies":[{"name":"wp","href":"https:\/\/api.w.org\/{rel}","templated":true}]}}