{"id":3972,"date":"2019-06-13T22:58:39","date_gmt":"2019-06-13T22:58:39","guid":{"rendered":"https:\/\/la-presse-anarchiste.net\/index.php\/2019\/06\/13\/la-revue-ouvriere-ideale\/"},"modified":"2019-06-13T22:58:39","modified_gmt":"2019-06-13T22:58:39","slug":"la-revue-ouvriere-ideale","status":"publish","type":"post","link":"https:\/\/la-presse-anarchiste.net\/index.php\/2019\/06\/13\/la-revue-ouvriere-ideale\/","title":{"rendered":"La revue ouvri\u00e8re id\u00e9ale"},"content":{"rendered":"<div class=\"pdfprnt-buttons pdfprnt-buttons-post pdfprnt-top-right\"><a href=\"https:\/\/la-presse-anarchiste.net\/index.php\/wp-json\/wp\/v2\/posts\/3972?print=pdf\" class=\"pdfprnt-button pdfprnt-button-pdf\" target=\"_blank\"><img decoding=\"async\" src=\"https:\/\/la-presse-anarchiste.net\/wp-content\/plugins\/pdf-print\/images\/pdf.png\" alt=\"image_pdf\" title=\"Afficher le PDF\"><\/a><a href=\"https:\/\/la-presse-anarchiste.net\/index.php\/wp-json\/wp\/v2\/posts\/3972?print=print\" class=\"pdfprnt-button pdfprnt-button-print\" target=\"_blank\"><img decoding=\"async\" src=\"https:\/\/la-presse-anarchiste.net\/wp-content\/plugins\/pdf-print\/images\/print.png\" alt=\"image_print\" title=\"Contenu imprim\u00e9\"><\/a><\/div><div align=\"justify\">\n<div style=\"text-indent: 1cm\">\n<p>La <i>Vie Ouvri\u00e8re<\/i> n\u2019a pas la pr\u00e9\u00adten\u00adtion de l\u2019\u00eatre. Cepen\u00addant, elle vou\u00addrait bien le devenir.<\/p>\n<p>Un de nos abon\u00adn\u00e9s de Reims nous a \u00e9crit pour nous dire quelle revue il d\u00e9si\u00adre\u00adrait ardem\u00adment recevoir&nbsp;:<\/p>\n<p>\u00ab&nbsp;D\u2019abord, elle devrait me dis\u00adpen\u00adser de la lec\u00adture de toutes les autres. Pre\u00adnons la ques\u00adtion, bien actuelle, des retraites ouvri\u00e8res. Dans le num\u00e9\u00adro 7 de la <i>Vie Ouvri\u00e8re<\/i>, je trouve sur ce sujet un article de Mer\u00adrheim, Je l\u2019ai par\u00adcou\u00adru et je l\u2019ai trou\u00adv\u00e9 fort bien fait. Mais je ne me rap\u00adpelle gu\u00e8re de ce qu\u2019il contient&nbsp;! C\u2019est que, pour me for\u00admer une opi\u00adnion per\u00adson\u00adnelle sur cette ques\u00adtion, j\u2019ai d\u00fb lire cent articles, peut-\u00eatre plus, parus dans l\u2019<i>Huma\u00adni\u00adt\u00e9<\/i> et dix autres jour\u00adnaux, la mati\u00e8re d\u2019une dizaine de volumes \u00e0 trois francs cin\u00adquante. Qu\u2019un pro\u00adfes\u00adsion\u00adnel du jour\u00adna\u00adlisme fasse cela, soit, puisque c\u2019est son m\u00e9tier. Mais com\u00adment vou\u00adlez-vous qu\u2019un homme, qui ne dis\u00adpose gu\u00e8re que d\u2019une heure chaque jour, et encore pen\u00addant ses repas, pour se tenir au cou\u00adrant des ques\u00adtions d\u2019actualit\u00e9, y arrive vrai\u00adment en si peu de&nbsp;temps&nbsp;?\u2026<\/p>\n<p>&nbsp;\u00bb Quand les jour\u00adna\u00adlistes ont pol\u00e9\u00admi\u00adqu\u00e9 pen\u00addant quinze jours ou un mois sur un sujet, ils l\u2019ont retour\u00adn\u00e9 sous toutes ses faces. Les argu\u00adments les plus saillants ont \u00e9t\u00e9 pro\u00adduits, sou\u00advent dans une for\u00admule heu\u00adreuse qui pro\u00adjette une vive lumi\u00e8re sur toute la ques\u00adtion. C\u2019est \u00e0 ce moment que devrait inter\u00adve\u00adnir ma revue id\u00e9ale. Au lieu de me faire entendre une conver\u00adsa\u00adtion boi\u00adteuse avec un ou plu\u00adsieurs com\u00adp\u00e8res que je ne vois pas, je lui deman\u00adde\u00adrais de me ser\u00advir la sub\u00adstan\u00adti\u00adfique moelle de l\u2019os tri\u00adtu\u00adr\u00e9 ailleurs, sans rien me lais\u00adser perdre d\u2019essentiel. Le jour o\u00f9 une telle revue exis\u00adte\u00adra, elle favo\u00adri\u00adse\u00adra vrai\u00adment le pro\u00adgr\u00e8s des id\u00e9es, car on aura le temps de r\u00e9fl\u00e9\u00adchir \u00e0 ses lec\u00adtures et on pour\u00adra le faire sans craindre de lais\u00adser \u00e9chap\u00adper des argu\u00adments qu\u2019il importe de conna\u00eetre. Aujourd\u2019hui, la mau\u00advaise orga\u00adni\u00adsa\u00adtion des revues, leur concur\u00adrence, nous forcent \u00e0 en lire un grand nombre&nbsp;; nous n\u2019y arri\u00advons qu\u2019en le fai\u00adsant super\u00adfi\u00adciel\u00adle\u00adment, le temps nous manque pour r\u00e9fl\u00e9\u00adchir et, peu \u00e0 peu, nous per\u00addons l\u2019habitude de penser.&nbsp;\u00bb<\/p>\n<p>Vous avez rai\u00adson, abon\u00adn\u00e9,.., de d\u00e9si\u00adrer une telle revue. Mais, voyez-vous les dif\u00adfi\u00adcul\u00adt\u00e9s qu\u2019elle com\u00adporte&nbsp;? \u00c7a n\u2019a l\u2019air de rien. C\u2019est pour\u00adtant \u00e9norme.<\/p>\n<p>Le suf\u00adfrage uni\u00adver\u00adsel et la liber\u00adt\u00e9 de la presse devaient faire l\u2019\u00e9ducation du pays. Va te faire fiche&nbsp;! Au bout de cin\u00adquante ans, aucun pro\u00adgr\u00e8s pro\u00adfond n\u2019est sensible.<\/p>\n<p>En ce qui concerne la presse, on peut dire qu\u2019elle a deux baillons. La grande presse \u00e0 la bouche fer\u00adm\u00e9e ou cor\u00adrom\u00adpue. La petite presse, quand elle est ind\u00e9\u00adpen\u00addante, est inca\u00adpable d\u2019utiliser son ind\u00e9\u00adpen\u00addance par manque de tra\u00advail, de recherches, d\u2019effort. Les deux cat\u00e9\u00adgo\u00adries de jour\u00adna\u00adlistes sont si sem\u00adblables&nbsp;; leurs pro\u00adc\u00e9\u00add\u00e9s sont tel\u00adle\u00adment pareils&nbsp;: Ah&nbsp;! il faut par\u00adler de telle-chose&nbsp;? Bien&nbsp;! Une plume&nbsp;; de l\u2019encre&nbsp;; du papier. Voi\u00adl\u00e0, patron, les deux cents lignes demand\u00e9es.<\/p>\n<p>Tout est \u00e0 refaire. Tout est \u00e0 faire. M\u00eame les hommes pour le&nbsp;faire.<\/p>\n<p>Le mou\u00adve\u00adment social porte le poids de ces m\u00e9thodes de jour\u00adna\u00adlisme. On n\u2019est pas infor\u00adm\u00e9. Et pour s\u2019informer, des dif\u00adfi\u00adcul\u00adt\u00e9s \u00e9normes sont \u00e0 sur\u00admon\u00adter. Tenez. Essayez de savoir la situa\u00adtion finan\u00adci\u00e8re dans laquelle se trouvent les com\u00adpa\u00adgnies de che\u00admins de fer, afin de pr\u00e9\u00advoir la r\u00e9sis\u00adtance que ren\u00adcon\u00adtre\u00adront nos cama\u00adrades che\u00admi\u00adnots pour faire aug\u00admen\u00adter leurs mis\u00e9\u00adrables salaires.<\/p>\n<p>Essayez&nbsp;! Vous ver\u00adrez que c\u2019est plus dif\u00adfi\u00adcile \u00e0 d\u00e9cou\u00advrir que si telle id\u00e9e syn\u00addi\u00adca\u00adliste se rat\u00adtache \u00e0 Marx, \u00e0 Prou\u00addhon ou \u00e0 Bakou\u00adnine. Nous sommes pro\u00adfon\u00add\u00e9\u00adment igno\u00adrants du milieu \u00e9co\u00adno\u00admique o\u00f9 nous vivons. Nous avons re\u00e7u une \u00e9du\u00adca\u00adtion \u00e0 rebours. On nous a tout cach\u00e9. On nous a \u00e9loi\u00adgn\u00e9s des r\u00e9a\u00adli\u00adt\u00e9s. Vous avez lu, dites-vous, la mati\u00e8re de dix volumes sur une ques\u00adtion et cette ques\u00adtion vous est encore obs\u00adcure. Qu\u2019est-ce alors pour celui qui n\u2019a fait aucun effort ou qui n\u2019a pas le temps de le&nbsp;faire&nbsp;?<\/p>\n<p>Oui, le pro\u00adgr\u00e8s des id\u00e9es gagne\u00adrait \u00e0 l\u2019existence d\u2019une revue des faits, d\u2019une revue objec\u00adtive et pas\u00adsion\u00adn\u00e9e \u00e0 la fois. Cette revue, il faut que nous soyons capables de la faire. Avec de la volon\u00adt\u00e9 et de la t\u00e9na\u00adci\u00adt\u00e9, nous y parviendrons.<\/p>\n<p>[\/\u200bP.&nbsp;M.\/]<\/p>\n<\/div>\n<\/div>\n","protected":false},"excerpt":{"rendered":"<p>La Vie Ouvri\u00e8re n\u2019a pas la pr\u00e9\u00adten\u00adtion de l\u2019\u00eatre. Cepen\u00addant, elle vou\u00addrait bien le deve\u00adnir. Un de nos abon\u00adn\u00e9s de Reims nous a \u00e9crit pour nous dire quelle revue il d\u00e9si\u00adre\u00adrait ardem\u00adment rece\u00advoir&nbsp;: \u00ab&nbsp;D\u2019abord, elle devrait me dis\u00adpen\u00adser de la lec\u00adture de toutes les autres. Pre\u00adnons la ques\u00adtion, bien actuelle, des retraites ouvri\u00e8res. Dans&nbsp;le&nbsp;[\u2026]<\/p>\n","protected":false},"author":1,"featured_media":0,"comment_status":"closed","ping_status":"closed","sticky":false,"template":"","format":"standard","meta":{"wp_typography_post_enhancements_disabled":false,"footnotes":""},"categories":[490],"tags":[],"ppma_author":[540],"class_list":["post-3972","post","type-post","status-publish","format-standard","hentry","category-la-vie-ouvriere-n12-20-mars-1910"],"authors":[{"term_id":540,"user_id":1,"is_guest":0,"slug":"admin_3gikpwyf","display_name":"Vincent Dubuc","avatar_url":"https:\/\/secure.gravatar.com\/avatar\/d015720652c25fd2ced191ade86430094e1f288a17483713e3b34d26dea52507?s=96&d=mm&r=g","author_category":"","user_url":"https:\/\/la-presse-anarchiste.net","last_name":"Dubuc","first_name":"Vincent","job_title":"","description":""}],"_links":{"self":[{"href":"https:\/\/la-presse-anarchiste.net\/index.php\/wp-json\/wp\/v2\/posts\/3972","targetHints":{"allow":["GET"]}}],"collection":[{"href":"https:\/\/la-presse-anarchiste.net\/index.php\/wp-json\/wp\/v2\/posts"}],"about":[{"href":"https:\/\/la-presse-anarchiste.net\/index.php\/wp-json\/wp\/v2\/types\/post"}],"author":[{"embeddable":true,"href":"https:\/\/la-presse-anarchiste.net\/index.php\/wp-json\/wp\/v2\/users\/1"}],"replies":[{"embeddable":true,"href":"https:\/\/la-presse-anarchiste.net\/index.php\/wp-json\/wp\/v2\/comments?post=3972"}],"version-history":[{"count":0,"href":"https:\/\/la-presse-anarchiste.net\/index.php\/wp-json\/wp\/v2\/posts\/3972\/revisions"}],"wp:attachment":[{"href":"https:\/\/la-presse-anarchiste.net\/index.php\/wp-json\/wp\/v2\/media?parent=3972"}],"wp:term":[{"taxonomy":"category","embeddable":true,"href":"https:\/\/la-presse-anarchiste.net\/index.php\/wp-json\/wp\/v2\/categories?post=3972"},{"taxonomy":"post_tag","embeddable":true,"href":"https:\/\/la-presse-anarchiste.net\/index.php\/wp-json\/wp\/v2\/tags?post=3972"},{"taxonomy":"author","embeddable":true,"href":"https:\/\/la-presse-anarchiste.net\/index.php\/wp-json\/wp\/v2\/ppma_author?post=3972"}],"curies":[{"name":"wp","href":"https:\/\/api.w.org\/{rel}","templated":true}]}}