{"id":3975,"date":"2019-06-13T22:59:01","date_gmt":"2019-06-13T22:59:01","guid":{"rendered":"https:\/\/la-presse-anarchiste.net\/index.php\/2019\/06\/13\/le-trust-des-vins-du-midi\/"},"modified":"2019-06-13T22:59:01","modified_gmt":"2019-06-13T22:59:01","slug":"le-trust-des-vins-du-midi","status":"publish","type":"post","link":"https:\/\/la-presse-anarchiste.net\/index.php\/2019\/06\/13\/le-trust-des-vins-du-midi\/","title":{"rendered":"Le Trust des vins du&nbsp;Midi"},"content":{"rendered":"<div class=\"pdfprnt-buttons pdfprnt-buttons-post pdfprnt-top-right\"><a href=\"https:\/\/la-presse-anarchiste.net\/index.php\/wp-json\/wp\/v2\/posts\/3975?print=pdf\" class=\"pdfprnt-button pdfprnt-button-pdf\" target=\"_blank\"><img decoding=\"async\" src=\"https:\/\/la-presse-anarchiste.net\/wp-content\/plugins\/pdf-print\/images\/pdf.png\" alt=\"image_pdf\" title=\"Afficher le PDF\"><\/a><a href=\"https:\/\/la-presse-anarchiste.net\/index.php\/wp-json\/wp\/v2\/posts\/3975?print=print\" class=\"pdfprnt-button pdfprnt-button-print\" target=\"_blank\"><img decoding=\"async\" src=\"https:\/\/la-presse-anarchiste.net\/wp-content\/plugins\/pdf-print\/images\/print.png\" alt=\"image_print\" title=\"Contenu imprim\u00e9\"><\/a><\/div><div align=\"justify\">\n<div style=\"text-indent: 1cm\">\n<p>La concen\u00adtra\u00adtion capi\u00adta\u00adliste \u2013 qui par ses <i>ententes, ses car\u00adtels, ses trusts<\/i> \u2013 s\u2019affirme puis\u00adsam\u00adment, telle une pieuvre mons\u00adtrueuse \u00e9ten\u00addant, au loin ses ten\u00adta\u00adcules gigan\u00adtesques, dans le domaine de l\u2019industrie et du com\u00admerce \u2013 se mani\u00adfeste-t-elle \u00e9ga\u00adle\u00adment dans le domaine de l\u2019agriculture ou mieux de la viti\u00adcul\u00adture&nbsp;? Qu\u2019est en somme ce pro\u00adjet de trust des vins dont on a tant par\u00adl\u00e9&nbsp;? Et quelles cons\u00e9\u00adquences peut-il ame\u00adner pour la classe ouvri\u00e8re&nbsp;? C\u2019est ce que nous allons examiner.<\/p>\n<p>La viti\u00adcul\u00adture qui domine dans notre r\u00e9gion du Midi, mal\u00adgr\u00e9 son \u00e9tat assez avan\u00adc\u00e9 d\u2019industrialisation, n\u2019est pas sou\u00admise aux m\u00eames r\u00e8gles de pro\u00adduc\u00adtion que l\u2019industrie moderne. La petite et moyenne pro\u00adpri\u00e9\u00adt\u00e9 y voi\u00adsine avec les grandes exploi\u00adta\u00adtions de rap\u00adport sans qu\u2019elle soit fata\u00adle\u00adment mena\u00adc\u00e9e d\u2019impuissance et d\u2019absorption. D\u2019un autre c\u00f4t\u00e9 le capi\u00adta\u00adlisme fon\u00adcier, devant les fluc\u00adtua\u00adtions \u00e9normes du pro\u00adduit, a tou\u00adjours h\u00e9si\u00adt\u00e9 \u00e0 l\u2019accaparement des terres et a plus diri\u00adg\u00e9 le pla\u00adce\u00adment de ses capi\u00adtaux vers des voies meilleures. Ain\u00adsi le trust des vins n\u2019appara\u00eet pas comme la cons\u00e9\u00adquence et le but de la concen\u00adtra\u00adtion capi\u00adta\u00adliste&nbsp;; bien au contraire, jamais dans les ann\u00e9es nor\u00admales et pros\u00adp\u00e8res nul n\u2019a son\u00adg\u00e9 \u00e0 la moindre entente pour la plus-value du vin&nbsp;; on est rou\u00adti\u00adnier&nbsp;; l\u2019individualisme le plus outr\u00e9 n\u2019a c\u00e9s\u00ads\u00e9 de r\u00e9gner en ma\u00eetre \u00e0 tous les degr\u00e9s des classes pos\u00ads\u00e9\u00addantes&nbsp;; ce n\u2019est qu\u2019\u00e0 par\u00adtir de 1900, devant la m\u00e9vente per\u00adsis\u00adtante, devant les ruines de la crise viti\u00adcole que se sont mani\u00adfes\u00adt\u00e9s les pre\u00admiers sen\u00adti\u00adments d\u2019organisation et d\u2019action col\u00adlec\u00adtive&nbsp;; depuis, bien des pro\u00adjets ont \u00e9t\u00e9 pr\u00e9\u00adsen\u00adt\u00e9s, bien des pro\u00adpo\u00adsi\u00adtions ont \u00e9t\u00e9 faites, bien des id\u00e9es ont \u00e9t\u00e9 \u00e9mises pour enrayer la m\u00e9vente, arr\u00ea\u00adter la crise, sau\u00adver la situa\u00adtion vrai\u00adment d\u00e9sas\u00adtreuse du&nbsp;Midi.<\/p>\n<p>Bri\u00e8\u00adve\u00adment, nous allons les examiner.<\/p>\n<h3>Trus Bartissol<\/h3>\n<p>Au len\u00adde\u00admain du Congr\u00e8s viti\u00adcole de B\u00e9ziers (1905) un pre\u00admier pro\u00adjet de trust fut sou\u00admis au <i>comi\u00adt\u00e9 r\u00e9gio\u00adnal de d\u00e9fense viti\u00adcole<\/i>, par M.&nbsp;Edmond Bartissol[[Le grand bras\u00adseur d\u2019affaires qu\u2019est M.&nbsp;Bar\u00adtis\u00adsol, d\u00e9pu\u00adt\u00e9 de Per\u00adpi\u00adgnan, outre des pro\u00adjets finan\u00adciers bur\u00adlesque et de bat\u00adtage \u00e9lec\u00adto\u00adral comme Nar\u00adbonne port de mer ou Per\u00adpi\u00adgnan ville d\u2019eaux, a encore ten\u00adt\u00e9 le <i>Trust des vins de la val\u00adl\u00e9e de l\u2019Agly<\/i> (une tren\u00adtaine de com\u00admunes), mais n\u2019a pu arri\u00adver com\u00adpl\u00e8\u00adte\u00adment \u00e0 ses fins et s\u2019est rabat\u00adtu sur les vins de Banyuls dont la r\u00e9pu\u00adta\u00adtion m\u00e9ri\u00adt\u00e9e a ren\u00addu faci\u00adle\u00adment r\u00e9a\u00adli\u00adsable ce pro\u00adjet tr\u00e8s r\u00e9duit.]]. <i>Le Trust des vins natu\u00adrels du Midi<\/i> \u2013 tel est le titre de cette Soci\u00e9\u00adt\u00e9 \u2013 se consti\u00adtuait au capi\u00adtal de 300 mil\u00adlions, ver\u00ads\u00e9s par des finan\u00adciers et capi\u00adta\u00adlistes dont M.&nbsp;Bar\u00adtis\u00adsol \u00e9tait le repr\u00e9\u00adsen\u00adtant&nbsp;; par contrat, les pro\u00adpri\u00e9\u00adtaires s\u2019engageaient pen\u00addant 30 ans \u00e0 vendre \u00e0 la Soci\u00e9\u00adt\u00e9 l\u2019int\u00e9gralit\u00e9 de leur r\u00e9colte dont le prix \u00e9tait cal\u00adcu\u00adl\u00e9 sur une \u00e9chelle pro\u00adgres\u00adsive selon le degr\u00e9 alcoo\u00adlique, avec prime pour les meilleures qua\u00adli\u00adt\u00e9s&nbsp;; en sus du prix du vin les pro\u00adpri\u00e9\u00adtaires rece\u00advaient pro\u00adpor\u00adtion\u00adnel\u00adle\u00adment sur les b\u00e9n\u00e9\u00adfices de la Soci\u00e9\u00adt\u00e9 45&nbsp;p.&nbsp;100, plus 10&nbsp;p.&nbsp;100 pour \u00eatre dis\u00adtri\u00adbu\u00e9s chaque ann\u00e9e aux <i>\u0153uvres de soli\u00adda\u00adri\u00adt\u00e9 ouvri\u00e8re<\/i>&nbsp;; la soci\u00e9\u00adt\u00e9 fai\u00adsait aux pro\u00adpri\u00e9\u00adtaires, sur jus\u00adti\u00adfi\u00adca\u00adtion et sp\u00e9\u00adcia\u00adle\u00adment affec\u00adt\u00e9e \u00e0 l\u2019achat de den\u00adr\u00e9es agri\u00adcoles (engrais, soufre, sul\u00adfate), assu\u00adrances agri\u00adcoles (gr\u00eale, incen\u00addie, b\u00e9tail) ou contri\u00adbu\u00adtion, une avance de 50&nbsp;p.&nbsp;100 sur la vente de leur pro\u00adchaine r\u00e9colte por\u00adtant int\u00e9\u00adr\u00eat de 5&nbsp;p.&nbsp;100.<\/p>\n<p>La Soci\u00e9\u00adt\u00e9 \u00e9tait admi\u00adnis\u00adtr\u00e9e par un conseil com\u00adpo\u00ads\u00e9 de deux membres par d\u00e9par\u00adte\u00adment (au total 14 membres) et de dix-sept admi\u00adnis\u00adtra\u00adteurs \u00e9lus par les action\u00adnaires&nbsp;; dans chaque chef-lieu de d\u00e9par\u00adte\u00adment \u00e9tait un comi\u00adt\u00e9 direc\u00adteur com\u00adpo\u00ads\u00e9 de repr\u00e9\u00adsen\u00adtants des pro\u00adpri\u00e9\u00adtaires et <i>d\u2019un d\u00e9l\u00e9\u00adgu\u00e9 des ouvriers agri\u00adcoles<\/i>, adjoint avec voix consul\u00adta\u00adtive au Conseil d\u2019administration. La Soci\u00e9\u00adt\u00e9 devait s\u2019efforcer de cr\u00e9er des assu\u00adrances mutuelles contre les risques agri\u00adcoles, four\u00adnir les ins\u00adtru\u00adments et pro\u00adduits n\u00e9ces\u00adsaires \u00e0 la vigne et <i>favo\u00adri\u00adser, dans chaque r\u00e9gion, l\u2019unification des salaires agri\u00adcoles, de fa\u00e7on \u00e0 ce qu\u2019ils r\u00e9pondent en toute sai\u00adson aux besoins des tra\u00advailleurs<\/i>. L\u2019ex\u00e9cution des diverses clauses du contrat \u00e9tait obli\u00adga\u00adtoire pour les h\u00e9ri\u00adtiers, ayants droit, suc\u00adces\u00adseurs \u00e0 titre ou cause quel\u00adconque et, garan\u00adtie, tant pour les adh\u00e9\u00adrents que pour la Soci\u00e9\u00adt\u00e9 sur l\u2019universalit\u00e9 de leurs&nbsp;biens.<\/p>\n<p>La Soci\u00e9\u00adt\u00e9 devait fonc\u00adtion\u00adner d\u00e8s l\u2019engagement de vente de 20 mil\u00adlions d\u2019hectolitres sous\u00adcrits dans les sept d\u00e9par\u00adte\u00adments (Aude, H\u00e9rault, Gard, Pyr\u00e9\u00adn\u00e9es-Orien\u00adtales, Bouches-du-Rh\u00f4ne, Vau\u00adcluse et Var) et consti\u00adtu\u00e9e \u00e0 la date du 1<sup>er<\/sup> ao\u00fbt\u2026 si tou\u00adte\u00adfois ces condi\u00adtions \u00e9taient remplies.<\/p>\n<p>Le trust se signa\u00adlait par des aspi\u00adra\u00adtions bien dis\u00adtinctes&nbsp;: l\u2019achat du vin \u00e0 la pro\u00adpri\u00e9\u00adt\u00e9, d\u00e9ter\u00admi\u00adn\u00e9 par le contrat, la vente \u00e0 la consom\u00adma\u00adtion, en concur\u00adrence avec le com\u00admerce qu\u2019il se pro\u00adpo\u00adsait de rem\u00adpla\u00adcer gr\u00e2ce \u00e0 la concen\u00adtra\u00adtion \u00e9norme en ses mains de capi\u00adtaux et de den\u00adr\u00e9es&nbsp;; l\u2019apport finan\u00adcier \u00e9tait r\u00e9a\u00adli\u00ads\u00e9 en dehors des pro\u00adpri\u00e9\u00adtaires qui n\u2019apportaient que leur vin et se trou\u00advaient, plu\u00adt\u00f4t dans une situa\u00adtion vas\u00adsale, d\u00e9pen\u00addante, mani\u00adfes\u00adte\u00adment inf\u00e9\u00adrieure vis-\u00e0-vis des actionnaires.<\/p>\n<p>Le pro\u00adjet Bar\u00adtis\u00adsol fut jug\u00e9 insuf\u00adfi\u00adsant \u2013 sur\u00adtout, quant au prix des vins \u2013 et le trust tom\u00adba \u00e0 l\u2019eau.<\/p>\n<h3>Trust Palazy<\/h3>\n<p>Un des plus brillants pion\u00adniers du mou\u00adve\u00adment viti\u00adcole, M.&nbsp;Pala\u00adzy, de B\u00e9ziers, apr\u00e8s l\u2019\u00e9chec du trust Bar\u00adtis\u00adsol, lan\u00ad\u00e7a un nou\u00adveau pro\u00adjet&nbsp;: L\u2019<i>Asso\u00adcia\u00adtion mutuelle de pro\u00adduc\u00adteurs de vins natu\u00adrels du Midi<\/i>, qui apr\u00e8s maintes modi\u00adfi\u00adca\u00adtions, ras\u00adsem\u00adbla beau\u00adcoup d\u2019adh\u00e9sions mais ne put \u00e9ga\u00adle\u00adment \u00eatre mis sur&nbsp;pied.<\/p>\n<p>Le nou\u00adveau trust \u00e9tait cr\u00e9\u00e9 par les pro\u00adpri\u00e9\u00adtaires r\u00e9col\u00adtants des sept d\u00e9par\u00adte\u00adments d\u00e9j\u00e0 cit\u00e9s et autres r\u00e9gions viti\u00adcoles, r\u00e9unis en syn\u00addi\u00adcat ayant pour objet la vente des vins de leur r\u00e9colte aux meilleures condi\u00adtions possibles.<\/p>\n<p>L\u2019adh\u00e9rent s\u2019engageait, pen\u00addant douze unes cons\u00e9\u00adcu\u00adtives \u00e0 lais\u00adser le syn\u00addi\u00adcat seul ma\u00eetre de vendre l\u2019int\u00e9gralit\u00e9 de sa r\u00e9colte dans l\u2019int\u00e9r\u00eat com\u00admun, mais la dis\u00adso\u00adlu\u00adtion de la Soci\u00e9\u00adt\u00e9 pou\u00advait \u00eatre pro\u00adnon\u00adc\u00e9e au bout de trois ans si les r\u00e9sul\u00adtats esp\u00e9\u00adr\u00e9s n\u2019\u00e9taient pas acquis. Les adh\u00e9\u00adrents retar\u00adda\u00adtaires devaient payer un droit d\u2019entr\u00e9e et subir pen\u00addant trois ans une rete\u00adnue de 10&nbsp;p.&nbsp;100 sur le pro\u00adduit, de leur vente annuelle.<\/p>\n<p>Les vins \u00e9taient esti\u00adm\u00e9s au degr\u00e9 alcoo\u00adlique sur une base pro\u00adgres\u00adsive avec majo\u00adra\u00adtion des c\u00f4tes de tenue, grain, finesse, bou\u00adquet, cou\u00adleur&nbsp;; les, vins tein\u00adtu\u00adriers, les vins de meilleure qua\u00adli\u00adt\u00e9, les vins blancs et les vins gris rece\u00advaient \u00e9ga\u00adle\u00adment une majo\u00adra\u00adtion pro\u00adpor\u00adtion\u00adnelle \u00e0 leur valeur et leur r\u00e9us\u00adsite&nbsp;; l\u2019association, moyen\u00adnant indem\u00adni\u00adt\u00e9 de loge\u00adment, devait pro\u00adcu\u00adrer la futaille n\u00e9ces\u00adsaire&nbsp;; le  syn\u00addi\u00adcat consen\u00adtait, des avances sur souche d\u00e8s le com\u00admen\u00adce\u00adment des ven\u00addanges \u00e0 rai\u00adson de 1&nbsp;fr.&nbsp;50, par hec\u00adto., des avances men\u00adsuelles et par dixi\u00e8mes \u00e0 rai\u00adson de 0&nbsp;fr.&nbsp;50 par degr\u00e9-hec\u00adto\u00adlitre, au taux de 4&nbsp;p.&nbsp;100, int\u00e9\u00adr\u00eat per\u00ad\u00e7u par tri\u00admestre&nbsp;; sur les r\u00e9a\u00adli\u00adsa\u00adtions glo\u00adbales des ventes effec\u00adtu\u00e9es par le syn\u00addi\u00adcat, les adh\u00e9\u00adrents rece\u00advaient men\u00adsuel\u00adle\u00adment et pro\u00adpor\u00adtion\u00adnel\u00adle\u00adment les 85&nbsp;p.&nbsp;100 de la somme leur reve\u00adnant selon l\u2019estimation de leur r\u00e9colte&nbsp;; sur les 15&nbsp;p.&nbsp;100 res\u00adtant des b\u00e9n\u00e9\u00adfices, il \u00e9tait pr\u00e9\u00adle\u00adv\u00e9 une somme suf\u00adfi\u00adsante pour la r\u00e9pres\u00adsion \u00e9ner\u00adgique de la fraude et cou\u00advrir les frais g\u00e9n\u00e9\u00adraux du syn\u00addi\u00adcat. Le concours finan\u00adcier rece\u00advait une r\u00e9mu\u00adn\u00e9\u00adra\u00adtion jug\u00e9e encore trop on\u00e9\u00adreuse&nbsp;; le Conseil d\u2019administration et les fon\u00adda\u00adteurs rece\u00advaient, \u00e9ga\u00adle\u00adment, leur r\u00e9tri\u00adbu\u00adtion et le solde dis\u00adpo\u00adnible \u00e9tait dis\u00adtri\u00adbu\u00e9 aux adh\u00e9rents.&nbsp;<\/p>\n<p>La Soci\u00e9\u00adt\u00e9 \u00e9tait admi\u00adnis\u00adtr\u00e9e par un Conseil d\u2019administration com\u00adpo\u00ads\u00e9 de 30 membres avec un direc\u00adteur d\u00e9l\u00e9\u00adgu\u00e9 par le syn\u00addi\u00adcat finan\u00adcier&nbsp;; les dif\u00adf\u00e9\u00adrends \u00e9taient sou\u00admis et jug\u00e9s sans appel par une com\u00admis\u00adsion d\u2019arbitrage&nbsp;; la com\u00admis\u00adsion d\u2019initiative devait d\u00e9ci\u00adder de la mise en marche du syn\u00addi\u00adcat lorsque les adh\u00e9\u00adsions re\u00e7ues seraient suf\u00adfi\u00adsantes pour en assu\u00adrer le bon fonctionnement.<\/p>\n<p>Ce pro\u00adjet de trust \u00e9tait fort dif\u00adf\u00e9\u00adrent de celui de M.&nbsp;Bar\u00adtis\u00adsol&nbsp;; les obli\u00adga\u00adtions impo\u00ads\u00e9es aux adh\u00e9\u00adrents n\u2019\u00e9taient pas aus\u00adsi dra\u00adco\u00adniennes&nbsp;; il visait \u00e0 la ma\u00ee\u00adtrise du mar\u00adch\u00e9 sans sup\u00adplan\u00adter le com\u00admerce qui deve\u00adnait son auxiliaire.<\/p>\n<p>Les pro\u00admo\u00adteurs du Trust des Viti\u00adcul\u00adteurs entre\u00adprirent une cam\u00adpagne d\u2019intensive pro\u00adpa\u00adgande, ils eurent du suc\u00adc\u00e8s&nbsp;; ils grou\u00adp\u00e8rent para\u00eet-il 20.000 adh\u00e9\u00adrents et 10 mil\u00adlions d\u2019hectolitres et ils n\u2019en deman\u00addaient que 15 mil\u00adlions&nbsp;; n\u00e9an\u00admoins l\u2019ann\u00e9e 1906 s\u2019\u00e9coula sans aucune r\u00e9a\u00adli\u00adsa\u00adtion tan\u00adgible et, d\u00e8s le prin\u00adtemps 1907, l\u2019agitation viti\u00adcole, les mani\u00adfes\u00adta\u00adtions, les mee\u00adtings, l\u2019occupation mili\u00adtaire, les inci\u00addents de Nar\u00adbonne en d\u00e9tour\u00adn\u00e8rent com\u00adpl\u00e8\u00adte\u00adment, l\u2019attention publique&nbsp;; le trust Pala\u00adzy \u00e9tait mort avant de na\u00eetre.<\/p>\n<h3>La C.G.V. et le&nbsp;Trust<\/h3>\n<p>Apr\u00e8s le retour de <i>l\u2019ordre<\/i> dans le Midi, les viti\u00adcul\u00adteurs clair\u00advoyants pous\u00ads\u00e8rent \u00e0 l\u2019organisation \u00e9co\u00adno\u00admique et pro\u00adfes\u00adsion\u00adnelle&nbsp;; le moment \u00e9tait favo\u00adrable&nbsp;; dans chaque com\u00admune exis\u00adtaient des comi\u00adt\u00e9s de d\u00e9fense viti\u00adcole qui n\u2019eurent qu\u2019\u00e0 se trans\u00adfor\u00admer en asso\u00adcia\u00adtions syn\u00addi\u00adcales et la Conf\u00e9\u00add\u00e9\u00adra\u00adtion G\u00e9n\u00e9\u00adrale des Vigne\u00adrons voyait le&nbsp;jour.<\/p>\n<p>La C.G.V. se com\u00adpose de cinq syn\u00addi\u00adcats r\u00e9gio\u00adnaux&nbsp;: B\u00e9ziers-Saint-Pons, Mont\u00adpel\u00adlier, Nar\u00adbonne, Car\u00adcas\u00adsonne et Per\u00adpi\u00adgnan. Ces syn\u00addi\u00adcats ne sont pas for\u00adm\u00e9s exclu\u00adsi\u00adve\u00adment des com\u00admunes de l\u2019arrondissement&nbsp;; ain\u00adsi le syn\u00addi\u00adcat de Car\u00adcas\u00adsonne prend les trois arron\u00addis\u00adse\u00adments de Car\u00adcas\u00adsonne, Limoux et Cas\u00adtel\u00adnau\u00adda\u00adry, plus le can\u00adton d\u2019Olonzae (H\u00e9rault) moins quelques com\u00admunes du can\u00adton de Tuchan com\u00adprises dans le syn\u00addi\u00adcat de Per\u00adpi\u00adgnan. Il n\u2019y a pas divi\u00adsion admi\u00adnis\u00adtra\u00adtive, mais divi\u00adsion \u00e9conomique.<\/p>\n<p>Les syn\u00addi\u00adcats r\u00e9gio\u00adnaux com\u00adprennent des syn\u00addi\u00adcats locaux ou sec\u00adtions com\u00admer\u00adciales. B\u00e9ziers en compte 91, Mont\u00adpel\u00adlier 56, Nar\u00adbonne 70, Car\u00adcas\u00adsonne 96, Per\u00adpi\u00adgnan 82&nbsp;; au total 395 grou\u00adpe\u00adments accu\u00adsant plus de 60.000 adh\u00e9rents.<\/p>\n<p>Les res\u00adsources sont de plu\u00adsieurs sortes&nbsp;; les syn\u00addi\u00adcats r\u00e9gio\u00adnaux ont les coti\u00adsa\u00adtions indi\u00advi\u00adduelles&nbsp;: 0&nbsp;fr.&nbsp;23 par membre et par an&nbsp;; les coti\u00adsa\u00adtions sup\u00adpl\u00e9\u00admen\u00adtaire et facul\u00adta\u00adtives (au mini\u00admum 3 francs par an) et les coti\u00adsa\u00adtions pro\u00adpor\u00adtion\u00adnelles au nombre d\u2019hectolitres (5 cen\u00adtimes par hec\u00adto). Ain\u00adsi en 1907, les adh\u00e9\u00adrents \u00e0 la C.&nbsp;G.&nbsp;V. repr\u00e9\u00adsen\u00adtaient pr\u00e8s de 13 mil\u00adlions d\u2019hectolitres et leurs coti\u00adsa\u00adtions pr\u00e8s de 650.000 francs&nbsp;; depuis la coti\u00adsa\u00adtion a \u00e9t\u00e9 dimi\u00adnu\u00e9e de moi\u00adti\u00e9&nbsp;; de m\u00eame le chiffre des adh\u00e9\u00adrents a consi\u00add\u00e9\u00adra\u00adble\u00adment bais\u00ads\u00e9&nbsp;; mais la C.&nbsp;G.&nbsp;V. re\u00e7oit encore deux \u00e0 trois cent mille francs de coti\u00adsa\u00adtions et peut \u00eatre consi\u00add\u00e9\u00adr\u00e9e comme une r\u00e9elle puis\u00adsance heu\u00adreu\u00adse\u00adment affai\u00adblie par son d\u00e9faut d\u2019homog\u00e9n\u00e9it\u00e9.<\/p>\n<p>L\u2019effervescence pas\u00ads\u00e9e, M.&nbsp;Pala\u00adzy reprit son pro\u00adjet de trust et celui-ci, mis au point, a \u00e9t\u00e9 adop\u00adt\u00e9 par la C.G.V. sous le titre de \u00ab&nbsp;Soci\u00e9\u00adt\u00e9 coop\u00e9\u00adra\u00adtive de pro\u00adduc\u00adteurs de vins natu\u00adrels du&nbsp;Midi&nbsp;\u00bb.<\/p>\n<p>La Coop\u00e9\u00adra\u00adtive g\u00e9n\u00e9\u00adrale, soci\u00e9\u00adt\u00e9 civile, groupe les viti\u00adcul\u00adteurs des quatre d\u00e9par\u00adte\u00adments m\u00e9di\u00adter\u00adra\u00adn\u00e9ens (H\u00e9rault, Aude, Pyr\u00e9\u00adn\u00e9es-Orien\u00adtales, Gard) et l\u2019arrondissement d\u2019Arles (Bouches-du-Rh\u00f4ne). Elle a pour objet l\u2019organisation et la vente en com\u00admun des vins et alcools des r\u00e9coltes de ses soci\u00e9\u00adtaires&nbsp;; sa dur\u00e9e est de trente ann\u00e9es, son capi\u00adtal ini\u00adtial de <i>un mil\u00adlion<\/i> divi\u00ads\u00e9 en parts nomi\u00adna\u00adtives de <i>cinq francs<\/i> attri\u00adbu\u00e9es aux sous\u00adcrip\u00adteurs, en dehors d\u2019une \u00e0 chacun<br>\nd\u2019eux, au cen\u00adti\u00e8me de leur pro\u00adduc\u00adtion&nbsp;; les soci\u00e9\u00adtaires doivent tenir leur r\u00e9colte \u00e0 l\u2019enti\u00e8re dis\u00adpo\u00adsi\u00adtion de la Soci\u00e9\u00adt\u00e9 char\u00adg\u00e9e d\u2019en assu\u00adrer la&nbsp;vente.<\/p>\n<p>La Soci\u00e9\u00adt\u00e9 est admi\u00adnis\u00adtr\u00e9e par un Conseil com\u00adpo\u00ads\u00e9 de soixante membres qui nomme un bureau recru\u00adt\u00e9 dans son sein&nbsp;; les assem\u00adbl\u00e9es g\u00e9n\u00e9\u00adrales sont com\u00adpo\u00ads\u00e9es de d\u00e9l\u00e9\u00adgu\u00e9s r\u00e9gio\u00adnaux \u00e0 rai\u00adson d\u2019un d\u00e9l\u00e9\u00adgu\u00e9 par 25.000 hec\u00adto\u00adlitres&nbsp;; un r\u00e8gle\u00adment int\u00e9\u00adrieur fixe tous les points de d\u00e9tail.<\/p>\n<p>La coop\u00e9\u00adra\u00adtive de vente des vins natu\u00adrels fran\u00ad\u00e7ais se pro\u00adpose d\u2019obtenir, sinon la ma\u00ee\u00adtrise abso\u00adlue du mar\u00adch\u00e9, du moins la r\u00e9gle\u00admen\u00adta\u00adtion et la sta\u00adbi\u00adli\u00adsa\u00adtion des cours \u00e0 des prix r\u00e9mu\u00adn\u00e9\u00adra\u00adteurs en n\u2019apportant sur le mar\u00adch\u00e9, en n\u2019offrant, au com\u00admerce que la quan\u00adti\u00adt\u00e9 n\u00e9ces\u00adsaire au besoin du moment&nbsp;; elle sup\u00adprime le concours finan\u00adcier trop on\u00e9\u00adreux pour se rat\u00adtra\u00adper sur le cr\u00e9\u00addit agri\u00adcole gr\u00e2ce au waran\u00adtage des vins des soci\u00e9\u00adtaires&nbsp;; la res\u00adpon\u00adsa\u00adbi\u00adli\u00adt\u00e9 est limi\u00adt\u00e9e \u00e0 la part de cha\u00adcun, quant aux actions sous\u00adcrites&nbsp;; de plus les soci\u00e9\u00adtaires apr\u00e8s chaque exer\u00adcice peuvent se reti\u00adrer&nbsp;; ils peuvent \u00e9ga\u00adle\u00adment vendre direc\u00adte\u00adment le rai\u00adsin de table ou le vin \u00e0 la clien\u00adt\u00e8le bour\u00adgeoise, m\u00eame au com\u00admerce, en cas d\u2019offre sup\u00e9\u00adrieure au cours \u00e9ta\u00adbli par la Soci\u00e9t\u00e9.<\/p>\n<p>Tou\u00adte\u00adfois, mal\u00adgr\u00e9 son esprit lib\u00e9\u00adral, ce nou\u00adveau trust n\u2019a pas r\u00e9us\u00adsi, de m\u00eame ou \u00e0 peu pr\u00e8s toutes les ten\u00adta\u00adtives corol\u00adlaires qui ont \u00e9t\u00e9 ten\u00adt\u00e9es&nbsp;: coop\u00e9\u00adra\u00adtives de dis\u00adtil\u00adle\u00adrie, caves com\u00admunes, etc.,&nbsp;etc.<\/p>\n<p>Quelles sont, les rai\u00adsons de ces \u00e9checs r\u00e9p\u00e9t\u00e9s&nbsp;?<\/p>\n<p>Les causes sont nom\u00adbreuses et dif\u00adfi\u00adciles \u00e0 \u00e9car\u00adter. L\u2019individualisme f\u00e9ro\u00adce\u00adment \u00e9go\u00efste qui carac\u00adt\u00e9\u00adrise si bien notre r\u00e9gion sera tou\u00adjours un obs\u00adtacle \u00e0 toute r\u00e9a\u00adli\u00adsa\u00adtion de longue haleine&nbsp;; il a suf\u00adfi que le vin atteigne des cours nor\u00admaux pour que soient com\u00adpl\u00e8\u00adte\u00adment oubli\u00e9s tous les pro\u00adjets d\u2019efficace orga\u00adni\u00adsa\u00adtion&nbsp;; c\u2019est ce qui s\u2019est pro\u00adduit. Gr\u00e2ce \u00e0 la r\u00e9pres\u00adsion de la fraude, gr\u00e2ce aus\u00adsi \u00e0 la p\u00e9nu\u00adrie, de la r\u00e9colte, gr\u00e2ce \u00e9ga\u00adle\u00adment et, sur\u00adtout, \u00e0 la sp\u00e9\u00adcu\u00adla\u00adtion du gros com\u00admerce qui, au d\u00e9but, a acca\u00adpa\u00adr\u00e9 presque tout le vin dis\u00adpo\u00adnible et main\u00adtient, \u00e0 pr\u00e9\u00adsent la dra\u00adg\u00e9e haute, le vin s\u2019est ven\u00addu \u00e0 des prix r\u00e9mun\u00e9rateurs[[Il est, \u00e9ga\u00adle\u00adment tr\u00e8s vrai\u00adsem\u00adblable que la sp\u00e9\u00adcu\u00adla\u00adtion de quelques n\u00e9go\u00adciants de la r\u00e9gion, qui seuls ont pous\u00ads\u00e9 \u00e0 la hausse a \u00e9t\u00e9 offi\u00adcieu\u00adse\u00adment sou\u00adte\u00adnue, ou tout au moins encou\u00adra\u00adg\u00e9e par le gou\u00adver\u00adne\u00adment qui, gr\u00e2ce \u00e0 son action offi\u00adcielle pour la r\u00e9pres\u00adsion de la fraude, peut reven\u00addi\u00adquer sa part dans la plus-value du vin et am\u00e9\u00adlio\u00adrer ain\u00adsi sa situa\u00adtion quelque peu com\u00adpro\u00admise vis-\u00e0-vis des popu\u00adla\u00adtions m\u00e9ri\u00addio\u00adnales.]]&nbsp;; pas plus que la pro\u00adpri\u00e9\u00adt\u00e9, ce n\u2019est pas la C.G.V. qui a impo\u00ads\u00e9 ces cours&nbsp;; bien au contraire, ce sont pr\u00e9\u00adci\u00ads\u00e9\u00adment les plus gros pro\u00adpri\u00e9\u00adtaires appar\u00adte\u00adnant pour la plu\u00adpart \u00e0 cette asso\u00adcia\u00adtion qui ont ven\u00addu les pre\u00admiers \u00e0 un taux inf\u00e9\u00adrieur \u00e0 celui main\u00adte\u00adnant \u00e9ta\u00adbli par le grand com\u00admerce, car ce der\u00adnier fait son affaire&nbsp;; il ne lui revient pas davan\u00adtage de payer le vin plus cher aux pro\u00adduc\u00adteurs&nbsp;: ce sont, les consom\u00adma\u00adteurs qui sup\u00adportent la plus-value&nbsp;; cela lui per\u00admet au contraire de r\u00e9a\u00adli\u00adser de beaux b\u00e9n\u00e9\u00adfices sur les reventes tout en pour\u00adsui\u00advant la ruine des petits n\u00e9go\u00adciants obli\u00adg\u00e9s de pas\u00adser sous ses fourches cau\u00addines et d\u2019accro\u00eetre ain\u00adsi sa clien\u00adt\u00e8le&nbsp;; la concen\u00adtra\u00adtion s\u2019op\u00e8re ain\u00adsi non dans la pro\u00adpri\u00e9\u00adt\u00e9 mais bien dans le com\u00admerce qui domi\u00adne\u00adra pour long\u00adtemps encore cette pro\u00adpri\u00e9\u00adt\u00e9 aus\u00adsi orgueilleuse qu\u2019insuffisante, aus\u00adsi mal\u00adfai\u00adsante que stupide.<\/p>\n<p>Il n\u2019y a pas \u00e0 craindre \u2013 du moins en l\u2019\u00e9tat d\u2019esprit actuel \u2013 aucun effort s\u00e9rieux d\u2019organisation de cette classe d\u00e9ca\u00addente&nbsp;; la C.G.V. a pu obte\u00adnir des r\u00e9sul\u00adtats pour la r\u00e9pres\u00adsion de la fraude \u2013 et rap\u00adpe\u00adlons que l\u2019id\u00e9e&nbsp;; avait \u00e9t\u00e9 d\u00e9j\u00e0 lan\u00adc\u00e9e par notre congr\u00e8s ouvrier de 1904 \u2013 parce que cela r\u00e9pond \u00e0 l\u2019int\u00e9r\u00eat g\u00e9n\u00e9\u00adral et que sous la pres\u00adsion publique, le Gou\u00adver\u00adne\u00adment a d\u00fb agir&nbsp;; mais nous ne croyons pas la C.G.V. capable de r\u00e9a\u00adli\u00adser son pro\u00adjet de coop\u00e9\u00adra\u00adtive g\u00e9n\u00e9\u00adrale des vins du Midi&nbsp;; nous l\u2019avons d\u00e9j\u00e0 dit, elle manque d\u2019homog\u00e9n\u00e9it\u00e9&nbsp;; le grou\u00adpe\u00adment d\u2019adh\u00e9rents de condi\u00adtions sociales dif\u00adf\u00e9\u00adrentes peut sub\u00adsis\u00adter tant qu\u2019il s\u2019agit de mani\u00adfes\u00adta\u00adtions th\u00e9o\u00adriques&nbsp;; il ne peut se main\u00adte\u00adnir quand on en arrive aux r\u00e9a\u00adli\u00adsa\u00adtions pra\u00adtiques&nbsp;; alors l\u2019\u00e9quivoque cesse&nbsp;; le fos\u00ads\u00e9 qui s\u00e9pare les classes reste creu\u00ads\u00e9 au sein de l\u2019organisation com\u00admune de l\u2019insolidarit\u00e9, m\u00eame la dua\u00adli\u00adt\u00e9 entre elles, se mani\u00adfeste en toute occa\u00adsion&nbsp;; aucun action col\u00adlec\u00adtive ne peut donc s\u2019exercer et s\u2019\u00e9panouir. De plus, les riva\u00adli\u00adt\u00e9s poli\u00adtiques ont gan\u00adgre\u00adn\u00e9 jusqu\u2019\u00e0 la moelle cette \u0153uvre pure\u00adment \u00e9co\u00adno\u00admique du rel\u00e8\u00adve\u00adment du cours des vins que pr\u00e9\u00adtend incar\u00adner la C.G.V.&nbsp;; avec l\u2019acuit\u00e9 des que\u00adrelles et les divi\u00adsions de par\u00adtis, allez donc pour\u00adsuivre l\u2019union \u00e9co\u00adno\u00admique des int\u00e9\u00adres\u00ads\u00e9s&nbsp;? Et, au fond, le mou\u00adve\u00adment, viti\u00adcole n\u2019a \u00e9t\u00e9 que \u00e7a et il a abou\u00adti \u00e0 ce fait qui en est pour ain\u00adsi dire la concr\u00e9\u00adti\u00adsa\u00adtion&nbsp;: la can\u00addi\u00adda\u00adture du socia\u00adliste Fer\u00adroul, pr\u00e9\u00adsident de la C.G.V. contre le demi-ministre Sarraut.<\/p>\n<p>Mais si la classe ouvri\u00e8re pay\u00adsanne n\u2019a rien \u00e0 redou\u00adter momen\u00adta\u00adn\u00e9\u00adment de toutes ces ten\u00adta\u00adtives de <i>Trusts rat\u00e9s<\/i>, elle n\u2019en doit pas moins s\u2019int\u00e9resser \u00e0 ces \u00e9vo\u00adlu\u00adtions capi\u00adta\u00adlistes qui t\u00f4t ou tard se retour\u00adne\u00adront contre elle. M\u00eame en admet\u00adtant que le seul but pour\u00adsui\u00advi par la C.G.V. soit le rel\u00e8\u00adve\u00adment les cours du vin \u2013 car pour la r\u00e9pres\u00adsion de la fraude, de toutes les fraudes, nous sommes en avance, nous leur avons mon\u00adtr\u00e9 le che\u00admin \u2013 but pour lequel elle pro\u00adclame l\u2019union de <i>tous ceux du Midi<\/i> com\u00admer\u00ad\u00e7ants, pro\u00adpri\u00e9\u00adtaires, ouvriers, viti\u00adcul\u00adteurs ou non, nous avons maintes fois d\u00e9non\u00adc\u00e9 et d\u00e9non\u00ad\u00e7ons encore la folie de toute col\u00adla\u00adbo\u00adra\u00adtion des classes, et, les faits sont l\u00e0 pour la d\u00e9mon\u00adtrer. Quelle a \u00e9t\u00e9 la part du pro\u00adl\u00e9\u00adta\u00adriat sur les b\u00e9n\u00e9\u00adfices obte\u00adnus par des cours plus r\u00e9mu\u00adn\u00e9\u00adra\u00adteurs&nbsp;? Et quelle force de reven\u00addi\u00adca\u00adtion peut-il avoir contre ceux qu\u2019il cou\u00addoie dans la m\u00eame association&nbsp;?<\/p>\n<p>Les conflits r\u00e9p\u00e9\u00adt\u00e9s qui ont mis et mettent chaque jour aux prises patrons et ouvriers viti\u00adcoles ne d\u00e9fi\u00adnissent-ils pas assez notre situa\u00adtion d\u2019adversaires irr\u00e9conciliables&nbsp;?<\/p>\n<p>Et encore ceci est le pr\u00e9\u00adsent, il nous faut \u00e9ga\u00adle\u00adment envi\u00adsa\u00adger l\u2019avenir. Que nos pro\u00adpri\u00e9\u00adtaires s\u2019associent, pour la vente r\u00e9mu\u00adn\u00e9\u00adra\u00adtrice de leurs pro\u00adduits, c\u2019est leur int\u00e9\u00adr\u00eat&nbsp;; mais demain, ce sera \u00e9ga\u00adle\u00adment leur int\u00e9\u00adr\u00eat de se d\u00e9fendre contre les r\u00e9cla\u00adma\u00adtions de leurs ouvriers, ce sera leur int\u00e9\u00adr\u00eat de sau\u00adve\u00adgar\u00adder leurs pri\u00advi\u00adl\u00e8ges, ce sera leur int\u00e9\u00adr\u00eat de s\u2019unir entre eux, et, entre eux seuls, parce que \u00e9ga\u00adle\u00adment mena\u00adc\u00e9s, contre la classe ouvri\u00e8re agis\u00adsante qui aujourd\u2019\u00adhui est encore \u00e0 leurs c\u00f4t\u00e9s&nbsp;! Et l\u2019association cr\u00e9\u00e9e tout d\u2019abord pour la plus-value d\u2019un pro\u00adduit, d\u00e9pr\u00e9\u00adci\u00e9 devien\u00addra in\u00e9vi\u00adta\u00adble\u00adment une arme de com\u00adbat pour la pos\u00adses\u00adsion enti\u00e8re et les b\u00e9n\u00e9\u00adfices int\u00e9\u00adgraux de ce m\u00eame pro\u00adduit, main\u00adte\u00adnant appr\u00e9\u00adci\u00e9. N\u2019est-ce pas le propre de toutes les orga\u00adni\u00adsa\u00adtions patro\u00adnales, de tous les car\u00adtels, de tous les trusts d\u2019imposer leur firme d\u2019un c\u00f4t\u00e9 et de l\u2019autre c\u00f4t\u00e9 de tenir en \u00e9chec les reven\u00addi\u00adca\u00adtions ouvri\u00e8res. Que se passe-t-il en Am\u00e9\u00adrique, en Angle\u00adterre, en Alle\u00admagne, m\u00eame en France, pour l\u2019industrie m\u00e9tal\u00adlur\u00adgique&nbsp;? Faut-il attendre la conso\u00adli\u00adda\u00adtion et l\u2019orientation n\u00e9ces\u00adsaire de la pro\u00adpri\u00e9\u00adt\u00e9 et de la C.G.V. pour se rendre \u00e0 l\u2019\u00e9vidence&nbsp;? Faut-il \u00eatre accu\u00adl\u00e9 \u00e0 ce dilemme&nbsp;: \u00ab&nbsp;ou bien de v\u00e9g\u00e9\u00adter dans une r\u00e9si\u00adgna\u00adtion st\u00e9\u00adrile et cou\u00adpable, ou bien de voir se bri\u00adser nos efforts de r\u00e9volte contre une orga\u00adni\u00adsa\u00adtion anta\u00adgo\u00adniste que nous aurons for\u00adti\u00adfi\u00e9e nous-m\u00eames&nbsp;?&nbsp;\u00bb<\/p>\n<p>Ce serait \u00e0 d\u00e9ses\u00adp\u00e9\u00adrer de la conscience ouvri\u00e8re que de voir se dres\u00adser pareil \u00e9cueil&nbsp;; cha\u00adcun son m\u00e9tier&nbsp;; cha\u00adcun sa classe&nbsp;; que quelques ambi\u00adtieux incons\u00adcients ou n\u00e9fastes se laissent entra\u00ee\u00adner dans cette gal\u00e8re, c\u2019est enten\u00addu, nous devons comp\u00adter encore avec la jau\u00adnisse, mais ne nous lais\u00adsons pas conta\u00admi\u00adner. Pour l\u2019organisation et les reven\u00addi\u00adca\u00adtions de la classe ouvri\u00e8re contre la C.G.V.&nbsp;! contre son trust&nbsp;! contre la pro\u00adpri\u00e9\u00adt\u00e9&nbsp;! Dans nos syn\u00addi\u00adcats, dans la C.G.T., avec les exploi\u00adt\u00e9s contre leurs exploi\u00adteurs nous appe\u00adlons la classe ouvri\u00e8re pay\u00adsanne du Midi et elle ne fera pas d\u00e9faut.<\/p>\n<p>[\/\u200bPaul <sc>Ader<\/sc>\/\u200b]<\/p>\n<\/div>\n<\/div>\n","protected":false},"excerpt":{"rendered":"<p>La concen\u00adtra\u00adtion capi\u00adta\u00adliste \u2013 qui par ses ententes, ses car\u00adtels, ses trusts \u2013 s\u2019affirme puis\u00adsam\u00adment, telle une pieuvre mons\u00adtrueuse \u00e9ten\u00addant, au loin ses ten\u00adta\u00adcules gigan\u00adtesques, dans le domaine de l\u2019industrie et du com\u00admerce \u2013 se mani\u00ad\u00adfeste-t-elle \u00e9ga\u00adle\u00adment dans le domaine de l\u2019agriculture ou mieux de la viti\u00adcul\u00adture&nbsp;? Qu\u2019est en somme ce pro\u00adjet de trust&nbsp;des&nbsp;[\u2026]<\/p>\n","protected":false},"author":1,"featured_media":0,"comment_status":"closed","ping_status":"closed","sticky":false,"template":"","format":"standard","meta":{"wp_typography_post_enhancements_disabled":false,"footnotes":""},"categories":[490],"tags":[],"ppma_author":[540],"class_list":["post-3975","post","type-post","status-publish","format-standard","hentry","category-la-vie-ouvriere-n12-20-mars-1910"],"authors":[{"term_id":540,"user_id":1,"is_guest":0,"slug":"admin_3gikpwyf","display_name":"Vincent Dubuc","avatar_url":"https:\/\/secure.gravatar.com\/avatar\/d015720652c25fd2ced191ade86430094e1f288a17483713e3b34d26dea52507?s=96&d=mm&r=g","author_category":"","user_url":"https:\/\/la-presse-anarchiste.net","last_name":"Dubuc","first_name":"Vincent","job_title":"","description":""}],"_links":{"self":[{"href":"https:\/\/la-presse-anarchiste.net\/index.php\/wp-json\/wp\/v2\/posts\/3975","targetHints":{"allow":["GET"]}}],"collection":[{"href":"https:\/\/la-presse-anarchiste.net\/index.php\/wp-json\/wp\/v2\/posts"}],"about":[{"href":"https:\/\/la-presse-anarchiste.net\/index.php\/wp-json\/wp\/v2\/types\/post"}],"author":[{"embeddable":true,"href":"https:\/\/la-presse-anarchiste.net\/index.php\/wp-json\/wp\/v2\/users\/1"}],"replies":[{"embeddable":true,"href":"https:\/\/la-presse-anarchiste.net\/index.php\/wp-json\/wp\/v2\/comments?post=3975"}],"version-history":[{"count":0,"href":"https:\/\/la-presse-anarchiste.net\/index.php\/wp-json\/wp\/v2\/posts\/3975\/revisions"}],"wp:attachment":[{"href":"https:\/\/la-presse-anarchiste.net\/index.php\/wp-json\/wp\/v2\/media?parent=3975"}],"wp:term":[{"taxonomy":"category","embeddable":true,"href":"https:\/\/la-presse-anarchiste.net\/index.php\/wp-json\/wp\/v2\/categories?post=3975"},{"taxonomy":"post_tag","embeddable":true,"href":"https:\/\/la-presse-anarchiste.net\/index.php\/wp-json\/wp\/v2\/tags?post=3975"},{"taxonomy":"author","embeddable":true,"href":"https:\/\/la-presse-anarchiste.net\/index.php\/wp-json\/wp\/v2\/ppma_author?post=3975"}],"curies":[{"name":"wp","href":"https:\/\/api.w.org\/{rel}","templated":true}]}}