{"id":3977,"date":"2019-06-13T22:58:44","date_gmt":"2019-06-13T22:58:44","guid":{"rendered":"https:\/\/la-presse-anarchiste.net\/index.php\/2019\/06\/13\/a-travers-les-livres-13\/"},"modified":"2019-06-13T22:58:44","modified_gmt":"2019-06-13T22:58:44","slug":"a-travers-les-livres-13","status":"publish","type":"post","link":"https:\/\/la-presse-anarchiste.net\/index.php\/2019\/06\/13\/a-travers-les-livres-13\/","title":{"rendered":"\u00c0 travers les livres"},"content":{"rendered":"<div class=\"pdfprnt-buttons pdfprnt-buttons-post pdfprnt-top-right\"><a href=\"https:\/\/la-presse-anarchiste.net\/index.php\/wp-json\/wp\/v2\/posts\/3977?print=pdf\" class=\"pdfprnt-button pdfprnt-button-pdf\" target=\"_blank\"><img decoding=\"async\" src=\"https:\/\/la-presse-anarchiste.net\/wp-content\/plugins\/pdf-print\/images\/pdf.png\" alt=\"image_pdf\" title=\"Afficher le PDF\"><\/a><a href=\"https:\/\/la-presse-anarchiste.net\/index.php\/wp-json\/wp\/v2\/posts\/3977?print=print\" class=\"pdfprnt-button pdfprnt-button-print\" target=\"_blank\"><img decoding=\"async\" src=\"https:\/\/la-presse-anarchiste.net\/wp-content\/plugins\/pdf-print\/images\/print.png\" alt=\"image_print\" title=\"Contenu imprim\u00e9\"><\/a><\/div><div align=\"justify\">\n<div style=\"text-indent: 1cm\">\n<p><b>His\u00adtoire anec\u00addo\u00adtique du Tra\u00advail<\/b>, par <sc>Albert Tho\u00admas<\/sc>. Prix&nbsp;: 1&nbsp;fr.&nbsp;80. \u00ab&nbsp;Biblio\u00adth\u00e8que d\u2019\u00c9ducation&nbsp;\u00bb.<\/p>\n<p>S\u2019il est un ensei\u00adgne\u00adment qui, entre tous, m\u00e9rite d\u2019\u00eatre cri\u00adti\u00adqu\u00e9, c\u2019est, assu\u00adr\u00e9\u00adment, celui de l\u2019histoire. La chose est fatale. Par\u00adtir de ce prin\u00adcipe qui gui\u00adda uni\u00adque\u00adment les cr\u00e9a\u00adteurs de l\u2019enseignement pri\u00admaire et a tou\u00adjours cours dans les sph\u00e8res offi\u00adcielles, que l\u2019\u00e9cole doit, sur\u00adtout et avant tout, for\u00admer des citoyens d\u2019une cra\u00adtie d\u00e9ter\u00admi\u00adn\u00e9e, pr\u00e9\u00adpa\u00adrer des \u00e9lec\u00adteurs, c\u2019est assi\u00adgner d\u2019avance \u00e0 l\u2019histoire un carac\u00adt\u00e8re net\u00adte\u00adment, ten\u00addan\u00adcieux, volon\u00adtai\u00adre\u00adment par\u00adtial, scan\u00adda\u00adleu\u00adse\u00adment syst\u00e9matique.<\/p>\n<p>Aus\u00adsi bien n\u2019avons-nous pas \u00e0 remon\u00adter bien loin dans nos sou\u00adve\u00adnirs pour nous rem\u00e9\u00admo\u00adrer les pitoyables manuels en usage dans la tota\u00adli\u00adt\u00e9 des \u00e9coles publiques. Revan\u00adchards (c\u2019\u00e9tait, le ma\u00eetre d\u2019\u00e9cole alle\u00admand qui nous avait bat\u00adtus en 1870\u200a\u2013\u200a71), tein\u00adt\u00e9s d\u2019un cl\u00e9\u00adri\u00adca\u00adlisme \u00e0 peine d\u00e9gui\u00ads\u00e9 (l\u2019\u00e9tat la\u00efque n\u2019avait pas encore r\u00e9us\u00adsi \u00e0 tom\u00adber sa rivale) ils n\u2019apportaient, qu\u2019une nomen\u00adcla\u00adture s\u00e8che et rapide des fastes des rois, diri\u00adgeants et guer\u00adriers, qu\u2019une chro\u00adno\u00adlo\u00adgie ennuyeuse. Le peuple \u00e9tait absent. Des mani\u00adfes\u00adta\u00adtions de la vie interne des grou\u00adpe\u00adments, du tra\u00advail et de la vie humaine, aucune trace.<\/p>\n<p>\u00c0 la v\u00e9ri\u00adt\u00e9, \u00e0 peu pr\u00e8s par\u00adtout, depuis une dizaine d\u2019ann\u00e9es ces manuels ont dis\u00adpa\u00adru, pour faire place \u00e0 de plus modernes, ou ont \u00e9t\u00e9 refon\u00addus. Sous l\u2019influence des id\u00e9es syn\u00addi\u00adca\u00adlistes qui se sont plus ou moins infil\u00adtr\u00e9es dans les milieux pri\u00admaires, l\u2019allure g\u00e9n\u00e9\u00adrale de l\u2019enseignement de l\u2019histoire s\u2019est modi\u00adfi\u00e9. Moins d\u2019histoire-dynastique, moins d\u2019histoire-bataille&nbsp;; un peu plus d\u2019histoire-populaire, d\u2019histoire-civilisation. Sur le ter\u00adrain r\u00e9ser\u00adv\u00e9 aux princes, une par\u00adcelle est pr\u00e9\u00adle\u00adv\u00e9e, conc\u00e9\u00add\u00e9e en toute pro\u00adpri\u00e9\u00adt\u00e9 \u00e0 Jacques Bon\u00adhomme et Jean Lou\u00advrier. Les \u00e9co\u00adliers n\u2019ignorent plus tout \u00e0 fait que des pay\u00adsans et des ouvriers ont tra\u00advaill\u00e9, souf\u00adfert, pei\u00adn\u00e9, au cours des si\u00e8cles, tan\u00addis que s\u2019agitaient \u00e0 tra\u00advers la fum\u00e9e ou l\u2019\u00e9clat des lustres, capi\u00adtaines et dirigeants.<\/p>\n<p>Un peu d\u2019air res\u00adpi\u00adrable \u2013 encore peu \u2013 est venu se m\u00ealer \u00e0 l\u2019air vici\u00e9. Encore faut-il que la dose ne soit pas d\u00e9pas\u00ads\u00e9e. L\u2019histoire doit demeu\u00adrer le cat\u00e9\u00adchisme offi\u00adciel de la d\u00e9mo\u00adcra\u00adtie paci\u00adfique, amante du pro\u00adgr\u00e8s, pen\u00adch\u00e9e sur les humbles et les tra\u00advailleurs. Trop d\u2019impartialit\u00e9 ne peut \u00eatre de mise. \u00c0 preuve, la m\u00e9sa\u00adven\u00adture arri\u00adv\u00e9e aux excel\u00adlents petits livres de Gus\u00adtave&nbsp;Herv\u00e9.<\/p>\n<p>Quoi qu\u2019il en soit, en d\u00e9pit de pro\u00adgr\u00e8s cer\u00adtains, la vie \u00e9co\u00adno\u00admique des grou\u00adpe\u00adments, n\u2019a \u00e9t\u00e9 le plus sou\u00advent qu\u2019un acces\u00adsoire. L\u2019\u00e9volution dynas\u00adtique demeure le&nbsp;cadre.<\/p>\n<p>Avec le petit livre de Tho\u00admas, la vie des tra\u00advailleurs passe au pre\u00admier plan. Ou plu\u00adt\u00f4t, il ne s\u2019agit plus que d\u2019eux seuls. Ce n\u2019est pas \u00e0 pro\u00adpre\u00adment par\u00adler une \u00ab&nbsp;his\u00adtoire de France&nbsp;\u00bb qui nous est pr\u00e9\u00adsen\u00adt\u00e9e, mais exclu\u00adsi\u00adve\u00adment, celle du travail.<\/p>\n<p>L\u2019ouvrage comble ain\u00adsi une lacune regrettable.<\/p>\n<p>Mais, est-ce bien l\u00e0 un \u00ab&nbsp;manuel sco\u00adlaire&nbsp;\u00bb au sens propre du mot,&nbsp;? Assu\u00adr\u00e9\u00adment non. Bien. que l\u2019auteur ait son\u00adg\u00e9, sur\u00adtout, \u00e0 l\u2019\u00e9cole, puisque l\u2019\u00ab&nbsp;His\u00adtoire anec\u00addo\u00adtique du Tra\u00advail&nbsp;\u00bb fut publi\u00e9e d\u2019abord par frag\u00adments dans la \u00ab&nbsp;Revue de l\u2019Enseignement pri\u00admaire et pri\u00admaire sup\u00e9\u00adrieur&nbsp;\u00bb&nbsp;; bien que la pr\u00e9\u00adface s\u2019adresse visi\u00adble\u00adment aux ins\u00adti\u00adtu\u00adteurs, on ne retrouve pas, en feuille\u00adtant les pages, la forme ordi\u00adnaire, l\u2019allure g\u00e9n\u00e9\u00adrale, la dis\u00adpo\u00adsi\u00adtion, le ton qui sont les carac\u00adt\u00e9\u00adris\u00adtiques des ouvrages des\u00adti\u00adn\u00e9s aux \u00e9l\u00e8ves des \u00e9coles. Celui-ci n\u2019est pas conforme aux pro\u00adgrammes offi\u00adciels et ne conna\u00ee\u00adtra pas les encen\u00adse\u00adments admi\u00adnis\u00adtra\u00adtifs. Par l\u00e0, il se signale \u00e0 l\u2019attention des parents et des ins\u00adti\u00adtu\u00adteurs syndicalistes.<\/p>\n<p>\u00ab&nbsp;Nous avons pen\u00ads\u00e9, dit l\u2019auteur, que sous une forme his\u00adto\u00adrique, pure\u00adment, objec\u00adtive, il \u00e9tait pos\u00adsible de pro\u00adpo\u00adser \u00e0 l\u2019esprit des enfants un tableau-r\u00e9su\u00adm\u00e9 de l\u2019histoire des tra\u00advailleurs, et de les pr\u00e9\u00adpa\u00adrer ain\u00adsi \u00e0 exa\u00admi\u00adner avec s\u00e9rieux, avec impar\u00adtia\u00adli\u00adt\u00e9, tout cet ensemble de pro\u00adbl\u00e8mes que la vie d\u2019aujourd\u2019hui ne tarde jamais \u00e0 poser devant eux.&nbsp;\u00bb<\/p>\n<p>L\u2019examen des trente-six \u00ab&nbsp;Lec\u00adtures his\u00adto\u00adriques&nbsp;\u00bb (c\u2019est le sous-titre de l\u2019ouvrage) prouve que ce but, est rem\u00adpli. C\u2019est bien, en effet, le r\u00e9cit, agr\u00e9a\u00adble\u00adment illus\u00adtr\u00e9, des luttes, des esp\u00e9\u00adrances, comme aus\u00adsi des r\u00e9voltes du pro\u00adl\u00e9\u00adta\u00adriat labo\u00adrieux et exploi\u00adt\u00e9, se d\u00e9rou\u00adlant au cours des si\u00e8cles, \u00e0 tra\u00advers l\u2019antiquit\u00e9, le Moyen \u00c2ge, les r\u00e9gimes modernes et l\u2019actuelle d\u00e9mo\u00adcra\u00adtie bour\u00adgeoise, qui est offert au lecteur.<\/p>\n<p>On pour\u00adra trou\u00adver, peut-\u00eatre, que Tho\u00admas s\u2019est quelque peu attar\u00add\u00e9, dans les pre\u00admiers cha\u00adpitres, sur des \u00e2ges loin\u00adtains, des soci\u00e9\u00adt\u00e9s tota\u00adle\u00adment dif\u00adf\u00e9\u00adrentes de la n\u00f4tre&nbsp;; on pour\u00adra regret\u00adter que cer\u00adtains sujets de lec\u00adture n\u2019aient pas \u00e9t\u00e9 choi\u00adsis \u00e0 la place de ceux qui figurent dans l\u2019ouvrage, nul ne sau\u00adrait refu\u00adser \u00e0 l\u2019auteur le t\u00e9moi\u00adgnage de l\u2019honn\u00eatet\u00e9 his\u00adto\u00adrique et de louable impar\u00adtia\u00adli\u00adt\u00e9 qu\u2019il demande.<\/p>\n<p>Nous n\u2019avons point cou\u00adtume de faire de r\u00e9clame. Albert Tho\u00admas \u2013 on le sait \u2013 n\u2019est pas de nos amis. Nous n\u2019en sommes que plus \u00e0 l\u2019aise pour dire le bien que nous pen\u00adsons de son ouvrage et le recom\u00adman\u00adder aux ins\u00adti\u00adtu\u00adteurs qui y trou\u00adve\u00adront de pra\u00adtiques indi\u00adca\u00adtions pour vivi\u00adfier leur ensei\u00adgne\u00adment et l\u2019adapter aux aspi\u00adra\u00adtions et besoins de la classe pro\u00adduc\u00adtive, et, tout aus\u00adsi par\u00adti\u00adcu\u00adli\u00e8\u00adre\u00adment aux ado\u00adles\u00adcents des syn\u00addi\u00adcats ouvriers qui y pui\u00adse\u00adront, d\u2019excellentes le\u00e7ons de choses.<\/p>\n<p>Nous le recom\u00adman\u00addons d\u2019autant plus volon\u00adtiers, qu\u2019il appar\u00adtient \u00e0 un domaine o\u00f9 l\u2019on ne ren\u00adcontre trop sou\u00advent que niai\u00adse\u00adries ou mau\u00advaise&nbsp;foi.<\/p>\n<p>[\/\u200bJean <sc>Pie\u00adton<\/sc>\/\u200b]<\/p>\n<p>[|<b>*   *   *   *<\/b>|]<\/p>\n<p><b>La Ques\u00adtion des Soci\u00e9\u00adt\u00e9s de Cr\u00e9\u00addit<\/b>, par <sc>Jules Domergue<\/sc> \u2013 1 vol. de 124 pages. \u2013 Prix&nbsp;: 2 francs. \u00c9dit. Bauche.<\/p>\n<p>M.&nbsp;Domergue a r\u00e9uni en un volume les articles qu\u2019il avait publi\u00e9 dans la revue qu\u2019il dirige, <i>La R\u00e9forme \u00e9co\u00adno\u00admique<\/i>. Ces articles ne contiennent rien de nou\u00adveau. Ils ne sont que la r\u00e9p\u00e9\u00adti\u00adtion, avec la verve et la pas\u00adsion en moins, de ce qu\u2019avait dit Lysis dans <i>La Revue<\/i> et <i>La Grande revue<\/i>.<\/p>\n<p>On conna\u00eet l\u2019\u00e9tat de la ques\u00adtion&nbsp;: les petits ban\u00adquiers locaux sont obli\u00adg\u00e9s peu \u00e0 peu de dis\u00adpa\u00adra\u00eetre devant le d\u00e9ve\u00adlop\u00adpe\u00adment colos\u00adsal des grandes soci\u00e9\u00adt\u00e9s de cr\u00e9\u00addit, <i>Soci\u00e9\u00adt\u00e9 G\u00e9n\u00e9\u00adrale, Cr\u00e9\u00addit Lyon\u00adnais, Comp\u00adtoir d\u2019Escompte<\/i>, qui ont cr\u00e9\u00e9 des agences et des bureaux jusque dans les plus modestes chefs-lieux de can\u00adton. La <i>Soci\u00e9\u00adt\u00e9 G\u00e9n\u00e9\u00adrale&nbsp;\/\u200bi&gt; \u00e0 elle seule pos\u00ads\u00e8de 517 agences en province.<\/i><\/p>\n<p>Apr\u00e8s Lysis, Domergue estime que cette dis\u00adpa\u00adri\u00adtion des ban\u00adquiers locaux devant les \u00e9ta\u00adblis\u00adse\u00adments de cr\u00e9\u00addit a \u00e9t\u00e9 d\u00e9sas\u00adtreuse au point de vue \u00ab&nbsp;des int\u00e9\u00adr\u00eats de la pro\u00adduc\u00adtion natio\u00adnale&nbsp;\u00bb. Les soci\u00e9\u00adt\u00e9s de cr\u00e9\u00addit, en effet, au lieu de cher\u00adcher \u00e0 aider avec les \u00e9normes capi\u00adtaux qu\u2019elles ont en d\u00e9p\u00f4t les indus\u00adtriels et com\u00admer\u00ad\u00e7ants fran\u00ad\u00e7ais, n\u2019ont pour but que de drai\u00adner l\u2019\u00e9pargne fran\u00ad\u00e7aise vers les emprunts \u00e9tran\u00adgers, emprunts russes, japo\u00adnais, br\u00e9\u00adsi\u00adliens ou argentins.<\/p>\n<p>C\u2019est ain\u00adsi que la pro\u00adpor\u00adtion des valeurs fran\u00ad\u00e7aises \u00e9mises par les soci\u00e9\u00adt\u00e9s de cr\u00e9\u00addit en 1908 n\u2019a \u00e9t\u00e9 que de 5&nbsp;p.&nbsp;100, alors qu\u2019en cette m\u00eame ann\u00e9e, la pro\u00adpor\u00adtion des valeurs alle\u00admandes \u00e9mises par les banques alle\u00admandes \u00e9tait de 96,5&nbsp;p.&nbsp;100.<\/p>\n<p>M.&nbsp;Domergue attend le salut du Par\u00adle\u00adment et de la Banque de France. Le Par\u00adle\u00adment, pense-t-il, pour\u00adra enrayer le d\u00e9part de l\u2019argent fran\u00ad\u00e7ais vers l\u2019\u00e9tranger en votant une loi r\u00e9gle\u00admen\u00adtant les \u00e9mis\u00adsions&nbsp;; la Banque de France pour\u00adra redon\u00adner de la vie aux banques locales avec cer\u00adtaines modi\u00adfi\u00adca\u00adtions dans ses condi\u00adtions de r\u00e9escompte.<\/p>\n<p>L\u2019avantage du livre de M.&nbsp;Domergue, c\u2019est d\u2019avoir d\u00e9pouill\u00e9 la th\u00e8se des par\u00adti\u00adsans des banques locales de tout le brio qu\u2019y avait mis Lysis et d\u2019avoir ain\u00adsi mieux fait appa\u00adra\u00eetre son carac\u00adt\u00e8re arti\u00adfi\u00adciel et r\u00e9actionnaire.<\/p>\n<p>Les agences des \u00e9ta\u00adblis\u00adse\u00adments de cr\u00e9\u00addit ont tu\u00e9 et rem\u00adpla\u00adc\u00e9 les ban\u00adquiers locaux comme banques de d\u00e9p\u00f4t et d\u2019escompte dans les trois quarts de la France, comme les grands maga\u00adsins ont tu\u00e9 et rem\u00adpla\u00adc\u00e9 les petits bou\u00adti\u00adquiers, parce qu\u2019elles offraient \u00e0 la clien\u00adt\u00e8le des faci\u00adli\u00adt\u00e9s plus grandes et des condi\u00adtions plus avan\u00adta\u00adgeuses. Les \u00e9ta\u00adblis\u00adse\u00adments de cr\u00e9\u00addit dirigent l\u2019argent de l\u2019\u00e9pargne vers les fonds d\u2019\u00c9tat ou les grandes entre\u00adprises \u00e9tran\u00adg\u00e8res plu\u00adt\u00f4t  que vers l\u2019industrie natio\u00adnale, parce que la France est un pays peu indus\u00adtriel o\u00f9 la moyenne et la petite indus\u00adtrie qui y sont la r\u00e8gle n\u2019ont pas besoin du concours des banques pour obte\u00adnir les faibles capi\u00adtaux dont elles ont besoin. Les seules r\u00e9gions v\u00e9ri\u00adta\u00adble\u00adment indus\u00adtrielles de France, le Nord et l\u2019Est, \u2013 M.&nbsp;Domergue est obli\u00adg\u00e9 de le recon\u00adna\u00eetre \u2013 ont conser\u00adv\u00e9 leurs banques locales. C\u2019est parce que celles-ci y \u00e9taient n\u00e9cessaires.<\/p>\n<p>Cette grande que\u00adrelle entre les banques locales et les \u00e9ta\u00adblis\u00adse\u00adments de cr\u00e9\u00addit se r\u00e9gle\u00adra sans doute en fin de compte par la par\u00adti\u00adci\u00adpa\u00adtion des banques locales qui existent encore aux \u00e9mis\u00adsions des grands \u00e9ta\u00adblis\u00adse\u00adments. Lorsqu\u2019ils auront leur part du g\u00e2teau, les ban\u00adquiers de pro\u00advince ne trou\u00adve\u00adront plus mau\u00advais que l\u2019argent fran\u00ad\u00e7ais file en Rus\u00adsie ou en Am\u00e9\u00adrique du&nbsp;Sud.<\/p>\n<p>Au fond, que\u00adrelle de bou\u00adtique, et rien de&nbsp;plus.<\/p>\n<p>[\/\u200bR. <sc>Lou\u00adzon<\/sc>\/\u200b]<\/p>\n<p><b>Hygi\u00e8ne de la Femme et de la Jeune Fille<\/b>, par le Doc\u00adteur <sc>Marthe Fran\u00adcil\u00adlon-Lobre<\/sc> (Col\u00adlec\u00adtion d\u2019Hygi\u00e8ne pra\u00adtique et fami\u00adliale). \u2013 Prix&nbsp;: 2.&nbsp;fr.&nbsp;50. Lib. Delagrave.<\/p>\n<p>M<sup>me<\/sup> le Doc\u00adteur Fran\u00adcil\u00adlon-Lobre s\u2019est don\u00adn\u00e9 pour but, dans ce livre, \u00ab&nbsp;de grou\u00adper aus\u00adsi sim\u00adple\u00adment que pos\u00adsible, les connais\u00adsances n\u00e9ces\u00adsaires \u00e0 la femme en mati\u00e8re d\u2019hygi\u00e8ne&nbsp;\u00bb.<\/p>\n<p>A\u2011t-elle atteint son but&nbsp;? Pas com\u00adpl\u00e8\u00adte\u00adment, \u00e0 mon avis, mais en grande par\u00adtie. Le livre est int\u00e9\u00adres\u00adsant, et la seule cri\u00adtique qu\u2019on puisse lui adres\u00adser est d\u2019\u00eatre \u00e0 la fois trop com\u00adplet et par endroits trop incom\u00adplet. Trop com\u00adplet parce qu\u2019il ne traite pas seule\u00adment d\u2019hygi\u00e8ne, mais de patho\u00adlo\u00adgie. Ce qui est inutile et quel\u00adque\u00adfois dan\u00adge\u00adreux. Je ne vois pas tr\u00e8s bien, par exemple, ce que viennent faire l\u00e0 ces cha\u00adpitres sur l\u2019art\u00e9rioscl\u00e9rose, l\u2019albuminurie, la gly\u00adco\u00adsu\u00adrie, la chlo\u00adrose, les pal\u00adpi\u00adta\u00adtions, la neu\u00adras\u00adth\u00e9\u00adnie, les affec\u00adtions des organes g\u00e9ni\u00adtaux&nbsp;: sal\u00adpin\u00adgites, tumeurs ut\u00e9\u00adrines, affec\u00adtions ner\u00adveuses, \u00e9pi\u00adlep\u00adsie, etc. Tout cela est du res\u00adsort m\u00e9di\u00adcal et ne s\u2019apprend pas dans les livres. La m\u00e9de\u00adcine est une science tech\u00adnique plus que livresque. Le livre, les for\u00admules toutes faites, les for\u00admules de drogues prises \u00e7\u00e0 et l\u00e0 peuvent \u00eatre tr\u00e8s nui\u00adsibles, et telle pom\u00admade que donne M<sup>me<\/sup>&nbsp;Fran\u00adcil\u00adlon pour l\u2019ecz\u00e9ma peut tr\u00e8s bien occa\u00adsion\u00adner chez cer\u00adtains malades une \u00e9rup\u00adtion&nbsp;grave.<\/p>\n<p>L\u2019Hygi\u00e8ne appli\u00adqu\u00e9e \u00e0 la th\u00e9\u00adra\u00adpeu\u00adtique ne peut \u00eatre appli\u00adqu\u00e9e que par le m\u00e9decin.<\/p>\n<p>Le livre est par contre incom\u00adplet dans toute la par\u00adtie la plus impor\u00adtante, \u00e0 mon avis, et qui concerne l\u2019hygi\u00e8ne de l\u2019individu sain. Et je trouve trop brefs les cha\u00adpitres qui ont trait pr\u00e9\u00adci\u00ads\u00e9\u00adment \u00e0 l\u2019art de conser\u00adver la san\u00adt\u00e9. Le cha\u00adpitre sur l\u2019hygi\u00e8ne de l\u2019habitation contient cinq pages&nbsp;; cinq pages aus\u00adsi sont consa\u00adcr\u00e9s \u00e0 l\u2019hygi\u00e8ne du v\u00eate\u00adment&nbsp;; trois pages \u00e0 la gym\u00adnas\u00adtique, aux sports.<\/p>\n<p>C\u2019est \u00e9vi\u00addem\u00adment&nbsp;peu.<\/p>\n<p>Le livre vaut cepen\u00addant d\u2019\u00eatre lu. Il est d\u2019abord facile \u00e0 lire, bien \u00e9crit, le for\u00admat tr\u00e8s pra\u00adtique (il peut tenir dans la poche tr\u00e8s faci\u00adle\u00adment) et cer\u00adtains cha\u00adpitres en sont excel\u00adlents, ceux, par exemple, qui ont trait \u00e0 l\u2019hygi\u00e8ne de la puber\u00adt\u00e9, \u00e0 l\u2019hygi\u00e8ne des organes g\u00e9ni\u00adtaux, \u00e0 la pro\u00adpre\u00adt\u00e9 corporelle.<\/p>\n<p>Quant \u00e0 la femme et \u00e0 la jeune fille, pour les\u00adquelles \u00e9crit l\u2019auteur, elles vivent, bien enten\u00addu, dans le confort. Elles ont le temps et les moyens d\u2019appliquer les prin\u00adcipes de l\u2019hygi\u00e8ne. <\/p>\n<p>\u00c0 ce point de vue encore, le livre de M<sup>me<\/sup>&nbsp;Fran\u00adcil\u00adlon com\u00adporte un ensei\u00adgne\u00adment utile pour nos camarades.<\/p>\n<p>[\/\u200bR. <sc>Lafon\u00adtaine<\/sc>\/\u200b]<\/p>\n<p><b>Syn\u00addi\u00adcats et Ser\u00advices publics<\/b>, par <sc>Maxime Leroy<\/sc>. \u2013 1 vol. in-18, 3&nbsp;fr.&nbsp;50. Ed. Armand Colin.<\/p>\n<p>M.&nbsp;Maxime Leroy n\u2019est pas un juriste ordi\u00adnaire. Il ne croit pas \u00e0 la toute-puis\u00adsance de la Loi. S\u2019il exa\u00admine un mou\u00adve\u00adment social, il ne se contente pas d\u2019une ex\u00e9\u00adg\u00e8se plus ou moins savante du Code et de la juris\u00adpru\u00addence, pour ten\u00adter de rame\u00adner de force les mani\u00adfes\u00adta\u00adtions nou\u00advelles dans le cadre des r\u00e8gles \u00e9crites&nbsp;; il \u00e9tu\u00addie les faits eux-m\u00eames et recherche dans quelle mesure ils tendent jus\u00adte\u00adment \u00e0 modi\u00adfier les rap\u00adports juri\u00addiques existants.<\/p>\n<p>J\u2019imagine qu\u2019l doit pas\u00adser pour h\u00e9r\u00e9\u00adtique \u00e0 l\u2019\u00c9cole. Chose plus int\u00e9\u00adres\u00adsante encore&nbsp;; il est un des juristes qui ont com\u00adpris quelque chose au syn\u00addi\u00adca\u00adlisme et aux valeurs nou\u00advelles qu\u2019il d\u00e9ve\u00adloppe, et ceux-l\u00e0 ne sont pas nom\u00adbreux&nbsp;; quand, avec lui, on a cit\u00e9, le pro\u00adfes\u00adseur Duguit, auteur du livre <i>Le Droit social, le Droit indi\u00advi\u00adduel et la Trans\u00adfor\u00adma\u00adtion de l\u2019\u00c9tat<\/i>, et M.&nbsp;Wer\u00adthei\u00admer, qui pr\u00e9\u00adsen\u00adta \u00e0 Mont\u00adpel\u00adlier une th\u00e8se har\u00addie sur les syn\u00addi\u00adcats de fonc\u00adtion\u00adnaires, la liste est \u00e0 peu pr\u00e8s close. Je dirai m\u00eame volon\u00adtiers que, de ces quelques-uns, M.&nbsp;Leroy est le meilleur, car il a \u00e9tu\u00addi\u00e9 l\u2019action syn\u00addi\u00adca\u00adliste avec une sym\u00adpa\u00adthie plus proche et une intui\u00adtion plus p\u00e9n\u00e9trante.<\/p>\n<p>D\u00e9j\u00e0, il nous avait don\u00adn\u00e9 une excel\u00adlente \u00e9tude sur <i>Les Trans\u00adfor\u00adma\u00adtions de la puis\u00adsance publique<\/i> (Giard et Bri\u00e8re, 1907) dans laquelle il s\u2019effor\u00e7ait de d\u00e9fi\u00adnir les modi\u00adfi\u00adca\u00adtions qu\u2019apporte \u00e0 la concep\u00adtion tra\u00addi\u00adtion\u00adnelle de l\u2019\u00c9tat l\u2019action des fonc\u00adtion\u00adnaires asso\u00adci\u00e9s ou syn\u00addi\u00adqu\u00e9s, et les graves pro\u00adbl\u00e8mes sociaux que sou\u00adl\u00e8ve l\u2019antagonisme nais\u00adsant de la puis\u00adsance poli\u00adtique et de l\u2019int\u00e9r\u00eat professionnel.<\/p>\n<p>Son nou\u00advel ouvrage cherche \u00e0 rap\u00adpro\u00adcher le syn\u00addi\u00adca\u00adlisme des ouvriers de l\u2019industrie et celui des employ\u00e9s des ser\u00advices publics. Il com\u00adprend deux par\u00adties assez dis\u00adtinctes&nbsp;: dans la pre\u00admi\u00e8re, M.&nbsp;Leroy fait l\u2019historique de l\u2019organisation ouvri\u00e8re jusqu\u2019\u00e0 la C.G.T., avec une docu\u00admen\u00adta\u00adtion g\u00e9n\u00e9\u00adra\u00adle\u00adment s\u00fbre&nbsp;; puis il exa\u00admine les lois sur les syn\u00addi\u00adcats, les pro\u00adjets de Bar\u00adthou et de Mil\u00adle\u00adrand qui, sous le pr\u00e9\u00adtexte sp\u00e9\u00adcieux d\u2019\u00e9tendre le droit, syn\u00addi\u00adcal, sont une ten\u00adta\u00adtive nette d\u2019\u00e9tranglement que l\u2019on d\u00e9guise \u00e0&nbsp;peine.<br>\n 1<br>\nMais cette par\u00adtie, mal\u00adgr\u00e9 sa valeur, n\u2019est pas la plus ori\u00adgi\u00adnale ni la plus int\u00e9\u00adres\u00adsante du livre. M.&nbsp;Leroy, qui d\u00e9fend depuis long\u00adtemps le droit syn\u00addi\u00adcal des sala\u00adri\u00e9s de l\u2019\u00c9tat et consi\u00add\u00e8re leur action comme une \u00ab&nbsp;exp\u00e9\u00adrience sociale immense&nbsp;\u00bb \u00e9tu\u00addie \u00ab&nbsp;la crise des ser\u00advices publics&nbsp;\u00bb et les asso\u00adcia\u00adtions de fonctionnaires.<\/p>\n<p>Cette \u00ab&nbsp;exp\u00e9\u00adrience sociale&nbsp;\u00bb, bien qu\u2019elle ait d\u00e9j\u00e0 four\u00adni mati\u00e8re \u00e0 une lit\u00adt\u00e9\u00adra\u00adture consi\u00add\u00e9\u00adrable. a \u00e9t\u00e9 sou\u00advent incom\u00adprise et les termes du pro\u00adbl\u00e8me ont \u00e9t\u00e9 presque tou\u00adjours mal pos\u00e9s. Les poli\u00adti\u00adciens, les d\u00e9fen\u00adseurs de l\u2019ordre, les par\u00adti\u00adsans de l\u2019\u00c9tat tra\u00addi\u00adtion\u00adnel \u2013 et aus\u00adsi cer\u00adtains r\u00e9vo\u00adlu\u00adtion\u00adnaires \u2013 en ont fait un simple mou\u00adve\u00adment de r\u00e9volte, sans bases posi\u00adtives et sans rai\u00adsons propres&nbsp;; solu\u00adtion sim\u00adpliste qui nie la ques\u00adtion pour n\u2019y pas r\u00e9pondre. En r\u00e9a\u00adli\u00adt\u00e9, le mou\u00adve\u00adment des fonc\u00adtion\u00adnaires a des causes pro\u00adfondes que M.&nbsp;Leroy expose de nouveau.<\/p>\n<p>Le d\u00e9sir d\u2019organisation qui se mani\u00adfeste chez les fonc\u00adtion\u00adnaires est n\u00e9 de l\u2019\u00e9tat d\u00e9f\u00e9c\u00adtueux des ser\u00advices publics et de la suj\u00e9\u00adtion o\u00f9 sont tenus les employ\u00e9s.<\/p>\n<p>\u00c0 la base, le favo\u00adri\u00adtisme, en haut, l\u2019incomp\u00e9tence&nbsp;; nulle r\u00e8gle pr\u00e9\u00adcise, d\u00e9fi\u00adnie, mais des r\u00e8gle\u00adments contra\u00addic\u00adtoires, inces\u00adsam\u00adment rema\u00adni\u00e9s sui\u00advant le bon plai\u00adsir des ma\u00eetres, qui per\u00admettent tous les passe-droits, laisse place \u00e0 tous les \u00e9chap\u00adpa\u00adtoires&nbsp;; l\u2019immixtion de la poli\u00adtique dans l\u2019administration&nbsp;; les gou\u00adver\u00adnants et les par\u00adle\u00admen\u00adtaires consi\u00add\u00e9\u00adrant les ser\u00advices publics comme leur chose et s\u2019en ser\u00advant pour leurs int\u00e9\u00adr\u00eats par\u00adti\u00adcu\u00adliers contre les int\u00e9\u00adr\u00eats g\u00e9n\u00e9\u00adraux que ces ser\u00advices doivent satis\u00adfaire&nbsp;; aucune garan\u00adtie pour les fonc\u00adtion\u00adnaires qui sont, \u00e0 tous les moments de leur car\u00adri\u00e8re, \u00e0 la mer\u00adci des gens qui d\u00e9tiennent le pou\u00advoir&nbsp;; voi\u00adl\u00e0 les carac\u00adt\u00e9\u00adris\u00adtiques essen\u00adtielles de notre sys\u00adt\u00e8me administratif.<\/p>\n<p>Pri\u00adv\u00e9s de tous droits, sou\u00admis tous les caprices des diri\u00adgeants, les employ\u00e9s s\u2019unissent pour for\u00admu\u00adler en com\u00admun leurs reven\u00addi\u00adca\u00adtions et d\u00e9fendre leurs int\u00e9\u00adr\u00eats. M.&nbsp;Leroy dit tr\u00e8s net\u00adte\u00adment et expose avec beau\u00adcoup de force les causes de ce mouvement.<\/p>\n<p>Les asso\u00adcia\u00adtions de fonc\u00adtion\u00adnaires, quoique jeunes, ont une his\u00adtoire bien rem\u00adplie. D\u2019abord pros\u00adcrites (de 1885 \u00e0 1900) par tous les minis\u00adt\u00e8res qui se suc\u00adc\u00e9\u00addaient, tol\u00e9\u00adr\u00e9es ensuite, favo\u00adri\u00ads\u00e9es par les par\u00adle\u00admen\u00adtaires de gauche en m\u00eame temps que ceux-ci cher\u00adchaient \u00e0 s\u2019annexer les syn\u00addi\u00adcats ouvriers, elles se sont heur\u00adt\u00e9es \u00e0 l\u2019hostilit\u00e9 du pou\u00advoir lorsque leurs membres ont vou\u00adlu les trans\u00adfor\u00admer en syn\u00addi\u00adcats et se rendre ind\u00e9\u00adpen\u00addants des politiciens.<\/p>\n<p>Il serait trop long de suivre pas \u00e0 pas l\u2019\u00e9tude que M.&nbsp;Leroy consacre \u00e0 la ques\u00adtion du droit syn\u00addi\u00adcal, que les employ\u00e9s de l\u2019\u00c9tat reven\u00addiquent, dont cer\u00adtains se sont empa\u00adr\u00e9s, mal\u00adgr\u00e9 l\u2019opposition des gou\u00adver\u00adnants et de la jus\u00adtice. On en trou\u00adve\u00adra l\u2019expos\u00e9 tr\u00e8s com\u00adplet dans son livre&nbsp;; on ver\u00adra com\u00adment les ministres, apr\u00e8s avoir refu\u00ads\u00e9 tout droit d\u2019association aux sala\u00adri\u00e9s admi\u00adnis\u00adtra\u00adtifs, ont d\u00fb leur accor\u00adder le b\u00e9n\u00e9\u00adfice de la loi de 1901 et m\u00eame se r\u00e9si\u00adgner ensuite \u00e0 tol\u00e9\u00adrer des syn\u00addi\u00adcats qu\u2019ils d\u00e9clarent ill\u00e9\u00adgaux. On lira l\u2019histoire et l\u2019examen des dif\u00adf\u00e9\u00adrents pro\u00adjets de sta\u00adtut des fonctionnaires.<\/p>\n<p>M.&nbsp;Leroy n\u2019a pas de peine \u00e0 d\u00e9mon\u00adtrer que ces asso\u00adcia\u00adtions se pro\u00adposent un but tr\u00e8s \u00e9le\u00adv\u00e9&nbsp;: les fonc\u00adtion\u00adnaires veulent par\u00adti\u00adci\u00adper \u00e0 la ges\u00adtion des ser\u00advices publics&nbsp;; leur id\u00e9al est l\u2019organisation de ces ser\u00advices par les pro\u00adfes\u00adsion\u00adnels eux-m\u00eames en dehors de toute ing\u00e9\u00adrence poli\u00adtique. Voi\u00adl\u00e0 pr\u00e9\u00adci\u00ads\u00e9\u00adment o\u00f9 l\u2019\u00ab&nbsp;exp\u00e9\u00adrience sociale&nbsp;\u00bb \u00e0 laquelle nous assis\u00adtons devient grosse de cons\u00e9\u00adquences. Elle se heurte de front \u00e0 l\u2019\u00c9tat, tel que l\u2019ont consti\u00adtu\u00e9 l\u2019ancien r\u00e9gime et la R\u00e9vo\u00adlu\u00adtion&nbsp;; elles attaquent l\u2019h\u00e9g\u00e9monie des poli\u00adti\u00adciens&nbsp;; \u00e0 leur puis\u00adsance, elle tend \u00e0 sub\u00adsti\u00adtuer l\u2019organisation des pro\u00adduc\u00adteurs. C\u2019est tout un bou\u00adle\u00adver\u00adse\u00adment du droit public qui menace les d\u00e9ten\u00adteurs du pouvoir.<\/p>\n<p>M.&nbsp;Leroy, en jux\u00adta\u00adpo\u00adsant, dans le m\u00eame volume le syn\u00addi\u00adca\u00adlisme des ouvriers et le syn\u00addi\u00adca\u00adlisme des fonc\u00adtion\u00adnaires, a cer\u00adtai\u00adne\u00adment vou\u00adlu mar\u00adquer que ces deux mou\u00adve\u00adments ont des rap\u00adports \u00e9troits. L\u2019an der\u00adnier, en quelques occa\u00adsions, nous avons vu, en effet, les sala\u00adri\u00e9s de l\u2019\u00c9tat et les sala\u00adri\u00e9s de l\u2019industrie se don\u00adner la main et com\u00adbattre ensemble. \u00c0 ce rap\u00adpro\u00adche\u00adment, il y a d\u2019autres rai\u00adsons qu\u2019un id\u00e9a\u00adlisme pas\u00adsa\u00adger. Il ne faut pas oublier, d\u2019abord, le r\u00f4le qu\u2019ont jou\u00e9 chez les tra\u00advailleurs des ser\u00advices publics l\u2019esprit r\u00e9vo\u00adlu\u00adtion\u00adnaire, et sur\u00adtout l\u2019exemple du syn\u00addi\u00adca\u00adlisme ouvrier et de ses r\u00e9sul\u00adtats. Cet exemple du pro\u00adl\u00e9\u00adta\u00adriat indus\u00adtriel a une influence \u00e9norme&nbsp;: c\u2019est cer\u00adtai\u00adne\u00adment \u00e0 lui que les asso\u00adcia\u00adtions \u2013 du moins les plus \u00e9ner\u00adgiques d\u2019entre elles \u2013 doivent de s\u2019\u00eatre d\u00e9bar\u00adras\u00ads\u00e9es du patro\u00adnage des poli\u00adti\u00adciens de gauche. Mais cela ne suf\u00adfit pas \u00e0 expli\u00adquer pour\u00adquoi, apr\u00e8s s\u2019\u00eatre mon\u00adtr\u00e9s \u00e9tran\u00adgers ou m\u00eame hos\u00adtiles aux fonc\u00adtion\u00adnaires, les syn\u00addi\u00adcats ouvriers les ont appe\u00adl\u00e9s \u00e0 eux et s\u2019en rap\u00adprochent tous les jours davan\u00adtage, mal\u00adgr\u00e9 les dif\u00adf\u00e9\u00adrences tr\u00e8s r\u00e9elles des condi\u00adtions. M.&nbsp;Leroy indique \u00e0 peine la rai\u00adson&nbsp;: la bataille com\u00admune contre l\u2019\u00c9tat, la sub\u00adsti\u00adtu\u00adtion de l\u2019int\u00e9r\u00eat pro\u00adfes\u00adsion\u00adnel g\u00e9n\u00e9\u00adral aux int\u00e9\u00adr\u00eats poli\u00adtiques, la lutte pour les droits du pro\u00adduc\u00adteur, c\u2019est-\u00e0-dire la base m\u00eame du grand mou\u00adve\u00adment syn\u00addi\u00adca\u00adliste qui tend \u00e0 r\u00e9vo\u00adlu\u00adtion\u00adner l\u2019organisation sociale.<\/p>\n<p>L\u2019\u00e9tude de ces rap\u00adports reste \u00e0 faire. Le livre de M.&nbsp;Leroy \u2013 un livre excellent et utile \u2013 y aurait gagn\u00e9 d\u2019\u00eatre plus homo\u00adg\u00e8ne et plus complet.<\/p>\n<p>[\/\u200b<sc>Har\u00admel<\/sc>\/\u200b].<\/p>\n<\/div>\n<\/div>\n","protected":false},"excerpt":{"rendered":"<p>His\u00adtoire anec\u00addo\u00adtique du Tra\u00advail, par Albert Tho\u00admas. Prix&nbsp;: 1&nbsp;fr.&nbsp;80. \u00ab&nbsp;Biblio\u00adth\u00e8que d\u2019\u00c9ducation&nbsp;\u00bb. S\u2019il est un ensei\u00adgne\u00adment qui, entre tous, m\u00e9rite d\u2019\u00eatre cri\u00adti\u00adqu\u00e9, c\u2019est, assu\u00adr\u00e9\u00adment, celui de l\u2019histoire. La chose est fatale. Par\u00adtir de ce prin\u00adcipe qui gui\u00adda uni\u00adque\u00adment les cr\u00e9a\u00adteurs de l\u2019enseignement pri\u00admaire et a tou\u00adjours cours dans les sph\u00e8res offi\u00adcielles, que l\u2019\u00e9cole doit, sur\u00adtout&nbsp;et&nbsp;[\u2026]<\/p>\n","protected":false},"author":1,"featured_media":0,"comment_status":"closed","ping_status":"closed","sticky":false,"template":"","format":"standard","meta":{"wp_typography_post_enhancements_disabled":false,"footnotes":""},"categories":[490],"tags":[],"ppma_author":[540],"class_list":["post-3977","post","type-post","status-publish","format-standard","hentry","category-la-vie-ouvriere-n12-20-mars-1910"],"authors":[{"term_id":540,"user_id":1,"is_guest":0,"slug":"admin_3gikpwyf","display_name":"Vincent Dubuc","avatar_url":"https:\/\/secure.gravatar.com\/avatar\/d015720652c25fd2ced191ade86430094e1f288a17483713e3b34d26dea52507?s=96&d=mm&r=g","author_category":"","user_url":"https:\/\/la-presse-anarchiste.net","last_name":"Dubuc","first_name":"Vincent","job_title":"","description":""}],"_links":{"self":[{"href":"https:\/\/la-presse-anarchiste.net\/index.php\/wp-json\/wp\/v2\/posts\/3977","targetHints":{"allow":["GET"]}}],"collection":[{"href":"https:\/\/la-presse-anarchiste.net\/index.php\/wp-json\/wp\/v2\/posts"}],"about":[{"href":"https:\/\/la-presse-anarchiste.net\/index.php\/wp-json\/wp\/v2\/types\/post"}],"author":[{"embeddable":true,"href":"https:\/\/la-presse-anarchiste.net\/index.php\/wp-json\/wp\/v2\/users\/1"}],"replies":[{"embeddable":true,"href":"https:\/\/la-presse-anarchiste.net\/index.php\/wp-json\/wp\/v2\/comments?post=3977"}],"version-history":[{"count":0,"href":"https:\/\/la-presse-anarchiste.net\/index.php\/wp-json\/wp\/v2\/posts\/3977\/revisions"}],"wp:attachment":[{"href":"https:\/\/la-presse-anarchiste.net\/index.php\/wp-json\/wp\/v2\/media?parent=3977"}],"wp:term":[{"taxonomy":"category","embeddable":true,"href":"https:\/\/la-presse-anarchiste.net\/index.php\/wp-json\/wp\/v2\/categories?post=3977"},{"taxonomy":"post_tag","embeddable":true,"href":"https:\/\/la-presse-anarchiste.net\/index.php\/wp-json\/wp\/v2\/tags?post=3977"},{"taxonomy":"author","embeddable":true,"href":"https:\/\/la-presse-anarchiste.net\/index.php\/wp-json\/wp\/v2\/ppma_author?post=3977"}],"curies":[{"name":"wp","href":"https:\/\/api.w.org\/{rel}","templated":true}]}}