{"id":3979,"date":"2019-06-13T22:58:52","date_gmt":"2019-06-13T22:58:52","guid":{"rendered":"https:\/\/la-presse-anarchiste.net\/index.php\/2019\/06\/13\/la-quinzaine-sociale-11\/"},"modified":"2019-06-13T22:58:52","modified_gmt":"2019-06-13T22:58:52","slug":"la-quinzaine-sociale-11","status":"publish","type":"post","link":"https:\/\/la-presse-anarchiste.net\/index.php\/2019\/06\/13\/la-quinzaine-sociale-11\/","title":{"rendered":"La quinzaine sociale"},"content":{"rendered":"<div class=\"pdfprnt-buttons pdfprnt-buttons-post pdfprnt-top-right\"><a href=\"https:\/\/la-presse-anarchiste.net\/index.php\/wp-json\/wp\/v2\/posts\/3979?print=pdf\" class=\"pdfprnt-button pdfprnt-button-pdf\" target=\"_blank\"><img decoding=\"async\" src=\"https:\/\/la-presse-anarchiste.net\/wp-content\/plugins\/pdf-print\/images\/pdf.png\" alt=\"image_pdf\" title=\"Afficher le PDF\"><\/a><a href=\"https:\/\/la-presse-anarchiste.net\/index.php\/wp-json\/wp\/v2\/posts\/3979?print=print\" class=\"pdfprnt-button pdfprnt-button-print\" target=\"_blank\"><img decoding=\"async\" src=\"https:\/\/la-presse-anarchiste.net\/wp-content\/plugins\/pdf-print\/images\/print.png\" alt=\"image_print\" title=\"Contenu imprim\u00e9\"><\/a><\/div><div align=\"justify\">\n<div style=\"text-indent: 1cm\">\n<h4>\u00c0 propos des retraites ouvri\u00e8res<\/h4>\n<p>L\u2019<i>Huma\u00adni\u00adt\u00e9<\/i> a beau se dire \u00ab&nbsp;organe de la classe ouvri\u00e8re&nbsp;\u00bb, elle n\u2019est que l\u2019organe du groupe par\u00adle\u00admen\u00adtaire socia\u00adliste. Elle n\u2019est que&nbsp;cela.<\/p>\n<p>\u00c0 chaque fois que l\u2019int\u00e9r\u00eat des par\u00adle\u00admen\u00adtaires se trou\u00adve\u00adra en oppo\u00adsi\u00adtion avec l\u2019int\u00e9r\u00eat de la classe ouvri\u00e8re \u2013 et ce sera dans toutes les ques\u00adtions impor\u00adtantes \u2013 on trou\u00adve\u00adra tou\u00adjours l\u2019<i>Huma\u00adni\u00adt\u00e9<\/i> du c\u00f4t\u00e9 des par\u00adle\u00admen\u00adtaires. Quitte, le len\u00adde\u00admain, quand le tour est jou\u00e9, \u00e0 reprendre de grands airs d\u2019impartizlit\u00e9.<\/p>\n<p>Cette atti\u00adtude qui lui est cou\u00adtu\u00admi\u00e8re, l\u2019<i>Huma\u00adni\u00adt\u00e9<\/i> l\u2019a reprise dans l\u2019affaire des retraites ouvri\u00e8res.<\/p>\n<p>Plus de soixante mee\u00adtings avaient \u00e9t\u00e9 orga\u00adni\u00ads\u00e9s par la C.G.T. le 12 et le 13 f\u00e9vrier der\u00adnier, contre le pro\u00adjet de retraites ouvri\u00e8res.<\/p>\n<p>Que les jour\u00adnaux qui ne mettent aucun scru\u00adpule \u00e0 para\u00eetre ins\u00adpi\u00adr\u00e9s par le gou\u00adver\u00adne\u00adment \u2013 qui semblent m\u00eame s\u2019enorgueillir de pal\u00adper \u00e0 ses fonds secrets, et l\u2019on sait si Briand s\u2019entend \u00e0 orga\u00adni\u00adser sa publi\u00adci\u00adt\u00e9 \u2013 aient fait le silence autour de ces mee\u00adtings, rien de plus naturel.<\/p>\n<p>Mais que l\u2019<i>Huma\u00adni\u00adt\u00e9<\/i> ait imi\u00adt\u00e9 la presse gou\u00adver\u00adne\u00admen\u00adtale ou la presse d\u2019affaires, cela peut sem\u00adbler moins naturel.<\/p>\n<p>Qu\u2019elle ait d\u00e9pas\u00ads\u00e9 la consigne du gou\u00adver\u00adne\u00adment et qu\u2019elle soit sor\u00adtie du silence, pour dire men\u00adson\u00adg\u00e8\u00adre\u00adment que ces mee\u00adtings avaient \u00e9chou\u00e9, voi\u00adl\u00e0 qui doit m\u00eame sem\u00adbler extraordinaire.<\/p>\n<p>Cette atti\u00adtude m\u00e9ri\u00adtait d\u2019\u00eatre rele\u00adv\u00e9e. Nous le f\u00eemes, \u00e0 un groupe de cama\u00adrades, par l\u2019affiche suivante&nbsp;:<\/p>\n<p><quote><br>\n[|<b>Un D\u00e9fi<\/b>|]<\/quote><\/p>\n<p>Avec un ensemble par\u00adfait, la presse a obser\u00adv\u00e9 le silence le plus com\u00adplet sur les pro\u00adtes\u00adta\u00adtions de la C.G.T. contre le pro\u00adjet actuel des Retraites ouvri\u00e8res.<\/p>\n<p>Tous les jour\u00adnaux, y com\u00adpris l\u2019<i>Huma\u00adni\u00adt\u00e9<\/i> (se disant l\u2019organe de la classe ouvri\u00e8re) ont vou\u00adlu igno\u00adrer les soixante et quelques mee\u00adtings qui ont \u00e9t\u00e9 tenus sur l\u2019ensemble du territoire.<\/p>\n<p>Cette atti\u00adtude, fort pro\u00adba\u00adble\u00adment int\u00e9\u00adres\u00ads\u00e9e, consti\u00adtue un v\u00e9ri\u00adtable boy\u00adcott auquel il est inad\u00admis\u00adsible de ne pas r\u00e9pondre.<\/p>\n<p>On a pr\u00e9\u00adten\u00addu, afin de pou\u00advoir ridi\u00adcu\u00adli\u00adser notre effort, que nos pro\u00adtes\u00adta\u00adtions n\u2019\u00e9taient que le fait de quelques \u00e9ner\u00adgu\u00adm\u00e8nes et de quelques th\u00e9o\u00adri\u00adciens irr\u00e9ductibles&nbsp;!<\/p>\n<p>Que la majo\u00adri\u00adt\u00e9 de la classe ouvri\u00e8re \u00e9tait sym\u00adpa\u00adthique au pro\u00adjet actuel&nbsp;!<\/p>\n<p>Nous nions la valeur de telles affirmations.<\/p>\n<p>Nous met\u00adtons au d\u00e9fi l\u2019<i>Huma\u00adni\u00adt\u00e9<\/i>, le Par\u00adti socia\u00adliste d\u2019organiser, m\u00eame avec le concours du citoyen Jau\u00adr\u00e8s, <sc>un mee\u00adting<\/sc> dans lequel sera sou\u00admise la r\u00e9so\u00adlu\u00adtion vot\u00e9e \u00e0&nbsp;N\u00eemes.<\/p>\n<p>Nous serons l\u00e0 pour faire la contra\u00addic\u00adtion. On ver\u00adra alors der\u00adri\u00e8re qui marche la classe ouvri\u00e8re.<\/p>\n<p>Nous vou\u00adlons faire \u00e9cla\u00adter et triom\u00adpher la l\u00e9gi\u00adti\u00admi\u00adt\u00e9 de nos protestations.<\/p>\n<p>Si on ne veut pas accep\u00adter notre d\u00e9fi, nous sommes quelques-uns dis\u00adpo\u00ads\u00e9s \u00e0 r\u00e9pondre \u00e0 ce boy\u00adcot\u00adtage par le sabo\u00adtage de toutes les r\u00e9unions.<\/p>\n<p>[\/\u200b<sc>Grif\u00adfuelhes, Jou\u00adhaux, Yve\u00adtot, Lefevre, Thu\u00adlier, Savoie, Lenoir, Mer\u00adrheim, Monatte, Bled, Del\u00adpech, Marie, Jac\u00adque\u00admoud, Char\u00adlier, Marck, Tra\u00advers, Pataud, Constant, Le Gue\u00adry, P\u00e9ri\u00adcat, Cl\u00e9\u00adment<\/sc>\/\u200b]<br>\n<\/p>\n<p>L\u2019<i>huma\u00adni\u00adt\u00e9<\/i> fit, le 27 f\u00e9vrier, une grande r\u00e9ponse qui noyait le d\u00e9bat, qui r\u00e9dui\u00adsait les griefs des adver\u00adsaires du pro\u00adjet gou\u00adver\u00adne\u00admen\u00adtal \u00e0 deux pauvres petits faits&nbsp;: mee\u00adting de Bourges et mee\u00adting de Tivo\u00adli, alors que c\u2019\u00e9tait l\u2019attitude g\u00e9n\u00e9\u00adrale de l\u2019<i>Huma\u00adni\u00adt\u00e9<\/i> dans cette affaire, toute son atti\u00adtude de col\u00adla\u00adbo\u00adra\u00adtrice gou\u00adver\u00adne\u00admen\u00adtale qui \u00e9tait en&nbsp;cause.<\/p>\n<p>\u00c0 cette grande r\u00e9ponse de l\u2019<i>Huma\u00adni\u00adt\u00e9<\/i>, nous en oppo\u00ads\u00e2mes une qu\u2019elle publia le 6 mars et qui r\u00e9pond, point, par point, \u00e0 toutes ses all\u00e9\u00adga\u00adtions et \u00e0 toutes ses insinuations&nbsp;:<\/p>\n<p><quote><br>\nL\u2019<i>Huma\u00adni\u00adt\u00e9<\/i> r\u00e9pon\u00addant \u00e0 l\u2019affiche inti\u00adtu\u00adl\u00e9e <i>Un D\u00e9fi<\/i>, d\u00e9clare avoir mieux \u00e0 faire que d\u2019engager de st\u00e9\u00adriles et pu\u00e9\u00adriles disputes.<\/quote><\/p>\n<p>Un d\u00e9bat contra\u00addic\u00adtoire, dans lequel on met\u00adtrait, apr\u00e8s expli\u00adca\u00adtion, la classe ouvri\u00e8re \u00e0 m\u00eame de se pro\u00adnon\u00adcer, en toute connais\u00adsance de cause, sur la loi actuelle des retraites, est donc jug\u00e9 inop\u00adpor\u00adtun et fas\u00adti\u00addieux par les admi\u00adnis\u00adtra\u00adteurs de l\u2019<i>Huma\u00adni\u00adt\u00e9<\/i>.<\/p>\n<p>C\u2019est l\u00e0, \u00e0 notre avis, une fa\u00e7on tr\u00e8s \u00e9l\u00e9\u00adgante d\u2019esquiver le&nbsp;d\u00e9bat.<\/p>\n<p>Il est vrai que l\u2019affaire <i>Aer\u00adnoult<\/i>, celle du <i>Scan\u00addale des Trans\u00adports<\/i>, celle de la <i>Polices des M\u0153urs<\/i> inter\u00adviennent fort utilement.<\/p>\n<p>Nous pre\u00adnons, mal\u00adgr\u00e9 tout, acte de cette recu\u00adlade. L\u2019on vou\u00addrait aus\u00adsi essayer de repr\u00e9\u00adsen\u00adter notre action comme une mani\u00adfes\u00adta\u00adtion de vani\u00adt\u00e9s bless\u00e9es.<\/p>\n<p>Nous pro\u00adtes\u00adtons \u00e9ner\u00adgi\u00adque\u00adment contre de tels proc\u00e9d\u00e9s.<\/p>\n<p>Ce n\u2019est pas l\u2019absence de nos noms, dans les colonnes des jour\u00adnaux, qui nous fait agir. Nous sommes au-des\u00adsus de ces vaines glo\u00adrioles, bonnes tout au plus pour ceux qui cherchent une situa\u00adtion sociale.<\/p>\n<p>Notre d\u00e9fi \u00e9mane d\u2019un tout autre sen\u00adti\u00adment que celui-l\u00e0.<\/p>\n<p>On a pr\u00e9\u00adten\u00addu \u00e0 dif\u00adf\u00e9\u00adrentes reprises, que la majo\u00adri\u00adt\u00e9 des tra\u00advailleurs ne pen\u00adsait pas comme nous&nbsp;; que notre hos\u00adti\u00adli\u00adt\u00e9 n\u2019\u00e9tait le fait que de quelques par\u00adti\u00adsans du <i>tout ou rien<\/i>. Nous nions la valeur de telles affir\u00adma\u00adtions. Nous deman\u00addons \u00e0 faire la preuve contraire. <i>Quoi de plus logique<\/i>&nbsp;? C\u2019est cepen\u00addant cela que l\u2019on taxe d\u2019intimidation, de bruits, tapages, bluffs, r\u00e9clames\u2026<\/p>\n<p>L\u2019on ne peut \u00eatre plus impartial&nbsp;!!!<\/p>\n<p>On se r\u00e9jouit de consta\u00adter l\u2019absence de cer\u00adtains noms au bas de notre affiche et de voir que les signa\u00adtaires ont eu la pru\u00addence de ne pas enga\u00adger leurs organisations.<\/p>\n<p>Nous r\u00e9pon\u00addons qu\u2019il nous aurait \u00e9t\u00e9 facile de trou\u00adver d\u2019autres signa\u00adtures si nous l\u2019avions vou\u00adlu. Quant \u00e0 nos orga\u00adni\u00adsa\u00adtions, si nous n\u2019avons pas cru devoir les enga\u00adger, cela tient non pas \u00e0 une mesure de pru\u00addence, car nous pos\u00ads\u00e9\u00addons des ordres du jour, sur la ques\u00adtion des retraites, qui nous per\u00admettent d\u2019\u00eatre s\u00fbrs de leur appro\u00adba\u00adtion. Mais nous avons vou\u00adlu pro\u00adtes\u00adter en notre nom per\u00adson\u00adnel, comme tout indi\u00advi\u00addu libre a le droit et le devoir de le faire, quand les int\u00e9\u00adr\u00eats de la cause qu\u2019il d\u00e9fend en d\u00e9pendent.&nbsp;<\/p>\n<p>Au sur\u00adplus, une simple ques\u00adtion. Quand le citoyen Jau\u00adr\u00e8s inter\u00advient \u00e0 la tri\u00adbune de la Chambre, ne croit-il pas, quoi qu\u2019il n\u2019en ait pas re\u00e7u le man\u00addat, par\u00adler au nom de la classe ouvri\u00e8re&nbsp;?&nbsp;<\/p>\n<p>On nous reproche d\u2019avoir, mal\u00adgr\u00e9 <i>l\u2019habile, mais gros\u00adsi\u00e8re cou\u00adver\u00adture<\/i>, vou\u00adlu diri\u00adger notre coup contre l\u2019<i>Huma\u00adni\u00adt\u00e9<\/i> et, \u00e0 tra\u00advers elle, contre le&nbsp;Parti.<\/p>\n<p>Nous ne nions pas cela. Mais vrai\u00adment, on devrait, \u00e0 l\u2019<i>Huma\u00adni\u00adt\u00e9<\/i>, \u00eatre les der\u00adniers \u00e0 s\u2019\u00e9tonner de ce&nbsp;fait.<\/p>\n<p>N\u2019est-ce pas l\u2019<i>Huma\u00adni\u00adt\u00e9<\/i> elle-m\u00eame qui, par son atti\u00adtude \u00e0 notre \u00e9gard, a moti\u00adv\u00e9 notre attaque&nbsp;?<\/p>\n<p>Nous n\u2019avons pour m\u00e9moire qu\u2019\u00e0 rap\u00adpe\u00adler&nbsp;: 1\u00b0&nbsp;L\u2019insertion en bonne place du mani\u00adfeste pro\u00adtes\u00adtant contre la d\u00e9ci\u00adsion prise par le Comi\u00adt\u00e9 conf\u00e9\u00add\u00e9\u00adral, \u00e0 l\u2019unanimit\u00e9 moins une voix. \u00c0 ce moment, on ne s\u2019est pas sou\u00adci\u00e9 de savoir si ceux qui signaient avaient l\u2019enti\u00e8re appro\u00adba\u00adtion de leurs man\u00addants&nbsp;; 2\u00b0&nbsp;l\u2019insertion en pre\u00admi\u00e8re, pre\u00admi\u00e8re colonne, de l\u2019ordre du jour de la Bourse du Tra\u00advail d\u2019Amiens. Est-ce qu\u2019en cette affaire on est all\u00e9 deman\u00adder l\u2019avis des Syn\u00addi\u00adcats du Tex\u00adtile, de la M\u00e9tal\u00adlur\u00adgie, des Che\u00admins de fer, du B\u00e2ti\u00adment, de l\u2019Habillement, des Cuirs et Peaux, qui pro\u00adtestent contre la d\u00e9ci\u00adsion&nbsp;? 3\u00b0&nbsp;La petits note accom\u00adpa\u00adgnant la rec\u00adti\u00adfi\u00adca\u00adtion de Grif\u00adfue\u00adheles au sujet du mee\u00adting de Bourges.<\/p>\n<p>Cette note lais\u00adsait entendre que si aucun compte ren\u00addu n\u2019avait \u00e9t\u00e9 don\u00adn\u00e9 pour les autres mee\u00adtings, c\u2019est que, pro\u00adba\u00adble\u00adment, les cor\u00adres\u00adpon\u00addants ne les avaient pas jug\u00e9s assez importants.<\/p>\n<p>On ne pou\u00advait plus clai\u00adre\u00adment lais\u00adser sup\u00adpo\u00adser \u00e0 tous les lec\u00adteurs que notre cam\u00adpagne avait abou\u00adti \u00e0 un fias\u00adco complet.&nbsp;<\/p>\n<p>Cepen\u00addant, si les cor\u00adres\u00adpon\u00addants sont bien ren\u00adsei\u00adgn\u00e9s, ils doivent \u00eatre s\u00fbrs du contraire.<\/p>\n<p>4\u00b0 Enfin, la non-inser\u00adtion de l\u2019annonce du mee\u00adting du dimanche 20 f\u00e9vrier.<\/p>\n<p>Par notre atti\u00adtude, nous avons vou\u00adlu d\u00e9mon\u00adtrer que nous n\u2019\u00e9tions pas dupes de ces man\u0153uvres.<\/p>\n<p>En ce qui concerne le <i>Par\u00adti<\/i>, si nous l\u2019avons nom\u00adm\u00e9, c\u2019est tout sim\u00adple\u00adment parce que l\u2019on a oppo\u00ads\u00e9 la d\u00e9ci\u00adsion de N\u00eemes \u00e0 celle de la C.G.T.<\/p>\n<p>Ce n\u2019est pas nous qui avons dres\u00ads\u00e9 le Par\u00adti contre les orga\u00adni\u00adsa\u00adtions syndicales.<\/p>\n<p>\u00c0 N\u00eemes, ce sont les int\u00e9\u00adr\u00eats poli\u00adtiques qui ont pri\u00adm\u00e9 les int\u00e9\u00adr\u00eats \u00e9conomiques.<\/p>\n<p>Certes, c\u2019\u00e9tait le droit du Par\u00adti, et loin de nous la pen\u00ads\u00e9e de vou\u00adloir res\u00adtreindre sa libert\u00e9.<\/p>\n<p>Nous ne vou\u00adlions d\u2019ailleurs pas faire de la poli\u00adtique de par\u00adti, mais sim\u00adple\u00adment enre\u00adgis\u00adtrer cer\u00adtaines constatations.<\/p>\n<p>Il n\u2019est pas d\u00e9fen\u00addu de mon\u00adtrer aux tra\u00advailleurs qu\u2019il s\u2019est trou\u00adv\u00e9, dans le sein du Par\u00adti, une majo\u00adri\u00adt\u00e9 pour sacri\u00adfier les int\u00e9\u00adr\u00eats ouvriers aux int\u00e9\u00adr\u00eats des&nbsp;\u00e9lus&nbsp;!<\/p>\n<p>C\u2019est ce que nous vou\u00adlons prou\u00adver. C\u2019est la signi\u00adfi\u00adca\u00adtion de notre phrase&nbsp;: \u00ab&nbsp;Sabo\u00adtage de toutes les r\u00e9unions&nbsp;\u00bb.<\/p>\n<p>On essaye de nous faire pas\u00adser pour des gens hai\u00adneux et agres\u00adsifs. Avouez que nous n\u2019avons pas \u00e9t\u00e9 m\u00e9chants et que nous sommes res\u00adt\u00e9s dans les limite de la cour\u00adtoi\u00adsie. Nous aurions pu dire des choses qui eussent \u00e9t\u00e9, par leur publi\u00adci\u00adt\u00e9, plus pr\u00e9\u00adju\u00addi\u00adciables aux&nbsp;\u00e9lus.<\/p>\n<p>Il nous aurait \u00e9t\u00e9 facile, par exemple, d\u2019afficher les paroles de cer\u00adtain par\u00adle\u00admen\u00adtaire, \u00e0 la Tri\u00adbune du Congr\u00e8s, lorsqu\u2019il d\u00e9cla\u00adrait que le \u00ab&nbsp;Par\u00adti n\u2019avait pas de le\u00e7on \u00e0 rece\u00advoir de la C.G.T., dans une ques\u00adtion pure\u00adment, politique&nbsp;!&nbsp;\u00bb.<\/p>\n<p>Nous aurions pu faire consta\u00adter, au public, les agis\u00adse\u00adments de ceux qui, apr\u00e8s \u2013 et seule\u00adment apr\u00e8s \u2013 le vote de la motion, d\u00e9noncent le carac\u00adt\u00e8re illo\u00adgique et arbi\u00adtraire de la loi sur les retraites&nbsp;!<\/p>\n<p>On parle d\u2019insinuation&nbsp;: \u00ab&nbsp;Cette atti\u00adtude fort pro\u00adba\u00adble\u00adment int\u00e9\u00adres\u00ads\u00e9e&nbsp;\u00bb et l\u2019on nous dit \u00eatre pr\u00eats \u00e0 nous mon\u00adtrer les comptes du journal&nbsp;!<\/p>\n<p>Pas un ins\u00adtant, l\u2019intention de sus\u00adpec\u00adter la comp\u00adta\u00adbi\u00adli\u00adt\u00e9 n\u2019a effleu\u00adr\u00e9 notre pens\u00e9e.<\/p>\n<p>C\u2019est enfan\u00adtin pour ne pas dire&nbsp;plus.<\/p>\n<p>En par\u00adlant d\u2019attitude \u00ab&nbsp;fort pro\u00adba\u00adble\u00adment int\u00e9\u00adres\u00ads\u00e9e&nbsp;\u00bb, nous sous-enten\u00addons la cam\u00adpagne entre\u00adprise et la situa\u00adtion \u00e9lec\u00adto\u00adrale des&nbsp;\u00e9lus.<\/p>\n<p>De fortes pr\u00e9\u00adsomp\u00adtions \u00e9tayent notre opinion.<\/p>\n<p>Est-ce que depuis l\u2019ouverture de la dis\u00adcus\u00adsion des retraites il y eut jamais un mot dur, une cri\u00adtique, dans les colonnes de l\u2019<i>Huma\u00adni\u00adt\u00e9<\/i> contre nos ministres actuels, pro\u00admo\u00adteurs de cette escro\u00adque\u00adrie&nbsp;: Mil\u00adle\u00adrand, Vivia\u00adni, Briand&nbsp;?<\/p>\n<p>Est-ce que Jau\u00adr\u00e8s, lui-m\u00eame, au Congr\u00e8s de N\u00eemes, ne, se refu\u00adsait pas \u00e0 faire cam\u00adpagne contre ces Messieurs&nbsp;?<\/p>\n<p>Est-ce que Jau\u00adr\u00e8s ne sera pas can\u00addi\u00addat offi\u00adciel aux pro\u00adchaines \u00e9lections&nbsp;?<\/p>\n<p>Nous n\u2019avons vou\u00adlu sous-entendre que&nbsp;cela&nbsp;!<\/p>\n<p>Nous sommes-nous tromp\u00e9s&nbsp;?<\/p>\n<p>[|<b>*   *   *<\/b>|]<\/p>\n<p>Enfin on d\u00e9clare&nbsp;: \u00ab&nbsp;nous met\u00adtons, quant \u00e0 nous, notre hon\u00adneur \u00e0 ne lui avoir four\u00adni ni indi\u00adca\u00adtion, ni chiffres faux&nbsp;\u00bb<\/p>\n<p>Cela veut dire \u2013 si nous savons lire \u2013 que seuls ceux que nous avons cit\u00e9s sont&nbsp;faux.&nbsp;<\/p>\n<p>Il fau\u00addrait faire la preuve de cela&nbsp;; c\u2019est ce que l\u2019on refuse.<\/p>\n<p>Il est vrai que notre argu\u00admen\u00adta\u00adtion n\u2019a pas \u00e9t\u00e9 pui\u00ads\u00e9e \u00e0 des sources aus\u00adsi auto\u00adri\u00ads\u00e9es que les docu\u00adments du minis\u00adt\u00e8re du Travail.<\/p>\n<p>Vivia\u00adni \u00e9tait certes celui qui devait d\u00e9te\u00adnir les chiffres les plus pr\u00e9\u00adcis, puisqu\u2019il les tenait de M.&nbsp;Fus\u00adter, repr\u00e9\u00adsen\u00adtant offi\u00adciel du <i>Comi\u00adt\u00e9 des Forges<\/i>.<\/p>\n<p>Qui donc ose\u00adrait sou\u00adte\u00adnir que des chiffres \u00e9ta\u00adblis par des tra\u00advailleurs, le soir, apr\u00e8s leur tra\u00advail, puissent avoir une valeur aus\u00adsi grande que ceux d\u2019une orga\u00adni\u00adsa\u00adtion patro\u00adnale, puis\u00adsante comme le <i>Comi\u00adt\u00e9 des Forges&nbsp;!<\/i>.<\/p>\n<p>Il faut \u00eatre bien pr\u00e9somptueux&nbsp;!!<\/p>\n<p>Nous sommes ces pr\u00e9\u00adsomp\u00adtueux et c\u2019est la preuve de la valeur de nos chiffres que nous ferons, mal\u00adgr\u00e9 et contre Mes\u00adsieurs les&nbsp;\u00e9lus.<\/p>\n<p>[|<b>*  *  *<\/b>|]<\/p>\n<p>Un der\u00adnier&nbsp;mot.<\/p>\n<p>On sou\u00adligne iro\u00adni\u00adque\u00adment l\u2019expression \u00ab&nbsp;Der\u00adri\u00e8re qui marche la classe ouvri\u00e8re&nbsp;?&nbsp;\u00bb<\/p>\n<p>Vrai\u00adment, y a\u2011t-il l\u00e0 mati\u00e8re \u00e0&nbsp;irone&nbsp;?<\/p>\n<p>C\u2019est cou\u00adram\u00adment que, dans les milieux par\u00adle\u00admen\u00adtaires, cette expres\u00adsion est employ\u00e9e&nbsp;; on la retrou\u00adve\u00adrait tr\u00e8s faci\u00adle\u00adment et tr\u00e8s sou\u00advent, en feuille\u00adtant la col\u00adlec\u00adtion de l\u2019<i>Huma\u00adni\u00adt\u00e9<\/i>. C\u2019est donc une iro\u00adnie de mau\u00advais aloi, qui se retourne contre ses auteurs.<\/p>\n<p>Et main\u00adte\u00adnant recon\u00adnais\u00adsons que \u00ab&nbsp;le monde ne s\u2019arr\u00eatera pas de tour\u00adner lorsque nous n\u2019exercerons plus nos fonc\u00adtions&nbsp;\u00bb. Mais en serait-il autre\u00adment si cer\u00adtains par\u00adle\u00admen\u00adtaires dis\u00adpa\u00adrais\u00adsaient de la sc\u00e8ne politique&nbsp;?<\/p>\n<p>En ter\u00admi\u00adnant, nous d\u00e9cla\u00adrons per\u00adsis\u00adter dans notre atti\u00adtude, ayant un grand sou\u00adci des int\u00e9\u00adr\u00eats de nos cama\u00adrades&nbsp;; nous vou\u00adlons, au nom de nos humbles per\u00adson\u00adna\u00adli\u00adt\u00e9s, nous oppo\u00adser de toutes nos forces \u00e0 la dupe\u00adrie, \u00e0 l\u2019escroquerie, qui se trament contre le prol\u00e9tariat.<\/p>\n<p>Est-ce trop pr\u00e9\u00adsu\u00admer de notre \u00e9ner\u00adgie et de la valeur de nos argu\u00adments&nbsp;? L\u2019avenir nous le&nbsp;dira&nbsp;!<\/p>\n<p>De nou\u00adveaux cama\u00adrades, sans que nous les ayons sol\u00adli\u00adci\u00adt\u00e9s, sont venus nous deman\u00adder de bien vou\u00adloir appo\u00adser leurs signa\u00adtures au bas de cette rectification.<\/p>\n<p>Leur nombre aurait \u00e9t\u00e9 cer\u00adtai\u00adne\u00adment beau\u00adcoup plus grand si nous avions fait un appel sp\u00e9cial.<\/p>\n<p>[\/\u200b<sc>Grif\u00adfuelhes, Jou\u00adhaux, Yve\u00adtot, Lefevre, Thu\u00adlier, Savoie, Lenoir, Mer\u00adrheim, Monatte, Bled, Del\u00adpech, Marie, Jac\u00adque\u00admoud, Char\u00adlier, Marck, Tra\u00advers, Pataud, Constant, Le Gue\u00adry, P\u00e9ri\u00adcat, Cl\u00e9\u00adment, Roueste, Forgues, Robert, Gal\u00adlois, Lapierre<\/sc>\/\u200b]<br>\n<br>\n<\/p>\n<h4>Ch\u00f4mage international des filatures de&nbsp;coton<\/h4>\n<p>Le coton est la proie de la sp\u00e9culation[[Au sujet de cette sp\u00e9\u00adcu\u00adla\u00adtion, voi\u00adci un fait qui montre un des c\u00f4t\u00e9s de la situa\u00adtion actuelle.<\/p>\n<p>M.&nbsp;J.-A. Pat\u00adten, a \u00e9t\u00e9 sur\u00adnom\u00adm\u00e9 par les Am\u00e9\u00adri\u00adcains le \u00ab&nbsp;roi&nbsp;\u00bb du coton. Ses sp\u00e9\u00adcu\u00adla\u00adtions gigan\u00adtesques n\u2019ont pas \u00e9t\u00e9 \u00e9tran\u00adg\u00e8res \u00e0 la crise qui \u00e9cla\u00adta en 1908, en Angleterre.<\/p>\n<p>Au com\u00admen\u00adce\u00adment de mars der\u00adnier, M.&nbsp;J.-A. Pat\u00adten se pr\u00e9\u00adsen\u00adtait \u00e0 la Bourse des cotons de Man\u00adches\u00adter (Angle\u00adterre). Recon\u00adnu, il fut imm\u00e9\u00addia\u00adte\u00adment entou\u00adr\u00e9 et ses amis eurent toutes les peines du monde \u00e0 le d\u00e9ga\u00adger pour le sous\u00adtraire aux poings qui le mena\u00ad\u00e7aient. Pour\u00adsui\u00advi par les bour\u00adsiers, il se r\u00e9fu\u00adgia dans une mai\u00adson d\u2019o\u00f9 la police dut le faire fuir par une porte d\u00e9rob\u00e9e.<\/p>\n<p>Le len\u00adde\u00admain, \u00e0 Liver\u00adpool, on lui fai\u00adsait une ova\u00adtion, mais M.&nbsp;Pat\u00adten s\u2019empressa de s\u2019embarquer le jour sui\u00advant pour New-York.<\/p>\n<p>Ses amis d\u00e9clarent qu\u2019ils vont com\u00admen\u00adcer une cam\u00adpagne de hausse vigou\u00adreuse pour le ven\u00adger de la r\u00e9cep\u00adtion bru\u00adtale qu\u2019il a re\u00e7ue \u00e0 la Bourse de Man\u00adches\u00adter.]]. En Europe, o\u00f9 l\u2019on est tri\u00adbu\u00adtaire, pour cette mati\u00e8re, de l\u2019Am\u00e9rique, de l\u2019\u00c9gypte et des Indes Anglaises, le prix du coton varie sui\u00advant les bonnes ou mau\u00advaises r\u00e9coltes, varia\u00adtions qui servent de pr\u00e9\u00adtexte aux sp\u00e9\u00adcu\u00adla\u00adteurs pour faire la hausse ou la baisse.<\/p>\n<p>Cette ann\u00e9e, la situa\u00adtion pour les fila\u00adteurs de coton s\u2019annonce sous un jour plu\u00adt\u00f4t noir si nous en jugeons par la note suivante&nbsp;:&nbsp;<\/p>\n<p>\u00ab&nbsp;Le prix du coton, que cer\u00adtains jugeaient d\u00e9j\u00e0 exces\u00adsif, conti\u00adnue \u00e0 mon\u00adter et nous avons main\u00adte\u00adnant d\u00e9pas\u00ads\u00e9 28 tallaris[[Le tal\u00adla\u00adri est une mon\u00adnaie \u00e9thio\u00adpienne qui vaut cinq francs.]] Le stock s\u2019\u00e9puise de plus en plus et la ten\u00addance de la fila\u00adture dans tous les pays indus\u00adtriels d\u2019Europe \u00e0 adop\u00adter le <i>short-time<\/i> (ch\u00f4\u00admage) prouve que les fabri\u00adcants sont d\u00e9sor\u00admais convain\u00adcus de l\u2019insuffisance de la mati\u00e8re pre\u00admi\u00e8re. L\u2019\u00c9gypte et l\u2019Am\u00e9rique se sont don\u00adn\u00e9 la main pour avoir cette ann\u00e9e une r\u00e9volte d\u00e9fi\u00adci\u00adtaire. Les Indes seules ont bien ren\u00addu, mais leur exc\u00e9\u00addent n\u2019a pas suf\u00adfi \u00e0 cou\u00advrir la dimi\u00adnu\u00adtion, d\u2019\u00c9gypte et des \u00c9tats-Unis[[<i>The Finan\u00adcial News<\/i> 10 f\u00e9v.&nbsp;1910]]<\/p>\n<p>En fait, c\u2019est l\u2019\u00e9ternelle lutte entre les pro\u00adduc\u00adteurs de la mati\u00e8re pre\u00admi\u00e8re (les culti\u00adva\u00adteurs de coton) et les trans\u00adfor\u00adma\u00adteurs (les filateurs).<\/p>\n<p>Seule la M\u00e9tal\u00adlur\u00adgie donne le spec\u00adtacle d\u2019une lutte aus\u00adsi \u00e2pre, avec son conflit entre les fabri\u00adcants de coke et les m\u00e9tal\u00adlur\u00adgistes pro\u00adduc\u00adteurs de&nbsp;fonte.<\/p>\n<p>Le <sc>v<\/sc><sup>e<\/sup> Congr\u00e8s Inter\u00adna\u00adtio\u00adnal des Fila\u00adteurs de coton (Paris, juillet 1908) avait  exa\u00admi\u00adn\u00e9 les moyens de r\u00e9sis\u00adter aux exi\u00adgences de la sp\u00e9\u00adcu\u00adla\u00adtion. Il avait vot\u00e9 la motion suivante&nbsp;:<\/p>\n<p>\u00ab&nbsp;Apr\u00e8s avoir enten\u00addu les dif\u00adf\u00e9\u00adrents rap\u00adports sur la situa\u00adtion com\u00admer\u00adciale des dif\u00adf\u00e9\u00adrents pays, exprime la convic\u00adtion que l\u2019\u00e9tablissement d\u2019une r\u00e9duc\u00adtion de pro\u00adduc\u00adtion \u00e9gale peut seule \u00e9car\u00adter les incon\u00adv\u00e9\u00adnients, soit du manque de mati\u00e8re pre\u00admi\u00e8re, soit d\u2019une sur\u00adpro\u00adduc\u00adtion industrielle&nbsp;;&nbsp;<\/p>\n<p>\u00ab&nbsp;Invite toutes les orga\u00adni\u00adsa\u00adtions f\u00e9d\u00e9\u00adr\u00e9es \u00e0 com\u00adpl\u00e9\u00adter leur orga\u00adni\u00adsa\u00adtion de fa\u00e7on qu\u2019une r\u00e9duc\u00adtion \u00e9gale puisse \u00eatre \u00e9ta\u00adblie aus\u00adsi\u00adt\u00f4t que les cir\u00adcons\u00adtances l\u2019exigeront.&nbsp;\u00bb<\/p>\n<p>Si l\u2019on songe que sur 128 mil\u00adlions de broches filant le coton dans le monde, cette r\u00e9so\u00adlu\u00adtion fut adop\u00adt\u00e9e par les repr\u00e9\u00adsen\u00adtants de 111 mil\u00adlions, on en com\u00adprend toute l\u2019importance et l\u2019on peut, dire qu\u2019elle est, actuel\u00adle\u00adment, en application.<\/p>\n<p>En effet, fin novembre 1909, les fila\u00adteurs de l\u2019Est de la France d\u00e9ci\u00add\u00e8rent de r\u00e9duire de 20&nbsp;p.&nbsp;100 la  consom\u00adma\u00adtion du coton d\u2019\u00c9gypte, \u00e0 par\u00adtir du 13 d\u00e9cembre et deman\u00add\u00e8rent \u00e0 la F\u00e9d\u00e9\u00adra\u00adtion Inter\u00adna\u00adtio\u00adnale de pro\u00adpo\u00adser cette mesure aux autre pays, afin de la rendre efficace.<\/p>\n<p>Presque en m\u00eame temps, la F\u00e9d\u00e9\u00adra\u00adtion patro\u00adnale Ita\u00adlienne d\u2019Europe annon\u00ad\u00e7ait que ses adh\u00e9\u00adrents r\u00e9dui\u00adsaient de 19,56&nbsp;p.&nbsp;100 leur consommation.<\/p>\n<p>Les Anglais \u2013 auteurs de la pro\u00adpo\u00adsi\u00adtion au Congr\u00e8s de 1908 \u2013 deman\u00add\u00e8rent de faire ch\u00f4\u00admer leurs ouvriers un jour par semaine. Le 20 d\u00e9cembre 1909, la F\u00e9d\u00e9\u00adra\u00adtion ita\u00adlienne pre\u00adnait la m\u00eame d\u00e9ci\u00adsion et \u00e0 l\u2019occa.sion de la No\u00ebl pro\u00adlon\u00adgeait de deux jours le ch\u00f4\u00admage de ses usines.<\/p>\n<p>Le 11 jan\u00advier der\u00adnier, l\u2019Association des Tis\u00adseurs et Fila\u00adteurs Belges d\u00e9ci\u00addait le ch\u00f4\u00admage des usines un jour par semaine pen\u00addant trois&nbsp;mois.<\/p>\n<p>Le 19 jan\u00advier, sous la pr\u00e9\u00adsi\u00addence de M.&nbsp;M\u00e9line, ancien pr\u00e9\u00adsident, du Conseil, le Syn\u00addi\u00adcat G\u00e9n\u00e9\u00adral de l\u2019Industrie Coton\u00adni\u00e8re de France exa\u00admi\u00adnait la m\u00eame ques\u00adtion&nbsp;: 64 fila\u00adteurs, repr\u00e9\u00adsen\u00adtant 2.300.000 broches, adop\u00adtaient le prin\u00adcipe d\u2019un jour de ch\u00f4\u00admage par semaine, sous les condi\u00adtions suivantes&nbsp;:<\/p>\n<p>\u00ab&nbsp;1\u00b0 Un ch\u00f4\u00admage, d\u2019un jour par semaine, fix\u00e9 au same\u00addi, aura lieu un mois apr\u00e8s que l\u2019adh\u00e9sion de 70&nbsp;p.&nbsp;100 du nombre total des broches Am\u00e9\u00adrique de la r\u00e9gion aura \u00e9t\u00e9 obtenue.<\/p>\n<p>\u00ab&nbsp;2\u00b0 Le ch\u00f4\u00admage d\u2019un jour par semaine sera pra\u00adti\u00adqu\u00e9 pen\u00addant trois mois cons\u00e9\u00adcu\u00adtifs et ensuite par tacite recon\u00adduc\u00adtion pen\u00addant trois autres mois, \u00e0 moins qu\u2019une assem\u00adbl\u00e9e g\u00e9n\u00e9\u00adrale n\u2019en d\u00e9cide autrement.<\/p>\n<p>\u00ab&nbsp;3\u00b0 Une com\u00admis\u00adsion com\u00adpo\u00ads\u00e9e de deux membres par r\u00e9gion sera char\u00adg\u00e9e d\u2019\u00e9laborer les condi\u00adtions d\u2019application du ch\u00f4mage.<\/p>\n<p>\u00ab&nbsp;4\u00b0 Les d\u00e9ci\u00adsions prises par cette com\u00admis\u00adsion seront sou\u00admises \u00e0 la sanc\u00adtion des syn\u00addi\u00adcats r\u00e9gionaux.&nbsp;\u00bb<\/p>\n<p>Quelques jours apr\u00e8s, les fila\u00adteurs suisses d\u00e9ci\u00addaient \u00e0 leur tour que \u00ab&nbsp;si l\u2019adh\u00e9sion de fila\u00adteurs repr\u00e9\u00adsen\u00adtant un nombre \u00e9gal \u00e0 60&nbsp;p.&nbsp;100 du total&nbsp;\u00bb \u00e9tait obte\u00adnue, \u00e0 par\u00adtir du 14 f\u00e9vrier et pour une dur\u00e9e de trois mois, la pro\u00adduc\u00adtion serait r\u00e9duite de 15&nbsp;p.&nbsp;100.<\/p>\n<p>Enfin, les fila\u00adteurs anglais qui appliquent depuis plu\u00adsieurs mois le ch\u00f4\u00admage, viennent de pro\u00adpo\u00adser la conti\u00adnua\u00adtion de l\u2019arr\u00eat des machines, le lun\u00addi et le same\u00addi de chaque semaine pen\u00addant huit semaines au-del\u00e0 du 28 f\u00e9vrier, date fix\u00e9e pri\u00admi\u00adti\u00adve\u00adment pour la ces\u00adsa\u00adtion du ch\u00f4mage.<\/p>\n<p>Ain\u00adsi, l\u2019entente inter\u00adna\u00adtio\u00adnale patro\u00adnale a r\u00e9us\u00adsi \u00e0 se r\u00e9a\u00adli\u00adser. Les syn\u00addi\u00adcats patro\u00adnaux du coton sont par\u00adve\u00adnus \u00e0 appli\u00adquer le ch\u00f4\u00admage en France, en Bel\u00adgique, en Ita\u00adlie, en Suisse et en Angleterre.<\/p>\n<p>Dans cette der\u00adni\u00e8re nation, selon le \u00ab&nbsp;Man\u00adches\u00adter-Guar\u00addian&nbsp;\u00bb, si la p\u00e9riode du <i>short-time<\/i> (ch\u00f4\u00admage) conti\u00adnue quelques temps encore, l\u2019attitude des ouvriers pour\u00adrait subir un changement.<\/p>\n<p>Jusqu\u2019\u00e0 pr\u00e9\u00adsent, les asso\u00adcia\u00adtions ouvri\u00e8res du Lan\u00adca\u00adshire, par exemple, payaient \u00e0 leurs adh\u00e9\u00adrents une indem\u00adni\u00adt\u00e9 de ch\u00f4\u00admage. Mais voi\u00adci que cer\u00adtaines sont \u00e0 bout de res\u00adsources. L\u2019une, m\u00eame, aurait sus\u00adpen\u00addu le paie\u00adment, des indemnit\u00e9s.<\/p>\n<p>Pauvres caisses de ch\u00f4\u00admage&nbsp;! Comme elles p\u00e8sent peu devant cette volon\u00adt\u00e9 concer\u00adt\u00e9e des exploi\u00adteurs. N\u2019est-il pas n\u00e9ces\u00adsaire que les tra\u00advailleurs comptent sur autre chose que leurs gros sous de r\u00e9serve&nbsp;?<\/p>\n<\/div>\n<\/div>\n","protected":false},"excerpt":{"rendered":"<p>\u00c0 pro\u00adpos des retraites ouvri\u00e8res L\u2019Huma\u00adni\u00adt\u00e9 a beau se dire \u00ab&nbsp;organe de la classe ouvri\u00e8re&nbsp;\u00bb, elle n\u2019est que l\u2019organe du groupe par\u00adle\u00admen\u00adtaire socia\u00adliste. Elle n\u2019est que&nbsp;cela. \u00c0 chaque fois que l\u2019int\u00e9r\u00eat des par\u00adle\u00admen\u00adtaires se trou\u00adve\u00adra en oppo\u00adsi\u00adtion avec l\u2019int\u00e9r\u00eat de la classe ouvri\u00e8re \u2013 et ce sera dans toutes les ques\u00adtions impor\u00adtantes \u2013 on trouvera&nbsp;[\u2026]<\/p>\n","protected":false},"author":1,"featured_media":0,"comment_status":"closed","ping_status":"closed","sticky":false,"template":"","format":"standard","meta":{"wp_typography_post_enhancements_disabled":false,"footnotes":""},"categories":[490],"tags":[],"ppma_author":[540],"class_list":["post-3979","post","type-post","status-publish","format-standard","hentry","category-la-vie-ouvriere-n12-20-mars-1910"],"authors":[{"term_id":540,"user_id":1,"is_guest":0,"slug":"admin_3gikpwyf","display_name":"Vincent Dubuc","avatar_url":"https:\/\/secure.gravatar.com\/avatar\/d015720652c25fd2ced191ade86430094e1f288a17483713e3b34d26dea52507?s=96&d=mm&r=g","author_category":"","user_url":"https:\/\/la-presse-anarchiste.net","last_name":"Dubuc","first_name":"Vincent","job_title":"","description":""}],"_links":{"self":[{"href":"https:\/\/la-presse-anarchiste.net\/index.php\/wp-json\/wp\/v2\/posts\/3979","targetHints":{"allow":["GET"]}}],"collection":[{"href":"https:\/\/la-presse-anarchiste.net\/index.php\/wp-json\/wp\/v2\/posts"}],"about":[{"href":"https:\/\/la-presse-anarchiste.net\/index.php\/wp-json\/wp\/v2\/types\/post"}],"author":[{"embeddable":true,"href":"https:\/\/la-presse-anarchiste.net\/index.php\/wp-json\/wp\/v2\/users\/1"}],"replies":[{"embeddable":true,"href":"https:\/\/la-presse-anarchiste.net\/index.php\/wp-json\/wp\/v2\/comments?post=3979"}],"version-history":[{"count":0,"href":"https:\/\/la-presse-anarchiste.net\/index.php\/wp-json\/wp\/v2\/posts\/3979\/revisions"}],"wp:attachment":[{"href":"https:\/\/la-presse-anarchiste.net\/index.php\/wp-json\/wp\/v2\/media?parent=3979"}],"wp:term":[{"taxonomy":"category","embeddable":true,"href":"https:\/\/la-presse-anarchiste.net\/index.php\/wp-json\/wp\/v2\/categories?post=3979"},{"taxonomy":"post_tag","embeddable":true,"href":"https:\/\/la-presse-anarchiste.net\/index.php\/wp-json\/wp\/v2\/tags?post=3979"},{"taxonomy":"author","embeddable":true,"href":"https:\/\/la-presse-anarchiste.net\/index.php\/wp-json\/wp\/v2\/ppma_author?post=3979"}],"curies":[{"name":"wp","href":"https:\/\/api.w.org\/{rel}","templated":true}]}}