{"id":3987,"date":"2020-06-15T03:20:49","date_gmt":"2020-06-15T03:20:49","guid":{"rendered":"https:\/\/la-presse-anarchiste.net\/index.php\/2020\/06\/15\/les-magnicides\/"},"modified":"2020-06-15T03:20:49","modified_gmt":"2020-06-15T03:20:49","slug":"les-magnicides","status":"publish","type":"post","link":"https:\/\/la-presse-anarchiste.net\/index.php\/2020\/06\/15\/les-magnicides\/","title":{"rendered":"Les Magnicides"},"content":{"rendered":"<div class=\"pdfprnt-buttons pdfprnt-buttons-post pdfprnt-top-right\"><a href=\"https:\/\/la-presse-anarchiste.net\/index.php\/wp-json\/wp\/v2\/posts\/3987?print=pdf\" class=\"pdfprnt-button pdfprnt-button-pdf\" target=\"_blank\"><img decoding=\"async\" src=\"https:\/\/la-presse-anarchiste.net\/wp-content\/plugins\/pdf-print\/images\/pdf.png\" alt=\"image_pdf\" title=\"Afficher le PDF\"><\/a><a href=\"https:\/\/la-presse-anarchiste.net\/index.php\/wp-json\/wp\/v2\/posts\/3987?print=print\" class=\"pdfprnt-button pdfprnt-button-print\" target=\"_blank\"><img decoding=\"async\" src=\"https:\/\/la-presse-anarchiste.net\/wp-content\/plugins\/pdf-print\/images\/print.png\" alt=\"image_print\" title=\"Contenu imprim\u00e9\"><\/a><\/div><div align=\"justify\">\n<div style=\"text-indent: 1cm\">\n<p>Au cours du 19<sup>e<\/sup> si\u00e8cle, il y eut des atten\u00adtats contre nombre de rois ou de chefs d\u2019\u00c9tat[[Voir <i>L\u2019\u0152uvre<\/i> du 14 octobre.]].&nbsp;<\/p>\n<p>Le 28 juillet 1835, Louis-Phi\u00adlippe \u00e9chap\u00adpa \u00e0 un atten\u00adtat qui fit de nom\u00adbreux morts et bles\u00ads\u00e9s. L\u2019ins\u00adtru\u00adment de l\u2019at\u00adten\u00adtat \u00e9tait une rudi\u00admen\u00adtaire machine infer\u00adnale ima\u00adgi\u00adn\u00e9e par un cer\u00adtain Fies\u00adchi, et que consti\u00adtuaient vingt-cinq canons de fusils dont les amorces devaient s\u2019en\u00adflam\u00admer simul\u00adta\u00adn\u00e9\u00adment. Jug\u00e9 par la Cour des pairs, et condam\u00adn\u00e9 \u00e0 mort, Fies\u00adchi ne fut guillo\u00adti\u00adn\u00e9 qu\u2019en f\u00e9vrier 1836.<\/p>\n<p>Mais Louis-Phi\u00adlippe allait conna\u00eetre d\u2019autres atten\u00adtats, \u00e0 com\u00admen\u00adcer par celui d\u2019A\u00adli\u00adbaud, qui d\u00e9char\u00adgea sur lui un fusil-canne, le 25 juin 1836. Un brusque mou\u00adve\u00adment en arri\u00e8re sau\u00adva le monarque. L\u2019at\u00adten\u00adtat de Meu\u00adnier, la m\u00eame ann\u00e9e, et ceux de Dar\u00adm\u00e8s en 1840, de Lecomte et d\u2019Hen\u00adri en 1846, ne rom\u00adpirent pas cette royale chance, qui fut qua\u00adli\u00adfi\u00e9e de mira\u00adcu\u00adleuse.  Napo\u00adl\u00e9on <sc>iii<\/sc>&nbsp;: l\u2019at\u00adten\u00adtat d\u2019Or\u00adsi\u00adni, le soir du 14 jan\u00advier 1885. Le couple imp\u00e9\u00adrial se ren\u00addait \u00e0 l\u2019O\u00adp\u00e9\u00adra, qui \u00e9tait alors rue le Pele\u00adtier. Trois bombes \u00e9clatent sur le galop des lan\u00adciers de la garde. Elles atteignent en plein la cal\u00e8che offi\u00adcielle. On rel\u00e8ve des morts et des bles\u00ads\u00e9s. Mais l\u2019empereur et sa femme ne re\u00e7oivent pas la moindre \u00e9corchure,&nbsp;<\/p>\n<p>L\u2019at\u00adten\u00adtat du Polo\u00adnais Bere\u00adzows\u00adki&nbsp;: 6 juin 1867. L\u2019Ex\u00adpo\u00adsi\u00adtion uni\u00adver\u00adselle vau\u00addra \u00e0 Paris la visite du tsar Alexandre <sc>ii<\/sc>. Il est l\u2019h\u00f4te des Tui\u00adle\u00adries. Les deux empe\u00adreurs reviennent en voi\u00adture du Bois de Bou\u00adlogne quand un coup de pis\u00adto\u00adlet fait cabrer les che\u00advaux, qui seuls sont atteints.&nbsp;<\/p>\n<p>Le 11 mai 1878, Hae\u00addel fait feu sur Guillaume <sc>i<\/sc><sup>er<\/sup>, le 2 juin, Nobi\u00adling le blesse d\u2019un coup de cara\u00adbine&nbsp;; le 25 octobre, Mon\u00adca\u00adzi tire sur Alphonse <sc>xii<\/sc> \u2013 1879&nbsp;: Quatre coups de revol\u00adver sont diri\u00adg\u00e9s par Solo\u00advief sur le tsar Alexandre <sc>ii<\/sc>&nbsp;; le 30 d\u00e9cembre, Gon\u00adza\u00adl\u00e8s manque de peu Alphonse <sc>xii<\/sc>. \u2013 1880&nbsp;: le 17 f\u00e9vrier, Khal\u00adtou\u00adrine fait sau\u00adter la salle des gardes du Palais d\u2019Hi\u00adver, \u00e0 Saint-P\u00e9ters\u00adbourg. Bilan&nbsp;: huit morts et qua\u00adrante-cinq bles\u00ads\u00e9s. Mais l\u2019empereur et les siens ne sont pas pr\u00e9\u00adsents, sau\u00adv\u00e9s par un retard de quelques minutes. L\u2019an\u00adn\u00e9e sui\u00advante, en revanche, le 13 mars 81, Alexandre <sc>ii<\/sc> tombe sous les coups des nihi\u00adlistes Rys\u00adsa\u00adkof et J\u00e9laboff.&nbsp;<\/p>\n<p>C\u2019est Case\u00adrio, poi\u00adgnar\u00addant \u00e0 Lyon le pr\u00e9\u00adsident Car\u00adnot, le 24 juin 1894. Le 9 sep\u00adtembre 1898, le poi\u00adgnard de Luche\u00adni frappe \u00e0 mort l\u2019im\u00adp\u00e9\u00adra\u00adtrice d\u2019Au\u00adtriche, qui vil\u00adl\u00e9\u00adgia\u00adture \u00e0 Gen\u00e8ve. Le 23 juillet 1900, deux coups de revol\u00adver tir\u00e9s par Bres\u00adci atteignent mor\u00adtel\u00adle\u00adment le roi Hum\u00adbert d\u2019I\u00adta\u00adlie. Le 5 sep\u00adtembre 1901, Czol\u00adgosz assas\u00adsine \u00e0 Buf\u00adfa\u00adlo le pr\u00e9\u00adsident Mac-Kin\u00adley. \u00c0 Paris, le 1<sup>er<\/sup> juin 1905, une bombe est lan\u00adc\u00e9e par une main res\u00adt\u00e9e incon\u00adnue sur Alphonse <sc>xiii<\/sc>, que le pr\u00e9\u00adsident Lou\u00adbet accom\u00adpagne. Le 31 mai 1906, Mateo Mor\u00adral, \u00e0 Madrid, en lance une sur le car\u00adrosse nup\u00adtial du jeune roi d\u2019Es\u00adpagne. Les che\u00advaux et la voi\u00adture sont r\u00e9duits en miettes, mais le roi et la reine sortent de l\u00e0-des\u00adsous sains et&nbsp;saufs.&nbsp;<\/p>\n<p>Convient-il de rap\u00adpe\u00adler, apr\u00e8s cela, la tra\u00adg\u00e9\u00addie de palais qui, \u00e0 Bel\u00adgrade, s\u2019a\u00adche\u00adva par le meurtre du roi Alexandre et de la reine Dra\u00adga, dans la nuit du 10 au 11 juin 1903&nbsp;? Quelques ann\u00e9es encore et nous arri\u00advons \u00e0 l\u2019at\u00adten\u00adtat de Lis\u00adbonne&nbsp;: le 1<sup>er<\/sup> jan\u00advier 1908, des r\u00e9vo\u00adlu\u00adtion\u00adnaires font un feu de salve sur la famille royale qui se rend en voi\u00adture au palais des \u00ab&nbsp;Neces\u00adsi\u00adtades&nbsp;\u00bb. Le roi Car\u00adlos et le prince h\u00e9ri\u00adtier s\u2019\u00e9\u00adcroulent, tu\u00e9s sur le coup. Enfin, en 1913, Georges 1<sup>er<\/sup>, roi des Hel\u00adl\u00e8nes, tombe \u00e0 son tour assassin\u00e9.&nbsp;<\/p>\n<p>1914. L\u2019at\u00adten\u00adtat de Sara\u00adje\u00advo, qui d\u00e9clen\u00adcha la plus gigan\u00adtesque des catas\u00adtrophes. Le pr\u00e9\u00adsident de la R\u00e9pu\u00adblique, Dou\u00admer, connut aus\u00adsi un sort tra\u00adgique. Mais les tra\u00advailleurs, eux, com\u00adbien ont-ils p\u00e9ri qui demeu\u00adre\u00adront oubli\u00e9s de l\u2019his\u00adtoire, mar\u00adtyrs du tra\u00advail, ense\u00adve\u00adlis au fond des mines ou des oc\u00e9ans, tu\u00e9s par l\u2019\u00e9\u00adgo\u00efsme patro\u00adnal et vain\u00adcus par la mis\u00e8re&nbsp;? Et com\u00adbien de mil\u00adlions sont tom\u00adb\u00e9s, vic\u00adtimes des que\u00adrelles de rois&nbsp;? L\u2019His\u00adtoire, qui tient \u00e0 jour le registre des souf\u00adfrances des maitres, n\u00e9glige dans ses comptes le sang pl\u00e9b\u00e9ien.<\/p>\n<\/div>\n<\/div>\n","protected":false},"excerpt":{"rendered":"<p>Au cours du 19<sup>e<\/sup> si\u00e8cle, il y eut des atten\u00adtats contre nombre de rois ou de chefs d\u2019\u00c9tat[[Voir L\u2019\u0152uvre du 14 octobre.]].&nbsp; Le 28 juillet 1835, Louis-Phi\u00ad\u00adlippe \u00e9chap\u00adpa \u00e0 un atten\u00adtat qui fit de nom\u00adbreux morts et bles\u00ads\u00e9s. L\u2019ins\u00adtru\u00adment de l\u2019at\u00adten\u00adtat \u00e9tait une rudi\u00admen\u00adtaire machine infer\u00adnale ima\u00adgi\u00adn\u00e9e par un cer\u00adtain Fies\u00adchi, et que consti\u00adtuaient vingt-cinq&nbsp;[\u2026]<\/p>\n","protected":false},"author":1,"featured_media":0,"comment_status":"closed","ping_status":"closed","sticky":false,"template":"","format":"standard","meta":{"wp_typography_post_enhancements_disabled":false,"footnotes":""},"categories":[491],"tags":[],"ppma_author":[540],"class_list":["post-3987","post","type-post","status-publish","format-standard","hentry","category-la-conquete-du-pain-n2-20-octobre-1934"],"authors":[{"term_id":540,"user_id":1,"is_guest":0,"slug":"admin_3gikpwyf","display_name":"Vincent Dubuc","avatar_url":"https:\/\/secure.gravatar.com\/avatar\/d015720652c25fd2ced191ade86430094e1f288a17483713e3b34d26dea52507?s=96&d=mm&r=g","author_category":"","user_url":"https:\/\/la-presse-anarchiste.net","last_name":"Dubuc","first_name":"Vincent","job_title":"","description":""}],"_links":{"self":[{"href":"https:\/\/la-presse-anarchiste.net\/index.php\/wp-json\/wp\/v2\/posts\/3987","targetHints":{"allow":["GET"]}}],"collection":[{"href":"https:\/\/la-presse-anarchiste.net\/index.php\/wp-json\/wp\/v2\/posts"}],"about":[{"href":"https:\/\/la-presse-anarchiste.net\/index.php\/wp-json\/wp\/v2\/types\/post"}],"author":[{"embeddable":true,"href":"https:\/\/la-presse-anarchiste.net\/index.php\/wp-json\/wp\/v2\/users\/1"}],"replies":[{"embeddable":true,"href":"https:\/\/la-presse-anarchiste.net\/index.php\/wp-json\/wp\/v2\/comments?post=3987"}],"version-history":[{"count":0,"href":"https:\/\/la-presse-anarchiste.net\/index.php\/wp-json\/wp\/v2\/posts\/3987\/revisions"}],"wp:attachment":[{"href":"https:\/\/la-presse-anarchiste.net\/index.php\/wp-json\/wp\/v2\/media?parent=3987"}],"wp:term":[{"taxonomy":"category","embeddable":true,"href":"https:\/\/la-presse-anarchiste.net\/index.php\/wp-json\/wp\/v2\/categories?post=3987"},{"taxonomy":"post_tag","embeddable":true,"href":"https:\/\/la-presse-anarchiste.net\/index.php\/wp-json\/wp\/v2\/tags?post=3987"},{"taxonomy":"author","embeddable":true,"href":"https:\/\/la-presse-anarchiste.net\/index.php\/wp-json\/wp\/v2\/ppma_author?post=3987"}],"curies":[{"name":"wp","href":"https:\/\/api.w.org\/{rel}","templated":true}]}}