{"id":3988,"date":"2020-06-15T03:21:13","date_gmt":"2020-06-15T03:21:13","guid":{"rendered":"https:\/\/la-presse-anarchiste.net\/index.php\/2020\/06\/15\/considerations-realistes-sur-les-evenements-despagne\/"},"modified":"2020-06-15T03:21:13","modified_gmt":"2020-06-15T03:21:13","slug":"considerations-realistes-sur-les-evenements-despagne","status":"publish","type":"post","link":"https:\/\/la-presse-anarchiste.net\/index.php\/2020\/06\/15\/considerations-realistes-sur-les-evenements-despagne\/","title":{"rendered":"Consid\u00e9rations r\u00e9alistes sur les \u00e9v\u00e9nements d\u2019Espagne"},"content":{"rendered":"<div class=\"pdfprnt-buttons pdfprnt-buttons-post pdfprnt-top-right\"><a href=\"https:\/\/la-presse-anarchiste.net\/index.php\/wp-json\/wp\/v2\/posts\/3988?print=pdf\" class=\"pdfprnt-button pdfprnt-button-pdf\" target=\"_blank\"><img decoding=\"async\" src=\"https:\/\/la-presse-anarchiste.net\/wp-content\/plugins\/pdf-print\/images\/pdf.png\" alt=\"image_pdf\" title=\"Afficher le PDF\"><\/a><a href=\"https:\/\/la-presse-anarchiste.net\/index.php\/wp-json\/wp\/v2\/posts\/3988?print=print\" class=\"pdfprnt-button pdfprnt-button-print\" target=\"_blank\"><img decoding=\"async\" src=\"https:\/\/la-presse-anarchiste.net\/wp-content\/plugins\/pdf-print\/images\/print.png\" alt=\"image_print\" title=\"Contenu imprim\u00e9\"><\/a><\/div><div align=\"justify\">\n<div style=\"text-indent: 1cm\">\n<p>Le mou\u00adve\u00adment r\u00e9vo\u00adlu\u00adtion\u00adnaire, qui vient de s\u2019a\u00adche\u00adver en Espagne par le triomphe du gou\u00adver\u00adne\u00adment Ler\u00adroux, n\u2019offre qu\u2019un int\u00e9\u00adr\u00eat rela\u00adtif dans le plan social, c\u2019est-\u00e0-dire de l\u2019\u00e9\u00adman\u00adci\u00adpa\u00adtion du pro\u00adl\u00e9\u00adta\u00adriat espagnol.&nbsp;<\/p>\n<p>L\u2019exa\u00admen objec\u00adtif des faits per\u00admet en effet de pla\u00adcer ce mou\u00adve\u00adment, y com\u00adpris la gr\u00e8ve g\u00e9n\u00e9\u00adrale, dans le cadre des \u00e9v\u00e9\u00adne\u00adments sp\u00e9\u00adci\u00adfi\u00adque\u00adment \u00ab&nbsp;poli\u00adtiques&nbsp;\u00bb. La jeune r\u00e9pu\u00adblique espa\u00adgnole est en \u00e9vo\u00adlu\u00adtion constante et toute pr\u00e9\u00advi\u00adsion serait bien auda\u00adcieuse en ce qui concerne son avenir.<\/p>\n<p>En Espagne comme par\u00adtout ailleurs en Europe, 1a crise \u00e9co\u00adno\u00admique se fait sen\u00adtir, et cons\u00e9\u00adquence fatale, le fas\u00adcisme pro\u00adfile sa menace \u00e0 l\u2019ho\u00adri\u00adzon. Le mou\u00adve\u00adment fas\u00adciste est \u00ab&nbsp;tra los montes&nbsp;\u00bb diri\u00adg\u00e9 par Pri\u00admo de Rive\u00adra, neveu du trop c\u00e9l\u00e8bre dic\u00adta\u00adteur. D\u2019autre part, les monar\u00adchistes sont loin d\u2019a\u00advoir aban\u00addon\u00adn\u00e9 toute id\u00e9e de res\u00adtau\u00adra\u00adtion et ils sont nom\u00adbreux, riches et puissants.<\/p>\n<p>Quant aux par\u00adtis poli\u00adtiques dits \u00ab&nbsp;de gauche&nbsp;\u00bb, il semble bien qu\u2019ils s\u2019in\u00adg\u00e9\u00adnient \u00e0 imi\u00adter ceux de France dans leurs pali\u00adno\u00addies et leurs renoncements.&nbsp;<\/p>\n<p>Il faut enfin tenir compte de la dis\u00adsem\u00adblance pro\u00adfonde que pr\u00e9\u00adsentent entre elles les diverses r\u00e9gions de la p\u00e9nin\u00adsule ib\u00e9\u00adrique&nbsp;: les Basques et les Navar\u00adrais des cam\u00adpagnes, catho\u00adliques fer\u00advents, tendent vers le s\u00e9pa\u00adra\u00adtisme, mais n\u2019ont que peu ou point d\u2019i\u00add\u00e9al social. Dans les r\u00e9gions indus\u00adtrielles des Astu\u00adries et du Sud, les masses ouvri\u00e8res sont divi\u00ads\u00e9es et le retard appor\u00adt\u00e9 par le Sud \u00e0 la par\u00adti\u00adci\u00adpa\u00adtion au mou\u00adve\u00adment fut une des causes de son&nbsp;\u00e9chec.&nbsp;<\/p>\n<p>Enfin, les diri\u00adgeants de la Cata\u00adlogne crurent le moment venu de pro\u00adcla\u00admer l\u2019in\u00add\u00e9\u00adpen\u00addance de leur pays. Leur acte irr\u00e9\u00adfl\u00e9\u00adchi ne pou\u00advait qu\u2019\u00e9\u00adchouer, et par son \u00e9chec ren\u00adfor\u00adcer le gou\u00adver\u00adne\u00adment de Madrid.&nbsp;<\/p>\n<p>On peut conclure en affir\u00admant que la gr\u00e8ve g\u00e9n\u00e9\u00adrale et le sou\u00adl\u00e8\u00adve\u00adment n\u2019au\u00adront eu d\u2019autre r\u00e9sul\u00adtat que de sau\u00adver la r\u00e9pu\u00adblique bour\u00adgeoise d\u2019Es\u00adpagne, mena\u00adc\u00e9e \u00e0 droite par la r\u00e9ac\u00adtion monar\u00adchiste et fas\u00adciste et \u00e0 gauche par les forces r\u00e9volutionnaires.&nbsp;<\/p>\n<p>Quant \u00e0 croire que M.&nbsp;Ler\u00adroux et ses amis radi\u00adcaux mani\u00adfes\u00adte\u00adront quelque recon\u00adnais\u00adsance au peuple espa\u00adgnol pour avoir sau\u00adv\u00e9 <sc>leur<\/sc> R\u00e9pu\u00adblique, il fau\u00addrait \u00eatre bien na\u00eff pour&nbsp;cela&nbsp;!<\/p>\n<p>[\/G.\/]<\/p>\n<\/div>\n<\/div>\n","protected":false},"excerpt":{"rendered":"<p>Le mou\u00adve\u00adment r\u00e9vo\u00adlu\u00adtion\u00adnaire, qui vient de s\u2019a\u00adche\u00adver en Espagne par le triomphe du gou\u00adver\u00adne\u00adment Ler\u00adroux, n\u2019offre qu\u2019un int\u00e9\u00adr\u00eat rela\u00adtif dans le plan social, c\u2019est-\u00e0-dire de l\u2019\u00e9\u00adman\u00adci\u00adpa\u00adtion du pro\u00adl\u00e9\u00adta\u00adriat espa\u00adgnol.&nbsp; L\u2019exa\u00admen objec\u00adtif des faits per\u00admet en effet de pla\u00adcer ce mou\u00adve\u00adment, y com\u00adpris la gr\u00e8ve g\u00e9n\u00e9\u00adrale, dans le cadre des \u00e9v\u00e9\u00adne\u00adments sp\u00e9\u00adci\u00adfi\u00adque\u00adment \u00ab&nbsp;poli\u00adtiques&nbsp;\u00bb. La jeune r\u00e9publique&nbsp;[\u2026]<\/p>\n","protected":false},"author":1,"featured_media":0,"comment_status":"closed","ping_status":"closed","sticky":false,"template":"","format":"standard","meta":{"wp_typography_post_enhancements_disabled":false,"footnotes":""},"categories":[491],"tags":[],"ppma_author":[540],"class_list":["post-3988","post","type-post","status-publish","format-standard","hentry","category-la-conquete-du-pain-n2-20-octobre-1934"],"authors":[{"term_id":540,"user_id":1,"is_guest":0,"slug":"admin_3gikpwyf","display_name":"Vincent Dubuc","avatar_url":"https:\/\/secure.gravatar.com\/avatar\/d015720652c25fd2ced191ade86430094e1f288a17483713e3b34d26dea52507?s=96&d=mm&r=g","author_category":"","user_url":"https:\/\/la-presse-anarchiste.net","last_name":"Dubuc","first_name":"Vincent","job_title":"","description":""}],"_links":{"self":[{"href":"https:\/\/la-presse-anarchiste.net\/index.php\/wp-json\/wp\/v2\/posts\/3988","targetHints":{"allow":["GET"]}}],"collection":[{"href":"https:\/\/la-presse-anarchiste.net\/index.php\/wp-json\/wp\/v2\/posts"}],"about":[{"href":"https:\/\/la-presse-anarchiste.net\/index.php\/wp-json\/wp\/v2\/types\/post"}],"author":[{"embeddable":true,"href":"https:\/\/la-presse-anarchiste.net\/index.php\/wp-json\/wp\/v2\/users\/1"}],"replies":[{"embeddable":true,"href":"https:\/\/la-presse-anarchiste.net\/index.php\/wp-json\/wp\/v2\/comments?post=3988"}],"version-history":[{"count":0,"href":"https:\/\/la-presse-anarchiste.net\/index.php\/wp-json\/wp\/v2\/posts\/3988\/revisions"}],"wp:attachment":[{"href":"https:\/\/la-presse-anarchiste.net\/index.php\/wp-json\/wp\/v2\/media?parent=3988"}],"wp:term":[{"taxonomy":"category","embeddable":true,"href":"https:\/\/la-presse-anarchiste.net\/index.php\/wp-json\/wp\/v2\/categories?post=3988"},{"taxonomy":"post_tag","embeddable":true,"href":"https:\/\/la-presse-anarchiste.net\/index.php\/wp-json\/wp\/v2\/tags?post=3988"},{"taxonomy":"author","embeddable":true,"href":"https:\/\/la-presse-anarchiste.net\/index.php\/wp-json\/wp\/v2\/ppma_author?post=3988"}],"curies":[{"name":"wp","href":"https:\/\/api.w.org\/{rel}","templated":true}]}}