{"id":3992,"date":"2020-06-15T03:21:21","date_gmt":"2020-06-15T03:21:21","guid":{"rendered":"https:\/\/la-presse-anarchiste.net\/index.php\/2020\/06\/15\/le-colonialisme-fleau-mondial-2\/"},"modified":"2020-06-15T03:21:21","modified_gmt":"2020-06-15T03:21:21","slug":"le-colonialisme-fleau-mondial-2","status":"publish","type":"post","link":"https:\/\/la-presse-anarchiste.net\/index.php\/2020\/06\/15\/le-colonialisme-fleau-mondial-2\/","title":{"rendered":"Le colonialisme fl\u00e9au mondial"},"content":{"rendered":"<div class=\"pdfprnt-buttons pdfprnt-buttons-post pdfprnt-top-right\"><a href=\"https:\/\/la-presse-anarchiste.net\/index.php\/wp-json\/wp\/v2\/posts\/3992?print=pdf\" class=\"pdfprnt-button pdfprnt-button-pdf\" target=\"_blank\"><img decoding=\"async\" src=\"https:\/\/la-presse-anarchiste.net\/wp-content\/plugins\/pdf-print\/images\/pdf.png\" alt=\"image_pdf\" title=\"Afficher le PDF\"><\/a><a href=\"https:\/\/la-presse-anarchiste.net\/index.php\/wp-json\/wp\/v2\/posts\/3992?print=print\" class=\"pdfprnt-button pdfprnt-button-print\" target=\"_blank\"><img decoding=\"async\" src=\"https:\/\/la-presse-anarchiste.net\/wp-content\/plugins\/pdf-print\/images\/print.png\" alt=\"image_print\" title=\"Contenu imprim\u00e9\"><\/a><\/div><div align=\"justify\">\n<div style=\"text-indent: 1cm\">\n<p>Les colo\u00adniaux fran\u00ad\u00e7ais affir\u00admaient volon\u00adtiers que la poli\u00adtique colo\u00adniale fran\u00ad\u00e7aise dif\u00adf\u00e8re de celles anglaise ou hol\u00adlan\u00addaise, et que cette dif\u00adf\u00e9\u00adrence est \u00e0 son avan\u00adtage, \u00e9tant don\u00adn\u00e9 son lib\u00e9ralisme.<\/p>\n<p>Cette affir\u00adma\u00adtion ne consti\u00adtue qu\u2019une hypo\u00adcri\u00adsie de plus \u00e0 l\u2019ac\u00adtif du colo\u00adnia\u00adlisme fran\u00ad\u00e7ais et ne sert qu\u2019\u00e0 per\u00admettre \u00e0 une presse sti\u00adpen\u00addi\u00e9e de van\u00adter les bien\u00adfaits de la civi\u00adli\u00adsa\u00adtion fran\u00ad\u00e7aise, g\u00e9n\u00e9\u00adreu\u00adse\u00adment appor\u00adt\u00e9e aux indi\u00adg\u00e8nes par une admi\u00adnis\u00adtra\u00adtion tut\u00e9laire.<\/p>\n<p>Au demeu\u00adrant, le but stric\u00adte\u00adment \u00e9go\u00efste et mer\u00adcan\u00adtile de la colo\u00adni\u00adsa\u00adtion fut publi\u00adque\u00adment recon\u00adnu par maints hommes poli\u00adtiques inves\u00adtis de fonc\u00adtions colo\u00adniales et Mau\u00adrice Vio\u00adlette \u2013 homme de \u00ab&nbsp;gauche&nbsp;\u00bb \u2013 et gou\u00adver\u00adneur g\u00e9n\u00e9\u00adral de l\u2019Al\u00adg\u00e9\u00adrie, recon\u00adnait dans son fameux rap\u00adport sur le bud\u00adget des Colo\u00adnies que \u00ab&nbsp;<i>sou\u00adte\u00adnir que la colo\u00adni\u00adsa\u00adtion est domi\u00adn\u00e9e par une id\u00e9e d\u00e9s\u00adin\u00adt\u00e9\u00adres\u00ads\u00e9e de por\u00adter la civi\u00adli\u00adsa\u00adtion \u00e0 des indi\u00adg\u00e8nes consti\u00adtue une hypo\u00adcri\u00adsie<\/i>&nbsp;\u00bb.<\/p>\n<p>On retrou\u00adve\u00adrait faci\u00adle\u00adment de sem\u00adblables aveux dans la bouche ou sous la plume des Sar\u00adraut, Auga\u00adgneur, Dou\u00admer et autres pro\u00adcon\u00adsuls exo\u00adtiques de Marianne.<\/p>\n<p>Cette v\u00e9ri\u00adt\u00e9 g\u00e9n\u00e9\u00adrale \u00e9ta\u00adblie, exa\u00admi\u00adnons le bilan du colo\u00adnia\u00adlisme dans celle qui fut la plus pros\u00adp\u00e8re des colo\u00adnies fran\u00ad\u00e7aises&nbsp;: l\u2019Indochine.<\/p>\n<p>Ce vaste pays com\u00adprend en fait une \u00ab&nbsp;colo\u00adnie&nbsp;\u00bb au sens propre du mot&nbsp;: la Cochin\u00adchine, l\u2019empire d\u2019Annam \u00ab&nbsp;pro\u00adt\u00e9\u00adg\u00e9&nbsp;\u00bb, le pro\u00adtec\u00adto\u00adrat du Ton\u00adkin et le royaume du Cam\u00adbodge \u00e9ga\u00adle\u00adment \u00ab&nbsp;prot\u00e9g\u00e9&nbsp;\u00bb.<\/p>\n<p>Ces vastes pays furent conquis de haute lutte par l\u2019a\u00admi\u00adral Cour\u00adbet et ses suc\u00adces\u00adseurs et les atro\u00adci\u00adt\u00e9s de la conqu\u00eate pour\u00adraient faire l\u2019ob\u00adjet d\u2019un long et dra\u00adma\u00adtique r\u00e9cit. Il ne fau\u00addrait pas croire que le sou\u00adve\u00adnir de ces atro\u00adci\u00adt\u00e9s est abo\u00adli dans l\u2019es\u00adprit des indig\u00e8nes.<\/p>\n<p>Certes, les com\u00admu\u00adni\u00adqu\u00e9s offi\u00adciels vantent les bien\u00adfaits de la \u00ab&nbsp;paix fran\u00ad\u00e7aise&nbsp;\u00bb, mais c\u2019est l\u00e0 ver\u00adbiage pur, et les Anna\u00admites savent fort bien \u00e0 quoi s\u2019en tenir sur leurs \u00ab&nbsp;pro\u00adtec\u00adteurs&nbsp;\u00bb et ma\u00eetres.<\/p>\n<p>Pour \u00eatre objec\u00adtif et impar\u00adtial, il faut recon\u00adna\u00eetre que les Fran\u00ad\u00e7ais ont appor\u00adt\u00e9 en Indo\u00adchine de r\u00e9els pro\u00adgr\u00e8s mat\u00e9\u00adriels&nbsp;: routes, che\u00admins de fer ins\u00adtruc\u00adtion etc. Mais ces apports se fussent faits par la seule force des choses et sur\u00adtout ils eussent pu se r\u00e9a\u00adli\u00adser dans la liber\u00adt\u00e9, ain\u00adsi que le prouve sur\u00adabon\u00addam\u00adment l\u2019\u00e9\u00advo\u00adlu\u00adtion du Siam, royaume voi\u00adsin de l\u2019Indochine, et o\u00f9 depuis 1926 il n\u2019existe plus un seul fonc\u00adtion\u00adnaire europ\u00e9en.<\/p>\n<p>Et quand on parle de l\u2019instruction appor\u00adt\u00e9e aux indi\u00adg\u00e8nes, il ne faut pas oublier qu\u2019il y a quelques ann\u00e9es encore les petits Anna\u00admites \u00e2non\u00adnaient une \u00ab&nbsp;<i>His\u00adtoire<\/i>&nbsp;\u00bb com\u00admen\u00ad\u00e7ant par ces mots&nbsp;: \u00ab&nbsp;Nos anc\u00eatres les Gau\u00adlois aux yeux bleus&nbsp;!\u2026&nbsp;\u00bb. Ici le gro\u00adtesque se joint \u00e0 l\u2019odieux.<\/p>\n<p>Il ne faut pas oublier non plus qu\u2019un fonc\u00adtion\u00adnaire anna\u00admite, ayant les m\u00eames dipl\u00f4mes qu\u2019un fonc\u00adtion\u00adnaire fran\u00ad\u00e7ais, per\u00ad\u00e7oit des \u00e9mo\u00adlu\u00adments qui n\u2019at\u00adteignent pas le tiers de ceux du \u00ab&nbsp;conqu\u00e9rant&nbsp;\u00bb.<\/p>\n<p>Quant aux pro\u00adgr\u00e8s mat\u00e9\u00adriels \u2013 routes, che\u00admins de fer, indus\u00adtries, etc. \u2013 si la classe riche anna\u00admite en pro\u00adfite incon\u00adtes\u00adta\u00adble\u00adment, la masse du peuple n\u2019en conna\u00eet, elle, que les durs tra\u00advaux r\u00e9tri\u00adbu\u00e9s \u00e0 des salaires de famine et la \u00ab&nbsp;cadouille&nbsp;\u00bb des surveillants.<\/p>\n<p>Veut-on des exemples&nbsp;?<\/p>\n<p>La culture du caou\u00adtchouc a n\u00e9ces\u00adsi\u00adt\u00e9 le d\u00e9fri\u00adche\u00adment de mil\u00adliers d\u2019hec\u00adtares de for\u00eat vierge, main\u00adte\u00adnant plan\u00adt\u00e9s d\u2019h\u00e9\u00adv\u00e9as. La main\u2011d\u2019\u0153uvre n\u00e9ces\u00adsaire \u00e0 ces tra\u00advaux est recru\u00adt\u00e9e dans les vil\u00adlages ton\u00adki\u00adnois par d\u2019o\u00addieux indi\u00advi\u00addus d\u00e9nom\u00adm\u00e9s \u00ab&nbsp;recru\u00adteurs de coolies&nbsp;\u00bb.<\/p>\n<p>La m\u00e9thode de ce recru\u00adte\u00adment rap\u00adpelle f\u00e2cheu\u00adse\u00adment celles de la \u00ab&nbsp;<i>presse<\/i>&nbsp;\u00bb de jadis dans la marine royale et la plu\u00adpart du temps les mal\u00adheu\u00adreux coo\u00adlies signent, sans savoir lire, un contrat qui les lie pour 3 ans, et fait d\u2019eux les esclaves des planteurs.<\/p>\n<p>Veut-on savoir, en outre, com\u00adment sont trai\u00adt\u00e9s ces mal\u00adheu\u00adreux&nbsp;? Embar\u00adqu\u00e9s, ou plu\u00adt\u00f4t entas\u00ads\u00e9s, dans l\u2019en\u00adtre\u00adpont d\u2019un navire, ils ne d\u00e9barquent que pour \u00eatre entas\u00ads\u00e9s dans des camions <i>grill\u00e9s<\/i> et conduits comme un trou\u00adpeau sur le lieu de leur esclavage.<\/p>\n<p>Sait-on, en outre, les ravages que font les mala\u00addies, la sous-ali\u00admen\u00adta\u00adtion et les mau\u00advais trai\u00adte\u00adments par\u00admi ces malheureux&nbsp;?<\/p>\n<p>Un exemple entre&nbsp;cent&nbsp;:&nbsp;<\/p>\n<p>Sur les plan\u00adta\u00adtions Miche\u00adlin \u00e0 Soa\u00adrieng, \u00e0 la fron\u00adti\u00e8re de la Cochin\u00adchine et du Cam\u00adbodge, lors du d\u00e9fri\u00adche\u00adment, il y eut sur l\u2019ef\u00adfec\u00adtif des coo\u00adlies une mor\u00adta\u00adli\u00adt\u00e9 s\u2019\u00e9\u00adle\u00advant au chiffre incroyable de 85&nbsp;%. On a bien lu&nbsp;: sur cent mal\u00adheu\u00adreux recru\u00adt\u00e9s, 15 seule\u00adment sur\u00adv\u00e9\u00adcurent&nbsp;!\u2026 (chiffres officiels).<\/p>\n<p>Ces chiffres se passent de commentaires&nbsp;!<\/p>\n<p>Et ce qui est vrai pour les plan\u00adta\u00adtions l\u2019est, h\u00e9las, pour les entre\u00adprises ouvri\u00e8res, pour les usines quelles qu\u2019elles soient, en un mot pour toute la main\u2011d\u2019\u0153uvre indi\u00adg\u00e8ne, \u00e0 de rares excep\u00adtions&nbsp;pr\u00e8s.<\/p>\n<p>Dor\u00adge\u00adl\u00e8s, dans la <i>Route man\u00adda\u00adrine<\/i>, a tra\u00adc\u00e9 une sombre pein\u00adture des char\u00adbon\u00adnages d\u2019Honga\u00ef, au Ton\u00adkin. Cette pein\u00adture n\u2019est que la faible expres\u00adsion de la v\u00e9rit\u00e9.<\/p>\n<p>L\u2019in\u00addus\u00adtrie tex\u00adtile ne le c\u00e8de en rien aux autres. Les ouvriers y tra\u00advaillent plus de 12 heures par jour pour un salaire de quelques cents (envi\u00adron 1 fr. 50), et tout est \u00e0 l\u2019avenant.<\/p>\n<p>Il est bien \u00e9vident qu\u2019un tel r\u00e9gime entra\u00eene par\u00adfois des r\u00e9voltes. On retrouve assas\u00adsi\u00adn\u00e9 un beau matin quelque sur\u00adveillant par trop f\u00e9roce. C\u2019est alors la r\u00e9pres\u00adsion impitoyable.<\/p>\n<p>De plus, tout coo\u00adlie de plan\u00adta\u00adtion qui, las de souf\u00adfrir, s\u2019\u00e9\u00advade et gagne la brousse, est consi\u00add\u00e9\u00adr\u00e9 comme d\u00e9ser\u00adteur et tra\u00adqu\u00e9 par la force publique comme un for\u00ad\u00e7at&nbsp;\u00e9vad\u00e9.<\/p>\n<p>Mais cette masse, mal\u00adtrai\u00adt\u00e9e, affa\u00adm\u00e9e, est bonne cepen\u00addant \u00e0 payer l\u2019im\u00adp\u00f4t&nbsp;! Et mal\u00adheur \u00e0 qui ne paie point&nbsp;: c\u2019est la pour\u00adsuite impla\u00adcable, la vente des hardes et l\u2019a\u00adtroce mis\u00e8re qui dans le Del\u00adta ton\u00adki\u00adnois affa\u00adma des vil\u00adlages entiers.<\/p>\n<p>On pour\u00adrait \u00e9crire de longs cha\u00adpitres sur les m\u00e9faits du colo\u00adnia\u00adlisme en Indo\u00adchine. R\u00e9su\u00admons-nous&nbsp;: Chaque route, chaque plan\u00adta\u00adtion, chaque mine ne s\u2019\u00e9\u00addi\u00adfient qu\u2019au prix de la mort et de la dou\u00adleur de mil\u00adliers d\u2019\u00eatres humains, et ce n\u2019est pas une exa\u00adg\u00e9\u00adra\u00adtion que la m\u00e9ta\u00adphore d\u2019un \u00e9cri\u00advain qui d\u00e9nom\u00admait \u00ab&nbsp;caou\u00adtchouc rouge&nbsp;\u00bb le pro\u00adduit des plan\u00adta\u00adtions d\u2019h\u00e9v\u00e9as.<\/p>\n<p>Rouge&nbsp;? oui&nbsp;! du sang des mal\u00adheu\u00adreux coolies&nbsp;!<\/p>\n<p>Un tel \u00e9tat de choses ne peut qu\u2019en\u00adgen\u00addrer la haine et la r\u00e9volte.<\/p>\n<p>Ain\u00adsi s\u2019ex\u00adpliquent les tra\u00adgiques \u00e9v\u00e9\u00adne\u00adments de 1930, et on sait com\u00adment fut r\u00e9pri\u00adm\u00e9, \u00e0 Yen-Ba\u00ef et ailleurs, le mou\u00adve\u00adment de l\u00e9gi\u00adtime r\u00e9volte du peuple d\u2019Annam.<\/p>\n<p>[\/\u200b<sc>G\u00e9nold<\/sc>\/\u200b]<\/p>\n<\/div>\n<\/div>\n","protected":false},"excerpt":{"rendered":"<p>Les colo\u00adniaux fran\u00ad\u00e7ais affir\u00admaient volon\u00adtiers que la poli\u00adtique colo\u00adniale fran\u00ad\u00e7aise dif\u00adf\u00e8re de celles anglaise ou hol\u00adlan\u00addaise, et que cette dif\u00adf\u00e9\u00adrence est \u00e0 son avan\u00adtage, \u00e9tant don\u00adn\u00e9 son lib\u00e9\u00adra\u00adlisme. Cette affir\u00adma\u00adtion ne consti\u00adtue qu\u2019une hypo\u00adcri\u00adsie de plus \u00e0 l\u2019ac\u00adtif du colo\u00adnia\u00adlisme fran\u00ad\u00e7ais et ne sert qu\u2019\u00e0 per\u00admettre \u00e0 une presse sti\u00adpen\u00addi\u00e9e de van\u00adter les bien\u00adfaits&nbsp;de&nbsp;[\u2026]<\/p>\n","protected":false},"author":1,"featured_media":0,"comment_status":"closed","ping_status":"closed","sticky":false,"template":"","format":"standard","meta":{"wp_typography_post_enhancements_disabled":false,"footnotes":""},"categories":[491],"tags":[],"ppma_author":[540],"class_list":["post-3992","post","type-post","status-publish","format-standard","hentry","category-la-conquete-du-pain-n2-20-octobre-1934"],"authors":[{"term_id":540,"user_id":1,"is_guest":0,"slug":"admin_3gikpwyf","display_name":"Vincent Dubuc","avatar_url":"https:\/\/secure.gravatar.com\/avatar\/d015720652c25fd2ced191ade86430094e1f288a17483713e3b34d26dea52507?s=96&d=mm&r=g","author_category":"","user_url":"https:\/\/la-presse-anarchiste.net","last_name":"Dubuc","first_name":"Vincent","job_title":"","description":""}],"_links":{"self":[{"href":"https:\/\/la-presse-anarchiste.net\/index.php\/wp-json\/wp\/v2\/posts\/3992","targetHints":{"allow":["GET"]}}],"collection":[{"href":"https:\/\/la-presse-anarchiste.net\/index.php\/wp-json\/wp\/v2\/posts"}],"about":[{"href":"https:\/\/la-presse-anarchiste.net\/index.php\/wp-json\/wp\/v2\/types\/post"}],"author":[{"embeddable":true,"href":"https:\/\/la-presse-anarchiste.net\/index.php\/wp-json\/wp\/v2\/users\/1"}],"replies":[{"embeddable":true,"href":"https:\/\/la-presse-anarchiste.net\/index.php\/wp-json\/wp\/v2\/comments?post=3992"}],"version-history":[{"count":0,"href":"https:\/\/la-presse-anarchiste.net\/index.php\/wp-json\/wp\/v2\/posts\/3992\/revisions"}],"wp:attachment":[{"href":"https:\/\/la-presse-anarchiste.net\/index.php\/wp-json\/wp\/v2\/media?parent=3992"}],"wp:term":[{"taxonomy":"category","embeddable":true,"href":"https:\/\/la-presse-anarchiste.net\/index.php\/wp-json\/wp\/v2\/categories?post=3992"},{"taxonomy":"post_tag","embeddable":true,"href":"https:\/\/la-presse-anarchiste.net\/index.php\/wp-json\/wp\/v2\/tags?post=3992"},{"taxonomy":"author","embeddable":true,"href":"https:\/\/la-presse-anarchiste.net\/index.php\/wp-json\/wp\/v2\/ppma_author?post=3992"}],"curies":[{"name":"wp","href":"https:\/\/api.w.org\/{rel}","templated":true}]}}