{"id":3997,"date":"2020-06-15T03:21:03","date_gmt":"2020-06-15T03:21:03","guid":{"rendered":"https:\/\/la-presse-anarchiste.net\/index.php\/2020\/06\/15\/couches-sociales-en-u-r-s-s-et-chez-nous\/"},"modified":"2020-06-15T03:21:03","modified_gmt":"2020-06-15T03:21:03","slug":"couches-sociales-en-u-r-s-s-et-chez-nous","status":"publish","type":"post","link":"https:\/\/la-presse-anarchiste.net\/index.php\/2020\/06\/15\/couches-sociales-en-u-r-s-s-et-chez-nous\/","title":{"rendered":"Couches sociales en U.R.S.S\u2026 et chez&nbsp;nous"},"content":{"rendered":"<div class=\"pdfprnt-buttons pdfprnt-buttons-post pdfprnt-top-right\"><a href=\"https:\/\/la-presse-anarchiste.net\/index.php\/wp-json\/wp\/v2\/posts\/3997?print=pdf\" class=\"pdfprnt-button pdfprnt-button-pdf\" target=\"_blank\"><img decoding=\"async\" src=\"https:\/\/la-presse-anarchiste.net\/wp-content\/plugins\/pdf-print\/images\/pdf.png\" alt=\"image_pdf\" title=\"Afficher le PDF\"><\/a><a href=\"https:\/\/la-presse-anarchiste.net\/index.php\/wp-json\/wp\/v2\/posts\/3997?print=print\" class=\"pdfprnt-button pdfprnt-button-print\" target=\"_blank\"><img decoding=\"async\" src=\"https:\/\/la-presse-anarchiste.net\/wp-content\/plugins\/pdf-print\/images\/print.png\" alt=\"image_print\" title=\"Contenu imprim\u00e9\"><\/a><\/div><div align=\"justify\">\n<div style=\"text-indent: 1cm\">\n<p>M.&nbsp;de Kerillis est all\u00e9 en Rus\u00adsie. C\u2019est de mode d\u2019al\u00adler voir ce qui se passe au pays de l\u2019homme-au-cou\u00adteau-entre-les-dents&nbsp;; l\u00e0 il a fait des d\u00e9cou\u00advertes. \u00ab&nbsp;Cinq couches, dit-il, s\u2019ob\u00adservent d\u00e9j\u00e0 tr\u00e8s distinctement&nbsp;:<\/p>\n<p>\u00ab&nbsp;<b>Pre\u00admi\u00e8re couche<\/b>. Les t\u00eates du par\u00adti&nbsp;; les hauts fonc\u00adtion\u00adnaires&nbsp;; les chefs de l\u2019ar\u00adm\u00e9e et de la Gu\u00e9\u00adp\u00e9ou&nbsp;; les grands \u00e9cri\u00advains. (Je vous recom\u00admande de jeter un regard sur la luxueuse vil\u00adla de Maxime Gorki&nbsp;!)&nbsp;<\/p>\n<p>\u00ab&nbsp;<b>Deuxi\u00e8me couche.<\/b> Les ing\u00e9\u00adnieurs&nbsp;; les tech\u00adni\u00adciens&nbsp;; les intel\u00adlec\u00adtuels&nbsp;; les m\u00e9decins.<\/p>\n<p>\u00ab&nbsp;<b>Troi\u00adsi\u00e8me couche.<\/b> Les oudar\u00adniks (c\u2019est-\u00e0-dire les ouvriers de choc) et les membres subal\u00adternes du par\u00adti et de la Gu\u00e9p\u00e9ou.<\/p>\n<p>\u00ab&nbsp;<b>Qua\u00adtri\u00e8me couche.<\/b> La masse esclave des pay\u00adsans et des ouvriers.&nbsp;<\/p>\n<p>\u00ab&nbsp;<b>Cin\u00adqui\u00e8me couche.<\/b> Les \u00ab&nbsp;intou\u00adchables&nbsp;\u00bb, c\u2019est-\u00e0-dire les pros\u00adcrits et les exclus&nbsp;: anciens nobles, anciens kou\u00adlaks, anciens com\u00admer\u00ad\u00e7ants, popes, rab\u00adbins, sus\u00adpects politiques.<\/p>\n<p>\u00ab&nbsp;Ces classes se dif\u00adf\u00e9\u00adren\u00adcient par le salaire, le stan\u00addard de vie, la tenue ves\u00adti\u00admen\u00adtaire et, bien enten\u00addu, par les condi\u00adtions de loge\u00adment et l\u2019alimentation.&nbsp;\u00bb<\/p>\n<p>Comme nous n\u2019a\u00advons pas les moyens d\u2019en\u00advoyer des envoy\u00e9s sp\u00e9\u00adciaux, nous avons pen\u00ads\u00e9 faire un voyage cir\u00adcu\u00adlaire \u00e0 Paris dans la Seine et nous avons obser\u00adv\u00e9 nous aus\u00adsi, cinq couches.<\/p>\n<p><b>Pre\u00admi\u00e8re couche.<\/b> Les ma\u00eetres&nbsp;: les soci\u00e9\u00adt\u00e9s finan\u00adci\u00e8res et indus\u00adtrielles, les trusts commerciaux.<\/p>\n<p><b>Deuxi\u00e8me couche.<\/b> Les poli\u00adti\u00adciens, classe inter\u00adm\u00e9\u00addiaire, don\u00adnant l\u2019illusion de l\u2019autorit\u00e9.<\/p>\n<p><b>Troi\u00adsi\u00e8me, couche.<\/b> Les para\u00adsites&nbsp;: inter\u00adm\u00e9\u00addiaires, mer\u00adcan\u00adtis, d\u00e9mar\u00adcheurs, poli\u00adciers, les hauts fonc\u00adtion\u00adnaires de l\u2019\u00c9tat, les militaires.<\/p>\n<p><b>Qua\u00adtri\u00e8me couche.<\/b> Les valets&nbsp;: jour\u00adna\u00adlistes, gens de plume, membres d\u2019acad\u00e9mies, de soci\u00e9\u00adt\u00e9s intellectuelles.<\/p>\n<p><b>Cin\u00adqui\u00e8me couche.<\/b> Les pro\u00adduc\u00adteurs&nbsp;: les ing\u00e9\u00adnieurs, les m\u00e9de\u00adcins, les manuels, les agri\u00adcul\u00adteurs, tous ceux dont le labeur cr\u00e9e des richesses.<\/p>\n<p>Il y aurait une sixi\u00e8me couche, celle des ch\u00f4meurs.<\/p>\n<p>Ces dif\u00adf\u00e9\u00adrentes couches, comme en Rus\u00adsie, se dif\u00adf\u00e9\u00adren\u00adcient par le salaire, le stan\u00addard de vie, le loge\u00adment, l\u2019a\u00adli\u00admen\u00adta\u00adtion,&nbsp;etc.<\/p>\n<p>Les palaces ne sont pas habi\u00adt\u00e9s par des travailleurs.<\/p>\n<p>II y a six cent mille autos dans Paris mais l\u2019ou\u00advrier prend le&nbsp;m\u00e9tro.<\/p>\n<p>De m\u00eame qu\u2019il y a des tailleurs sur mesures pour les for\u00adtu\u00adn\u00e9s et la confec\u00adtion des maga\u00adsins pour la roture&nbsp;; des quar\u00adtiers salubres, des arron\u00addis\u00adse\u00adments et une zone qui d\u00e9ciment leurs habi\u00adtants&nbsp;; un luxe inso\u00adlent et une mis\u00e8re immense, des reli\u00adgieux bien gras et des la\u00efcs fam\u00e9\u00adliques, des monar\u00adchistes \u00e0 leur aise dans la R\u00e9pu\u00adblique, des r\u00e9pu\u00adbli\u00adcains pros\u00adcrits \u00e0 la San\u00adt\u00e9, \u00e0 la Petite-Roquette, \u00e0 Fresnes, etc.<\/p>\n<p>L\u2019in\u00adjus\u00adtice, la mis\u00e8re, en un mot toutes les tares inh\u00e9\u00adrentes \u00e0 une soci\u00e9\u00adt\u00e9 civilis\u00e9e<\/p>\n<p>\u2026 Il y a l\u00e0 mati\u00e8re \u00e0 articles que le valet de plume Kerillis ne fera pas, car il importe \u00e0 ses ma\u00eetres de d\u00e9cou\u00advrir les tares ailleurs et de cacher soi\u00adgneu\u00adse\u00adment les n\u00f4tres.<\/p>\n<p>[\/N\u2026\/]<\/p>\n<\/div><\/div>","protected":false},"excerpt":{"rendered":"<p>M.&nbsp;de Kerillis est all\u00e9 en Rus\u00adsie. C\u2019est de mode d\u2019al\u00adler voir ce qui se passe au pays de l\u2019homme-au-cou\u00adteau-entre-les-dents&nbsp;; l\u00e0 il a fait des d\u00e9cou\u00advertes. \u00ab&nbsp;Cinq couches, dit-il, s\u2019ob\u00adservent d\u00e9j\u00e0 tr\u00e8s dis\u00adtinc\u00adte\u00adment&nbsp;: \u00ab&nbsp;Pre\u00admi\u00e8re couche. Les t\u00eates du par\u00adti&nbsp;; les hauts fonc\u00adtion\u00adnaires&nbsp;; les chefs de l\u2019ar\u00adm\u00e9e et de la Gu\u00e9\u00adp\u00e9ou&nbsp;; les grands \u00e9cri\u00advains. (Je vous recommande&nbsp;[\u2026]<\/p>\n","protected":false},"author":1,"featured_media":0,"comment_status":"closed","ping_status":"closed","sticky":false,"template":"","format":"standard","meta":{"wp_typography_post_enhancements_disabled":false,"footnotes":""},"categories":[491],"tags":[],"ppma_author":[540],"class_list":["post-3997","post","type-post","status-publish","format-standard","hentry","category-la-conquete-du-pain-n2-20-octobre-1934"],"authors":[{"term_id":540,"user_id":1,"is_guest":0,"slug":"admin_3gikpwyf","display_name":"Vincent Dubuc","avatar_url":"https:\/\/secure.gravatar.com\/avatar\/d015720652c25fd2ced191ade86430094e1f288a17483713e3b34d26dea52507?s=96&d=mm&r=g","author_category":"","user_url":"https:\/\/la-presse-anarchiste.net","last_name":"Dubuc","first_name":"Vincent","job_title":"","description":""}],"_links":{"self":[{"href":"https:\/\/la-presse-anarchiste.net\/index.php\/wp-json\/wp\/v2\/posts\/3997","targetHints":{"allow":["GET"]}}],"collection":[{"href":"https:\/\/la-presse-anarchiste.net\/index.php\/wp-json\/wp\/v2\/posts"}],"about":[{"href":"https:\/\/la-presse-anarchiste.net\/index.php\/wp-json\/wp\/v2\/types\/post"}],"author":[{"embeddable":true,"href":"https:\/\/la-presse-anarchiste.net\/index.php\/wp-json\/wp\/v2\/users\/1"}],"replies":[{"embeddable":true,"href":"https:\/\/la-presse-anarchiste.net\/index.php\/wp-json\/wp\/v2\/comments?post=3997"}],"version-history":[{"count":0,"href":"https:\/\/la-presse-anarchiste.net\/index.php\/wp-json\/wp\/v2\/posts\/3997\/revisions"}],"wp:attachment":[{"href":"https:\/\/la-presse-anarchiste.net\/index.php\/wp-json\/wp\/v2\/media?parent=3997"}],"wp:term":[{"taxonomy":"category","embeddable":true,"href":"https:\/\/la-presse-anarchiste.net\/index.php\/wp-json\/wp\/v2\/categories?post=3997"},{"taxonomy":"post_tag","embeddable":true,"href":"https:\/\/la-presse-anarchiste.net\/index.php\/wp-json\/wp\/v2\/tags?post=3997"},{"taxonomy":"author","embeddable":true,"href":"https:\/\/la-presse-anarchiste.net\/index.php\/wp-json\/wp\/v2\/ppma_author?post=3997"}],"curies":[{"name":"wp","href":"https:\/\/api.w.org\/{rel}","templated":true}]}}