{"id":4004,"date":"2020-06-15T03:20:57","date_gmt":"2020-06-15T03:20:57","guid":{"rendered":"https:\/\/la-presse-anarchiste.net\/index.php\/2020\/06\/15\/anarchie-2\/"},"modified":"2020-06-15T03:20:57","modified_gmt":"2020-06-15T03:20:57","slug":"anarchie-2","status":"publish","type":"post","link":"https:\/\/la-presse-anarchiste.net\/index.php\/2020\/06\/15\/anarchie-2\/","title":{"rendered":"Anarchie"},"content":{"rendered":"<div class=\"pdfprnt-buttons pdfprnt-buttons-post pdfprnt-top-right\"><a href=\"https:\/\/la-presse-anarchiste.net\/index.php\/wp-json\/wp\/v2\/posts\/4004?print=pdf\" class=\"pdfprnt-button pdfprnt-button-pdf\" target=\"_blank\"><img decoding=\"async\" src=\"https:\/\/la-presse-anarchiste.net\/wp-content\/plugins\/pdf-print\/images\/pdf.png\" alt=\"image_pdf\" title=\"Afficher le PDF\"><\/a><a href=\"https:\/\/la-presse-anarchiste.net\/index.php\/wp-json\/wp\/v2\/posts\/4004?print=print\" class=\"pdfprnt-button pdfprnt-button-print\" target=\"_blank\"><img decoding=\"async\" src=\"https:\/\/la-presse-anarchiste.net\/wp-content\/plugins\/pdf-print\/images\/print.png\" alt=\"image_print\" title=\"Contenu imprim\u00e9\"><\/a><\/div><div align=\"justify\">\n<div style=\"text-indent: 1cm\">\n<p>L\u2019a\u00adnar\u00adchie est la plus haute concep\u00adtion morale et sociale de la vie, parce qu\u2019elle impose \u00e0 l\u2019\u00e9\u00adgo\u00efsme la t\u00e2che de pour\u00advoir \u00e9ga\u00adle\u00adment aux aspi\u00adra\u00adtions mat\u00e9\u00adrielles de tous et de faire que la liber\u00adt\u00e9 condi\u00adtionne les rap\u00adports de cha\u00adcun \u00e0&nbsp;tous.&nbsp;<\/p>\n<p>L\u2019a\u00adnar\u00adchie repr\u00e9\u00adsente la subor\u00addi\u00adna\u00adtion des fac\u00adteurs \u00e9co\u00adno\u00admiques \u00e0 l\u2019intelligence, \u00e0 des concepts moraux. L\u2019\u00e9\u00advo\u00adlu\u00adtion sociale n\u2019est plus la cons\u00e9\u00adquence d\u2019un d\u00e9ter\u00admi\u00adnisme \u00e9co\u00adno\u00admique r\u00e9a\u00adli\u00ads\u00e9 par l\u2019a\u00adveu\u00adgle\u00adment de l\u2019ins\u00adtinct et la ru\u00e9e des app\u00e9\u00adtits, mais un \u00e9tat de fait, au sein duquel l\u2019homme, \u00e9clai\u00adr\u00e9, conscient, sait impo\u00adser \u00e0 son ins\u00adtinct les cal\u00adculs d\u2019un esprit domi\u00adn\u00e9 par le sou\u00adci de justice.&nbsp;<\/p>\n<p>La mati\u00e8re trans\u00adfor\u00admable devient une terre plas\u00adtique que, tel un sculp\u00adteur, l\u2019homme mod\u00e8le \u00e0 sa guise. L\u2019\u00e9\u00adco\u00adno\u00admie ne repr\u00e9\u00adsente plus la tyran\u00adnie ano\u00adnyme et cruelle des faits sur l\u2019in\u00adtel\u00adli\u00adgence, mais la sou\u00admis\u00adsion du pro\u00adces\u00adsus de la pro\u00adduc\u00adtion et des \u00e9changes \u00e0 la volon\u00adt\u00e9 des hommes libre\u00adment associ\u00e9s.&nbsp;<\/p>\n<p>Un tel \u00e9tat social ne peut \u00eatre fon\u00add\u00e9 que par une adh\u00e9\u00adsion volon\u00adtaire de cha\u00adcun \u00e0 une concep\u00adtion sociale net\u00adte\u00adment d\u00e9ter\u00admi\u00adn\u00e9e. Les r\u00e9ac\u00adtions de la nature pour\u00adront \u00eatre les causes des effets g\u00e9n\u00e9\u00adraux qui influe\u00adront sur le d\u00e9ter\u00admi\u00adnisme social, mais l\u2019homme res\u00adte\u00adra l\u2019or\u00adga\u00adni\u00adsa\u00adteur des moyens d\u2019ex\u00adploi\u00adter ces faits au pro\u00adfit de tous. L\u2019in\u00adtel\u00adli\u00adgence en tout d\u00e9ter\u00admi\u00adne\u00adra l\u2019\u00e9\u00advo\u00adlu\u00adtion sociale de la soci\u00e9t\u00e9.&nbsp;<\/p>\n<p>Ce stade sup\u00e9\u00adrieur sera donc atteint par une orga\u00adni\u00adsa\u00adtion tech\u00adnique de la soci\u00e9\u00adt\u00e9, assez par\u00adfaite, pour que tout rouage devienne la somme exp\u00e9\u00adri\u00admen\u00adtale des efforts et de la volon\u00adt\u00e9 de tous, le pro\u00adduit direct, \u00e9pu\u00adr\u00e9, rec\u00adti\u00adfi\u00e9, ind\u00e9\u00adfi\u00adni\u00adment contr\u00f4\u00adl\u00e9 et per\u00adfec\u00adtion\u00adn\u00e9 par l\u2019ef\u00adfort et la par\u00adti\u00adci\u00adpa\u00adtion de cha\u00adcun et de&nbsp;tous.&nbsp;<\/p>\n<p>Cet \u00e9tat social exi\u00adge\u00adra donc de la col\u00adlec\u00adti\u00advi\u00adt\u00e9 une culture indi\u00advi\u00adduelle de ses membres dont nous sommes fort \u00e9loi\u00adgn\u00e9s, la r\u00e9pu\u00addia\u00adtion de tout moyen de force, de vio\u00adlence ou de ruse comme m\u00e9thode d\u2019\u00e9\u00advo\u00adlu\u00adtion. Pour atteindre ce niveau social, il est donc n\u00e9ces\u00adsaire, indis\u00adpen\u00adsable, de cr\u00e9er une ambiance g\u00e9n\u00e9\u00adrale o\u00f9 les hommes pour\u00adront am\u00e9\u00adlio\u00adrer peu \u00e0 peu leurs moyens tech\u00adniques et moraux. Les r\u00e9gimes auto\u00adri\u00adtaires, les pires comme les meilleurs, le fas\u00adcisme comme le bol\u00adch\u00e9\u00advisme, se sont mon\u00adtr\u00e9s inca\u00adpables d\u2019\u00e9lever le niveau moral et social des indi\u00advi\u00addus. Dans ce sens, toutes les ten\u00adta\u00adtives ont \u00e9chou\u00e9&nbsp;: inutile d\u2019in\u00adsis\u00adter. Une seule exp\u00e9\u00adrience reste donc \u00e0 ten\u00adter, celle qui ne l\u2019a jamais \u00e9t\u00e9&nbsp;: le com\u00admu\u00adnisme liber\u00adtaire, p\u00e9riode tran\u00adsi\u00adtoire entre le r\u00e9gime d\u2019au\u00adto\u00adri\u00adt\u00e9 et la soci\u00e9\u00adt\u00e9 anarchiste.&nbsp;<\/p>\n<p>Les poli\u00adti\u00adciens, en maqui\u00adgnons rus\u00e9s, per\u00adsistent \u00e0 nous assi\u00admi\u00adler \u00e0 cer\u00adtains m\u00e9ta\u00adphy\u00adsi\u00adciens de l\u2019a\u00adnar\u00adchie, aujourd\u2019\u00adhui r\u00e9fu\u00adgi\u00e9s sur la voie lac\u00adt\u00e9e\u2026 C\u2019est habile\u2026 Mais c\u2019est un avan\u00adtage fra\u00adgile et pas\u00adsa\u00adger. Notre id\u00e9al est fait de lumi\u00e8re, de logique et de tech\u00adnique. Il dit aux tra\u00advailleurs&nbsp;: \u00ab&nbsp;Vous aspi\u00adrez \u00e0 la jus\u00adtice, \u00e0 l\u2019\u00e9\u00adga\u00adli\u00adt\u00e9. Vous reven\u00addi\u00adquez le droit \u00e0 la vie, mais tous vos efforts res\u00adte\u00adront vains, aus\u00adsi long\u00adtemps que vous vous achar\u00adne\u00adrez \u00e0 s\u00e9lec\u00adtion\u00adner des \u00e9lites pour leur confier le droit de vous impo\u00adser leur bon plai\u00adsir. L\u2019au\u00adto\u00adri\u00adt\u00e9 \u00e0 peine d\u00e9truite renait de ses cendres et la lutte recom\u00admence. Au stade actuel de nos soci\u00e9\u00adt\u00e9s capi\u00adta\u00adlistes, toute r\u00e9vo\u00adlu\u00adtion ne peut abou\u00adtir qu\u2019en cr\u00e9ant l\u2019am\u00adbiance ori\u00adgi\u00adnelle indis\u00adpen\u00adsable \u00e0 tout d\u00e9ve\u00adlop\u00adpe\u00adment liber\u00adtaire&nbsp;: l\u2019\u00e9\u00adga\u00adli\u00adt\u00e9 \u00e9co\u00adno\u00admique et sociale abso\u00adlue. Ce qui exclut toute admi\u00adnis\u00adtra\u00adtion \u00e9ta\u00adtiste, tout socia\u00adlisme auto\u00adri\u00adtaire, tout recours \u00e0 des moyens de gou\u00adver\u00adne\u00adment. Ce qui nous pousse \u00e0 consi\u00add\u00e9\u00adrer l\u2019organisation sociale comme une tech\u00adnique de la pro\u00adduc\u00adtion et des \u00e9changes pra\u00adti\u00adqu\u00e9s \u00ab&nbsp;entre \u00e9gaux&nbsp;\u00bb, ce qui rend super\u00adflu toute super\u00adstruc\u00adture politique.<\/p>\n<p>Si l\u2019autorit\u00e9 condi\u00adtionne les rap\u00adports entre la pro\u00adduc\u00adtion et les \u00e9changes, in\u00e9vi\u00adta\u00adble\u00adment l\u2019in\u00e9galit\u00e9 sur\u00adgit, toute jus\u00adtice devient une h\u00e9r\u00e9sie.<\/p>\n<p>Si, au contraire, la liber\u00adt\u00e9 pr\u00e9\u00adside aux rap\u00adports de pro\u00adduc\u00adtion et d\u2019\u00e9change, l\u2019autorit\u00e9 indi\u00advi\u00adduelle, de secte, de par\u00adti ou de classe se trou\u00advant abo\u00adlie, le r\u00e9gime social nou\u00adveau nez peut \u00eatre que \u00ab&nbsp;juste&nbsp;\u00bb, parce qu\u2019il est le r\u00e9sul\u00adtat de r\u00e9flexions, de recherches, d\u2019exp\u00e9riences <i>v\u00e9cues<\/i> et <i>par\u00adta\u00adg\u00e9es entre \u00e9gaux.<\/i> <\/p>\n<p>Dans ce cas, ce r\u00e9gime \u00ab&nbsp;juste&nbsp;\u00bb peut n\u2019\u00eatre point par\u00adfait, mais il n\u2019engendrera aucune r\u00e9volte&nbsp;: on cor\u00adrige ses propres fautes, <i>on ne d\u00e9truit pas un mat\u00e9\u00adriel qu\u2019on n\u2019a pas su uti\u00adli\u00adser, on l\u2019a\u00adm\u00e9\u00adliore et l\u2019on \u00e9la\u00adbore d\u2019autres plans<\/i>. La com\u00admu\u00adnau\u00adt\u00e9 des fautes rend ses effets sup\u00adpor\u00adtables. Cette atmo\u00adsph\u00e8re de trans\u00adfor\u00adma\u00adtion sociale qui pour\u00adsuit la r\u00e9a\u00adli\u00adsa\u00adtion de l\u2019a\u00adnar\u00adchie, ne peut \u00eatre obte\u00adnue que par des moyens tech\u00adniques et sociaux tel\u00adle\u00adment sup\u00e9\u00adrieurs \u00e0 l\u2019or\u00adga\u00adni\u00adsa\u00adtion actuelle qu\u2019ils finissent par se fondre et se m\u00e9lan\u00adger inti\u00adme\u00adment \u00e0 l\u2019as\u00adpi\u00adra\u00adtion s\u00e9cu\u00adlaire et sen\u00adti\u00admen\u00adtale de l\u2019Hu\u00adma\u00adni\u00adt\u00e9&nbsp;: la libert\u00e9.&nbsp;<\/p>\n<p>L\u2019a\u00adnar\u00adchie est donc l\u2019as\u00adpi\u00adra\u00adtion la plus haute vers la jus\u00adtice sociale&nbsp;; c\u2019est la th\u00e9o\u00adrie la plus pr\u00e9\u00adcise et la plus logique de l\u2019\u00e9\u00adga\u00adli\u00adt\u00e9&nbsp;: toute auto\u00adri\u00adt\u00e9 rend toute \u00e9ga\u00adli\u00adt\u00e9 impossible.&nbsp;<\/p>\n<p>Marx lui-m\u00eame dut le pro\u00adcla\u00admer pour cal\u00admer sans doute son inqui\u00e9\u00adtude sur ses moyens auto\u00adri\u00adtaires et contra\u00addic\u00adtoires de recons\u00adtruc\u00adtion. L\u2019\u00e9\u00adga\u00adli\u00adt\u00e9 sociale se r\u00e9a\u00adli\u00adse\u00adra par une orga\u00adni\u00adsa\u00adtion des efforts et des besoins dont le com\u00admu\u00adnisme liber\u00adtaire peut seul assu\u00adrer l\u2019\u00e9panouissement.&nbsp;<\/p>\n<p>L\u2019a\u00adnar\u00adchie est au chaos \u2013 cons\u00e9\u00adquence de l\u2019au\u00adto\u00adri\u00adt\u00e9 \u2013 ce que le savoir est \u00e0 l\u2019i\u00adgno\u00adrance. L\u2019i\u00adgno\u00adrance livre tout \u00e0 l\u2019ins\u00adtinct&nbsp;: la force prime le droit, c\u2019est la concep\u00adtion lib\u00e9\u00adrale, celle des beaux esprits&nbsp;!\u2026&nbsp;<\/p>\n<p>Le savoir c\u00e8de \u00e0 la rai\u00adson. Et la rai\u00adson ce n\u2019est pas l\u2019ordre clas\u00adsique, la volon\u00adt\u00e9 des chefs ou des \u00e9quipes, la r\u00e9pres\u00adsion sous toutes ses formes, mais l\u2019\u00e9\u00adqui\u00adlibre math\u00e9\u00adma\u00adtique de la pro\u00adduc\u00adtion et des \u00e9changes, la d\u00e9fense de l\u2019homme contre la nature, l\u2019or\u00adga\u00adni\u00adsa\u00adtion tech\u00adnique entre \u00ab&nbsp;\u00e9gaux&nbsp;\u00bb de ce grand chan\u00adtier qu\u2019est la&nbsp;Vie\u2026&nbsp;<\/p>\n<p>L\u2019a\u00adnar\u00adchie sera la plus haute forme d\u2019or\u00adga\u00adni\u00adsa\u00adtion sociale.<\/p>\n<p>Le com\u00admu\u00adnisme liber\u00adtaire sera la pre\u00admi\u00e8re \u00e9tape dans cette voie, la grande \u00e9cole de la liber\u00adt\u00e9, le grand champ d\u2019ex\u00adp\u00e9\u00adriences o\u00f9 muri\u00adront, nour\u00adris par les m\u00eames espoirs, confon\u00addus dans un droit unique et ver\u00adbal, dif\u00adf\u00e9\u00adrents par leurs apti\u00adtudes, mais \u00e9gaux dans leur m\u00e9pris des poli\u00adti\u00adciens, les tra\u00advailleurs d\u00e9li\u00advr\u00e9s du poi\u00adson que fut l\u2019Au\u00adto\u00adri\u00adt\u00e9, poi\u00adson violent ou sub\u00adtil qui fou\u00addroya les plus forts et les meilleurs.<\/p>\n<p>[\/\u200bG. <sc>Michaud<\/sc>\/\u200b]<\/p>\n<p>(\u00e0 suivre.)<\/p>\n<\/div>\n<\/div>\n","protected":false},"excerpt":{"rendered":"<p>L\u2019a\u00adnar\u00adchie est la plus haute concep\u00adtion morale et sociale de la vie, parce qu\u2019elle impose \u00e0 l\u2019\u00e9\u00adgo\u00efsme la t\u00e2che de pour\u00advoir \u00e9ga\u00adle\u00adment aux aspi\u00adra\u00adtions mat\u00e9\u00adrielles de tous et de faire que la liber\u00adt\u00e9 condi\u00adtionne les rap\u00adports de cha\u00adcun \u00e0&nbsp;tous.&nbsp; L\u2019a\u00adnar\u00adchie repr\u00e9\u00adsente la subor\u00addi\u00adna\u00adtion des fac\u00adteurs \u00e9co\u00adno\u00admiques \u00e0 l\u2019intelligence, \u00e0 des concepts moraux. L\u2019\u00e9\u00advo\u00adlu\u00adtion sociale n\u2019est [\u2026]<\/p>\n","protected":false},"author":1,"featured_media":0,"comment_status":"closed","ping_status":"closed","sticky":false,"template":"","format":"standard","meta":{"wp_typography_post_enhancements_disabled":false,"footnotes":""},"categories":[491],"tags":[],"ppma_author":[540],"class_list":["post-4004","post","type-post","status-publish","format-standard","hentry","category-la-conquete-du-pain-n2-20-octobre-1934"],"authors":[{"term_id":540,"user_id":1,"is_guest":0,"slug":"admin_3gikpwyf","display_name":"Vincent Dubuc","avatar_url":"https:\/\/secure.gravatar.com\/avatar\/d015720652c25fd2ced191ade86430094e1f288a17483713e3b34d26dea52507?s=96&d=mm&r=g","author_category":"","user_url":"https:\/\/la-presse-anarchiste.net","last_name":"Dubuc","first_name":"Vincent","job_title":"","description":""}],"_links":{"self":[{"href":"https:\/\/la-presse-anarchiste.net\/index.php\/wp-json\/wp\/v2\/posts\/4004","targetHints":{"allow":["GET"]}}],"collection":[{"href":"https:\/\/la-presse-anarchiste.net\/index.php\/wp-json\/wp\/v2\/posts"}],"about":[{"href":"https:\/\/la-presse-anarchiste.net\/index.php\/wp-json\/wp\/v2\/types\/post"}],"author":[{"embeddable":true,"href":"https:\/\/la-presse-anarchiste.net\/index.php\/wp-json\/wp\/v2\/users\/1"}],"replies":[{"embeddable":true,"href":"https:\/\/la-presse-anarchiste.net\/index.php\/wp-json\/wp\/v2\/comments?post=4004"}],"version-history":[{"count":0,"href":"https:\/\/la-presse-anarchiste.net\/index.php\/wp-json\/wp\/v2\/posts\/4004\/revisions"}],"wp:attachment":[{"href":"https:\/\/la-presse-anarchiste.net\/index.php\/wp-json\/wp\/v2\/media?parent=4004"}],"wp:term":[{"taxonomy":"category","embeddable":true,"href":"https:\/\/la-presse-anarchiste.net\/index.php\/wp-json\/wp\/v2\/categories?post=4004"},{"taxonomy":"post_tag","embeddable":true,"href":"https:\/\/la-presse-anarchiste.net\/index.php\/wp-json\/wp\/v2\/tags?post=4004"},{"taxonomy":"author","embeddable":true,"href":"https:\/\/la-presse-anarchiste.net\/index.php\/wp-json\/wp\/v2\/ppma_author?post=4004"}],"curies":[{"name":"wp","href":"https:\/\/api.w.org\/{rel}","templated":true}]}}