{"id":4009,"date":"2020-06-19T11:14:36","date_gmt":"2020-06-19T11:14:36","guid":{"rendered":"https:\/\/la-presse-anarchiste.net\/index.php\/2020\/06\/19\/degres-de-nationalisme\/"},"modified":"2020-06-19T11:14:36","modified_gmt":"2020-06-19T11:14:36","slug":"degres-de-nationalisme","status":"publish","type":"post","link":"https:\/\/la-presse-anarchiste.net\/index.php\/2020\/06\/19\/degres-de-nationalisme\/","title":{"rendered":"Degr\u00e9s de Nationalisme"},"content":{"rendered":"<div class=\"pdfprnt-buttons pdfprnt-buttons-post pdfprnt-top-right\"><a href=\"https:\/\/la-presse-anarchiste.net\/index.php\/wp-json\/wp\/v2\/posts\/4009?print=pdf\" class=\"pdfprnt-button pdfprnt-button-pdf\" target=\"_blank\"><img decoding=\"async\" src=\"https:\/\/la-presse-anarchiste.net\/wp-content\/plugins\/pdf-print\/images\/pdf.png\" alt=\"image_pdf\" title=\"Afficher le PDF\"><\/a><a href=\"https:\/\/la-presse-anarchiste.net\/index.php\/wp-json\/wp\/v2\/posts\/4009?print=print\" class=\"pdfprnt-button pdfprnt-button-print\" target=\"_blank\"><img decoding=\"async\" src=\"https:\/\/la-presse-anarchiste.net\/wp-content\/plugins\/pdf-print\/images\/print.png\" alt=\"image_print\" title=\"Contenu imprim\u00e9\"><\/a><\/div><div align=\"justify\">\n<p>On est tou\u00adjours le natio\u00adna\u00adliste de quelqu\u2019un, et Foch d\u00e9passe Clemenceau.<\/p>\n<p>Ce der\u00adnier a mau\u00advaise presse depuis quelques mois. Il y a eu d\u2019abord la r\u00e9v\u00e9\u00adla\u00adtion rela\u00adtive \u00e0 Mos\u00adsoul&nbsp;: \u00ab&nbsp;D\u2019un signe de t\u00eate, il a aban\u00addon\u00adn\u00e9 tous les droits que des trai\u00adt\u00e9s (secrets) ant\u00e9\u00adrieurs avaient recon\u00adnus a la France.&nbsp;\u00bb<\/p>\n<p>Puis, r\u00e9cem\u00adment, une accu\u00adsa\u00adtion plus grave a \u00e9t\u00e9 for\u00admu\u00adl\u00e9e. Lors de la signa\u00adture du trai\u00adt\u00e9 de paix, Cle\u00admen\u00adceau a dit \u00e0 Foch&nbsp;: \u00ab&nbsp;La paix, ce n\u2019est pas votre affaire.&nbsp;\u00bb Et celui-ci a tenu \u00e0 faire savoir au public que, lui, aurait pris des garan\u00adties sur la rive gauche du Rhin,&nbsp;etc\u2026<\/p>\n<p>Disons d\u2019abord quelques mots de la r\u00e9gion de Mos\u00adsoul, o\u00f9 il y aura du p\u00e9trole \u00e0 exploi\u00adter et qui, dans l\u2019Orient m\u00e9di\u00adter\u00adra\u00adn\u00e9en, est un arri\u00e8re-pays de la Syrie. La France occupe la Syrie (lais\u00adsons de c\u00f4t\u00e9 la Cili\u00adcie). Ses troupes sont \u00e0 Damas, \u00e0 80 kilo\u00adm\u00e8tres de Bey\u00adrouth&nbsp;; elles sont \u00e0 Alep, \u00e0 100 kilo\u00adm\u00e8tres d\u2019Alexandrette&nbsp;; elles sont peut-\u00eatre aus\u00adsi un peu plus loin de la c\u00f4te&nbsp;; mais, en somme, le ter\u00adri\u00adtoire occu\u00adp\u00e9 est une bande longue et assez \u00e9troite, des\u00adser\u00advie par une ligne de che\u00admin de fer abou\u00adtis\u00adsant \u00e0 deux bons&nbsp;ports.<\/p>\n<p>Et Mos\u00adsoul&nbsp;? \u00c0 vol d\u2019oiseau, ce centre est \u00e0 650 kilo\u00adm\u00e8tres d\u2019Alexandrette, le port le plus proche, \u00e0 800 kilo\u00adm\u00e8tres par la route, \u00e0 au moins 400 kilo\u00adm\u00e8tres du ter\u00admi\u00adnus pro\u00advi\u00adsoire du che\u00admin de fer qui, ult\u00e9\u00adrieu\u00adre\u00adment, des\u00adser\u00advi\u00adra la r\u00e9gion\u200a\u2014\u200ac\u2019est envi\u00adron la dis\u00adtance de Paris \u00e0 Mar\u00adseille. La route est domi\u00adn\u00e9e au nord par les mon\u00adtagnes o\u00f9 habitent les Turcs&nbsp;; elle est bor\u00add\u00e9e au sud par le d\u00e9sert o\u00f9 cir\u00adculent les Arabes. Pour assu\u00adrer les com\u00admu\u00adni\u00adca\u00adtions \u00e0 tra\u00advers les popu\u00adla\u00adtions hos\u00adtiles il fau\u00addrait un \u00e9ta\u00adblis\u00adse\u00adment de grande envergure.<\/p>\n<p>On nous dit que l\u2019occupation mili\u00adtaire d\u2019Orient r\u00e9duite \u00e0 la Syrie co\u00fb\u00adte\u00adra 500 mil\u00adlions seule\u00adment. Com\u00adbien de temps accor\u00adde\u00adrons-nous aux Syriens pour qu\u2019ils arrivent \u00e0 se gou\u00adver\u00adner eux-m\u00eames&nbsp;? Soyons modestes et disant cinq ans. Autre\u00adment dit, la gloire de dres\u00adser le dra\u00adpeau fran\u00ad\u00e7ais en Syrie ne co\u00fb\u00adte\u00adra pas moins de 2 ou 3 mil\u00adliards au contri\u00adbuable de France. Et pour la Syrie, il n\u2019est pas dou\u00adteux qu\u2019il n\u2019y ait une toute petite por\u00adtion de \u00ab&nbsp;devoir&nbsp;\u00bb envers des popu\u00adla\u00adtions de reli\u00adgions dif\u00adf\u00e9\u00adrentes, par\u00admi les\u00adquelles un gen\u00addarme b\u00e9n\u00e9\u00advole a un r\u00f4le \u00e0&nbsp;jouer.&nbsp;<\/p>\n<p>\u00c0 Mos\u00adsoul, rien de sem\u00adblable, ce n\u2019est que gloire et com\u00admerce. N\u00e9gli\u00adgeons le compte des vies humaines qu\u2019aurait co\u00fb\u00adt\u00e9 la conqu\u00eate&nbsp;; bor\u00adnons-nous \u00e0 esti\u00admer la d\u00e9pense \u00e0 1 mil\u00adliard par an, au bas mot 10 mil\u00adliards en dix ans pour arri\u00adver \u00e0 un <em>modus viven\u00addi<\/em>. La France peut consom\u00admer 1 mil\u00adliard de litres de p\u00e9trole par an. Donc 1 franc par litre avant toute extraction.<\/p>\n<p>Les Anglais, eux, y sont bien \u00e0 Mos\u00adsoul. Mais ils ont la voie du fleuve Tigre pour les ravi\u00adtailler, la forte posi\u00adtion de Bag\u00addad \u00e0 mi-che\u00admin de la mer et la proxi\u00admi\u00adt\u00e9 de l\u2019Inde. De plus, ils ne s\u2019y trouvent pas tr\u00e8s \u00e0 l\u2019aise, ils savent ce que cela leur co\u00fbte, et vou\u00addraient se tirer de&nbsp;l\u00e0.<\/p>\n<p>Rive gauche du Rhin. Dans un cer\u00adtain milieu, il est conve\u00adnu d\u2019accoler l\u2019\u00e9pith\u00e8te inf\u00e2me au trai\u00adt\u00e9 de Ver\u00adsailles. Pos\u00adsible, du moins ne laisse-t-il pas sub\u00adsis\u00adter de cause per\u00adma\u00adnente de haine entre la France et l\u2019Allemagne. La dis\u00adpute actuelle n\u2019est que de gros sous. Foch aurait pr\u00e9\u00adf\u00e9\u00adr\u00e9 que l\u2019Allemagne, \u00e0 son tour, ait une Alsace et une Lor\u00adraine. Grand bien lui&nbsp;fasse&nbsp;!<\/p>\n<p>Cle\u00admen\u00adceau, de sa nais\u00adsance \u00e0 la poli\u00adtique jusqu\u2019\u00e0 sa chute et \u00e0 son exil volon\u00adtaire, Cle\u00admen\u00adceau fut un ennemi.<\/p>\n<p>Pour\u00adtant, gloire au Cle\u00admen\u00adceau qui a d\u00e9dai\u00adgn\u00e9 Mos\u00adsoul&nbsp;; gloire au Cle\u00admen\u00adceau qui a impo\u00ads\u00e9 silence au g\u00e9n\u00e9\u00adral victorieux.<\/p>\n<p>[\/\u200bP. <sc>Reclus<\/sc>\/\u200b]<\/p>\n<\/div>\n","protected":false},"excerpt":{"rendered":"<p>On est tou\u00adjours le natio\u00adna\u00adliste de quelqu\u2019un, et Foch d\u00e9passe Cle\u00admen\u00adceau. Ce der\u00adnier a mau\u00advaise presse depuis quelques mois. Il y a eu d\u2019abord la r\u00e9v\u00e9\u00adla\u00adtion rela\u00adtive \u00e0 Mos\u00adsoul&nbsp;: \u00ab&nbsp;D\u2019un signe de t\u00eate, il a aban\u00addon\u00adn\u00e9 tous les droits que des trai\u00adt\u00e9s (secrets) ant\u00e9\u00adrieurs avaient recon\u00adnus a la France.&nbsp;\u00bb Puis, r\u00e9cem\u00adment, une accu\u00adsa\u00adtion plus&nbsp;grave&nbsp;[\u2026]<\/p>\n","protected":false},"author":1,"featured_media":0,"comment_status":"closed","ping_status":"closed","sticky":false,"template":"","format":"standard","meta":{"wp_typography_post_enhancements_disabled":false,"footnotes":""},"categories":[492],"tags":[],"ppma_author":[540],"class_list":["post-4009","post","type-post","status-publish","format-standard","hentry","category-les-temps-nouveaux-na18-15-janvier-1921"],"authors":[{"term_id":540,"user_id":1,"is_guest":0,"slug":"admin_3gikpwyf","display_name":"Vincent Dubuc","avatar_url":"https:\/\/secure.gravatar.com\/avatar\/d015720652c25fd2ced191ade86430094e1f288a17483713e3b34d26dea52507?s=96&d=mm&r=g","author_category":"","user_url":"https:\/\/la-presse-anarchiste.net","last_name":"Dubuc","first_name":"Vincent","job_title":"","description":""}],"_links":{"self":[{"href":"https:\/\/la-presse-anarchiste.net\/index.php\/wp-json\/wp\/v2\/posts\/4009","targetHints":{"allow":["GET"]}}],"collection":[{"href":"https:\/\/la-presse-anarchiste.net\/index.php\/wp-json\/wp\/v2\/posts"}],"about":[{"href":"https:\/\/la-presse-anarchiste.net\/index.php\/wp-json\/wp\/v2\/types\/post"}],"author":[{"embeddable":true,"href":"https:\/\/la-presse-anarchiste.net\/index.php\/wp-json\/wp\/v2\/users\/1"}],"replies":[{"embeddable":true,"href":"https:\/\/la-presse-anarchiste.net\/index.php\/wp-json\/wp\/v2\/comments?post=4009"}],"version-history":[{"count":0,"href":"https:\/\/la-presse-anarchiste.net\/index.php\/wp-json\/wp\/v2\/posts\/4009\/revisions"}],"wp:attachment":[{"href":"https:\/\/la-presse-anarchiste.net\/index.php\/wp-json\/wp\/v2\/media?parent=4009"}],"wp:term":[{"taxonomy":"category","embeddable":true,"href":"https:\/\/la-presse-anarchiste.net\/index.php\/wp-json\/wp\/v2\/categories?post=4009"},{"taxonomy":"post_tag","embeddable":true,"href":"https:\/\/la-presse-anarchiste.net\/index.php\/wp-json\/wp\/v2\/tags?post=4009"},{"taxonomy":"author","embeddable":true,"href":"https:\/\/la-presse-anarchiste.net\/index.php\/wp-json\/wp\/v2\/ppma_author?post=4009"}],"curies":[{"name":"wp","href":"https:\/\/api.w.org\/{rel}","templated":true}]}}