{"id":4016,"date":"2020-06-19T11:14:50","date_gmt":"2020-06-19T11:14:50","guid":{"rendered":"https:\/\/la-presse-anarchiste.net\/index.php\/2020\/06\/19\/la-gloire-militaire\/"},"modified":"2020-06-19T11:14:50","modified_gmt":"2020-06-19T11:14:50","slug":"la-gloire-militaire","status":"publish","type":"post","link":"https:\/\/la-presse-anarchiste.net\/index.php\/2020\/06\/19\/la-gloire-militaire\/","title":{"rendered":"La gloire militaire"},"content":{"rendered":"<div class=\"pdfprnt-buttons pdfprnt-buttons-post pdfprnt-top-right\"><a href=\"https:\/\/la-presse-anarchiste.net\/index.php\/wp-json\/wp\/v2\/posts\/4016?print=pdf\" class=\"pdfprnt-button pdfprnt-button-pdf\" target=\"_blank\"><img decoding=\"async\" src=\"https:\/\/la-presse-anarchiste.net\/wp-content\/plugins\/pdf-print\/images\/pdf.png\" alt=\"image_pdf\" title=\"Afficher le PDF\"><\/a><a href=\"https:\/\/la-presse-anarchiste.net\/index.php\/wp-json\/wp\/v2\/posts\/4016?print=print\" class=\"pdfprnt-button pdfprnt-button-print\" target=\"_blank\"><img decoding=\"async\" src=\"https:\/\/la-presse-anarchiste.net\/wp-content\/plugins\/pdf-print\/images\/print.png\" alt=\"image_print\" title=\"Contenu imprim\u00e9\"><\/a><\/div><div align=\"justify\">\n<p>Tout le m\u00e9rite de Foch fut l\u2019optimisme&nbsp;; il a eu confiance, il a tenu, tan\u00addis que d\u2019autres g\u00e9n\u00e9\u00adraux conseillaient d\u00e9j\u00e0 de faire retraite der\u00adri\u00e8re la&nbsp;Loire.<\/p>\n<p>D\u2019autre part, l\u2019aide am\u00e9\u00adri\u00adcaine en mat\u00e9\u00adriel et en hommes remon\u00adta l\u2019optimisme des troupes alli\u00e9es tout en d\u00e9mo\u00adra\u00adli\u00adsant l\u2019adversaire. De coup de g\u00e9nie, il ne semble pas qu\u2019il s\u2019en soit pro\u00adduit, en d\u00e9pit de tous les thu\u00adri\u00adf\u00e9\u00adraires. Les \u00e9v\u00e9\u00adne\u00adments donnent rai\u00adson au scep\u00adti\u00adcisme d\u2019Anatole France tou\u00adchant l\u2019art militaire.<\/p>\n<p>Je n\u2019exag\u00e8re rien. Je me borne \u00e0 repro\u00adduire, d\u2019apr\u00e8s le <em>Temps<\/em> du d\u00e9cembre 1918, l\u2019allocution pro\u00adnon\u00adc\u00e9e \u00e0 Londres par le mar\u00e9\u00adchal&nbsp;Foch<\/p>\n<p>[(Lorsque l\u2019ennemi s\u2019est pr\u00e9\u00adsen\u00adt\u00e9 en mars, en avril, en mai, pour mar\u00adcher sur Paris, qu\u2019est-ce que nous avons fait&nbsp;? Nous nous sommes enten\u00addus, Fran\u00ad\u00e7ais d\u2019abord, Anglais ensuite et les Am\u00e9\u00adri\u00adcains, lorsqu\u2019ils sont venus, et nous nous sommes dit&nbsp;: \u00ab&nbsp;On les arr\u00ea\u00adte\u00adra d\u2019abord co\u00fbte que co\u00fbte.&nbsp;\u00bb Et, lorsque \u00e9ten\u00addant son offen\u00adsive furieuse et brusque par sur\u00adprise, il est tom\u00adb\u00e9 sur des troupes fati\u00adgu\u00e9es par la guerre de tran\u00adch\u00e9es depuis quatre ans, nous avons arr\u00ea\u00adt\u00e9 sa marche sur Amiens, sa marche sur Paris. Voi\u00adl\u00e0 la for\u00admule que nous avons pra\u00adti\u00adqu\u00e9e avec un pro\u00adsa\u00efsme effa\u00adrant. Nous avons abou\u00adti. Il n\u2019y a que le simple qui r\u00e9us\u00adsisse. Nous avons, alors, fait nos comptes et nous avons dit&nbsp;: \u00ab&nbsp;Nous avons des troupes fati\u00adgu\u00e9es, us\u00e9es, mais aux\u00adquelles il reste quand m\u00eame des \u00e9ner\u00adgies incon\u00adtes\u00adtables.&nbsp;\u00bb Chez les alli\u00e9s, les arm\u00e9es anglaises avaient \u00e9prou\u00adv\u00e9 des catas\u00adtrophes for\u00admi\u00addables, nous avons dit la m\u00eame chose&nbsp;: \u00ab&nbsp;Nous allons nous r\u00e9pa\u00adrer et on repartira.&nbsp;\u00bb<\/p>\n<p>Et on est repar\u00adti&nbsp;! On est repar\u00adti pour aller bien loin&nbsp;? Non, on est repar\u00adti pour assu\u00adrer les com\u00admu\u00adni\u00adca\u00adtions indis\u00adpen\u00adsables \u00e0 la vie de la Nation, d\u00e9ga\u00adger Ch\u00e2\u00adteau-Thier\u00adry, r\u00e9ta\u00adblir les com\u00admu\u00adni\u00adca\u00adtions entre Paris et Nan\u00adcy, ensuite assu\u00adrer les com\u00admu\u00adni\u00adca\u00adtions avec le Nord, tou\u00adjours tr\u00e8s pr\u00e9\u00adcaires. \u00c0 Amiens, l\u2019attaque du 8 ao\u00fbt avait pour but de d\u00e9ga\u00adger Amiens \u00e0 tout prix. Tout cela a mar\u00adch\u00e9. Alors l\u2019attaque d\u2019Arras avec les arm\u00e9es anglaises. Et puis, voyant que tout cela ne mar\u00adchait pas mal, on a \u00e9ten\u00addu l\u2019offensive et nous avons fini par l\u00e2cher une bataille sur 400 kilo\u00adm\u00e8tres de front, dans laquelle mar\u00adchait tout le monde&nbsp;: Fran\u00ad\u00e7ais, Anglais, Belges, Am\u00e9ricains.)]<\/p>\n<p>Le talent mili\u00adtaire para\u00eet donc consis\u00adter dans l\u2019\u00e9nergie morale allant jusqu\u2019\u00e0 la vio\u00adlence, sauf \u00e0 prendre des pr\u00e9\u00adcau\u00adtions \u00e9l\u00e9\u00admen\u00adtaires, ou \u00e0 se ser\u00advir de ruses enfan\u00adtines, comme on l\u2019apprend dans l\u2019histoire grecque et dans l\u2019histoire romaine. De v\u00e9ri\u00adtables hommes de guerre ce sont des hommes comme Du Gues\u00adclin ou Chris\u00adtian Dewet&nbsp;; mais ils com\u00adman\u00addaient quelques mil\u00adliers de com\u00adbat\u00adtants. Turenne lui-m\u00eame se d\u00e9cla\u00adrait inca\u00adpable de conduire une arm\u00e9e de plus de 25.000 hommes.<\/p>\n<p>Qu\u2019est-ce qui dis\u00adtingue donc ceux dont on a fait des g\u00e9nies mili\u00adtaires&nbsp;: Alexandre, Anni\u00adbal, C\u00e9sar, Napo\u00adl\u00e9on&nbsp;? Ils, eurent sim\u00adple\u00adment en plus un talent d\u2019organisation, d\u2019organisation admi\u00adnis\u00adtra\u00adtive (Rabe\u00adlais para\u00eet s\u2019\u00eatre ren\u00addu compte de l\u2019importance de cette admi\u00adnis\u00adtra\u00adtion). On peut, en effet, faire \u00e9vo\u00adluer quelques cen\u00adtaines ou quelques mil\u00adliers de sol\u00addats, sans s\u2019occuper de leur ravi\u00adtaille\u00adment&nbsp;; ils vivent de gr\u00e9 ou de force s\u00fbr le pays. Mais quand Xerx\u00e8s vou\u00adlut sou\u00admettre les Hel\u00adl\u00e8nes, il ras\u00adsem\u00adbla une arm\u00e9e d\u2019un mil\u00adlion d\u2019hommes, car il fal\u00adlait assu\u00adrer com\u00admu\u00adni\u00adca\u00adtions et ravi\u00adtaille\u00adments \u00e0 100 ou 200 mille com\u00adbat\u00adtants, qui, arri\u00adv\u00e9s en Gr\u00e8ce, ne purent \u00e9vo\u00adluer dans ce pays de mon\u00adtagnes o\u00f9 il n\u2019y a que de rares plaines et tr\u00e8s res\u00adser\u00adr\u00e9es&nbsp;: l\u2019avantage du nombre se trou\u00adva anni\u00adhi\u00adl\u00e9, et ce fut la force morale qui l\u2019emporta.<\/p>\n<p>Ce qui fait la sup\u00e9\u00adrio\u00adri\u00adt\u00e9 de Napo\u00adl\u00e9on sur un sabreur comme Murat, c\u2019est d\u2019avoir su orga\u00adni\u00adser ses cam\u00adpagnes, de s\u2019\u00eatre ren\u00addu compte sur la carte des routes d\u2019approvisionnement aus\u00adsi bien que de celles d\u2019appui et de d\u00e9ga\u00adge\u00adment, d\u2019avoir assu\u00adr\u00e9 ces appro\u00advi\u00adsion\u00adne\u00adments et ces appuis. C\u2019est \u00e0 ce point de vue qu\u2019on a pu dire que Lazare Car\u00adnot fut l\u2019organisateur de la vic\u00adtoire des arm\u00e9es de la pre\u00admi\u00e8re R\u00e9pu\u00adblique. Enfin, Napo\u00adl\u00e9on avait sous ses ordres une arm\u00e9e qui avait la foi, et des res\u00adsources en hommes qui parais\u00adsaient in\u00e9pui\u00adsables gr\u00e2ce \u00e0 la conscrip\u00adtion. Les g\u00e9n\u00e9\u00adraux autri\u00adchiens, au contraire, devaient m\u00e9na\u00adger leurs arm\u00e9es de m\u00e9tier dont le recru\u00adte\u00adment \u00e9tait dif\u00adfi\u00adcile et dont le moral \u00e9tait m\u00e9diocre. La for\u00adtune tour\u00adna apr\u00e8s 1813 quand l\u2019\u00e9veil patrio\u00adtique de l\u2019Allemagne don\u00adna aux Alli\u00e9s et le nombre, avec l\u2019\u00e9tablissement de la conscrip\u00adtion, et la force morale. La d\u00e9b\u00e2cle napo\u00adl\u00e9o\u00adnienne ne fut pas la cons\u00e9\u00adquence d\u2019un miracle, ni celle de l\u2019\u00e9clipse d\u2019un g\u00e9nie. D\u2019autres exemples de chan\u00adge\u00adments de for\u00adtune, mais moins \u00e9cla\u00adtants, se sont vus pen\u00addant la guerre de Trente ans.<\/p>\n<\/div>\n","protected":false},"excerpt":{"rendered":"<p>Tout le m\u00e9rite de Foch fut l\u2019optimisme&nbsp;; il a eu confiance, il a tenu, tan\u00addis que d\u2019autres g\u00e9n\u00e9\u00adraux conseillaient d\u00e9j\u00e0 de faire retraite der\u00adri\u00e8re la&nbsp;Loire. D\u2019autre part, l\u2019aide am\u00e9\u00adri\u00adcaine en mat\u00e9\u00adriel et en hommes remon\u00adta l\u2019optimisme des troupes alli\u00e9es tout en d\u00e9mo\u00adra\u00adli\u00adsant l\u2019adversaire. De coup de g\u00e9nie, il ne semble pas qu\u2019il s\u2019en soit produit,&nbsp;[\u2026]<\/p>\n","protected":false},"author":1,"featured_media":0,"comment_status":"closed","ping_status":"closed","sticky":false,"template":"","format":"standard","meta":{"wp_typography_post_enhancements_disabled":false,"footnotes":""},"categories":[492],"tags":[],"ppma_author":[540],"class_list":["post-4016","post","type-post","status-publish","format-standard","hentry","category-les-temps-nouveaux-na18-15-janvier-1921"],"authors":[{"term_id":540,"user_id":1,"is_guest":0,"slug":"admin_3gikpwyf","display_name":"Vincent Dubuc","avatar_url":"https:\/\/secure.gravatar.com\/avatar\/d015720652c25fd2ced191ade86430094e1f288a17483713e3b34d26dea52507?s=96&d=mm&r=g","author_category":"","user_url":"https:\/\/la-presse-anarchiste.net","last_name":"Dubuc","first_name":"Vincent","job_title":"","description":""}],"_links":{"self":[{"href":"https:\/\/la-presse-anarchiste.net\/index.php\/wp-json\/wp\/v2\/posts\/4016","targetHints":{"allow":["GET"]}}],"collection":[{"href":"https:\/\/la-presse-anarchiste.net\/index.php\/wp-json\/wp\/v2\/posts"}],"about":[{"href":"https:\/\/la-presse-anarchiste.net\/index.php\/wp-json\/wp\/v2\/types\/post"}],"author":[{"embeddable":true,"href":"https:\/\/la-presse-anarchiste.net\/index.php\/wp-json\/wp\/v2\/users\/1"}],"replies":[{"embeddable":true,"href":"https:\/\/la-presse-anarchiste.net\/index.php\/wp-json\/wp\/v2\/comments?post=4016"}],"version-history":[{"count":0,"href":"https:\/\/la-presse-anarchiste.net\/index.php\/wp-json\/wp\/v2\/posts\/4016\/revisions"}],"wp:attachment":[{"href":"https:\/\/la-presse-anarchiste.net\/index.php\/wp-json\/wp\/v2\/media?parent=4016"}],"wp:term":[{"taxonomy":"category","embeddable":true,"href":"https:\/\/la-presse-anarchiste.net\/index.php\/wp-json\/wp\/v2\/categories?post=4016"},{"taxonomy":"post_tag","embeddable":true,"href":"https:\/\/la-presse-anarchiste.net\/index.php\/wp-json\/wp\/v2\/tags?post=4016"},{"taxonomy":"author","embeddable":true,"href":"https:\/\/la-presse-anarchiste.net\/index.php\/wp-json\/wp\/v2\/ppma_author?post=4016"}],"curies":[{"name":"wp","href":"https:\/\/api.w.org\/{rel}","templated":true}]}}