{"id":402,"date":"1909-10-05T20:57:35","date_gmt":"1909-10-05T20:57:35","guid":{"rendered":"https:\/\/la-presse-anarchiste.net\/index.php\/2007\/05\/25\/lart-dengager-le-drapeau\/"},"modified":"2025-07-14T15:55:30","modified_gmt":"2025-07-14T15:55:30","slug":"lart-dengager-le-drapeau","status":"publish","type":"post","link":"https:\/\/la-presse-anarchiste.net\/index.php\/1909\/10\/05\/lart-dengager-le-drapeau\/","title":{"rendered":"Les dessous financiers de la Guerre au&nbsp;Maroc"},"content":{"rendered":"<div class=\"pdfprnt-buttons pdfprnt-buttons-post pdfprnt-top-right\"><a href=\"https:\/\/la-presse-anarchiste.net\/index.php\/wp-json\/wp\/v2\/posts\/402?print=pdf\" class=\"pdfprnt-button pdfprnt-button-pdf\" target=\"_blank\"><img decoding=\"async\" src=\"https:\/\/la-presse-anarchiste.net\/wp-content\/plugins\/pdf-print\/images\/pdf.png\" alt=\"image_pdf\" title=\"Afficher le PDF\"><\/a><a href=\"https:\/\/la-presse-anarchiste.net\/index.php\/wp-json\/wp\/v2\/posts\/402?print=print\" class=\"pdfprnt-button pdfprnt-button-print\" target=\"_blank\"><img decoding=\"async\" src=\"https:\/\/la-presse-anarchiste.net\/wp-content\/plugins\/pdf-print\/images\/print.png\" alt=\"image_print\" title=\"Contenu imprim\u00e9\"><\/a><\/div><div align=\"justify\">\n<p style=\"text-align: justify;\">Depuis que M<sup>e<\/sup> Briand, avo\u00adcat r\u00e9pu\u00adt\u00e9, a si vigou\u00adreu\u00adse\u00adment d\u00e9fen\u00addu devant les tri\u00adbu\u00adnaux, les th\u00e8ses \u00ab&nbsp;incen\u00addiaires&nbsp;\u00bb de l\u2019her\u00adv\u00e9isme, on dis\u00adcute beau\u00adcoup dans les milieux popu\u00adlaires le pro\u00adbl\u00e8me de la guerre. Les uns estiment que, du moment que le dra\u00adpeau est enga\u00adg\u00e9, il faut le d\u00e9fendre sans dis\u00adcu\u00adter. Les autres, pen\u00adsant que la Patrie est une id\u00e9e sur\u00adan\u00adn\u00e9e, r\u00e9servent leur d\u00e9voue\u00adment \u00e0 l\u2019 \u00ab&nbsp;huma\u00adni\u00adt\u00e9&nbsp;\u00bb et leurs \u00e9ner\u00adgies pour la \u00ab&nbsp;guerre sociale&nbsp;\u00bb.<\/p>\n<p style=\"text-align: justify;\">Mais tr\u00e8s peu savent par quels moyens d\u2019in\u00adg\u00e9\u00adnieux finan\u00adciers et d\u2019as\u00adtu\u00adcieux poli\u00adti\u00adciens am\u00e8nent des cen\u00adtaines de mille hommes \u00e0 ris\u00adquer leur vie pour des int\u00e9\u00adr\u00eats qu\u2019ils ignorent et qui d\u2019ailleurs ne les regardent pas.<\/p>\n<p style=\"text-align: justify;\">\u00c0 ce point de vue, l\u2019ex\u00adp\u00e9\u00addi\u00adtion que font actuel\u00adle\u00adment les Espa\u00adgnols au Maroc est tr\u00e8s ins\u00adtruc\u00adtive, et je vais essayer d\u2019en d\u00e9voi\u00adler ici tr\u00e8s sim\u00adple\u00adment les causes finan\u00adci\u00e8res et secr\u00e8tes.<\/p>\n<p style=\"text-align: justify;\">Il y a quelques ann\u00e9es, des explo\u00adra\u00adteurs fran\u00ad\u00e7ais par\u00adcou\u00adrant les r\u00e9gions maro\u00adcaines \u00e0 l\u2019ouest de la fron\u00adti\u00e8re alg\u00e9\u00adrienne d\u00e9cou\u00advraient le long de la c\u00f4te une vaste lagune longue de 25 kilo\u00adm\u00e8tres, fort pro\u00adfonde, bien abri\u00adt\u00e9e, et qui pour\u00adrait deve\u00adnir une des meilleures rades de la M\u00e9diterran\u00e9e.<\/p>\n<p style=\"text-align: justify;\">Tout pr\u00e8s de l\u00e0, dans les mon\u00adtagnes du Gou\u00adrou\u00adgou, ils met\u00adtaient \u00e0 jour des gise\u00adments de fer et de plomb fort riches&nbsp;; ces gise\u00adments \u00e9taient faci\u00adle\u00adment exploi\u00adtables&nbsp;; ils se trou\u00advaient \u00e0 peu de dis\u00adtance du port espa\u00adgnol de Melil\u00adla&nbsp;; un petit che\u00admin de fer de quelques lieues suf\u00adfi\u00adrait pour y ame\u00adner les mine\u00adrais, que l\u2019on ven\u00addrait ensuite fort cher aux m\u00e9tal\u00adlur\u00adgistes alle\u00admands et anglais.<\/p>\n<p style=\"text-align: justify;\">Une Soci\u00e9\u00adt\u00e9 se for\u00adma bien\u00adt\u00f4t pour exploi\u00adter l\u2019af\u00adfaire. Une banque s\u2019y int\u00e9\u00adres\u00adsa&nbsp;: de gros capi\u00adta\u00adlistes comme le prince de Wagram y appor\u00adt\u00e8rent leur argent et leur nom, et un poli\u00adti\u00adcien r\u00e9pu\u00adt\u00e9, \u00ab&nbsp;mana\u00adger&nbsp;\u00bb d\u00e9si\u00adgn\u00e9 de toutes les entre\u00adprises colo\u00adniales, M.&nbsp;Etienne, la prit sous son patronage.<\/p>\n<p style=\"text-align: justify;\">\u00c0 cela, il n\u2019y a rien \u00e0 dire&nbsp;; il s\u2019a\u00adgis\u00adsait d\u2019une entre\u00adprise pure\u00adment pri\u00adv\u00e9e, et certes, des par\u00adti\u00adcu\u00adliers sont bien libres de ris\u00adquer leurs capi\u00adtaux comme il leur&nbsp;pla\u00eet.<\/p>\n<p style=\"text-align: justify;\">Mais voi\u00adci que la poli\u00adtique inter\u00advient. Un syn\u00addi\u00adcat finan\u00adcier fran\u00ad\u00e7ais avait d\u00e9ci\u00add\u00e9 de mettre la main sur les richesses du Maroc&nbsp;; mais un syn\u00addi\u00adcat espa\u00adgnol avait d\u00e9ci\u00add\u00e9 exac\u00adte\u00adment la m\u00eame chose, et un syn\u00addi\u00adcat anglais aus\u00adsi. Or, quand des syn\u00addi\u00adcats de ce genre sont en lutte les uns contre les autres en pays \u00e9tran\u00adger, ils ont l\u2019ha\u00adbi\u00adtude de recou\u00adrir \u00e0 la diplomatie.<\/p>\n<p style=\"text-align: justify;\">Quant ils lancent leurs entre\u00adprises, ils n\u2019ont point cou\u00adtume de deman\u00adder l\u2019a\u00advis des pou\u00advoirs publics. Il est bien \u00e9vident par exemple que le syn\u00addi\u00adcat de la rue Le Pele\u00adtier, quand il d\u00e9ci\u00adda de mettre la main sur les mines du Riff, ne son\u00adgea jamais \u00e0 deman\u00adder au pr\u00e9a\u00adlable l\u2019au\u00adto\u00adri\u00adsa\u00adtion du gou\u00adver\u00adne\u00adment et de la Chambre. Mais du moment o\u00f9 leur affaire tourne mal ou ren\u00adcontre des obs\u00adtacles, aus\u00adsi\u00adt\u00f4t ils s\u2019empressent d\u2019exi\u00adger que le gou\u00adver\u00adne\u00adment les sou\u00adtienne. Et il se trouve tou\u00adjours quelque poli\u00adti\u00adcien plus ou moins d\u00e9s\u00adin\u00adt\u00e9\u00adres\u00ads\u00e9 pour prendre en main leur cause au nom de \u00ab&nbsp;l\u2019hon\u00adneur natio\u00adnal et des int\u00e9\u00adr\u00eats sup\u00e9\u00adrieurs de la Patrie&nbsp;\u00bb. C\u2019est l\u00e0 pr\u00e9\u00adci\u00ads\u00e9\u00adment l\u2019u\u00adti\u00adli\u00adt\u00e9 de ces \u00ab&nbsp;cour\u00adtiers par\u00adle\u00admen\u00adtaires&nbsp;\u00bb, d\u00e9pu\u00adt\u00e9s ou s\u00e9na\u00adteurs, anciens ou futurs ministres que l\u2019on trouve dans les Conseils d\u2019Ad\u00admi\u00adnis\u00adtra\u00adtion de toutes ces Soci\u00e9\u00adt\u00e9s financi\u00e8res.<\/p>\n<p style=\"text-align: justify;\">Donc, on s\u2019a\u00addres\u00adsa \u00e0 notre diplo\u00adma\u00adtie, et M.&nbsp;Del\u00adcas\u00ads\u00e9 n\u00e9go\u00adcia avec les cabi\u00adnets de Londres et de Madrid un savant marchandage.<\/p>\n<p style=\"text-align: justify;\">Afin de pou\u00advoir \u00e0 leur aise exploi\u00adter le Maroc, nos hommes d\u2019\u00c9\u00adtat aban\u00addon\u00adn\u00e8rent aux Anglais le contr\u00f4le qu\u2019ils exer\u00ad\u00e7aient sur les finances de l\u2019\u00c9gypte.<\/p>\n<p style=\"text-align: justify;\">Mais les Anglais qui ne se sou\u00adciaient pas de voir la France s\u2019\u00e9\u00adta\u00adblir en face de Gibral\u00adtar exi\u00adg\u00e8rent que l\u2019on f\u00eet une part aux Espa\u00adgnols, et cette part, ce fut pr\u00e9\u00adci\u00ads\u00e9\u00adment la r\u00e9gion du Riff o\u00f9 l\u2019on se bat aujourd\u2019hui.<\/p>\n<p style=\"text-align: justify;\">Il fut d\u00e9ci\u00add\u00e9 que toute la c\u00f4te qui va de Tan\u00adger \u00e0 la fron\u00adti\u00e8re alg\u00e9\u00adrienne et tout le pays mon\u00adta\u00adgneux qui se trouve der\u00adri\u00e8re, seraient r\u00e9ser\u00adv\u00e9s aux hommes d\u2019af\u00adfaires de Madrid. (Conven\u00adtion fran\u00adco-espa\u00adgnole du 6 octobre 1904 approu\u00adv\u00e9e par le gou\u00adver\u00adne\u00adment anglais.)<\/p>\n<p style=\"text-align: justify;\">C\u2019est ain\u00adsi que le Riff \u2015&nbsp;tout en res\u00adtant maro\u00adcain en th\u00e9o\u00adrie\u200a\u2014\u200apas\u00adsait comme on dit \u00ab&nbsp;sous le contr\u00f4le&nbsp;\u00bb de l\u2019Es\u00adpagne. Quant aux Maro\u00adcains, natu\u00adrel\u00adle\u00adment, on ne leur avait pas deman\u00add\u00e9 leur&nbsp;avis\u2026<\/p>\n<p style=\"text-align: justify;\">Cepen\u00addant cet accord \u00e9tait pour le groupe \u00c9tienne et consorts une mau\u00advaise affaire. Main\u00adte\u00adnant que les gise\u00adments convoi\u00adt\u00e9s pas\u00adsaient sous le contr\u00f4le de l\u2019Es\u00adpagne, allait-on se retirer&nbsp;?<\/p>\n<p style=\"text-align: justify;\">C\u2019est ici qu\u2019il faut admi\u00adrer la mer\u00adveilleuse sou\u00adplesse de notre orga\u00adnisme finan\u00adcier. Le groupe se fit, si j\u2019ose dire, \u00ab&nbsp;natu\u00adra\u00adli\u00adser&nbsp;\u00bb espa\u00adgnol. Ce ne fut pas difficile.<\/p>\n<p style=\"text-align: justify;\">On loua un bureau dans une des plus belles rues de Madrid&nbsp;; on pas\u00adsa un acte de consti\u00adtu\u00adtion de soci\u00e9\u00adt\u00e9 par devant un notaire de la m\u00eame ville. On mit \u00e0 la t\u00eate un <em>se\u00f1or cabal\u00adle\u00adro<\/em> quel\u00adconque avec le titre de Pr\u00e9\u00adsident du Conseil d\u2019ad\u00admi\u00adnis\u00adtra\u00adtion. Mais comme les capi\u00adta\u00adlistes fran\u00ad\u00e7ais d\u00e9te\u00adnaient la majo\u00adri\u00adt\u00e9 des actions, c\u2019est eux qui nom\u00admaient ce Conseil et \u00e9taient par cons\u00e9\u00adquent les vrais ma\u00eetres de l\u2019en\u00adtre\u00adprise. Ain\u00adsi fut cr\u00e9\u00e9e la Com\u00adpa\u00adgnie \u00ab&nbsp;espa\u00adgnole&nbsp;\u00bb (?) <em>Norte-Afri\u00adca<\/em>.<\/p>\n<p style=\"text-align: justify;\">On se mit bien\u00adt\u00f4t \u00e0 l\u2019\u0153uvre&nbsp;: il se trou\u00adva que le gise\u00adment de fer \u00e9tait beau\u00adcoup plus riche qu\u2019on ne pen\u00adsait&nbsp;; il n\u2019\u00e9\u00adtait pas loin de la mer, donc facile \u00e0 exploi\u00adter. On \u00e9ta\u00adblit un che\u00admin de fer de la mine au port de Melil\u00adla, et les capi\u00adta\u00adlistes fran\u00ad\u00e7ais purent bien\u00adt\u00f4t esp\u00e9\u00adrer de bons dividendes.<\/p>\n<p style=\"text-align: justify;\">Ce que voyant, les Espa\u00adgnols se piqu\u00e8rent au jeu. N\u2019\u00e9\u00adtait-il pas hon\u00adteux pour eux de lais\u00adser des \u00e9tran\u00adgers tirer seuls par\u00adti des richesses d\u2019un sol qui leur appar\u00adte\u00adnait en ver\u00adtu des trai\u00adt\u00e9s. On d\u00e9cou\u00advrit dans le voi\u00adsi\u00adnage, sur le ter\u00adri\u00adtoire des Beni-Ifrour, un gise\u00adment de plomb. Un grand sei\u00adgneur tr\u00e8s riche, le duc de Roma\u00adnones, d\u00e9pu\u00adt\u00e9, ancien ministre des affaires \u00e9tran\u00adg\u00e8res, asso\u00adci\u00e9 \u00e0 son fr\u00e8re le duc de Tovar et \u00e0 plu\u00adsieurs autres influents per\u00adson\u00adnages fon\u00adda un groupe et consti\u00adtua une autre Soci\u00e9\u00adt\u00e9, vrai\u00adment espa\u00adgnole, celle-l\u00e0\u2026<\/p>\n<p style=\"text-align: justify;\">Cepen\u00addant les Maro\u00adcains ne voyaient pas d\u2019un bon \u0153il l\u2019ins\u00adtal\u00adla\u00adtion de tous ces \u00e9tran\u00adgers sur leur ter\u00adri\u00adtoire. Ils savent, par l\u2019ex\u00adp\u00e9\u00adrience de l\u2019Al\u00adg\u00e9\u00adrie, que tous ces Rou\u00admis qui se pr\u00e9\u00adsentent d\u2019a\u00adbord modes\u00adte\u00adment comme des mar\u00adchands ou des ing\u00e9\u00adnieurs, acca\u00adparent bien\u00adt\u00f4t toutes les bonnes terres, prennent ce qui est \u00e0 leur conve\u00adnance, traitent l\u2019in\u00addi\u00adg\u00e8ne avec m\u00e9pris, et, \u00e0 la moindre r\u00e9bel\u00adlion, font inter\u00adve\u00adnir le&nbsp;canon.<\/p>\n<p style=\"text-align: justify;\">Pour pou\u00advoir exploi\u00adter sa mine, le syn\u00addi\u00adcat \u00c9tienne avait d\u00fb trai\u00adter avec le grand chef qui domi\u00adnait alors le pays, le fameux Rogui&nbsp;; et il en avait obte\u00adnu, moyen\u00adnant une forte somme d\u2019argent, un acte de conces\u00adsion qui lui per\u00admit de tra\u00advailler en paix pen\u00addant quelque temps.<\/p>\n<p style=\"text-align: justify;\">Mais bien\u00adt\u00f4t le Rogui des\u00adcen\u00addit vers le Sud, afin d\u2019al\u00adler ren\u00adver\u00adser le sul\u00adtan de Fez dont il se pr\u00e9\u00adten\u00addait le fr\u00e8re a\u00een\u00e9. Les tri\u00adbus Rifaines qu\u2019il contrai\u00adgnait \u00e0 lui ob\u00e9ir retrou\u00adv\u00e8rent leur ind\u00e9\u00adpen\u00addance&nbsp;; aus\u00adsi\u00adt\u00f4t elles se mon\u00adtr\u00e8rent hos\u00adtiles \u00e0 l\u2019ex\u00adploi\u00adta\u00adtion des mines&nbsp;; et l\u2019on dut inter\u00adrompre les travaux.<\/p>\n<p style=\"text-align: justify;\">On ten\u00adta de les reprendre en juin der\u00adnier. Mais alors les indi\u00adg\u00e8nes se f\u00e2ch\u00e8rent. Un groupe d\u2019ou\u00advriers se ren\u00addant \u00e0 leur tra\u00advail tom\u00adb\u00e8rent dans une embus\u00adcade&nbsp;; trois ou quatre furent tu\u00e9s. Grave \u00e9v\u00e9\u00adne\u00adment&nbsp;! Aus\u00adsi\u00adt\u00f4t la gar\u00adni\u00adson de Melil\u00adla se mobilisa.<\/p>\n<p style=\"text-align: justify;\">Il est curieux de consta\u00adter com\u00adbien la peau des tra\u00advailleurs dont on fait si bon mar\u00adch\u00e9 dans la m\u00e8re-patrie, gagne \u00e0 \u00eatre expor\u00adt\u00e9e. En France comme en Espagne on n\u2019y attache pas grand prix&nbsp;; on fait tuer quo\u00adti\u00addien\u00adne\u00adment des cen\u00adtaines d\u2019ou\u00advriers dans des gr\u00e8ves ou dans des entre\u00adprises dan\u00adge\u00adreuses&nbsp;; on en assas\u00adsine chaque jour quelques-uns sur les divers points du globe, sans que cela donne lieu \u00e0 des inci\u00addents diplomatiques.<\/p>\n<p style=\"text-align: justify;\">Mais quand la peau des pro\u00adl\u00e9\u00adtaires recouvre quelque grosse com\u00adbi\u00adnai\u00adson finan\u00adci\u00e8re, alors elle devient pour les gou\u00adver\u00adne\u00adments un objet infi\u00adni\u00adment pr\u00e9cieux.<\/p>\n<p style=\"text-align: justify;\">Pour quelques Mal\u00adtais tu\u00e9s \u00e0 Casa\u00adblan\u00adca au ser\u00advice de la Com\u00adpa\u00adgnie Schnei\u00adder, la France a envoy\u00e9 huit cui\u00adras\u00ads\u00e9s, d\u00e9bar\u00adqu\u00e9 dans la Chaouia 14&nbsp;000 hommes et d\u00e9pen\u00ads\u00e9 plu\u00adsieurs cen\u00adtaines de millions.<\/p>\n<p style=\"text-align: justify;\">Dans le cas actuel, c\u2019\u00e9\u00adtait \u00e0 l\u2019Es\u00adpagne de marcher.<\/p>\n<p style=\"text-align: justify;\">La Com\u00adpa\u00adgnie de M.&nbsp;\u00c9tienne se tour\u00adna vers le gou\u00adver\u00adne\u00adment de Madrid, et le som\u00adma de la pro\u00adt\u00e9\u00adger&nbsp;: n\u2019\u00e9\u00adtait-elle pas Espa\u00adgnole&nbsp;? M.&nbsp;de Roma\u00adnones, d\u00e9pu\u00adt\u00e9, ancien ministre des affaires \u00e9tran\u00adg\u00e8res, dont les mines de plomb se trou\u00advaient aus\u00adsi mena\u00adc\u00e9es, inter\u00advint dans le m\u00eame sens. L\u2019am\u00adbas\u00adsa\u00addeur de France, M.&nbsp;Revoil, l\u2019homme d\u2019Al\u00adg\u00e9\u00adsi\u00adras, mena\u00ad\u00e7ait, si l\u2019Es\u00adpagne n\u2019a\u00adgis\u00adsait pas, de d\u00e9bar\u00adquer des troupes fran\u00ad\u00e7aises, ce qui annu\u00adle\u00adrait du coup le trai\u00adt\u00e9 pla\u00ad\u00e7ant le Riff sous la domi\u00adna\u00adtion espagnole.<\/p>\n<p style=\"text-align: justify;\">Il fal\u00adlait agir. Le g\u00e9n\u00e9\u00adral Mari\u00adna re\u00e7ut l\u2019ordre de ch\u00e2\u00adtier les tri\u00adbus rebelles. Au petit bon\u00adheur, il <em>raz\u00adzia<\/em> quelques vil\u00adlages&nbsp;; les Maures r\u00e9pon\u00addirent en cou\u00adrant aux armes. Bien\u00adt\u00f4t toute la r\u00e9gion fut en bataille. Une colonne pro\u00adme\u00adnant fi\u00e8\u00adre\u00adment le dra\u00adpeau \u00e0 tra\u00advers le pays essuya des coups de&nbsp;fusil.<\/p>\n<p style=\"text-align: justify;\">D\u00e8s lors le \u00ab&nbsp;dra\u00adpeau \u00e9tait enga\u00adg\u00e9&nbsp;\u00bb, \u00ab&nbsp;l\u2019hon\u00adneur natio\u00adnal&nbsp;\u00bb \u00e9tait en jeu. Et tous les Espa\u00adgnols \u00e9taient tenus de se faire hacher au besoin jus\u00adqu\u2019au der\u00adnier pour conser\u00adver leurs mines \u00e0 M.&nbsp;\u00c9tienne et au mar\u00adquis de Roma\u00adnones. Le g\u00e9n\u00e9\u00adral Mari\u00adna deman\u00adda 25 000, puis 40&nbsp;000 hommes. C\u2019\u00e9\u00adtait la guerre.<\/p>\n<p style=\"text-align: justify;\">Il est curieux de remar\u00adquer avec quelle faci\u00adli\u00adt\u00e9 les gou\u00adver\u00adne\u00adments engagent \u00ab&nbsp;l\u2019hon\u00adneur national&nbsp;\u00bb.<\/p>\n<p style=\"text-align: justify;\">Un syn\u00addi\u00adcat de finan\u00adciers fonde une entre\u00adprise en pays \u00e9tran\u00adger&nbsp;; il ne demande pas pour cela l\u2019au\u00adto\u00adri\u00adsa\u00adtion de son gou\u00adver\u00adne\u00adment. Il y va de son plein gr\u00e9 et avec le seul but d\u2019y gagner de l\u2019argent. Il se peut que son entre\u00adprise n\u2019ait aucune uti\u00adli\u00adt\u00e9 pour ses nationaux.<\/p>\n<p style=\"text-align: justify;\">Dans le cas qui nous occupe, les mines du Riff pr\u00e9\u00adsen\u00adtaient-elles pour l\u2019Es\u00adpagne un int\u00e9\u00adr\u00eat vital&nbsp;? Nul\u00adle\u00adment. L\u2019Es\u00adpagne pos\u00ads\u00e8de les plus riches gise\u00adments de fer du monde, apr\u00e8s la Su\u00e8de&nbsp;; elle ne les exploite m\u00eame pas. Faute de capi\u00adtaux, et aus\u00adsi d\u2019ac\u00adti\u00advi\u00adt\u00e9, elle les a lais\u00ads\u00e9 tom\u00adber aux mains des \u00e9tran\u00adgers, Anglais, Alle\u00admands et Fran\u00ad\u00e7ais qui pos\u00ads\u00e8dent la plu\u00adpart des mines de la r\u00e9gion de Bil\u00adbao et San\u00adtan\u00adder. Elle n\u2019a m\u00eame pas de grandes usines m\u00e9tal\u00adlur\u00adgiques et ses mine\u00adrais s\u2019en vont vers les hauts four\u00adneaux de Bir\u00admin\u00adgham ou d\u2019Essen.<\/p>\n<p style=\"text-align: justify;\">On ne voit donc pas de quelle uti\u00adli\u00adt\u00e9 pou\u00advaient \u00eatre pour l\u2019en\u00adsemble du peuple Espa\u00adgnol les mines de fer de M.&nbsp;\u00c9tienne et du mar\u00adquis de Roma\u00adnones. Et certes si l\u2019on deman\u00addait \u00e0 l\u2019en\u00adsemble des citoyens s\u2019ils sont d\u00e9ci\u00add\u00e9s \u00e0 ver\u00adser leur sang pour sau\u00adve\u00adgar\u00adder des mines loin\u00adtaines et inutiles, leur r\u00e9ponse serait assu\u00adr\u00e9\u00adment n\u00e9gative.<\/p>\n<p style=\"text-align: justify;\">Aus\u00adsi n\u2019est-ce pas comme cela qu\u2019on leur a pr\u00e9\u00adsen\u00adt\u00e9 la chose. On ne leur a point par\u00adl\u00e9 des mines&nbsp;; on leur a par\u00adl\u00e9 du drapeau.<\/p>\n<p style=\"text-align: justify;\">Et c\u2019est ici qu\u2019ap\u00adpa\u00adra\u00eet la puis\u00adsance redou\u00adtable des tra\u00addi\u00adtions et des symboles.<\/p>\n<p style=\"text-align: justify;\">Au temps jadis, lorsque les peuples igno\u00adraient la grande indus\u00adtrie et n\u2019\u00e9\u00adtaient encore que des agglo\u00adm\u00e9\u00adra\u00adtions de pay\u00adsans, la guerre avait pour but de s\u2019emparer des champs du voi\u00adsin, de le r\u00e9duire en ser\u00advi\u00adtude, d\u2019en\u00adle\u00adver sa femme ou ses filles, ou tout au moins de lui impo\u00adser des contri\u00adbu\u00adtions de guerre ou des imp\u00f4ts qui entre\u00adtien\u00addraient \u00e0 ses d\u00e9pens le faste des vainqueurs.<\/p>\n<p style=\"text-align: justify;\">La Patrie fut con\u00e7ue comme une sorte de Syn\u00addi\u00adcat pour la d\u00e9fense com\u00admune contre l\u2019in\u00adva\u00adsion. Et le Dra\u00adpeau, son sym\u00adbole, repr\u00e9\u00adsen\u00adta \u00ab&nbsp;le sol sacr\u00e9&nbsp;\u00bb du pays, la \u00ab&nbsp;liber\u00adt\u00e9&nbsp;\u00bb de ses habi\u00adtants&nbsp;; et l\u2019 \u00ab&nbsp;hon\u00adneur&nbsp;\u00bb des familles. Une insulte au dra\u00adpeau \u00e9tait une menace d\u2019in\u00adva\u00adsion, de ruine et de ser\u00advi\u00adtude&nbsp;; et voi\u00adl\u00e0 pour\u00adquoi les citoyens aus\u00adsi\u00adt\u00f4t mobilisaient.<\/p>\n<p style=\"text-align: justify;\">Mais depuis un demi-si\u00e8cle, tout est chan\u00adg\u00e9. Ce ne sont plus des pro\u00adpri\u00e9\u00adtaires fon\u00adciers qui gou\u00advernent les grandes nations de l\u2019Eu\u00adrope occi\u00adden\u00adtale, ce sont des indus\u00adtriels et des finan\u00adciers. Ceux-l\u00e0 ne se sou\u00adcient point de pillage ou de conqu\u00eates, et la guerre de 1870\u200a\u2013\u200a71 sera pro\u00adba\u00adble\u00adment la der\u00adni\u00e8re en Europe qui se soit ter\u00admi\u00adn\u00e9e par une annexion.<\/p>\n<p style=\"text-align: justify;\">Ils se pr\u00e9\u00adoc\u00adcupent avant tout de gise\u00adments indus\u00adtriels et de d\u00e9bou\u00adch\u00e9s com\u00admer\u00adciaux en pays nou\u00adveaux&nbsp;; et cela n\u2019a\u200a\u2014\u200aen appa\u00adrence du moins\u200a\u2014\u200arien de belliqueux.<\/p>\n<p style=\"text-align: justify;\">Mais il peut se faire que des indi\u00adg\u00e8nes r\u00e9pugnent \u00e0 se lais\u00adser p\u00e9n\u00e9\u00adtrer m\u00eame \u00ab&nbsp;pacifiquement&nbsp;\u00bb.<\/p>\n<p style=\"text-align: justify;\">Il faut alors faire appel aux sol\u00addats&nbsp;; et pour cela il n\u2019y a qu\u2019un moyen&nbsp;: \u00ab&nbsp;enga\u00adger le drapeau&nbsp;\u00bb.<\/p>\n<p style=\"text-align: justify;\">Certes, th\u00e9o\u00adri\u00adque\u00adment cela peut para\u00eetre assez dif\u00adfi\u00adcile&nbsp;: il n\u2019y a \u00e9vi\u00addem\u00adment aucun rap\u00adport entre une exp\u00e9\u00addi\u00adtion dans le Riff et les id\u00e9es ou les int\u00e9\u00adr\u00eats tra\u00addi\u00adtion\u00adnels que le dra\u00adpeau repr\u00e9\u00adsente. Il est clair que les Kabyles du Gou\u00adrou\u00adgou, les Beni-Sicar et les Beni-bou-Ifrour n\u2019ont jamais son\u00adg\u00e9 \u00e0 enva\u00adhir le \u00ab&nbsp;sol sacr\u00e9&nbsp;\u00bb de l\u2019Es\u00adpagne, qu\u2019ils n\u2019ont point ten\u00adt\u00e9 de ravir la \u00ab&nbsp;liber\u00adt\u00e9&nbsp;\u00bb des fiers Cas\u00adtillans, et qu\u2019ils sont tout \u00e0 fait hors d\u2019\u00e9\u00adtat de&nbsp;venir<\/p>\n<blockquote>\n<p style=\"text-align: justify;\"><em>Jusque dans leurs&nbsp;bras<\/em><br>\n<em>\u00c9gor\u00adger leurs fils et leurs compagnes.<\/em><\/p>\n<\/blockquote>\n<p style=\"text-align: justify;\">Mais la foule n\u2019y regarde pas de si pr\u00e8s. Elle confond volon\u00adtiers une id\u00e9e avec son sym\u00adbole. Elle est habi\u00adtu\u00e9e \u00e0 asso\u00adcier l\u2019i\u00admage du dra\u00adpeau avec l\u2019i\u00add\u00e9e de sa s\u00e9cu\u00adri\u00adt\u00e9. Or le dra\u00adpeau est aux mains des g\u00e9n\u00e9\u00adraux, les\u00adquels ob\u00e9issent aux ministres, les\u00adquels sont dociles aux puis\u00adsances d\u2019argent. Un \u00c9tienne homme d\u2019af\u00adfaires, d\u00e9pu\u00adt\u00e9, chef de groupe, ancien ministre, est puis\u00adsant sur la diplo\u00adma\u00adtie fran\u00ad\u00e7aise. Un mar\u00adquis de Roma\u00adnones, pr\u00e9\u00adsident du Conseil d\u2019ad\u00admi\u00adnis\u00adtra\u00adtion de diverses soci\u00e9\u00adt\u00e9s, capi\u00adta\u00adliste mul\u00adti\u00admil\u00adlion\u00adnaire, ancien ministre des affaires \u00e9tran\u00adg\u00e8res, une des t\u00eates du par\u00adti lib\u00e9\u00adral en Espagne, est un homme avec qui le gou\u00adver\u00adne\u00adment de Madrid doit comp\u00adter. Il s\u2019en\u00adtend avec M.&nbsp;Mau\u00adra, pr\u00e9\u00adsident du Conseil&nbsp;; sur l\u2019ordre de celui-ci, un g\u00e9n\u00e9\u00adral, empres\u00ads\u00e9 \u00e0 conqu\u00e9\u00adrir des galons, pro\u00adm\u00e8ne inso\u00adlem\u00adment le dra\u00adpeau espa\u00adgnol \u00e0 tra\u00advers le ter\u00adri\u00adtoire \u00e9tran\u00adger&nbsp;; les Kabyles natu\u00adrel\u00adle\u00adment tirent dessus.<\/p>\n<p style=\"text-align: justify;\">Aus\u00adsi\u00adt\u00f4t le minis\u00adt\u00e8re d\u00e9clare que l\u2019 \u00ab&nbsp;hon\u00adneur natio\u00adnal&nbsp;\u00bb est enga\u00adg\u00e9&nbsp;; en l\u2019ab\u00adsence des Chambres, on exp\u00e9\u00addie \u00e0 M\u00e9lil\u00adla 40&nbsp;000 hommes. Et le tour est&nbsp;jou\u00e9.<\/p>\n<p style=\"text-align: justify;\">Voi\u00adl\u00e0 com\u00adment un groupe de finan\u00adciers et de poli\u00adti\u00adciens, sous le cou\u00advert d\u2019une fic\u00adtion patrio\u00adtique, engagent la vie de leurs com\u00adpa\u00adtriotes pour la d\u00e9fense. d\u2019in\u00adt\u00e9\u00adr\u00eats qui ne sont pas m\u00eame espagnols.<\/p>\n<p style=\"text-align: justify;\">On raconte qu\u2019au soir de la bataille de Ros\u00adbach le roi de Prusse Fr\u00e9\u00add\u00e9\u00adric II tra\u00adver\u00adsant la plaine o\u00f9 gisaient 30&nbsp;000 morts, dit en sou\u00adriant \u00e0 son entourage&nbsp;:<\/p>\n<p style=\"text-align: justify;\">\u00ab&nbsp;<em>Mes\u00adsieurs, voi\u00adl\u00e0 trente mille hommes qui se sont fait mas\u00adsa\u00adcrer pour une affaire qui ne les regar\u00addait pas<\/em>.&nbsp;\u00bb<\/p>\n<p style=\"text-align: justify;\">Cet exemple n\u2019est pas unique&nbsp;: on en trou\u00adve\u00adrait de sem\u00adblables dans l\u2019his\u00adtoire de la France en ces der\u00adni\u00e8res ann\u00e9es. Il doit nous inci\u00adter \u00e0 r\u00e9fl\u00e9chir.<\/p>\n<p style=\"text-align: justify;\">Cama\u00adrades, t\u00e2chons de voir clair dans nos affaires, et D\u00c9FIONS-NOUS DES SYMBOLES.<\/p>\n<p style=\"text-align: right;\">Cra\u00adt\u00e8s<\/p>\n<\/div>\n","protected":false},"excerpt":{"rendered":"<p>Depuis que Me Briand, avo\u00adcat r\u00e9pu\u00adt\u00e9, a si vigou\u00adreu\u00adse\u00adment d\u00e9fen\u00addu devant les tri\u00adbu\u00adnaux, les th\u00e8ses \u00ab&nbsp;incen\u00addiaires&nbsp;\u00bb de l\u2019her\u00adv\u00e9isme, on dis\u00adcute beau\u00adcoup dans les milieux popu\u00adlaires le pro\u00adbl\u00e8me de la guerre. Les uns estiment que, du moment que le dra\u00adpeau est enga\u00adg\u00e9, il faut le d\u00e9fendre sans dis\u00adcu\u00adter. Les autres, pen\u00adsant que la Patrie est&nbsp;une&nbsp;[\u2026]<\/p>\n","protected":false},"author":111,"featured_media":5788,"comment_status":"closed","ping_status":"closed","sticky":false,"template":"wp-custom-template-page-d-article","format":"standard","meta":{"wp_typography_post_enhancements_disabled":false,"footnotes":""},"categories":[58],"tags":[548,567],"ppma_author":[776],"class_list":["post-402","post","type-post","status-publish","format-standard","has-post-thumbnail","hentry","category-la-vie-ouvriere-n1-5-octobre-1909","tag-colonialisme","tag-maroc"],"authors":[{"term_id":776,"user_id":111,"is_guest":0,"slug":"crates","display_name":"Crat\u00e8s","avatar_url":"https:\/\/secure.gravatar.com\/avatar\/a12f46fc00a7bedd1cb168d417a7fe78bbe742aa9cadfebe307afb8f6953e6cb?s=96&d=mm&r=g","author_category":"","user_url":"","last_name":"Crat\u00e8s","first_name":"","job_title":"","description":"Pseudonyme de Francis Delaisi : <a href=\"https:\/\/maitron.fr\/spip.php?article154902\">sa notice dans le Maitron<\/a>"}],"_links":{"self":[{"href":"https:\/\/la-presse-anarchiste.net\/index.php\/wp-json\/wp\/v2\/posts\/402","targetHints":{"allow":["GET"]}}],"collection":[{"href":"https:\/\/la-presse-anarchiste.net\/index.php\/wp-json\/wp\/v2\/posts"}],"about":[{"href":"https:\/\/la-presse-anarchiste.net\/index.php\/wp-json\/wp\/v2\/types\/post"}],"author":[{"embeddable":true,"href":"https:\/\/la-presse-anarchiste.net\/index.php\/wp-json\/wp\/v2\/users\/111"}],"replies":[{"embeddable":true,"href":"https:\/\/la-presse-anarchiste.net\/index.php\/wp-json\/wp\/v2\/comments?post=402"}],"version-history":[{"count":8,"href":"https:\/\/la-presse-anarchiste.net\/index.php\/wp-json\/wp\/v2\/posts\/402\/revisions"}],"predecessor-version":[{"id":8710,"href":"https:\/\/la-presse-anarchiste.net\/index.php\/wp-json\/wp\/v2\/posts\/402\/revisions\/8710"}],"wp:featuredmedia":[{"embeddable":true,"href":"https:\/\/la-presse-anarchiste.net\/index.php\/wp-json\/wp\/v2\/media\/5788"}],"wp:attachment":[{"href":"https:\/\/la-presse-anarchiste.net\/index.php\/wp-json\/wp\/v2\/media?parent=402"}],"wp:term":[{"taxonomy":"category","embeddable":true,"href":"https:\/\/la-presse-anarchiste.net\/index.php\/wp-json\/wp\/v2\/categories?post=402"},{"taxonomy":"post_tag","embeddable":true,"href":"https:\/\/la-presse-anarchiste.net\/index.php\/wp-json\/wp\/v2\/tags?post=402"},{"taxonomy":"author","embeddable":true,"href":"https:\/\/la-presse-anarchiste.net\/index.php\/wp-json\/wp\/v2\/ppma_author?post=402"}],"curies":[{"name":"wp","href":"https:\/\/api.w.org\/{rel}","templated":true}]}}