{"id":4020,"date":"2020-06-19T11:13:55","date_gmt":"2020-06-19T11:13:55","guid":{"rendered":"https:\/\/la-presse-anarchiste.net\/index.php\/2020\/06\/19\/divers\/"},"modified":"2020-06-19T11:13:55","modified_gmt":"2020-06-19T11:13:55","slug":"divers","status":"publish","type":"post","link":"https:\/\/la-presse-anarchiste.net\/index.php\/2020\/06\/19\/divers\/","title":{"rendered":"Divers"},"content":{"rendered":"<div class=\"pdfprnt-buttons pdfprnt-buttons-post pdfprnt-top-right\"><a href=\"https:\/\/la-presse-anarchiste.net\/index.php\/wp-json\/wp\/v2\/posts\/4020?print=pdf\" class=\"pdfprnt-button pdfprnt-button-pdf\" target=\"_blank\"><img decoding=\"async\" src=\"https:\/\/la-presse-anarchiste.net\/wp-content\/plugins\/pdf-print\/images\/pdf.png\" alt=\"image_pdf\" title=\"Afficher le PDF\"><\/a><a href=\"https:\/\/la-presse-anarchiste.net\/index.php\/wp-json\/wp\/v2\/posts\/4020?print=print\" class=\"pdfprnt-button pdfprnt-button-print\" target=\"_blank\"><img decoding=\"async\" src=\"https:\/\/la-presse-anarchiste.net\/wp-content\/plugins\/pdf-print\/images\/print.png\" alt=\"image_print\" title=\"Contenu imprim\u00e9\"><\/a><\/div><div align=\"justify\">\n<h2>Une salet\u00e9<\/h2>\n<p>Depuis long\u00adtemps les poli\u00adti\u00adciens mar\u00adxistes\u200a\u2014\u200ane par\u00adlons pas des autres\u200a\u2014\u200anous ont habi\u00adtu\u00e9s \u00e0 toutes les indi\u00adgni\u00adt\u00e9s morales. Celle qui s\u2019\u00e9tale dans l\u2019<em>Huma\u00adni\u00adt\u00e9<\/em> du 5 novembre ne peut \u00eatre pas\u00ads\u00e9e sous silence.<\/p>\n<p>Le jour\u00adnal du par\u00adti vise \u00e0 rien moins qu\u2019\u00e0 dis\u00adcr\u00e9\u00addi\u00adter l\u2019ouvrage de Kauts\u00adky, <em>Com\u00adment s\u2019est d\u00e9clen\u00adch\u00e9e la guerre mon\u00addiale&nbsp;?<\/em> le r\u00e9qui\u00adsi\u00adtoire le plus acca\u00adblant qui ait \u00e9t\u00e9 dres\u00ads\u00e9 contre le crime pan\u00adger\u00adma\u00adniste, et \u00e0 en emp\u00ea\u00adcher la lec\u00adture par les ouailles du&nbsp;parti.<\/p>\n<p>Pas assez bocho\u00adphile au gr\u00e9 des n\u00e9o-com\u00admu\u00adnistes, le vieux fr\u00e8re d\u2019armes, jadis si res\u00adpec\u00adt\u00e9, est froi\u00adde\u00adment ex\u00e9\u00adcu\u00adt\u00e9 pour n\u2019avoir pas r\u00e9ci\u00adt\u00e9 doci\u00adle\u00adment le <em>Cre\u00addo<\/em> \u00e0 la \u00ab&nbsp;guerre capi\u00adta\u00adliste&nbsp;\u00bb et \u00e0 la res\u00adpon\u00adsa\u00adbi\u00adli\u00adt\u00e9 \u00e9qui\u00adva\u00adlente de l\u2019imp\u00e9rialisme de tous les bel\u00adli\u00adg\u00e9\u00adrants\u200a\u2014\u200a\u00e2ne\u00adries qui ont, h\u00e9las&nbsp;! bour\u00adr\u00e9 trop de cr\u00e2nes.<\/p>\n<p>Ce n\u2019est pas la pre\u00admi\u00e8re fois que nos socia\u00adlistes se font les d\u00e9fen\u00adseurs du Kai\u00adser. Mais depuis que les ordres viennent de Mos\u00adcou, l\u2019impudence ne conna\u00eet plus de bornes.<\/p>\n<p>L\u2019auteur de cette infa\u00admie a cou\u00adra\u00adgeu\u00adse\u00adment sign\u00e9&nbsp;: <em>Un Ligueur<\/em>.<\/p>\n<p>Consta\u00adtons enfin que quelques jours apr\u00e8s l\u2019<em>Huma\u00adni\u00adt\u00e9<\/em>, <em>Clar\u00adt\u00e9<\/em> (<html><\/html><\/p><p>Tra\u00adduit par V. Dave, le livre de Kauts\u00adky est \u00e9di\u00adt\u00e9 par Costes, 8, rue Mon\u00adsieur-le-Prince. Prix, 10&nbsp;fr.<\/p>\n<h2>L\u2019organe de la C.G.T.<\/h2>\n<p><em>La Bataille<\/em> a c\u00e9d\u00e9 la place au <em>Peuple<\/em>. Celui-l\u00e0 \u00e9tait l\u2019organe offi\u00adcieux de la C.G.T.&nbsp;; celui-ci en est le jour\u00adnal offi\u00adciel. L\u2019obligation de neu\u00adtra\u00adli\u00adt\u00e9 entre les ten\u00addances fait d\u2019un jour\u00adnal offi\u00adciel une chose g\u00e9n\u00e9\u00adra\u00adle\u00adment fort inco\u00adlore. <em>La Bataille<\/em> s\u2019effor\u00e7a long\u00adtemps de gar\u00adder cette neu\u00adtra\u00adli\u00adt\u00e9, jusqu\u2019au moment o\u00f9 l\u2019acuit\u00e9 des divi\u00adsions, en l\u2019obligeant \u00e0 prendre plus net\u00adte\u00adment posi\u00adtion, la ren\u00addit plus vivante. <em>Le Peuple<\/em> peut au moins \u00eatre bien docu\u00admen\u00adt\u00e9. Il est assu\u00adr\u00e9 de res\u00adsources qui firent tou\u00adjours d\u00e9faut \u00e0 <em>La Bataille<\/em>. Tout conf\u00e9\u00add\u00e9\u00adr\u00e9 ver\u00adse\u00adra 1 franc pour le jour\u00adnal. La r\u00e9dac\u00adtion est consti\u00adtu\u00e9e en par\u00adtie par le per\u00adson\u00adnel de <em>La Bataille<\/em>, en par\u00adtie par celui de l\u2019<em>Ate\u00adlier<\/em>. Le secr\u00e9\u00adtaire est Har\u00admel. L\u2019adresse reste 67, quai Val\u00admy, 10<sup>e<\/sup>.<\/p>\n<p>Fran\u00ad\u00e7ois Marie, l\u2019ancien admi\u00adnis\u00adtra\u00adteur, annonce qu\u2019il va faire para\u00eetre <em>La Bataille<\/em> sous forme de revue bi-men\u00adsuelle \u00e0 par\u00adtir du 1<sup>er<\/sup>  f\u00e9vrier.<\/p>\n<h2>Nous avons&nbsp;re\u00e7u<\/h2>\n<p><em>L\u2019\u00c9ducation nou\u00advelle et popu\u00adlaire<\/em>, organe heb\u00addo\u00adma\u00addaire, tri\u00adbune libre des parents et des \u00e9du\u00adca\u00adteurs, parais\u00adsant \u00e0 Gen\u00e8ve, 31, rue Pin\u00adchat, avec la col\u00adla\u00adbo\u00adra\u00adtion de Roor\u00adda y Eysin\u00adga, pro\u00adfes\u00adseur, D<sup>r<\/sup>&nbsp;Wintsch, etc.<\/p>\n<p>Le num\u00e9\u00adro co\u00fbte trente cen\u00adtimes (suisses) et l\u2019abonnement pour l\u2019\u00e9tranger est de 13 francs (suisses).<\/p>\n<p><em>La Concep\u00adtion du natu\u00adrisme liber\u00adtaire<\/em>, une bro\u00adchure de Hen\u00adri Zis\u00adly, \u00e9di\u00adtion de la revue \u00ab&nbsp;Gram\u00adma\u00adta&nbsp;\u00bb, Alexan\u00addrie (\u00c9gypte). 0 f r. 75 \u00e0 <em>La Vie natu\u00adrelle<\/em>, 7, rue Jean-Robert, Paris-16<sup>e<\/sup>.<\/p>\n<p><em>Jean Cos\u00adte\u00adbelle, mate\u00adlot<\/em>, de l\u2019ami Hen\u00adry-Jacques. Un roman de la biblio\u00adth\u00e8que Char\u00adpen\u00adtier, chez Fasquelle.<\/p>\n<p><em>Vers la D\u00e9li\u00advrance<\/em>, de Gus\u00adtave Cau\u00advin. C\u2019est le r\u00e9cit d\u00e9taill\u00e9 de la cam\u00adpagne anti-alcoo\u00adlique de 1918 et 1919. Une bro\u00adchure de 174 pages avec illus\u00adtra\u00adtions, 3 francs&nbsp;; par 10 exem\u00adplaires, 2 fr. 50. Ligue Natio\u00adnale contre l\u2019Alcoolisme, 147, bou\u00adle\u00advard Saint-Germain.<\/p>\n<p><em>L\u2019Effort f\u00e9mi\u00adnin aux \u00c9tats-Unis<\/em>, de la doc\u00adto\u00adresse N. Wintsch-Mal\u00e9eff. Un article tir\u00e9 \u00e0 part, \u00e0 la <em>Grande Revue<\/em>.<\/p>\n<p><em>Anti\u00adal\u00adcoo\u00adlisme construc\u00adtif. Uti\u00adli\u00adsa\u00adtion ration\u00adnelle des fruits et sp\u00e9\u00adcia\u00adle\u00adment des pommes et des rai\u00adsins<\/em>, par A. Dau\u00add\u00e9-Ban\u00adcel&nbsp;; une bro\u00adchure de 32 pages, en vente \u00e0 Vou\u00adloir, 14, rue Caillon, Paris, et chez l\u2019auteur. <\/p>\n<h2>Signalons<\/h2>\n<p>Dans <em>La Feuille<\/em>, liber\u00adtaire, \u00e9clec\u00adtique, parais\u00adsant tous les mois \u00e0 Lyon, 41, rue Rabe\u00adlais, une enqu\u00eate sur l\u2019anarchisme. La conclu\u00adsion de l\u2019enqu\u00eate, due \u00e0 la plume de Hen\u00adri Zis\u00adly, est celle-ci&nbsp;: <em>Qui\u00adconque nie l\u2019\u00c9tat est anar\u00adchiste<\/em>. Par cons\u00e9\u00adquent, d\u00e9clare Zis\u00adly, \u00ab&nbsp;les natu\u00adriens et natu\u00adristes liber\u00adtaires, les indi\u00advi\u00addua\u00adlistes liber\u00adtaires, m\u00eame les dis\u00adciples sin\u00adc\u00e8res de J\u00e9sus et de Tol\u00adsto\u00ef sont des anar\u00adchistes&nbsp;\u00bb, avec des tem\u00adp\u00e9\u00adra\u00adments diff\u00e9rents.<\/p>\n<p><em>La M\u00e8re \u00e9du\u00adca\u00adtrice<\/em> (secr\u00e9\u00adtaire de r\u00e9dac\u00adtion Made\u00adleine Ver\u00adnet, \u00e0 \u00c9p\u00f4ne, (S.-et\u2011O.), est une petite revue fort bien faite et qui fait une pro\u00adpa\u00adgande r\u00e9el\u00adle\u00adment \u00e9ducative.<\/p>\n<p><em>Le R\u00e9veil com\u00admu\u00adniste-anar\u00adchiste<\/em>, bi-men\u00adsuel, 6, rue des Savoises, Gen\u00e8ve, r\u00e9di\u00adg\u00e9 par Ber\u00adto\u00adni. Tous les num\u00e9\u00adros en sont int\u00e9ressants.<\/p>\n<p>Dans la tr\u00e8s lit\u00adt\u00e9\u00adraire <em>Revue Romande<\/em>, nous remar\u00adquons les articles de notre cama\u00adrade Gross, de Gen\u00e8ve.<\/p>\n<h2>Bureau International du Travail (\u00e0 Gen\u00e8ve)<\/h2>\n<p>Le B.I.T. a entre\u00adpris diverses s\u00e9ries de publi\u00adca\u00adtions, dont la plu\u00adpart ont d\u00e9j\u00e0 com\u00admen\u00adc\u00e9 \u00e0 para\u00eetre. En voi\u00adci la&nbsp;liste&nbsp;:<\/p>\n<ol>\n<li> <em>Revue inter\u00adna\u00adtio\u00adnale du tra\u00advail<\/em>, men\u00adsuelle, 50 francs (fran\u00ad\u00e7ais)&nbsp;; elle contien-dra des articles, des sta\u00adtis\u00adtiques et des infor\u00adma\u00adtions sur l\u2019industrie et le travail&nbsp;;<\/li>\n<li> <em>Bul\u00adle\u00adtin d\u2019information<\/em>, heb\u00addo\u00adma\u00addaire, 25 francs (fran\u00ad\u00e7ais), jour\u00adnal offi\u00adciel du B.I.T. et de son activit\u00e9&nbsp;;<\/li>\n<li> <em>Revue quo\u00adti\u00addienne de presse<\/em>, 165 francs (fran\u00ad\u00e7ais)&nbsp;;<\/li>\n<li> <em>\u00c9tudes et docu\u00adments<\/em>, 200 francs (fran\u00ad\u00e7ais)&nbsp;; <\/li>\n<li> <em>S\u00e9rie biblio\u00adgra\u00adphique<\/em>, 10 francs&nbsp;;<\/li>\n<li> <em>S\u00e9rie l\u00e9gis\u00adla\u00adtive<\/em>, 35 francs&nbsp;;<\/li>\n<li> <em>Docu\u00adments de la Conf\u00e9\u00adrence inter\u00adna\u00adtio\u00adnale du Tra\u00advail<\/em>, 5 francs&nbsp;;<\/li>\n<li> Publi\u00adca\u00adtions non p\u00e9rio\u00addiques (\u00e9tudes sp\u00e9\u00adciales et publi\u00adca\u00adtions diverses).<\/li>\n<\/ol>\n<h2>Langue allemande<\/h2>\n<p>Nous lisons avec beau\u00adcoup d\u2019int\u00e9r\u00eat les heb\u00addo\u00adma\u00addaires r\u00e9vo\u00adlu\u00adtion\u00adnaires de langue alle\u00admande, notam\u00adment <em>Erkennt\u00adnis und Befreiung<\/em>, qui para\u00eet \u00e0 Vienne sous la direc\u00adtion de Pierre Ramus&nbsp;; <em>Der Syn\u00addi\u00adka\u00adlist<\/em>, dont le cama\u00adrade Fritz Kater est le r\u00e9dac\u00adteur en chef, et <em>Der freie Arbei\u00adter<\/em>, qui est l\u2019organe de la F\u00e9d\u00e9\u00adra\u00adtion des anar\u00adchistes-com\u00admu\u00adnistes d\u2019Allemagne. C\u2019est avec plai\u00adsir que nous appre\u00adnons, par ce der\u00adnier jour\u00adnal, que le mou\u00adve\u00adment s\u2019\u00e9tend \u00e0 tra\u00advers tout le pays. Des groupes, menant une pro\u00adpa\u00adgande active, existent dans presque toutes les grandes villes. L\u2019organisation de ces groupes est autre\u00adment avan\u00adc\u00e9e en Alle\u00admagne qu\u2019en France. Les organes ci-des\u00adsus nom\u00adm\u00e9s donnent des articles de fond qui r\u00e9pondent, d\u2019une mani\u00e8re g\u00e9n\u00e9\u00adrale, aux ten\u00addances des <em>T. N.<\/em> et ne peuvent que contri\u00adbuer \u00e0 r\u00e9pandre les id\u00e9es com\u00admu\u00adnistes libres dans la masse. Les m\u00eames id\u00e9es sont r\u00e9pan\u00addues en Hol\u00adlande par le <em>Vrije socia\u00adlist<\/em>.<\/p>\n<\/div>\n","protected":false},"excerpt":{"rendered":"<p>Une sale\u00adt\u00e9 Depuis long\u00adtemps les poli\u00adti\u00adciens mar\u00adxistes\u200a\u2014\u200ane par\u00adlons pas des autres\u200a\u2014\u200anous ont habi\u00adtu\u00e9s \u00e0 toutes les indi\u00adgni\u00adt\u00e9s morales. Celle qui s\u2019\u00e9tale dans l\u2019Huma\u00adni\u00adt\u00e9 du 5 novembre ne peut \u00eatre pas\u00ads\u00e9e sous silence. Le jour\u00adnal du par\u00adti vise \u00e0 rien moins qu\u2019\u00e0 dis\u00adcr\u00e9\u00addi\u00adter l\u2019ouvrage de Kauts\u00adky, Com\u00adment s\u2019est d\u00e9clen\u00adch\u00e9e la guerre mon\u00addiale&nbsp;? le r\u00e9qui\u00adsi\u00adtoire le&nbsp;plus&nbsp;[\u2026]<\/p>\n","protected":false},"author":1,"featured_media":0,"comment_status":"closed","ping_status":"closed","sticky":false,"template":"","format":"standard","meta":{"wp_typography_post_enhancements_disabled":false,"footnotes":""},"categories":[492],"tags":[],"ppma_author":[540],"class_list":["post-4020","post","type-post","status-publish","format-standard","hentry","category-les-temps-nouveaux-na18-15-janvier-1921"],"authors":[{"term_id":540,"user_id":1,"is_guest":0,"slug":"admin_3gikpwyf","display_name":"Vincent Dubuc","avatar_url":"https:\/\/secure.gravatar.com\/avatar\/d015720652c25fd2ced191ade86430094e1f288a17483713e3b34d26dea52507?s=96&d=mm&r=g","author_category":"","user_url":"https:\/\/la-presse-anarchiste.net","last_name":"Dubuc","first_name":"Vincent","job_title":"","description":""}],"_links":{"self":[{"href":"https:\/\/la-presse-anarchiste.net\/index.php\/wp-json\/wp\/v2\/posts\/4020","targetHints":{"allow":["GET"]}}],"collection":[{"href":"https:\/\/la-presse-anarchiste.net\/index.php\/wp-json\/wp\/v2\/posts"}],"about":[{"href":"https:\/\/la-presse-anarchiste.net\/index.php\/wp-json\/wp\/v2\/types\/post"}],"author":[{"embeddable":true,"href":"https:\/\/la-presse-anarchiste.net\/index.php\/wp-json\/wp\/v2\/users\/1"}],"replies":[{"embeddable":true,"href":"https:\/\/la-presse-anarchiste.net\/index.php\/wp-json\/wp\/v2\/comments?post=4020"}],"version-history":[{"count":0,"href":"https:\/\/la-presse-anarchiste.net\/index.php\/wp-json\/wp\/v2\/posts\/4020\/revisions"}],"wp:attachment":[{"href":"https:\/\/la-presse-anarchiste.net\/index.php\/wp-json\/wp\/v2\/media?parent=4020"}],"wp:term":[{"taxonomy":"category","embeddable":true,"href":"https:\/\/la-presse-anarchiste.net\/index.php\/wp-json\/wp\/v2\/categories?post=4020"},{"taxonomy":"post_tag","embeddable":true,"href":"https:\/\/la-presse-anarchiste.net\/index.php\/wp-json\/wp\/v2\/tags?post=4020"},{"taxonomy":"author","embeddable":true,"href":"https:\/\/la-presse-anarchiste.net\/index.php\/wp-json\/wp\/v2\/ppma_author?post=4020"}],"curies":[{"name":"wp","href":"https:\/\/api.w.org\/{rel}","templated":true}]}}