{"id":4034,"date":"2020-06-26T17:36:08","date_gmt":"2020-06-26T17:36:08","guid":{"rendered":"https:\/\/la-presse-anarchiste.net\/index.php\/2020\/06\/26\/simple-coincidence-bonne-recompense-les-vieillards-terribles-faux-martyrs\/"},"modified":"2020-06-26T17:36:08","modified_gmt":"2020-06-26T17:36:08","slug":"simple-coincidence-bonne-recompense-les-vieillards-terribles-faux-martyrs","status":"publish","type":"post","link":"https:\/\/la-presse-anarchiste.net\/index.php\/2020\/06\/26\/simple-coincidence-bonne-recompense-les-vieillards-terribles-faux-martyrs\/","title":{"rendered":"Simple Co\u00efncidence&nbsp;?\u200a\u2014\u200aBonne r\u00e9compense\u2026\u200a\u2014\u200aLes vieillards terribles\u200a\u2014\u200aFaux martyrs"},"content":{"rendered":"<div class=\"pdfprnt-buttons pdfprnt-buttons-post pdfprnt-top-right\"><a href=\"https:\/\/la-presse-anarchiste.net\/index.php\/wp-json\/wp\/v2\/posts\/4034?print=pdf\" class=\"pdfprnt-button pdfprnt-button-pdf\" target=\"_blank\"><img decoding=\"async\" src=\"https:\/\/la-presse-anarchiste.net\/wp-content\/plugins\/pdf-print\/images\/pdf.png\" alt=\"image_pdf\" title=\"Afficher le PDF\"><\/a><a href=\"https:\/\/la-presse-anarchiste.net\/index.php\/wp-json\/wp\/v2\/posts\/4034?print=print\" class=\"pdfprnt-button pdfprnt-button-print\" target=\"_blank\"><img decoding=\"async\" src=\"https:\/\/la-presse-anarchiste.net\/wp-content\/plugins\/pdf-print\/images\/print.png\" alt=\"image_print\" title=\"Contenu imprim\u00e9\"><\/a><\/div><div align=\"justify\">\n<h2>Simple co\u00efncidence&nbsp;?<\/h2>\n<p>Il y a des co\u00efn\u00adci\u00addences dignes d\u2019ob\u00adser\u00adva\u00adtion. La r\u00e9cente gr\u00e8ve des mineurs de la Loire en four\u00adnit une d\u2019au\u00adtant plus signi\u00adfi\u00adca\u00adtive, qu\u2019elle se retrouve dans maints autres mou\u00adve\u00adments gr\u00e9vistes.<\/p>\n<p>Le mer\u00adcre\u00addi 3 jan\u00advier, l\u2019en\u00adtente para\u00eet impos\u00adsible&nbsp;; les com\u00adpa\u00adgnies semblent d\u00e9ci\u00add\u00e9es \u00e0 ne rien accor\u00adder aux gr\u00e9\u00advistes de ce qu\u2019ils demandent&nbsp;; et, depuis plu\u00adsieurs jours, les r\u00e9cla\u00adma\u00adtions ouvri\u00e8res res\u00adtant vaines, les n\u00e9go\u00adcia\u00adtions se pour\u00adsuivent sans ame\u00adner, ni m\u00eame lais\u00adser pr\u00e9\u00advoir, un r\u00e9sul\u00adtat favo\u00adrable aux reven\u00addi\u00adca\u00adtions des mineurs.<\/p>\n<p>Sur\u00advient l\u2019\u00e9\u00admeute du jeu\u00addi 4 jan\u00advier. Police, gen\u00addar\u00adme\u00adrie, troupes sont d\u00e9bor\u00add\u00e9es. Les auto\u00adri\u00adt\u00e9s locales assistent, conster\u00adn\u00e9es et impuis\u00adsantes, \u00e0 une crise d\u2019im\u00adpa\u00adtience, \u00e0 un d\u00e9bor\u00adde\u00adment de col\u00e8re, qui se mani\u00adfestent sous la forme d\u2019une r\u00e9vo\u00adlu\u00adtion qui com\u00admence \u00e0 agir. Durant trois heures, les ouvriers sont ma\u00eetres du champ de bataille&nbsp;; l\u2019at\u00adtaque a \u00e9t\u00e9 si tota\u00adle\u00adment impr\u00e9\u00advue et sou\u00addaine, l\u2019ac\u00adtion \u00e0 pris brus\u00adque\u00adment une allure si vio\u00adlente et si carac\u00adt\u00e9\u00adri\u00ads\u00e9e, que tout le monde a la sen\u00adsa\u00adtion tr\u00e8s nette qu\u2019il d\u00e9pend des gr\u00e9\u00advistes que la ville et m\u00eame la r\u00e9gion tout enti\u00e8re tombent en leur pouvoir.<\/p>\n<p>Or, ils sont des mil\u00adliers qui, de Fir\u00admi\u00adny \u00e0 Saint-Cha\u00admond, de Rive-de-Gier \u00e0 Mont\u00adceau-les-Mines, dans le bas\u00adsin de la Loire et de la Sa\u00f4ne-et-Loire, sont sor\u00adtis de leurs puits et refusent d\u2019y des\u00adcendre avant que les com\u00adpa\u00adgnies aient capitul\u00e9.<\/p>\n<p>Et voi\u00adci que, d\u00e8s le ven\u00addre\u00addi 5 jan\u00advier, les Soci\u00e9\u00adt\u00e9s houill\u00e8res qui, jusque l\u00e0, s\u2019\u00e9\u00adtaient obs\u00adti\u00adn\u00e9es dans leur refus d\u2019ac\u00adc\u00e9\u00adder aux r\u00e9cla\u00adma\u00adtions de leurs exploi\u00adt\u00e9s, se d\u00e9clarent subi\u00adte\u00adment dis\u00adpo\u00ads\u00e9es \u00e0 faire bon accueil \u00e0 ces r\u00e9clamations.<\/p>\n<p>Le same\u00addi 6 jan\u00advier, l\u2019ac\u00adcord \u00e9tait fait&nbsp;: l\u2019aug\u00admen\u00adta\u00adtion de salaires, exi\u00adg\u00e9e par les gr\u00e9\u00advistes, \u00e9tait accor\u00add\u00e9e, et l\u2019exis\u00adtence de leur comi\u00adt\u00e9 f\u00e9d\u00e9\u00adral \u00e9tait reconnue.<\/p>\n<p>Jamais, peut-\u00eatre, revi\u00adre\u00adment plus com\u00adplet ne s\u2019\u00e9\u00adtait pro\u00adduit plus rapidement.<\/p>\n<p>Entre ce chan\u00adge\u00adment sou\u00addain dans les dis\u00adpo\u00adsi\u00adtions des Com\u00adpa\u00adgnies exploi\u00adtantes et l\u2019\u00e9\u00admeute du 4 jan\u00advier, y a\u2011t-il sim\u00adple\u00adment co\u00efn\u00adci\u00addence, ou bien rela\u00adtion directe d\u2019ef\u00adfet \u00e0 cause&nbsp;? Je ne me pro\u00adnon\u00adce\u00adrai&nbsp;pas.<\/p>\n<p>Que les ouvriers r\u00e9fl\u00e9\u00adchissent et qu\u2019ils se souviennent&nbsp;!<\/p>\n<h2>Bonne r\u00e9compense\u2026<\/h2>\n<p>Les Fran\u00ad\u00e7ais de France sont dans la d\u00e9so\u00adla\u00adtion et la conster\u00adna\u00adtion&nbsp;: la France est deve\u00adnue un corps sans \u00e2me. D\u00e9rou\u00adl\u00e8de, le Grand Patriote, le seul, le vrai, l\u2019u\u00adnique, a empor\u00adt\u00e9, sous les plis de sa redin\u00adgote\u200a\u2014\u200aembl\u00e8me, sym\u00adbole, dra\u00adpeau de la France en deuil,\u200a\u2014\u200al\u2019\u00e2me m\u00eame de la Patrie.<\/p>\n<p>\u00c2me de la Patrie, o\u00f9 es-tu&nbsp;?\u2026 Psst&nbsp;! Psst&nbsp;!! Reviens.<\/p>\n<p>Bonne r\u00e9com\u00adpense \u00e0 qui la rapportera\u2026<\/p>\n<h2>Les vieillards terribles<\/h2>\n<p><em>Pen\u00addant nos vingt-six ans de par\u00adle\u00admen\u00adta\u00adrisme, quelles am\u00e9\u00adlio\u00adra\u00adtions a\u2011t-on appor\u00adt\u00e9es au r\u00e9gime poli\u00adtique et social de cette nation patiente et r\u00e9si\u00adgn\u00e9e&nbsp;? Quelles reformes a\u2011t-on r\u00e9a\u00adli\u00ads\u00e9es pour faire aimer au pays les ins\u00adti\u00adtu\u00adtions r\u00e9publicaines?.\u2026<\/em><\/p>\n<p>Vous croyez peut-\u00eatre que ces pro\u00adpos sub\u00adver\u00adsifs, et qui sont un r\u00e9qui\u00adsi\u00adtoire sans r\u00e9plique contre le r\u00e9gime par\u00adle\u00admen\u00adtaire, \u00e9manent d\u2019un de ces fau\u00adteurs de d\u00e9sordres qui osent d\u00e9cla\u00adrer que tous les gou\u00adver\u00adne\u00adments sont \u00e0 combattre&nbsp;?<\/p>\n<p>D\u00e9trom\u00adpez-vous.<\/p>\n<p>Ces paroles sont extraites du dis\u00adcours d\u2019ou\u00adver\u00adture pro\u00adnon\u00adc\u00e9 le mar\u00addi 9 jan\u00advier 1900, \u00e0 la Chambre des d\u00e9pu\u00adt\u00e9s, par le doyen d\u2019\u00e2ge, le Doc\u00adteur Turi\u00adgny, un vieux de soixante-dix-huit ans, qui s\u2019y conna\u00eet<\/p>\n<p>Oh&nbsp;! les vieillards terribles&nbsp;!\u2026<\/p>\n<h2>Faux martyrs<\/h2>\n<p>D\u00e9rou\u00adl\u00e8de et Gu\u00e9\u00adrin se donnent un mal incroyable pour se rendre int\u00e9\u00adres\u00adsants et api\u00adtoyer sur leur \u00ab&nbsp;triste sort&nbsp;\u00bb les pleu\u00adrards et les nigauds. Par les pr\u00e9\u00adoc\u00adcu\u00adpa\u00adtions lan\u00adci\u00adnantes dans les\u00adquelles il jette\u200a\u2014\u200aen m\u00eame temps que sur le pav\u00e9\u200a\u2014\u200abon nombre de pro\u00adl\u00e9\u00adtaires, le terme fait du tort \u00e0 ces deux saltimbanques.<\/p>\n<p>Au sur\u00adplus, tout le monde a la cer\u00adti\u00adtude que le ban\u00adnis\u00adse\u00adment de l\u2019un et la d\u00e9ten\u00adtion de l\u2019autre ne dure\u00adront pas bien longtemps.<\/p>\n<p>Si le ban\u00adni qui compte cou\u00adler \u00e0 Saint-S\u00e9bas\u00adtien les jours agr\u00e9ables d\u2019un <em>Dic\u00adta\u00adteur en exil<\/em>, et le d\u00e9te\u00adnu de Clair\u00advaux \u00e0 qui seront lar\u00adge\u00adment accor\u00add\u00e9es toutes les faveurs ordi\u00adnaires et extra\u00ador\u00addi\u00adnaires que l\u2019ad\u00admi\u00adnis\u00adtra\u00adtion ne refuse jamais aux pri\u00adson\u00adniers de marque, n\u2019a\u00advaient pas l\u2019un et l\u2019autre la m\u00eame assu\u00adrance, je suis cer\u00adtain qu\u2019ils sup\u00adpor\u00adte\u00adraient moins b\u00e9n\u00e9\u00advo\u00adle\u00adment la vie nou\u00advelle que les vieux abru\u00adtis du S\u00e9nat leur ont&nbsp;faite.<\/p>\n<p>L\u2019exis\u00adtence du pauvre diable chas\u00ads\u00e9 par les riches des demeures, que les mains de ses fr\u00e8res de mis\u00e8re ont construites, d\u00e9pos\u00ads\u00e9\u00add\u00e9 du sol que les efforts des pay\u00adsans ont f\u00e9con\u00add\u00e9, est un per\u00adp\u00e9\u00adtuel et dou\u00adlou\u00adreux bannissement.<\/p>\n<p>La vie du pro\u00adl\u00e9\u00adtaire enfer\u00adm\u00e9, par la rapa\u00adci\u00adt\u00e9 capi\u00adta\u00adliste, dans le bagne atroce du sala\u00adriat, est une per\u00adp\u00e9\u00adtuelle et angois\u00adsante d\u00e9tention.<\/p>\n<p>Le mis\u00e9\u00adreux, l\u2019ou\u00advrier, les voi\u00adl\u00e0 ceux dont la Haute Cour sociale a fait des mar\u00adtyrs, de vrais martyrs&nbsp;!<\/p>\n<p>C\u2019est \u00e0 ceux-l\u00e0 que je r\u00e9serve toute ma piti\u00e9, toute ma sym\u00adpa\u00adthie. Il ne m\u2019en reste plus pour les faux mar\u00adtyrs&nbsp;: les D\u00e9rou\u00adl\u00e8de et les Gu\u00e9rin.<\/p>\n<p>Que l\u2019hy\u00adpo\u00adcrite com\u00admi\u00ads\u00e9\u00adra\u00adtion des Roche\u00adfort, des Dru\u00admont, des Gyp et les Cop\u00adp\u00e9e leur suffise&nbsp;!<\/p>\n<\/div>\n","protected":false},"excerpt":{"rendered":"<p>Simple co\u00efn\u00adci\u00addence&nbsp;? Il y a des co\u00efn\u00adci\u00addences dignes d\u2019ob\u00adser\u00adva\u00adtion. La r\u00e9cente gr\u00e8ve des mineurs de la Loire en four\u00adnit une d\u2019au\u00adtant plus signi\u00adfi\u00adca\u00adtive, qu\u2019elle se retrouve dans maints autres mou\u00adve\u00adments gr\u00e9\u00advistes. Le mer\u00adcre\u00addi 3 jan\u00advier, l\u2019en\u00adtente para\u00eet impos\u00adsible&nbsp;; les com\u00adpa\u00adgnies semblent d\u00e9ci\u00add\u00e9es \u00e0 ne rien accor\u00adder aux gr\u00e9\u00advistes de ce qu\u2019ils demandent&nbsp;; et, depuis plusieurs&nbsp;[\u2026]<\/p>\n","protected":false},"author":1,"featured_media":0,"comment_status":"closed","ping_status":"closed","sticky":false,"template":"","format":"standard","meta":{"wp_typography_post_enhancements_disabled":false,"footnotes":""},"categories":[498],"tags":[],"ppma_author":[540],"class_list":["post-4034","post","type-post","status-publish","format-standard","hentry","category-les-plebeiennes-n1-14-20-janvier-1900"],"authors":[{"term_id":540,"user_id":1,"is_guest":0,"slug":"admin_3gikpwyf","display_name":"Vincent Dubuc","avatar_url":"https:\/\/secure.gravatar.com\/avatar\/d015720652c25fd2ced191ade86430094e1f288a17483713e3b34d26dea52507?s=96&d=mm&r=g","author_category":"","user_url":"https:\/\/la-presse-anarchiste.net","last_name":"Dubuc","first_name":"Vincent","job_title":"","description":""}],"_links":{"self":[{"href":"https:\/\/la-presse-anarchiste.net\/index.php\/wp-json\/wp\/v2\/posts\/4034","targetHints":{"allow":["GET"]}}],"collection":[{"href":"https:\/\/la-presse-anarchiste.net\/index.php\/wp-json\/wp\/v2\/posts"}],"about":[{"href":"https:\/\/la-presse-anarchiste.net\/index.php\/wp-json\/wp\/v2\/types\/post"}],"author":[{"embeddable":true,"href":"https:\/\/la-presse-anarchiste.net\/index.php\/wp-json\/wp\/v2\/users\/1"}],"replies":[{"embeddable":true,"href":"https:\/\/la-presse-anarchiste.net\/index.php\/wp-json\/wp\/v2\/comments?post=4034"}],"version-history":[{"count":0,"href":"https:\/\/la-presse-anarchiste.net\/index.php\/wp-json\/wp\/v2\/posts\/4034\/revisions"}],"wp:attachment":[{"href":"https:\/\/la-presse-anarchiste.net\/index.php\/wp-json\/wp\/v2\/media?parent=4034"}],"wp:term":[{"taxonomy":"category","embeddable":true,"href":"https:\/\/la-presse-anarchiste.net\/index.php\/wp-json\/wp\/v2\/categories?post=4034"},{"taxonomy":"post_tag","embeddable":true,"href":"https:\/\/la-presse-anarchiste.net\/index.php\/wp-json\/wp\/v2\/tags?post=4034"},{"taxonomy":"author","embeddable":true,"href":"https:\/\/la-presse-anarchiste.net\/index.php\/wp-json\/wp\/v2\/ppma_author?post=4034"}],"curies":[{"name":"wp","href":"https:\/\/api.w.org\/{rel}","templated":true}]}}