{"id":4037,"date":"2020-06-27T18:54:46","date_gmt":"2020-06-27T18:54:46","guid":{"rendered":"https:\/\/la-presse-anarchiste.net\/index.php\/2020\/06\/27\/le-pacifisme-na-pas-besoin-de-savants\/"},"modified":"2020-06-27T18:54:46","modified_gmt":"2020-06-27T18:54:46","slug":"le-pacifisme-na-pas-besoin-de-savants","status":"publish","type":"post","link":"https:\/\/la-presse-anarchiste.net\/index.php\/2020\/06\/27\/le-pacifisme-na-pas-besoin-de-savants\/","title":{"rendered":"Le Pacifisme n\u2019a pas besoin de \u00ab&nbsp;savants&nbsp;\u00bb"},"content":{"rendered":"<div class=\"pdfprnt-buttons pdfprnt-buttons-post pdfprnt-top-right\"><a href=\"https:\/\/la-presse-anarchiste.net\/index.php\/wp-json\/wp\/v2\/posts\/4037?print=pdf\" class=\"pdfprnt-button pdfprnt-button-pdf\" target=\"_blank\"><img decoding=\"async\" src=\"https:\/\/la-presse-anarchiste.net\/wp-content\/plugins\/pdf-print\/images\/pdf.png\" alt=\"image_pdf\" title=\"Afficher le PDF\"><\/a><a href=\"https:\/\/la-presse-anarchiste.net\/index.php\/wp-json\/wp\/v2\/posts\/4037?print=print\" class=\"pdfprnt-button pdfprnt-button-print\" target=\"_blank\"><img decoding=\"async\" src=\"https:\/\/la-presse-anarchiste.net\/wp-content\/plugins\/pdf-print\/images\/print.png\" alt=\"image_print\" title=\"Contenu imprim\u00e9\"><\/a><\/div><div align=\"justify\">\n<p>Aujourd\u2019hui, tout le monde, ou presque, s\u2019affirme paci\u00adfiste. En paroles, bien enten\u00addu. Quelques mots \u00e9chan\u00adg\u00e9s, quelque part dans un bar, et tout paci\u00adfiste, m\u00eame le plus \u00ab&nbsp;total&nbsp;\u00bb, se croit d\u2019accord avec le pre\u00admier venu. Un accord si par\u00adfait qu\u2019il pour\u00adrait appa\u00adra\u00eetre comme un pr\u00e9\u00adlude \u00e0 de splen\u00addides et uni\u00adver\u00adselles ententes.<\/p>\n<p>Ah&nbsp;! la guerre&nbsp;!<\/p>\n<p>Tout le monde est d\u2019accord pour la mau\u00addire. Il n\u2019y a plus de Joseph de Maistre pour la justifier.<\/p>\n<p>Pas m\u00eame un trou\u00adba\u00addour pour la chan\u00adter. Pas m\u00eame un acad\u00e9micien.<\/p>\n<p>Mais si la conver\u00adsa\u00adtion se pro\u00adlonge, pour peu que quelques per\u00adsonnes y prennent part, si le d\u00e9bat s\u2019accentue, le paci\u00adfiste \u00ab&nbsp;total&nbsp;\u00bb se voit bien\u00adt\u00f4t sub\u00admer\u00adg\u00e9 par un flot d\u2019objections contra\u00addic\u00adtoires. Il s\u2019aper\u00e7oit bien vite de son iso\u00adle\u00adment. En vain per\u00adsiste-t-il \u00e0 affir\u00admer que la seule preuve des inten\u00adtions paci\u00adfiques d\u2019une nation, c\u2019est le d\u00e9sar\u00adme\u00adment et l\u2019abolition de la ser\u00advi\u00adtude mili\u00adtaire&nbsp;; en vain, fai\u00adsant appel aux \u00e9vi\u00addences, pro\u00adclame-t-il que cette ser\u00advi\u00adtude est entre\u00adte\u00adnue, culti\u00adv\u00e9e, glo\u00adri\u00adfi\u00e9e, par ceux-l\u00e0 m\u00eames qui la subissent.<\/p>\n<p>Paroles per\u00addues dans le brou\u00adha\u00adha de l\u2019assistance&nbsp;!<\/p>\n<p>Une maman lui d\u00e9coche en plein visage un argu\u00adment d\u00e9fi\u00adni\u00adtif&nbsp;: \u00ab&nbsp;Il faut bien des sol\u00addats pour pro\u00adt\u00e9\u00adger nos enfants&nbsp;!&nbsp;\u00bb<\/p>\n<p>Et voi\u00adl\u00e0 de nou\u00adveau le sol\u00addat glo\u00adri\u00adfi\u00e9. Tout \u00e0 l\u2019heure, on n\u2019\u00e9voquait que des vic\u00adtimes&nbsp;; main\u00adte\u00adnant, on cite des h\u00e9ros&nbsp;; on ne par\u00adlait que de char\u00adniers\u2026 et nous voi\u00adci aux champs d\u2019honneur<\/p>\n<p>Le paci\u00adfiste, sub\u00admer\u00adg\u00e9, n\u2019en peut plus&nbsp;; il est pr\u00eat \u00e0 quit\u00adter la partie.<\/p>\n<p>C\u2019est \u00e0 ce moment que le \u00ab&nbsp;Tech\u00adni\u00adcien-de-la-Paix&nbsp;\u00bb inter\u00advient&nbsp;: \u00ab&nbsp;Allons, dit-il, je vois que tu es un pauvre type qui ne ton\u00adnait rien des don\u00adn\u00e9es du probl\u00e8me&nbsp;!&nbsp;\u00bb<\/p>\n<p>Le mot est lan\u00adc\u00e9&nbsp;! La Paix devient un pro\u00adbl\u00e8me. Il faut le r\u00e9soudre&nbsp;!<\/p>\n<p>Le \u00ab&nbsp;Tech\u00adni\u00adcien-du-bon\u00adheur-des-hommes&nbsp;\u00bb est d\u00e9sor\u00admais \u00e0 son affaire. Il dis\u00adcute des droits de ceux-ci et de ceux-l\u00e0. Et devant son audi\u00adtoire sub\u00adju\u00adgu\u00e9 par sa faconde, il abou\u00adtit \u00e0 cette conclu\u00adsion qu\u2019il faut impo\u00adser la paix au monde, m\u00eame par la guerre&nbsp;!<\/p>\n<p>Nous en sommes l\u00e0&nbsp;!<\/p>\n<p>Mal\u00adgr\u00e9 cette qua\u00adli\u00adt\u00e9 de \u00ab&nbsp;paci\u00adfistes&nbsp;\u00bb dont s\u2019affublent tant de gens, soyons per\u00adsua\u00add\u00e9s que le \u00ab&nbsp;paci\u00adfiste b\u00ealant&nbsp;\u00bb est un indi\u00advi\u00addu de la plus rare esp\u00e8ce. Aus\u00adsi est-ce un titre que je porte fi\u00e8\u00adre\u00adment depuis 1914 et, sur\u00adtout, depuis que j\u2019ai consta\u00adt\u00e9, en 1940, les per\u00adfor\u00admances des patriotes pro\u00adfes\u00adsion\u00adnels entre Dun\u00adkerque et les Pyr\u00e9n\u00e9es.<\/p>\n<p>Mais pour\u00adquoi nous van\u00adter d\u2019avoir b\u00eal\u00e9 avant tant d\u2019autres&nbsp;?<\/p>\n<p>Ce qui est grave, c\u2019est de consta\u00adter que tant de san\u00adglantes \u00e9preuves n\u2019ont pu avoir rai\u00adson des plus stu\u00adpides slo\u00adgans. Les foules res\u00adpectent non seule\u00adment les cli\u00adch\u00e9s ora\u00adtoires comme les pages roses du Larousse, mais elles en arrivent \u00e0 r\u00e9pri\u00admer leurs sen\u00adti\u00adments les plus natu\u00adrels&nbsp;; l\u2019instinct mater\u00adnel lui-m\u00eame semble insuf\u00adfi\u00adsant pour les gar\u00adder dans le che\u00admin de la raison.<\/p>\n<p>Or ce sont des sen\u00adti\u00adments tr\u00e8s simples qui doivent nous r\u00e9unir. Le v\u00e9ri\u00adtable paci\u00adfisme n\u2019a pas besoin de \u00ab&nbsp;savants&nbsp;\u00bb. Il ne suf\u00adfit que d\u2019un peu de bon sens pour y aboutir.<\/p>\n<p>La Paix ne doit pas \u00eatre consi\u00add\u00e9\u00adr\u00e9e comme un probl\u00e8me.<\/p>\n<p>C\u2019est une solution.<\/p>\n<p>\u00c0 cette heure, d\u2019immenses trou\u00adpeaux d\u2019hommes de toutes les cou\u00adleurs, de toutes les races, au lieu de se ras\u00adsem\u00adbler, fra\u00adter\u00adnel\u00adle\u00adment, pour une lib\u00e9\u00adra\u00adtion unique dans leur His\u00adtoire et par leur seul refus d\u2019ob\u00e9ir \u00e0 des ordres de sui\u00adcide, s\u2019obstinent \u00e0 en dis\u00adcu\u00adter, \u00e0 y trou\u00adver des sujets de dis\u00adcorde, \u00e0 s\u2019\u00e9garer en des dis\u00adcus\u00adsions tota\u00adle\u00adment \u00e9tran\u00adg\u00e8res \u00e0 leurs int\u00e9\u00adr\u00eats imm\u00e9\u00addiats. Sottise&nbsp;!<\/p>\n<p>Ils me font pen\u00adser \u00e0 une basse-cour o\u00f9 chaque vola\u00adtile argu\u00admen\u00adte\u00adrait sur la fer\u00admi\u00e8re ou le fer\u00admier, sur les torts de celui-ci ou de celle-l\u00e0, sur la tech\u00adnique de la b\u00e9cha\u00admel et sur ce qui jus\u00adti\u00adfie ou non la pro\u00adchaine h\u00e9ca\u00adtombe dans le pou\u00adlailler pour le r\u00e9veillon de&nbsp;No\u00ebl&nbsp;!<\/p>\n<p>[\/\u200bAur\u00e8le <sc>Pator\u00adni<\/sc>.\/\u200b]<\/p>\n<\/div>\n","protected":false},"excerpt":{"rendered":"<p>Aujourd\u2019hui, tout le monde, ou presque, s\u2019affirme paci\u00adfiste. En paroles, bien enten\u00addu. Quelques mots \u00e9chan\u00adg\u00e9s, quelque part dans un bar, et tout paci\u00adfiste, m\u00eame le plus \u00ab&nbsp;total&nbsp;\u00bb, se croit d\u2019accord avec le pre\u00admier venu. Un accord si par\u00adfait qu\u2019il pour\u00adrait appa\u00adra\u00eetre comme un pr\u00e9\u00adlude \u00e0 de splen\u00addides et uni\u00adver\u00adselles ententes. Ah&nbsp;! la guerre&nbsp;! Tout&nbsp;le&nbsp;[\u2026]<\/p>\n","protected":false},"author":1,"featured_media":0,"comment_status":"closed","ping_status":"closed","sticky":false,"template":"","format":"standard","meta":{"wp_typography_post_enhancements_disabled":false,"footnotes":""},"categories":[501],"tags":[],"ppma_author":[540],"class_list":["post-4037","post","type-post","status-publish","format-standard","hentry","category-contre-courant-n1-fevrier-1951"],"authors":[{"term_id":540,"user_id":1,"is_guest":0,"slug":"admin_3gikpwyf","display_name":"Vincent Dubuc","avatar_url":"https:\/\/secure.gravatar.com\/avatar\/d015720652c25fd2ced191ade86430094e1f288a17483713e3b34d26dea52507?s=96&d=mm&r=g","author_category":"","user_url":"https:\/\/la-presse-anarchiste.net","last_name":"Dubuc","first_name":"Vincent","job_title":"","description":""}],"_links":{"self":[{"href":"https:\/\/la-presse-anarchiste.net\/index.php\/wp-json\/wp\/v2\/posts\/4037","targetHints":{"allow":["GET"]}}],"collection":[{"href":"https:\/\/la-presse-anarchiste.net\/index.php\/wp-json\/wp\/v2\/posts"}],"about":[{"href":"https:\/\/la-presse-anarchiste.net\/index.php\/wp-json\/wp\/v2\/types\/post"}],"author":[{"embeddable":true,"href":"https:\/\/la-presse-anarchiste.net\/index.php\/wp-json\/wp\/v2\/users\/1"}],"replies":[{"embeddable":true,"href":"https:\/\/la-presse-anarchiste.net\/index.php\/wp-json\/wp\/v2\/comments?post=4037"}],"version-history":[{"count":0,"href":"https:\/\/la-presse-anarchiste.net\/index.php\/wp-json\/wp\/v2\/posts\/4037\/revisions"}],"wp:attachment":[{"href":"https:\/\/la-presse-anarchiste.net\/index.php\/wp-json\/wp\/v2\/media?parent=4037"}],"wp:term":[{"taxonomy":"category","embeddable":true,"href":"https:\/\/la-presse-anarchiste.net\/index.php\/wp-json\/wp\/v2\/categories?post=4037"},{"taxonomy":"post_tag","embeddable":true,"href":"https:\/\/la-presse-anarchiste.net\/index.php\/wp-json\/wp\/v2\/tags?post=4037"},{"taxonomy":"author","embeddable":true,"href":"https:\/\/la-presse-anarchiste.net\/index.php\/wp-json\/wp\/v2\/ppma_author?post=4037"}],"curies":[{"name":"wp","href":"https:\/\/api.w.org\/{rel}","templated":true}]}}