{"id":4039,"date":"2020-06-27T18:54:35","date_gmt":"2020-06-27T18:54:35","guid":{"rendered":"https:\/\/la-presse-anarchiste.net\/index.php\/2020\/06\/27\/probleme-de-lecole-non-strategie-de-reaction-sociale\/"},"modified":"2020-06-27T18:54:35","modified_gmt":"2020-06-27T18:54:35","slug":"probleme-de-lecole-non-strategie-de-reaction-sociale","status":"publish","type":"post","link":"https:\/\/la-presse-anarchiste.net\/index.php\/2020\/06\/27\/probleme-de-lecole-non-strategie-de-reaction-sociale\/","title":{"rendered":"Probl\u00e8me de l\u2019\u00e9cole&nbsp;? Non&nbsp;! Strat\u00e9gie de r\u00e9action sociale."},"content":{"rendered":"<div class=\"pdfprnt-buttons pdfprnt-buttons-post pdfprnt-top-right\"><a href=\"https:\/\/la-presse-anarchiste.net\/index.php\/wp-json\/wp\/v2\/posts\/4039?print=pdf\" class=\"pdfprnt-button pdfprnt-button-pdf\" target=\"_blank\"><img decoding=\"async\" src=\"https:\/\/la-presse-anarchiste.net\/wp-content\/plugins\/pdf-print\/images\/pdf.png\" alt=\"image_pdf\" title=\"Afficher le PDF\"><\/a><a href=\"https:\/\/la-presse-anarchiste.net\/index.php\/wp-json\/wp\/v2\/posts\/4039?print=print\" class=\"pdfprnt-button pdfprnt-button-print\" target=\"_blank\"><img decoding=\"async\" src=\"https:\/\/la-presse-anarchiste.net\/wp-content\/plugins\/pdf-print\/images\/print.png\" alt=\"image_print\" title=\"Contenu imprim\u00e9\"><\/a><\/div><div align=\"justify\">\n<p>Au regard d\u2019un esprit liber\u00adtaire, l\u2019\u00e9cole la\u00efque d\u2019\u00c9tat n\u2019est pas neutre en tout point. Elle ne cultive pas le sens cri\u00adtique de l\u2019enfant jusqu\u2019\u00e0 lui per\u00admettre de deve\u00adnir un citoyen par\u00adfai\u00adte\u00adment conscient des pali\u00adno\u00addies du per\u00adson\u00adnel poli\u00adtique et des abus du pou\u00advoir r\u00e9el dis\u00adsi\u00admu\u00adl\u00e9 en cou\u00adlisse. Mais c\u2019est l\u00e0 un pro\u00adbl\u00e8me qui rel\u00e8ve de la r\u00e9or\u00adga\u00adni\u00adsa\u00adtion de tout l\u2019enseignement et est li\u00e9 \u00e0 l\u2019\u00e9volution sociale.<\/p>\n<p>Le pro\u00adbl\u00e8me \u00ab&nbsp;actuel&nbsp;\u00bb se pose autre\u00adment. L\u2019\u00c9glise et ses alli\u00e9s ne se plaignent pas de cette fausse neu\u00adtra\u00adli\u00adt\u00e9. Dans la mesure o\u00f9 ils ne peuvent \u00e9vi\u00adter l\u2019existence d\u2019une \u00e9cole publique, ils la pr\u00e9\u00adf\u00e8rent confor\u00admiste. Ce qu\u2019ils veulent, c\u2019est par\u00adve\u00adnir \u00e0 offi\u00adcia\u00adli\u00adser un ensei\u00adgne\u00adment confes\u00adsion\u00adnel, concur\u00adren\u00adcer ain\u00adsi une \u00e9cole qui a le tort de ne pas faire la pro\u00adpa\u00adgande du bon Dieu et de ne pas ensei\u00adgner le cat\u00e9\u00adchisme des devoirs du pauvre qui en d\u00e9coule.<\/p>\n<p>L\u2019\u00c9glise se veut pr\u00e9\u00addo\u00admi\u00adnante sur les esprits pour l\u2019\u00eatre dans l\u2019ordre pro\u00adfi\u00adtable du social et du poli\u00adtique. Tout ce qui est conser\u00adva\u00adteur lui est alli\u00e9 parce qu\u2019il est plus facile d\u2019endormir un peuple quand il a, d\u00e8s l\u2019enfance, \u00e9t\u00e9 entra\u00ee\u00adn\u00e9 \u00e0 l\u2019absorption mas\u00adsive d\u2019absurdit\u00e9s maquill\u00e9es en spiritualit\u00e9.<\/p>\n<p>La loi Baran\u00adg\u00e9, \u00e9la\u00adbo\u00adr\u00e9e au nom de la Jus\u00adtice, de l\u2019\u00c9galit\u00e9, de la Liber\u00adt\u00e9, de la Conscience, de la Reli\u00adgion et autres enti\u00adt\u00e9s pour la plu\u00adpart astu\u00adcieu\u00adse\u00adment emprun\u00adt\u00e9es par les emmer\u00adp\u00e9s au voca\u00adbu\u00adlaire ratio\u00adna\u00adliste, a \u00e9t\u00e9 r\u00e9di\u00adg\u00e9e avec un soin extr\u00eame pour que pas une seule de ces r\u00e9f\u00e9\u00adrences ne nuise \u00e0 son objet v\u00e9ri\u00adtable. Ce n\u2019est pas une loi, c\u2019est une traite usu\u00adraire tir\u00e9e sur les liber\u00adt\u00e9s d\u00e9mo\u00adcra\u00adtiques par le conser\u00adva\u00adtisme social. C\u2019est pour\u00adquoi le slo\u00adgan de la la\u00ef\u00adci\u00adt\u00e9, pr\u00e9\u00adten\u00addu p\u00e9ri\u00adm\u00e9 depuis que L\u00e9on Blum a sub\u00adti\u00adle\u00adment enva\u00ads\u00e9 le socia\u00adlisme, est rede\u00adve\u00adnu le test des posi\u00adtions politiques.<\/p>\n<p>Les preuves sont \u00e9videntes&nbsp;:<\/p>\n<p>Reli\u00adgion&nbsp;? Deman\u00addons aux \u00ab&nbsp;ind\u00e9\u00adpen\u00addants&nbsp;\u00bb et aux \u00ab&nbsp;pay\u00adsans&nbsp;\u00bb pour\u00advus ce qu\u2019ils font de la fra\u00adter\u00adni\u00adt\u00e9 chr\u00e9\u00adtienne et du d\u00e9dain des richesses. Deman\u00addons aux cur\u00e9s s\u2019il n\u2019est pas vrai que leur pro\u00adpa\u00adgande fut plus libre et plus effi\u00adcace depuis que l\u2019\u00c9tat n\u2019appointe ni ne contr\u00f4le les \u00e9v\u00eaques. Mais cela se passe sur\u00adtout dans l\u2019ordre spi\u00adri\u00adtuel et est moins ren\u00adtable que la d\u00e9vo\u00adtion aux Fran\u00adco et autres P\u00e9tain.<\/p>\n<p>Conscience&nbsp;? N\u2019est-ce pas \u00e0 l\u2019\u00e9cole confes\u00adsion\u00adnelle qu\u2019une pres\u00adsion est faite sur l\u2019enfant inca\u00adpable de dis\u00adcri\u00admi\u00adner une d\u00e9mons\u00adtra\u00adtion ration\u00adnelle d\u2019une logis\u00adtique aux don\u00adn\u00e9es incon\u00adtr\u00f4\u00adlables&nbsp;? La loi de la\u00ef\u00adci\u00adt\u00e9 ne pr\u00e9\u00advoit-elle pas le res\u00adpect des opi\u00adnions et ne r\u00e9serve-t-elle pas expres\u00ads\u00e9\u00adment le jeu\u00addi \u00e0 l\u2019enseignement religieux&nbsp;?<\/p>\n<p>Liber\u00adt\u00e9&nbsp;? \u00c0 l\u2019astuce j\u00e9sui\u00adtique des emmer\u00adp\u00e9s&nbsp;: \u00ab&nbsp;Une liber\u00adt\u00e9 ne vaut que si elle a les moyens (finan\u00adciers) de s\u2019exercer&nbsp;\u00bb, Deixonne a r\u00e9pli\u00adqu\u00e9 per\u00adti\u00adnem\u00adment qu\u2019\u00e0 ce compte la liber\u00adt\u00e9 de la presse exige que le Bud\u00adget comble le d\u00e9fi\u00adcit des journaux.<\/p>\n<p>\u00c9ga\u00adli\u00adt\u00e9&nbsp;? Pour qu\u2019elle f\u00fbt r\u00e9elle, il fau\u00addrait qu\u2019au lieu de sub\u00adven\u00adtion\u00adner les \u00e9coles de sec\u00adta\u00adrisme on sup\u00adpri\u00adm\u00e2t les classes pri\u00admaires des lyc\u00e9es et des col\u00adl\u00e8ges et que, tous les enfants fr\u00e9\u00adquen\u00adtant une seule et m\u00eame \u00e9cole, y apprissent, dans l\u2019\u00e9galit\u00e9, \u00e0 se d\u00e9ga\u00adger des pr\u00e9\u00adju\u00adg\u00e9s de&nbsp;caste.<\/p>\n<p>Et o\u00f9 est la Jus\u00adtice dans la loi Baran\u00adg\u00e9&nbsp;? En face de l\u2019\u00e9cole ten\u00addan\u00adcieuse sub\u00adven\u00adtion\u00adn\u00e9e, l\u2019\u00e9cole publique \u00ab&nbsp;doit&nbsp;\u00bb res\u00adter neutre. Que fait-on d\u00e8s lors du droit des autres familles d\u2019esprit \u00e0 l\u2019enseignement de leurs vues par\u00adti\u00adcu\u00adli\u00e8res&nbsp;? Va-t-on leur ouvrir des \u00e9coles&nbsp;?<\/p>\n<p>Ah&nbsp;! pas du tout. La jus\u00adtice de Dieu est tr\u00e8s sp\u00e9\u00adciale. Les conser\u00adva\u00adteurs sociaux baran\u00adgistes crai\u00adgnaient, si bien que d\u2019autres (les com\u00admu\u00adnistes par exemple) ouvrissent \u00e0 leur tour des \u00e9coles \u00ab&nbsp;libres&nbsp;\u00bb qu\u2019ils ont sp\u00e9\u00adci\u00adfi\u00e9 que nulle sub\u00adven\u00adtion ne serait attri\u00adbu\u00e9e \u00e0 une \u00e9cole ouverte apr\u00e8s la pro\u00admul\u00adga\u00adtion de leur loi. Puis ils ont mis le sceau de leur hypo\u00adcri\u00adsie sur l\u2019article tou\u00adchant le droit des parents \u00e0 choi\u00adsir leur \u00e9cole en d\u00e9ci\u00addant qu\u2019en aucun cas l\u2019allocation sco\u00adlaire ne serait ver\u00ads\u00e9e aux\u00addits parents. Les unes sont mises \u00e0 la dis\u00adpo\u00adsi\u00adtion des conseils g\u00e9n\u00e9\u00adraux et les autres sont ver\u00ads\u00e9es aux asso\u00adcia\u00adtions \u00ab&nbsp;confes\u00adsion\u00adnelles&nbsp;\u00bb de parents d\u2019\u00e9l\u00e8ves, c\u2019est-\u00e0-dire, pra\u00adti\u00adque\u00adment, aux \u00e9v\u00eaques c\u00e9libataires.<\/p>\n<p>La loi Baran\u00adg\u00e9 n\u2019est qu\u2019un com\u00admen\u00adce\u00adment. Si on laisse faire, voi\u00adci \u00e0 quoi doit abou\u00adtir la-jus\u00adtice-par-l\u2019\u00e9\u00adga\u00adli\u00adt\u00e9-dans-la-liber\u00adt\u00e9-des-consciences selon ces mes\u00adsieurs pr\u00eatres.<\/p>\n<p>L\u2019\u00e9cole la\u00efque enseigne des mil\u00adliers d\u2019enfants de catho\u00adliques. Si leur conscience n\u2019\u00e9tait pas m\u00e9na\u00adg\u00e9e avec soin, cela ferait du bruit. On peut \u00e0 cet \u00e9gard faire confiance \u00e0 ces mes\u00adsieurs-dames des patro\u00adnages et des vigi\u00adlantes sacris\u00adties. Or si dans un vil\u00adlage (dans l\u2019Ouest, par exemple), apr\u00e8s que l\u2019\u00e9cole confes\u00adsion\u00adnelle aurait \u00e9t\u00e9 offi\u00adcia\u00adli\u00ads\u00e9e comme on le veut, l\u2019\u00e9cole publique soi\u00adgneu\u00adse\u00adment boy\u00adcot\u00adt\u00e9e devait fer\u00admer ses portes parce qu\u2019elle n\u2019aurait que deux ou trois \u00e9l\u00e8ves, que devien\u00addrait la conscience de ces trois gosses obli\u00adg\u00e9s de subir l\u2019enseignement reli\u00adgieux de la seule \u00e9cole \u00e0 leur dis\u00adpo\u00adsi\u00adtion&nbsp;? N\u2019a\u2011t-on pas d\u00e9j\u00e0 ten\u00adt\u00e9 cette op\u00e9\u00adra\u00adtion sous la conduite de maires cl\u00e9\u00adri\u00adcaux il n\u2019y a gu\u00e8re&nbsp;? Voi\u00adl\u00e0 com\u00adment la jus\u00adtice con\u00e7ue selon les direc\u00adtives du vieil Ita\u00adlien fas\u00adci\u00adsant qui r\u00e8gne au Vati\u00adcan va ral\u00adlu\u00admer, comme diraient les radi\u00adcaux, \u00ab&nbsp;la guerre aux vil\u00adlages de France&nbsp;\u00bb.<\/p>\n<p>La posi\u00adtion des la\u00efques n\u2019est-elle pas plus \u00e9qui\u00adtable qui s\u2019\u00e9nonce sim\u00adple\u00adment en une phrase&nbsp;: \u00ab&nbsp;L\u2019argent de tous pour les seules \u00e9coles ouvertes \u00e0&nbsp;tous&nbsp;\u00bb&nbsp;?<\/p>\n<p>Mais, r\u00e9p\u00e9\u00adtons-le, il s\u2019agit bien moins de reli\u00adgion en cette affaire que de l\u2019un des aspects de la r\u00e9ac\u00adtion sociale, et cela vaut qu\u2019on y prenne garde.<\/p>\n<p>[\/Ch.-Aug. <sc>Bon\u00adtemps<\/sc>.\/\u200b]<\/p>\n<\/div>\n","protected":false},"excerpt":{"rendered":"<p>Au regard d\u2019un esprit liber\u00adtaire, l\u2019\u00e9cole la\u00efque d\u2019\u00c9tat n\u2019est pas neutre en tout point. Elle ne cultive pas le sens cri\u00adtique de l\u2019enfant jusqu\u2019\u00e0 lui per\u00admettre de deve\u00adnir un citoyen par\u00adfai\u00adte\u00adment conscient des pali\u00adno\u00addies du per\u00adson\u00adnel poli\u00adtique et des abus du pou\u00advoir r\u00e9el dis\u00adsi\u00admu\u00adl\u00e9 en cou\u00adlisse. Mais c\u2019est l\u00e0 un pro\u00adbl\u00e8me qui rel\u00e8ve de&nbsp;la&nbsp;[\u2026]<\/p>\n","protected":false},"author":1,"featured_media":0,"comment_status":"closed","ping_status":"closed","sticky":false,"template":"","format":"standard","meta":{"wp_typography_post_enhancements_disabled":false,"footnotes":""},"categories":[501],"tags":[],"ppma_author":[540],"class_list":["post-4039","post","type-post","status-publish","format-standard","hentry","category-contre-courant-n1-fevrier-1951"],"authors":[{"term_id":540,"user_id":1,"is_guest":0,"slug":"admin_3gikpwyf","display_name":"Vincent Dubuc","avatar_url":"https:\/\/secure.gravatar.com\/avatar\/d015720652c25fd2ced191ade86430094e1f288a17483713e3b34d26dea52507?s=96&d=mm&r=g","author_category":"","user_url":"https:\/\/la-presse-anarchiste.net","last_name":"Dubuc","first_name":"Vincent","job_title":"","description":""}],"_links":{"self":[{"href":"https:\/\/la-presse-anarchiste.net\/index.php\/wp-json\/wp\/v2\/posts\/4039","targetHints":{"allow":["GET"]}}],"collection":[{"href":"https:\/\/la-presse-anarchiste.net\/index.php\/wp-json\/wp\/v2\/posts"}],"about":[{"href":"https:\/\/la-presse-anarchiste.net\/index.php\/wp-json\/wp\/v2\/types\/post"}],"author":[{"embeddable":true,"href":"https:\/\/la-presse-anarchiste.net\/index.php\/wp-json\/wp\/v2\/users\/1"}],"replies":[{"embeddable":true,"href":"https:\/\/la-presse-anarchiste.net\/index.php\/wp-json\/wp\/v2\/comments?post=4039"}],"version-history":[{"count":0,"href":"https:\/\/la-presse-anarchiste.net\/index.php\/wp-json\/wp\/v2\/posts\/4039\/revisions"}],"wp:attachment":[{"href":"https:\/\/la-presse-anarchiste.net\/index.php\/wp-json\/wp\/v2\/media?parent=4039"}],"wp:term":[{"taxonomy":"category","embeddable":true,"href":"https:\/\/la-presse-anarchiste.net\/index.php\/wp-json\/wp\/v2\/categories?post=4039"},{"taxonomy":"post_tag","embeddable":true,"href":"https:\/\/la-presse-anarchiste.net\/index.php\/wp-json\/wp\/v2\/tags?post=4039"},{"taxonomy":"author","embeddable":true,"href":"https:\/\/la-presse-anarchiste.net\/index.php\/wp-json\/wp\/v2\/ppma_author?post=4039"}],"curies":[{"name":"wp","href":"https:\/\/api.w.org\/{rel}","templated":true}]}}