{"id":4044,"date":"2020-06-27T18:54:29","date_gmt":"2020-06-27T18:54:29","guid":{"rendered":"https:\/\/la-presse-anarchiste.net\/index.php\/2020\/06\/27\/lanarchisme-hier-et-aujourdhui\/"},"modified":"2020-06-27T18:54:29","modified_gmt":"2020-06-27T18:54:29","slug":"lanarchisme-hier-et-aujourdhui","status":"publish","type":"post","link":"https:\/\/la-presse-anarchiste.net\/index.php\/2020\/06\/27\/lanarchisme-hier-et-aujourdhui\/","title":{"rendered":"L\u2019anarchisme hier et aujourd\u2019hui"},"content":{"rendered":"<div class=\"pdfprnt-buttons pdfprnt-buttons-post pdfprnt-top-right\"><a href=\"https:\/\/la-presse-anarchiste.net\/index.php\/wp-json\/wp\/v2\/posts\/4044?print=pdf\" class=\"pdfprnt-button pdfprnt-button-pdf\" target=\"_blank\"><img decoding=\"async\" src=\"https:\/\/la-presse-anarchiste.net\/wp-content\/plugins\/pdf-print\/images\/pdf.png\" alt=\"image_pdf\" title=\"Afficher le PDF\"><\/a><a href=\"https:\/\/la-presse-anarchiste.net\/index.php\/wp-json\/wp\/v2\/posts\/4044?print=print\" class=\"pdfprnt-button pdfprnt-button-print\" target=\"_blank\"><img decoding=\"async\" src=\"https:\/\/la-presse-anarchiste.net\/wp-content\/plugins\/pdf-print\/images\/print.png\" alt=\"image_print\" title=\"Contenu imprim\u00e9\"><\/a><\/div><div align=\"justify\">\n<h2>Entr\u00e9e en mati\u00e8re<\/h2>\n<p>La pro\u00adpa\u00adgande anar\u00adchiste tra\u00adverse actuel\u00adle\u00adment une phase ingrate. Il serait vain de le nier. Il y a de mul\u00adtiples causes \u00e0 cette situa\u00adtion de fait. C\u2019est en les exa\u00admi\u00adnant sans par\u00adti pris, sans \u0153ill\u00e8res, sans esprit de clan, que pour\u00adront \u00eatre appor\u00adt\u00e9es des am\u00e9\u00adlio\u00adra\u00adtions imm\u00e9\u00addiates en atten\u00addant les solu\u00adtions satisfaisantes.<\/p>\n<p>Le malaise est n\u00e9 des \u00e9v\u00e9\u00adne\u00adments qui bou\u00adle\u00adversent actuel\u00adle\u00adment le monde \u2013 et qui mettent \u00e0 rude \u00e9preuve les th\u00e9o\u00adries d\u2019antan.<\/p>\n<p>Crise de l\u2019anarchisme&nbsp;? Crise des m\u00e9thodes de pro\u00adpa\u00adgande&nbsp;? Crise d\u2019anarchistes&nbsp;? Voi\u00adci des ques\u00adtions aux\u00adquelles il faut r\u00e9pondre m\u00eame si les r\u00e9ponses doivent sus\u00adci\u00adter la tem\u00adp\u00eate dans les encriers.<\/p>\n<p>Le mieux est d\u2019aller droit au but. Savoir&nbsp;: 1\u00b0 si l\u2019anarchisme est sus\u00adcep\u00adtible de subir une crise&nbsp;; 2\u00b0 si les m\u00e9thodes de pro\u00adpa\u00adgande usi\u00adt\u00e9es hier sont tou\u00adjours valables et si cer\u00adtaines par\u00admi celles adop\u00adt\u00e9es plus r\u00e9cem\u00adment ne vont point \u00e0 l\u2019encontre du but pour\u00adsui\u00advi&nbsp;; 3\u00b0 si les anar\u00adchistes res\u00adtent des anarchistes.<\/p>\n<p>Doit-on pr\u00e9\u00adci\u00adser que le d\u00e9bat doit \u00eatre por\u00adt\u00e9 sur le plan mon\u00addial&nbsp;? N\u2019est-ce point d\u2019ailleurs d\u2019Argentine que s\u2019est \u00e9le\u00adv\u00e9e la pre\u00admi\u00e8re pro\u00adtes\u00adta\u00adtion \u2013 \u00e0 notre connais\u00adsance \u2013 contre des ini\u00adtia\u00adtives ou r\u00e9formes intem\u00adpes\u00adtives en usage chez les anar\u00adchistes apr\u00e8s la seconde guerre mon\u00addiale. \u00c9clai\u00adrons tout de suite notre lan\u00adterne en publiant, <em>in-exten\u00adso<\/em>, l\u2019article en ques\u00adtion, paru dans <em>La Obra<\/em> de Bue\u00adnos-Aires et repro\u00adduit par <em>L\u2019A\u00addu\u00adna\u00adta dei Refrat\u00adta\u00adri<\/em> de New-York&nbsp;:<\/p>\n<p>[(<sc>Crise de l\u2019anarchisme&nbsp;?<\/sc> \u2013 Au cours de ces der\u00adni\u00e8res ann\u00e9es nous avons pu res\u00adsen\u00adtir une cer\u00adtaine inqui\u00e9\u00adtude pour le d\u00e9ve\u00adlop\u00adpe\u00adment et m\u00eame l\u2019existence de notre id\u00e9al. Nom\u00adbreux sont les cama\u00adrades qui, pr\u00e9\u00adoc\u00adcu\u00adp\u00e9s des condi\u00adtions dans les\u00adquelles \u00e9vo\u00adlue le mou\u00adve\u00adment anar\u00adchiste inter\u00adna\u00adtio\u00adnal, ont pro\u00adpo\u00ads\u00e9 des r\u00e9formes ou pris des ini\u00adtia\u00adtives le plus sou\u00advent inop\u00e9\u00adrantes. Il n\u2019y a pas, selon nous, de crise de l\u2019anarchisme. Celle dont nous souf\u00adfrons est une crise d\u2019hommes, de valeurs nou\u00advelles, capables de sus\u00adci\u00adter des mou\u00adve\u00adments puis\u00adsants et s\u2019appuyant sur de solides bases r\u00e9volutionnaires.<\/p>\n<p>Depuis l\u2019\u00e9poque des pr\u00e9\u00adcur\u00adseurs notre mou\u00adve\u00adment anar\u00adchiste a tou\u00adjours \u00e9t\u00e9 com\u00adbat\u00adtu avec fureur par les classes para\u00adsites&nbsp;: bour\u00adgeoi\u00adsie, \u00c9tat, cler\u00adg\u00e9. Mais, en d\u00e9pit des \u00e9checs momen\u00adta\u00adn\u00e9s, il reprit tou\u00adjours son \u00e9lan, parce que sa semence est f\u00e9conde, parce qu\u2019il com\u00adbat pour la lib\u00e9\u00adra\u00adtion de l\u2019humanit\u00e9 dans le sein de laquelle il plonge ses racines. La crise de l\u2019anarchisme est incon\u00adce\u00advable. Une des causes les plus impor\u00adtantes du ralen\u00adtis\u00adse\u00adment de notre action r\u00e9vo\u00adlu\u00adtion\u00adnaire et de l\u2019insuffisante influence qu\u2019elle exerce sur le milieu social, et en par\u00adti\u00adcu\u00adlier dans le monde des tra\u00advailleurs, c\u2019est la peur. La peur de se dres\u00adser r\u00e9so\u00adlu\u00adment et avec per\u00ads\u00e9\u00adv\u00e9\u00adrance contre le cou\u00adrant qui menace de nous sub\u00admer\u00adger. Les uns en rai\u00adson des souf\u00adfrances endu\u00adr\u00e9es \u00e0 la suite d\u2019arrestations, per\u00ads\u00e9\u00adcu\u00adtions, tor\u00adtures, etc.; les autres parce qu\u2019ils se sentent trop faibles pour abor\u00adder r\u00e9so\u00adlu\u00adment les pro\u00adbl\u00e8mes qui, chaque jour, sont pos\u00e9s \u00e0 notre mouvement.<\/p>\n<p>Si nous appro\u00adfon\u00addis\u00adsons la ques\u00adtion nous ver\u00adrons que la las\u00adsi\u00adtude que nous d\u00e9plo\u00adrons est d\u00e9ter\u00admi\u00adn\u00e9e par l\u2019insuffisance d\u2019\u00e9nergie mili\u00adtante. Si nous ne par\u00adti\u00adci\u00adpons pas acti\u00adve\u00adment, avec l\u2019esprit com\u00adba\u00adtif, \u00e0 la vie des tra\u00advailleurs, nous ne r\u00e9us\u00adsi\u00adrons jamais \u00e0 cr\u00e9er l\u2019ambiance pro\u00adpice \u00e0 la for\u00adma\u00adtion d\u2019un mou\u00adve\u00adment social qui tienne compte des faits sans rien aban\u00addon\u00adner de, nos&nbsp;id\u00e9es.<\/p>\n<p>Le r\u00e9for\u00admisme et les dic\u00adta\u00adtures de toutes cou\u00adleurs d\u00e9truisent dans les peuples tout ves\u00adtige de culture et de liber\u00adt\u00e9. Dans cer\u00adtains pays de nom\u00adbreux cama\u00adrades com\u00admettent une erreur regret\u00adtable&nbsp;: ils attendent que les r\u00e9gimes de force s\u2019\u00e9croulent d\u2019eux-m\u00eames \u2013 r\u00e9sul\u00adtat d\u2019un pro\u00adces\u00adsus de d\u00e9com\u00adpo\u00adsi\u00adtion \u00e9co\u00adno\u00admique ou poli\u00adtique pro\u00adduit par des fac\u00adteurs \u00e9tran\u00adgers \u00e0 notre mou\u00adve\u00adment \u2013 pour com\u00admen\u00adcer \u00e0 envi\u00adsa\u00adger les pos\u00adsi\u00adbi\u00adli\u00adt\u00e9s de la lutte. Une telle conduite ne peut se jus\u00adti\u00adfier que par la l\u00e2che\u00adt\u00e9, et c\u2019est un moyen com\u00admode d\u2019\u00e9luder le com\u00adbat. Je me h\u00e2te d\u2019ajouter que l\u2019attitude de cer\u00adtains cama\u00adrades \u2013 qui se disent anar\u00adchistes \u2013 est sus\u00adcep\u00adtible de st\u00e9\u00adri\u00adli\u00adser la pro\u00adpa\u00adgande de nos id\u00e9es dans le peuple en fai\u00adsant obs\u00adtacle \u00e0 une plus intime coh\u00e9\u00adsion dans notre milieu.<\/p>\n<p>Les r\u00e9vi\u00adsion\u00adnistes, comme ceux qui veulent orga\u00adni\u00adser les anar\u00adchistes, d\u00e9tournent des \u00e9ner\u00adgies pr\u00e9\u00adcieuses qui pour\u00adraient \u00eatre mieux employ\u00e9es. Pour agir l\u2019organisation n\u2019est pas n\u00e9ces\u00adsaire&nbsp;; les anar\u00adchistes tou\u00adjours spon\u00adta\u00adn\u00e9s dans leurs actes savent semer \u00e0 pleines mains, tant indi\u00advi\u00adduel\u00adle\u00adment que col\u00adlec\u00adti\u00adve\u00adment. D\u2019ailleurs l\u2019action ne peut \u00eatre mesu\u00adr\u00e9e ni&nbsp;tax\u00e9e.<\/p>\n<p>Une fois enga\u00adg\u00e9 dans la lutte l\u2019anarchiste est \u00e0 son poste, pr\u00eache d\u2019exemple, visant \u00e0 la r\u00e9a\u00adli\u00adsa\u00adtion concr\u00e8te et reven\u00addi\u00adca\u00adtrice de la trans\u00adfor\u00adma\u00adtion sociale, \u00e0 la for\u00adma\u00adtion d\u2019un monde libre. Nous savons que de nom\u00adbreux obs\u00adtacles s\u2019opposent au dyna\u00admisme de nos cama\u00adrades qui, sur tous les points du monde, servent de cibles aux coups de la r\u00e9ac\u00adtion&nbsp;; mais ceci ne jus\u00adti\u00adfie pas l\u2019apathie et les d\u00e9via\u00adtions et devrait, au contraire, rendre les esprits plus ardents, en regard des cruau\u00adt\u00e9s et des oppres\u00adsions que les tyrans exercent sur les peuples soumis.<\/p>\n<p>Lib\u00e9\u00adrons-nous de la crainte, de l\u2019apathie et du confor\u00admisme de ce cercle \u00e9troit dans lequel nous vivons. Fai\u00adsons \u0153uvre de vrais mili\u00adtants et nous sus\u00adci\u00adte\u00adrons dans notre mou\u00adve\u00adment cet \u00e9lan n\u00e9ces\u00adsaire pour trou\u00adver ce que tant de cama\u00adrades cherchent&nbsp;: la for\u00admule pour r\u00e9soudre la crise. Car la seule crise qui existe est une crise d\u2019anarchistes.<\/p>\n<p>[\/\u200b<sc>Julio<\/sc>.\/\u200b]<\/p>\n<p>)]<\/p>\n<p>L\u2019humeur de l\u2019auteur, les argu\u00adments accu\u00admu\u00adl\u00e9s dans cet article, sont influen\u00adc\u00e9s sans conteste par les dif\u00adfi\u00adcul\u00adt\u00e9s ren\u00adcon\u00adtr\u00e9es en Argen\u00adtine \u2013 ain\u00adsi qu\u2019en Espagne \u2013 par nos cama\u00adrades aux prises avec la dic\u00adta\u00adture. Cepen\u00addant lorsque Julio d\u00e9clare que \u00ab&nbsp;la crise de l\u2019anarchisme est incon\u00adce\u00advable&nbsp;\u00bb, nous lui don\u00adnons par\u00adfai\u00adte\u00adment rai\u00adson. Il ne sau\u00adrait y avoir doute en l\u2019occurrence. L\u2019anarchisme est une mani\u00e8re de vivre en soci\u00e9\u00adt\u00e9 \u2013 o\u00f9 l\u2019autorit\u00e9 aurait com\u00adpl\u00e8\u00adte\u00adment dis\u00adpa\u00adru qui n\u2019a pas \u00e9t\u00e9 mise \u00e0 l\u2019\u00e9preuve dans des condi\u00adtions nor\u00admales [[II y a eu, en Espagne, durant la guerre civile, des essais de vie anar\u00adchiste qui ne pou\u00advaient \u00eatre pro\u00adbants.]]. Il ne peut y avoir crise que si l\u2019exp\u00e9rience r\u00e9v\u00e8le des d\u00e9fauts graves ou d\u00e9montre l\u2019impraticabilit\u00e9.<\/p>\n<p>Pour le reste nous par\u00adta\u00adgeons ici son opi\u00adnion sur <em>l\u2019organisation anar\u00adchiste<\/em>, sur la <em>baisse de l\u2019esprit com\u00adba\u00adtif<\/em>, tout en dif\u00adf\u00e9\u00adrant d\u2019avis sur la r\u00e9vo\u00adlu\u00adtion-pana\u00adc\u00e9e. D\u2019autre part, il s\u2019en prend au r\u00e9vi\u00adsion\u00adnisme qui, lui, se pr\u00e9\u00adsente sous divers aspects.<\/p>\n<p>Que disent, qu\u2019\u00e9crivent, que pensent, en effet, un cer\u00adtain nombre d\u2019\u00e9crivains et d\u2019orateurs liber\u00adtaires qui veulent s\u2019\u00e9vader de r\u00e8gles trop strictes, dans leur d\u00e9sir de gagner \u00e0 leur id\u00e9al les grandes masses.<\/p>\n<p>Pour les uns il faut repen\u00adser l\u2019anarchisme, faire plus moderne, ne pas trans\u00adfor\u00admer les th\u00e9o\u00adries en dogmes. Pour d\u2019autres il faut aller plus loin. D\u2019a\u00adbord se d\u00e9bar\u00adras\u00adser du mot \u00ab&nbsp;anar\u00adchie&nbsp;\u00bb qui effraie les pro\u00ads\u00e9\u00adlytes. Le mot, disent-ils, a \u00e9t\u00e9 lan\u00adc\u00e9 en d\u00e9fi \u00e0 la t\u00eate des adver\u00adsaires de ten\u00addance au temps o\u00f9 le socia\u00adlisme se d\u00e9can\u00adtait. Aujourd\u2019\u00adhui il n\u2019a pas sa rai\u00adson d\u2019\u00eatre, il est anti\u00adpa\u00adthique et \u00e9loigne ceux qui seraient pr\u00eats \u00e0 adop\u00adter nos th\u00e8ses\u2026 sous une autre appellation.<\/p>\n<p>Rap\u00adpe\u00adlons, pour m\u00e9moire, ceux qui \u00ab&nbsp;repensent&nbsp;\u00bb l\u2019anarchisme \u00e0 leur fa\u00e7on, pro\u00addiguent les \u00ab&nbsp;mots d\u2019ordre&nbsp;\u00bb, orga\u00adnisent sur un mode qui fleure bon le cen\u00adtra\u00adlisme et impriment des \u00e9nor\u00admi\u00adt\u00e9s qui laissent pan\u00adtois le mili\u00adtant. R\u00e9vi\u00adsion\u00adnistes qui s\u2019ignorent, mais non les moins dangereux.<\/p>\n<p>Ces divers cou\u00adrants ne sont pas nou\u00adveaux. Nous les avons connus en France durant l\u2019entre-deux-guerres. Ils exis\u00adtaient m\u00eame au d\u00e9but de ce si\u00e8cle&nbsp;; ce qui pro\u00advo\u00adqua, alors, des contro\u00adverses passionn\u00e9es.<\/p>\n<p>Pour\u00adtant, devra-t-il por\u00adter l\u2019\u00e9tiquette r\u00e9vi\u00adsion\u00adniste \u2013 avec ce qu\u2019elle com\u00adporte d\u2019inamical \u2013 celui qui pense qu\u2019il n\u2019est point n\u00e9ces\u00adsaire \u00e0 l\u2019anarchisme de res\u00adter fig\u00e9 en un cre\u00addo intou\u00adchable pour gar\u00adder sa pure\u00adt\u00e9 et qu\u2019il ne sau\u00adrait igno\u00adrer sans dom\u00admages les trans\u00adfor\u00adma\u00adtions sociales qui s\u2019op\u00e8rent jour apr\u00e8s jour, et ce qu\u2019elles ont d\u2019influence sur le com\u00adpor\u00adte\u00adment de nos contemporains.<\/p>\n<p>Ce serait d\u00e9men\u00adtir en ce cas toutes les affir\u00adma\u00adtions de nos th\u00e9o\u00adri\u00adciens du <sc>xix<\/sc><sup>e<\/sup>&nbsp;si\u00e8cle, dont les sys\u00adt\u00e8mes sont d\u00e9pas\u00ads\u00e9s certes, mais qui tous n\u00e9an\u00admoins pro\u00adfes\u00adsaient cette id\u00e9e que l\u2019anarchisme est un per\u00adp\u00e9\u00adtuel devenir.<\/p>\n<p>Alors quelle for\u00admule adop\u00adter&nbsp;? Peut-on sans se d\u00e9ju\u00adger pra\u00adti\u00adquer l\u2019opportunisme&nbsp;? Aller aux masses, c\u2019est-\u00e0-dire sacri\u00adfier la qua\u00adli\u00adt\u00e9 au b\u00e9n\u00e9\u00adfice de la quan\u00adti\u00adt\u00e9, n\u2019est-ce point l\u00e0 une tac\u00adtique qui dis\u00adsi\u00admule un mor\u00adtel danger&nbsp;?<\/p>\n<p>Un point semble acquis&nbsp;: les conclu\u00adsions des Kro\u00adpot\u00adkine Reclus, Mala\u00adtes\u00adta, S\u00e9bas\u00adtien Faure et de quelques autres, quant \u00e0 la solu\u00adtion du pro\u00adbl\u00e8me social, ne sont plus accep\u00adtables telles quelles. Deux guerres, la r\u00e9vo\u00adlu\u00adtion russe \u2013 qui a engen\u00addr\u00e9 le com\u00admu\u00adnisme auto\u00adri\u00adtaire que nous connais\u00adsons \u2013 ont modi\u00adfi\u00e9 pro\u00adfon\u00add\u00e9\u00adment les don\u00adn\u00e9es de ce pro\u00adbl\u00e8me social. C\u2019est notre t\u00e2che d\u2019adapter \u00e0 notre temps, sans tra\u00adhir les pion\u00adniers, l\u2019ensemble de leurs travaux.<\/p>\n<p>En une s\u00e9rie d\u2019articles nous essaie\u00adrons de faire le point. Tout en invi\u00adtant ceux que la chose int\u00e9\u00adresse \u00e0 nous com\u00admu\u00adni\u00adquer impres\u00adsions et commentaires.<\/p>\n<p>[\/\u200bLouis <sc>Lou\u00advet<\/sc>.\/\u200b]<\/p>\n<\/div>\n","protected":false},"excerpt":{"rendered":"<p>Entr\u00e9e en mati\u00e8re La pro\u00adpa\u00adgande anar\u00adchiste tra\u00adverse actuel\u00adle\u00adment une phase ingrate. Il serait vain de le nier. Il y a de mul\u00adtiples causes \u00e0 cette situa\u00adtion de fait. C\u2019est en les exa\u00admi\u00adnant sans par\u00adti pris, sans \u0153ill\u00e8res, sans esprit de clan, que pour\u00adront \u00eatre appor\u00adt\u00e9es des am\u00e9\u00adlio\u00adra\u00adtions imm\u00e9\u00addiates en atten\u00addant les solu\u00adtions satis\u00adfai\u00adsantes. Le malaise&nbsp;[\u2026]<\/p>\n","protected":false},"author":1,"featured_media":0,"comment_status":"closed","ping_status":"closed","sticky":false,"template":"","format":"standard","meta":{"wp_typography_post_enhancements_disabled":false,"footnotes":""},"categories":[501],"tags":[],"ppma_author":[540],"class_list":["post-4044","post","type-post","status-publish","format-standard","hentry","category-contre-courant-n1-fevrier-1951"],"authors":[{"term_id":540,"user_id":1,"is_guest":0,"slug":"admin_3gikpwyf","display_name":"Vincent Dubuc","avatar_url":"https:\/\/secure.gravatar.com\/avatar\/d015720652c25fd2ced191ade86430094e1f288a17483713e3b34d26dea52507?s=96&d=mm&r=g","author_category":"","user_url":"https:\/\/la-presse-anarchiste.net","last_name":"Dubuc","first_name":"Vincent","job_title":"","description":""}],"_links":{"self":[{"href":"https:\/\/la-presse-anarchiste.net\/index.php\/wp-json\/wp\/v2\/posts\/4044","targetHints":{"allow":["GET"]}}],"collection":[{"href":"https:\/\/la-presse-anarchiste.net\/index.php\/wp-json\/wp\/v2\/posts"}],"about":[{"href":"https:\/\/la-presse-anarchiste.net\/index.php\/wp-json\/wp\/v2\/types\/post"}],"author":[{"embeddable":true,"href":"https:\/\/la-presse-anarchiste.net\/index.php\/wp-json\/wp\/v2\/users\/1"}],"replies":[{"embeddable":true,"href":"https:\/\/la-presse-anarchiste.net\/index.php\/wp-json\/wp\/v2\/comments?post=4044"}],"version-history":[{"count":0,"href":"https:\/\/la-presse-anarchiste.net\/index.php\/wp-json\/wp\/v2\/posts\/4044\/revisions"}],"wp:attachment":[{"href":"https:\/\/la-presse-anarchiste.net\/index.php\/wp-json\/wp\/v2\/media?parent=4044"}],"wp:term":[{"taxonomy":"category","embeddable":true,"href":"https:\/\/la-presse-anarchiste.net\/index.php\/wp-json\/wp\/v2\/categories?post=4044"},{"taxonomy":"post_tag","embeddable":true,"href":"https:\/\/la-presse-anarchiste.net\/index.php\/wp-json\/wp\/v2\/tags?post=4044"},{"taxonomy":"author","embeddable":true,"href":"https:\/\/la-presse-anarchiste.net\/index.php\/wp-json\/wp\/v2\/ppma_author?post=4044"}],"curies":[{"name":"wp","href":"https:\/\/api.w.org\/{rel}","templated":true}]}}