{"id":4047,"date":"2020-06-27T18:54:31","date_gmt":"2020-06-27T18:54:31","guid":{"rendered":"https:\/\/la-presse-anarchiste.net\/index.php\/2020\/06\/27\/libertaires-et-pacifistes-de-roumanie\/"},"modified":"2020-06-27T18:54:31","modified_gmt":"2020-06-27T18:54:31","slug":"libertaires-et-pacifistes-de-roumanie","status":"publish","type":"post","link":"https:\/\/la-presse-anarchiste.net\/index.php\/2020\/06\/27\/libertaires-et-pacifistes-de-roumanie\/","title":{"rendered":"Libertaires et pacifistes de Roumanie"},"content":{"rendered":"<div class=\"pdfprnt-buttons pdfprnt-buttons-post pdfprnt-top-right\"><a href=\"https:\/\/la-presse-anarchiste.net\/index.php\/wp-json\/wp\/v2\/posts\/4047?print=pdf\" class=\"pdfprnt-button pdfprnt-button-pdf\" target=\"_blank\"><img decoding=\"async\" src=\"https:\/\/la-presse-anarchiste.net\/wp-content\/plugins\/pdf-print\/images\/pdf.png\" alt=\"image_pdf\" title=\"Afficher le PDF\"><\/a><a href=\"https:\/\/la-presse-anarchiste.net\/index.php\/wp-json\/wp\/v2\/posts\/4047?print=print\" class=\"pdfprnt-button pdfprnt-button-print\" target=\"_blank\"><img decoding=\"async\" src=\"https:\/\/la-presse-anarchiste.net\/wp-content\/plugins\/pdf-print\/images\/print.png\" alt=\"image_print\" title=\"Contenu imprim\u00e9\"><\/a><\/div><div>\n<p>Ceux qui lisent la presse liber\u00adtaire, anar\u00adchiste ou paci\u00adfiste, trouvent fr\u00e9\u00adquem\u00adment des articles sign\u00e9s par des cama\u00adrades bul\u00adgares et \u2013 apr\u00e8s la seconde guerre mon\u00addiale \u2013 de nom\u00adbreux docu\u00adments, appels et comptes ren\u00addus concer\u00adnant la f\u00e9roce r\u00e9pres\u00adsion diri\u00adg\u00e9e par le nou\u00adveau r\u00e9gime tota\u00adli\u00adtaire contre les divers mou\u00adve\u00adments liber\u00adtaires de Bulgarie.<\/p>\n<p>Dans ce pays, toutes les concep\u00adtions anti\u00adau\u00adto\u00adri\u00adtaires, depuis l\u2019anarchisme indi\u00advi\u00addua\u00adliste jus\u00adqu\u2019au tol\u00adsto\u00efsme, du paci\u00adfisme int\u00e9\u00adgral \u00e0 l\u2019\u00e9thique v\u00e9g\u00e9\u00adta\u00adrienne, trouvent des mil\u00adliers de com\u00adbat\u00adtants fid\u00e8les. Aujourd\u2019\u00adhui, mal\u00adgr\u00e9 leur mar\u00adtyre, ils affrontent la tyran\u00adnie d\u2019un \u00c9tat pro\u00adcla\u00adm\u00e9 au nom de la \u00ab&nbsp;dic\u00adta\u00adture pro\u00adl\u00e9\u00adta\u00adrienne et paysanne&nbsp;\u00bb.<\/p>\n<p>Leurs cris de r\u00e9volte, leur refus d\u2019accepter le joug d\u2019un par\u00adti mili\u00adta\u00adri\u00ads\u00e9, leur action sou\u00adter\u00adraine per\u00ads\u00e9\u00adv\u00e9\u00adrante ont gagn\u00e9 la sym\u00adpa\u00adthie des consciences libres des autres pays, la soli\u00adda\u00adri\u00adt\u00e9 active de leurs cama\u00adrades d\u2019Europe et d\u2019Am\u00e9rique.<\/p>\n<p>On ne peut pas en dire autant de la Rou\u00adma\u00adnie, s\u00e9pa\u00adr\u00e9e de la Bul\u00adga\u00adrie par les eaux du bleu Danube. La situa\u00adtion sociale et poli\u00adtique est la m\u00eame, comme dans les autres \u00ab&nbsp;pays satel\u00adlites&nbsp;\u00bb d\u00e9nom\u00adm\u00e9s \u00ab&nbsp;r\u00e9pu\u00adbliques popu\u00adlaires&nbsp;\u00bb. Le m\u00eame r\u00e9gime y s\u00e9vit, les m\u00eames \u00ab&nbsp;r\u00e9vo\u00adlu\u00adtions&nbsp;\u00bb diri\u00adg\u00e9es, la m\u00eame oppres\u00adsion poli\u00adci\u00e8re. S\u2019il y a une oppo\u00adsi\u00adtion en Rou\u00adma\u00adnie elle est plu\u00adt\u00f4t le fait d\u2019\u00e9l\u00e9ments r\u00e9ac\u00adtion\u00adnaires. Nous devons le dire fran\u00adche\u00adment&nbsp;: il n\u2019y a pas une r\u00e9sis\u00adtance active des liber\u00adtaires comme en Bul\u00adga\u00adrie. Leurs grou\u00adpe\u00adments ne furent jamais d\u00e9ve\u00adlop\u00adp\u00e9s au m\u00eame degr\u00e9, dans ce pays consi\u00add\u00e9\u00adr\u00e9 comme latin et qui est main\u00adte\u00adnant sub\u00admer\u00adg\u00e9 par les vagues du sla\u00advisme \u00ab&nbsp;lib\u00e9rateur&nbsp;\u00bb.<\/p>\n<p>Le mou\u00adve\u00adment \u00e9tait en Rou\u00adma\u00adnie plu\u00adt\u00f4t \u00e0 l\u2019\u00e9tat embryon\u00adnaire. Indi\u00advi\u00adduel\u00adle\u00adment on pou\u00advait comp\u00adter des liber\u00adtaires de toutes nuances, des lec\u00adteurs assi\u00addus de revues et de livres qui leur par\u00adve\u00adnaient sur\u00adtout de France. Bon nombre de ces liber\u00adtaires \u00ab&nbsp;de jeu\u00adnesse&nbsp;\u00bb sont deve\u00adnus \u00ab&nbsp;sages&nbsp;\u00bb ou \u00ab&nbsp;pra\u00adtiques&nbsp;\u00bb vers leur \u00e2ge m\u00fbr, mili\u00adtant dans les cadres d\u2019un par\u00adti quel\u00adconque qui leur assu\u00adrait sinon une situa\u00adtion enviable, du moins leur pitance.<\/p>\n<p>Je ne veux rien exa\u00adg\u00e9\u00adrer. Dans cette \u00e9tude je n\u2019expose pas les condi\u00adtions de la vie sociale et poli\u00adtique de la Rou\u00adma\u00adnie, mais je donne seule\u00adment quelques pr\u00e9\u00adci\u00adsions sur les hommes qui ont \u00e9t\u00e9 consi\u00add\u00e9\u00adr\u00e9s comme liber\u00adtaires ou anar\u00adchistes dans ce&nbsp;pays.<\/p>\n<p>L\u2019<em>Adu\u00adna\u00adta dei Refrat\u00adta\u00adri<\/em> a repro\u00adduit, dans son num\u00e9\u00adro du 29 jan\u00advier 1949, les d\u00e9cla\u00adra\u00adtions d\u2019un jeune anar\u00adchiste rou\u00admain faites \u00e0 <em>Uma\u00adni\u00adta nova<\/em>. Cette \u00ab&nbsp;voix&nbsp;\u00bb de Rou\u00adma\u00adnie est la seule que j\u2019aie enten\u00addue depuis de longues ann\u00e9es. Le jeune homme, qui s\u2019est \u00e9chap\u00adp\u00e9 de la tyran\u00adnie bol\u00adche\u00advique, conna\u00eet main\u00adte\u00adnant un peu de liber\u00adt\u00e9 dans\u2026 un camp de concen\u00adtra\u00adtion ita\u00adlien. Il nous dit dif\u00adf\u00e9\u00adrentes choses sur la situa\u00adtion en Rou\u00adma\u00adnie, mais trop peu sur l\u2019activit\u00e9 des liber\u00adtaires de ce pays. Je vais essayer moi-m\u00eame de le faire, de m\u00e9moire, car j\u2019ai aban\u00addon\u00adn\u00e9 l\u00e0-bas ma biblio\u00adth\u00e8que et mes archives.<\/p>\n<p>Les id\u00e9es anar\u00adchistes ont cir\u00adcu\u00adl\u00e9 en Rou\u00adma\u00adnie durant la seconde moi\u00adti\u00e9 du <sc>xix<\/sc><sup>e<\/sup>&nbsp;si\u00e8cle gr\u00e2ce aux r\u00e9fu\u00adgi\u00e9s russes et bul\u00adgares qui y avaient trou\u00adv\u00e9 asile et qui sont par\u00adtis ensuite vers l\u2019Occident. Des adeptes de Bakou\u00adnine ont pas\u00ads\u00e9 la fron\u00adti\u00e8re rou\u00admaine, de m\u00eame que d\u2019autres r\u00e9vo\u00adlu\u00adtion\u00adnaires russes per\u00ads\u00e9\u00adcu\u00adt\u00e9s par le tza\u00adrisme. Un de ces der\u00adniers est deve\u00adnu le prin\u00adci\u00adpal th\u00e9o\u00adri\u00adcien du socia\u00adlisme rou\u00admain sous le nom de C. Dobro\u00adgea\u00adnu-Ghe\u00adrea. Mais les par\u00adti\u00adsans de Bakou\u00adnine ou de Kro\u00adpot\u00adkine n\u2019ont pas lais\u00ads\u00e9 de traces pro\u00adfondes. Ce sont plu\u00adt\u00f4t les r\u00e9fu\u00adgi\u00e9s bul\u00adgares par\u00admi les\u00adquels on compte le grand po\u00e8te r\u00e9vo\u00adlu\u00adtion\u00adnaire Chris\u00adto Bot\u00adter (vers 1870\u200a\u2013\u200a80) \u2013 qui ont conti\u00adnu\u00e9 \u00e0 Buca\u00adrest, \u00e0 Brans et autres villes danu\u00adbiennes leur action pour la lib\u00e9\u00adra\u00adtion de la Bul\u00adga\u00adrie de la ser\u00advi\u00adtude turque. On recon\u00adna\u00eet les traces de l\u2019hospitalit\u00e9 que ces pros\u00adcrits ont trou\u00adv\u00e9e en Rou\u00adma\u00adnie car leur influence dans ce pays fut celle de l\u2019exemple&nbsp;: indi\u00adrecte ou indi\u00advi\u00adduelle. De m\u00eame que celle des Ita\u00adliens, tou\u00adch\u00e9s par les id\u00e9es d\u2019Enrico Mala\u00adtes\u00adta, qui venaient tra\u00advailler comme ma\u00e7ons ou comme mar\u00adbriers. Mais c\u2019est par\u00admi les intel\u00adlec\u00adtuels qu\u2019il faut cher\u00adcher des lec\u00adteurs plus com\u00adpr\u00e9\u00adhen\u00adsifs des \u00e9crits anar\u00adchistes et sur\u00adtout par\u00admi les \u00e9tudiants.<\/p>\n<p>Pour indi\u00adquer une action, m\u00eame spo\u00adra\u00addique, dans le sens qui nous int\u00e9\u00adresse ici, il faut remon\u00adter plus loin, jusque par\u00admi les jeunes r\u00e9vo\u00adlu\u00adtion\u00adnaires rou\u00admains de 1848 qui, apr\u00e8s leur retour de Paris, ont essay\u00e9 de chan\u00adger quelque chose \u00e0 la struc\u00adture sociale du pays. Un seul par\u00admi eux, Dia\u00admant, a r\u00e9us\u00adsi \u00e0 appli\u00adquer les id\u00e9es de Fou\u00adrier en r\u00e9a\u00adli\u00adsant sur le domaine d\u2019un boyard une com\u00admune agri\u00adcole connue sous le nom de <em>Pha\u00adlan\u00adst\u00e8re de Sca\u00efe\u00adni<\/em>. Ce fut un suc\u00adc\u00e8s, mais de br\u00e8ve dur\u00e9e. L\u2019exemple \u00e9tant trop conta\u00adgieux, la com\u00admune libre fut d\u00e9truite par les lati\u00adfun\u00addiaires alert\u00e9s.<\/p>\n<p>[\/\u200bEugen <sc>Rel\u00adgis<\/sc>\/\u200b]<\/p>\n<p>(\u00e0 suivre)<\/p>\n<\/div>\n","protected":false},"excerpt":{"rendered":"<p>Ceux qui lisent la presse liber\u00adtaire, anar\u00adchiste ou paci\u00adfiste, trouvent fr\u00e9\u00adquem\u00adment des articles sign\u00e9s par des cama\u00adrades bul\u00adgares et \u2013 apr\u00e8s la seconde guerre mon\u00addiale \u2013 de nom\u00adbreux docu\u00adments, appels et comptes ren\u00addus concer\u00adnant la f\u00e9roce r\u00e9pres\u00adsion diri\u00adg\u00e9e par le nou\u00adveau r\u00e9gime tota\u00adli\u00adtaire contre les divers mou\u00adve\u00adments liber\u00adtaires de Bul\u00adga\u00adrie. Dans ce pays, toutes les&nbsp;[\u2026]<\/p>\n","protected":false},"author":1,"featured_media":0,"comment_status":"closed","ping_status":"closed","sticky":false,"template":"","format":"standard","meta":{"wp_typography_post_enhancements_disabled":false,"footnotes":""},"categories":[501],"tags":[],"ppma_author":[540],"class_list":["post-4047","post","type-post","status-publish","format-standard","hentry","category-contre-courant-n1-fevrier-1951"],"authors":[{"term_id":540,"user_id":1,"is_guest":0,"slug":"admin_3gikpwyf","display_name":"Vincent Dubuc","avatar_url":"https:\/\/secure.gravatar.com\/avatar\/d015720652c25fd2ced191ade86430094e1f288a17483713e3b34d26dea52507?s=96&d=mm&r=g","author_category":"","user_url":"https:\/\/la-presse-anarchiste.net","last_name":"Dubuc","first_name":"Vincent","job_title":"","description":""}],"_links":{"self":[{"href":"https:\/\/la-presse-anarchiste.net\/index.php\/wp-json\/wp\/v2\/posts\/4047","targetHints":{"allow":["GET"]}}],"collection":[{"href":"https:\/\/la-presse-anarchiste.net\/index.php\/wp-json\/wp\/v2\/posts"}],"about":[{"href":"https:\/\/la-presse-anarchiste.net\/index.php\/wp-json\/wp\/v2\/types\/post"}],"author":[{"embeddable":true,"href":"https:\/\/la-presse-anarchiste.net\/index.php\/wp-json\/wp\/v2\/users\/1"}],"replies":[{"embeddable":true,"href":"https:\/\/la-presse-anarchiste.net\/index.php\/wp-json\/wp\/v2\/comments?post=4047"}],"version-history":[{"count":0,"href":"https:\/\/la-presse-anarchiste.net\/index.php\/wp-json\/wp\/v2\/posts\/4047\/revisions"}],"wp:attachment":[{"href":"https:\/\/la-presse-anarchiste.net\/index.php\/wp-json\/wp\/v2\/media?parent=4047"}],"wp:term":[{"taxonomy":"category","embeddable":true,"href":"https:\/\/la-presse-anarchiste.net\/index.php\/wp-json\/wp\/v2\/categories?post=4047"},{"taxonomy":"post_tag","embeddable":true,"href":"https:\/\/la-presse-anarchiste.net\/index.php\/wp-json\/wp\/v2\/tags?post=4047"},{"taxonomy":"author","embeddable":true,"href":"https:\/\/la-presse-anarchiste.net\/index.php\/wp-json\/wp\/v2\/ppma_author?post=4047"}],"curies":[{"name":"wp","href":"https:\/\/api.w.org\/{rel}","templated":true}]}}