{"id":4070,"date":"2020-07-07T06:39:21","date_gmt":"2020-07-07T06:39:21","guid":{"rendered":"https:\/\/la-presse-anarchiste.net\/index.php\/2020\/07\/07\/la-delinquance-juvenile\/"},"modified":"2020-07-07T06:39:21","modified_gmt":"2020-07-07T06:39:21","slug":"la-delinquance-juvenile","status":"publish","type":"post","link":"https:\/\/la-presse-anarchiste.net\/index.php\/2020\/07\/07\/la-delinquance-juvenile\/","title":{"rendered":"La d\u00e9linquance juv\u00e9nile"},"content":{"rendered":"<div class=\"pdfprnt-buttons pdfprnt-buttons-post pdfprnt-top-right\"><a href=\"https:\/\/la-presse-anarchiste.net\/index.php\/wp-json\/wp\/v2\/posts\/4070?print=pdf\" class=\"pdfprnt-button pdfprnt-button-pdf\" target=\"_blank\"><img decoding=\"async\" src=\"https:\/\/la-presse-anarchiste.net\/wp-content\/plugins\/pdf-print\/images\/pdf.png\" alt=\"image_pdf\" title=\"Afficher le PDF\"><\/a><a href=\"https:\/\/la-presse-anarchiste.net\/index.php\/wp-json\/wp\/v2\/posts\/4070?print=print\" class=\"pdfprnt-button pdfprnt-button-print\" target=\"_blank\"><img decoding=\"async\" src=\"https:\/\/la-presse-anarchiste.net\/wp-content\/plugins\/pdf-print\/images\/print.png\" alt=\"image_print\" title=\"Contenu imprim\u00e9\"><\/a><\/div><div align=\"justify\">\n<p>[(Notre ami et col\u00adla\u00adbo\u00adra\u00adteur Robert Jos\u00adpin nous donne ici un pre\u00admier article sur le pro\u00adbl\u00e8me de l\u2019enfance dite cou\u00adpable. Direc\u00adteur du Centre r\u00e9gio\u00adnal d\u2019observation pour jeunes gens inadap\u00adt\u00e9s, il nous para\u00eet par\u00adti\u00adcu\u00adli\u00e8\u00adre\u00adment qua\u00adli\u00adfi\u00e9 pour four\u00adnir d nos lec\u00adteurs une docu\u00admen\u00adta\u00adtion com\u00adp\u00e9\u00adtente et&nbsp;utile.)]<\/p>\n<p>Le pro\u00adbl\u00e8me, dont l\u2019importance est all\u00e9e crois\u00adsant depuis le d\u00e9but du si\u00e8cle, a pris apr\u00e8s la deuxi\u00e8me guerre mon\u00addiale une allure d\u2019exceptionnelle gravit\u00e9.<\/p>\n<p>Ces der\u00adniers temps, 40&nbsp;000 jeunes, de 14 \u00e0 18 ans \u2013 dont pr\u00e8s de 10&nbsp;000 pour la seule r\u00e9gion pari\u00adsienne \u2013 pas\u00adsaient chaque ann\u00e9e, en France, devant les tri\u00adbu\u00adnaux pour enfants et adolescents.<\/p>\n<p>Ce chiffre a quelque peu bais\u00ads\u00e9 depuis 1945, mais il est encore consid\u00e9rable.<\/p>\n<p>Ce n\u2019est pas, d\u2019ailleurs, l\u2019un des moindres m\u00e9faits dus \u00e0 la guerre&nbsp;! Les replie\u00adments fami\u00adliaux ou admi\u00adnis\u00adtra\u00adtifs d\u2019enfants \u2013 et leurs cons\u00e9\u00adquences&nbsp;: aban\u00addon moral ou oisi\u00adve\u00adt\u00e9 entre\u00adte\u00adnue \u2013 le rel\u00e2\u00adche\u00adment des dis\u00adci\u00adplines fami\u00adliales par l\u2019\u00e9loignement du chef de famille, la vio\u00adlence c\u00e9l\u00e9\u00adbr\u00e9e comme une ver\u00adtu, l\u2019exemple pour\u00adris\u00adseur du mar\u00adch\u00e9 noir, pour s\u2019en tenir aux faits essen\u00adtiels, expliquent l\u2019affaissement moral d\u2019une jeu\u00adnesse d\u00e9j\u00e0 mal pr\u00e9\u00adpa\u00adr\u00e9e aux r\u00e9sis\u00adtances n\u00e9cessaires.<\/p>\n<p>Quoi qu\u2019il en soit, la ques\u00adtion ne peut lais\u00adser indif\u00adf\u00e9\u00adrent qui\u00adconque aime l\u2019homme et croit \u00e0 son avenir.<\/p>\n<p>Pro\u00adbl\u00e8me humain, pro\u00adbl\u00e8me social, dont on mesu\u00adre\u00adra l\u2019importance lorsque nous affir\u00adme\u00adrons que les sta\u00adtis\u00adtiques les plus opti\u00admistes disent qu\u2019il existe actuel\u00adle\u00adment, en France, plus de 300&nbsp;000 mineurs inadap\u00adt\u00e9s aux condi\u00adtions de la vie sociale actuelle.<\/p>\n<p>\u00c0 des\u00adsein nous avons dit \u00ab&nbsp;inadapt\u00e9s&nbsp;\u00bb.<\/p>\n<p>Sauf cas par\u00adti\u00adcu\u00adliers, rela\u00adti\u00adve\u00adment rares, il n\u2019y a pas d\u2019enfance cou\u00adpable. Il n\u2019y a qu\u2019une enfance mal\u00adheu\u00adreuse parce qu\u2019abandonn\u00e9e, ou malade \u2013 qu\u2019il convient de trai\u00adter et de gu\u00e9rir.<\/p>\n<p>Ce sont, le plus sou\u00advent, des enfants injus\u00adte\u00adment trai\u00adt\u00e9s par la soci\u00e9\u00adt\u00e9, au sein des\u00adquels on trouve, cepen\u00addant, de \u00ab&nbsp;petits cri\u00admi\u00adnels en herbe&nbsp;\u00bb, qui d\u00e9fient toute m\u00e9de\u00adcine men\u00adtale ou p\u00e9dagogique.<\/p>\n<p>Recon\u00adna\u00eetre les uns des autres, r\u00e9adap\u00adter les uns, mettre les autres hors d\u2019\u00e9tat de nuire par une s\u00e9gr\u00e9\u00adga\u00adtion judi\u00adcieuse mais humaine, tel est le pro\u00adbl\u00e8me \u00e0 r\u00e9soudre.<\/p>\n<p>Enfants instables ou \u00e9mo\u00adtifs, influen\u00ad\u00e7ables ou d\u00e9fi\u00adcients, enfants pares\u00adseux ou apa\u00adthiques, h\u00e2bleurs ou \u00e9go\u00adcen\u00adtristes, enfants cruels ou per\u00advers l\u00e9gers, \u00e0 l\u2019h\u00e9r\u00e9dit\u00e9 lourde et com\u00adplexe, les voi\u00adl\u00e0 cam\u00adp\u00e9s tous, ou \u00e0 peu pr\u00e8s, devant nous.<\/p>\n<p>Quel est le but \u00e0 atteindre&nbsp;?<\/p>\n<p>Il faut d\u2019abord com\u00adprendre, ensuite gu\u00e9\u00adrir ou r\u00e9\u00e9du\u00adquer&nbsp;; enfin reclas\u00adser dans la vie du tra\u00advail et dans la vie sociale.<\/p>\n<p>Or, les exemples, remar\u00adquables, de la Bel\u00adgique et de la Suisse sont concluants&nbsp;: 70&nbsp;% des vic\u00adtimes de leur milieu social ou fami\u00adlial, de leur \u00e9du\u00adca\u00adtion pre\u00admi\u00e8re, de leur ascen\u00addance peuvent \u00eatre sauv\u00e9s.<\/p>\n<p>Une telle t\u00e2che, dont le d\u00e9ve\u00adlop\u00adpe\u00adment d\u00e9passe le cadre d\u2019un seul article, requiert le concours du m\u00e9de\u00adcin, de l\u2019assistante sociale, du psy\u00adcho\u00adlogue, de l\u2019orienteur pro\u00adfes\u00adsion\u00adnel, du magis\u00adtrat, de l\u2019\u00e9ducateur, cha\u00adcun appor\u00adtant ses mat\u00e9\u00adriaux&nbsp;: son obser\u00adva\u00adtion, ses avis, sa m\u00e9thode.<\/p>\n<p>Coor\u00addi\u00adna\u00adtion n\u00e9ces\u00adsaire qui seule per\u00admet les solu\u00adtions satis\u00adfai\u00adsantes et salvatrices.<\/p>\n<p>Effort de syn\u00adth\u00e8se&nbsp;aussi.<\/p>\n<p>Il a \u00e9t\u00e9 dit jus\u00adte\u00adment&nbsp;: \u00ab&nbsp;Le pro\u00adbl\u00e8me de l\u2019enfance cou\u00adpable n\u2019est pas une ques\u00adtion de d\u00e9lit, c\u2019est un pro\u00adbl\u00e8me de d\u00e9linquant.&nbsp;\u00bb<\/p>\n<p>For\u00admule magni\u00adfique et vraie&nbsp;: ce qui importe, ce n\u2019est pas la faute, c\u2019est le fau\u00adtif, ce n\u2019est pas le fait, c\u2019est l\u2019homme.<\/p>\n<p>En cons\u00e9\u00adquence et pour nous r\u00e9su\u00admer, en pre\u00admier lieu&nbsp;: d\u00e9pis\u00adter l\u2019enfant en dan\u00adger&nbsp;moral.<\/p>\n<p>Des assis\u00adtantes sociales sp\u00e9\u00adcia\u00adli\u00ads\u00e9es recher\u00adche\u00adront les enfants mora\u00adle\u00adment aban\u00addon\u00adn\u00e9s, mal\u00adtrai\u00adt\u00e9s, malades, vaga\u00adbonds. Pro\u00adc\u00e9\u00adde\u00adront \u00e0 une enqu\u00eate sur l\u2019enfant, son milieu (fami\u00adlial, sco\u00adlaire, pro\u00adfes\u00adsion\u00adnel). Gui\u00adde\u00adront les parents dans leur mis\u00adsion \u00e9du\u00adca\u00adtrice, soit par des conseils judi\u00adcieux, soit en fai\u00adsant prendre des mesures plus s\u00e9v\u00e8res de retrait de garde, pro\u00advi\u00adsoire ou&nbsp;non.<\/p>\n<p>Ensuite, pour l\u2019enfant s\u00e9pa\u00adr\u00e9 des siens, l\u2019observer en centre d\u2019accueil.<\/p>\n<p>Seule, en effet, une obser\u00adva\u00adtion pro\u00adlon\u00adg\u00e9e de l\u2019enfant vivant et agis\u00adsant aus\u00adsi libre\u00adment que pos\u00adsible, sou\u00admis \u00e0 des \u00e9preuves dont le sens et l\u2019importance lui sont r\u00e9v\u00e9\u00adl\u00e9s, offre le plus de garan\u00adtie, aus\u00adsi bien pour aider le juge\u00adment du magis\u00adtrat que pour rendre effi\u00adcaces les mesures prises.<\/p>\n<p>Enfin, et pour par\u00adache\u00adver l\u2019\u00e9difice en quelque sorte, ouvrir des \u00e9ta\u00adblis\u00adse\u00adments de trai\u00adte\u00adment et de r\u00e9\u00e9du\u00adca\u00adtion dignes de ce&nbsp;nom.<\/p>\n<p>Il nous appa\u00adra\u00eet ici n\u00e9ces\u00adsaire que chaque r\u00e9gion pos\u00ads\u00e8de tr\u00e8s rapi\u00adde\u00adment l\u2019ensemble de ces \u00e9ta\u00adblis\u00adse\u00adments cor\u00adres\u00adpon\u00addant aux diverses cat\u00e9\u00adgo\u00adries dans les\u00adquelles on peut clas\u00adser les enfants en dan\u00adger&nbsp;moral.<\/p>\n<p>C\u2019est une erreur funeste, en effet, de grou\u00adper sans dis\u00adtinc\u00adtion tous les enfants mora\u00adle\u00adment abandonn\u00e9s.<\/p>\n<p>Il y a une d\u00e9lin\u00adquance occa\u00adsion\u00adnelle et une d\u00e9lin\u00adquance moti\u00adv\u00e9e, des d\u00e9lin\u00adquants nor\u00admaux et des d\u00e9lin\u00adquants anor\u00admaux, des enfants tar\u00e9s et des \u00eatres demeu\u00adr\u00e9s sains mal\u00adgr\u00e9 le milieu ou l\u2019\u00e9garement pas\u00adsa\u00adger. Les m\u00ealer incon\u00adsi\u00add\u00e9\u00adr\u00e9\u00adment, c\u2019est renon\u00adcer \u00e0 les sauver.<\/p>\n<p>Ensuite, ce qui ne doit jamais \u00eatre per\u00addu de vue, c\u2019est la r\u00e9adap\u00adta\u00adtion au m\u00e9tier et au milieu social libre. Il ne s\u2019agit pas, par un pla\u00adce\u00adment auto\u00adri\u00adtaire, de se mettre \u00e0 l\u2019abri des m\u00e9faits de l\u2019adolescent, il s\u2019agit de lui res\u00adti\u00adtuer sa rai\u00adson de vivre utilement.<\/p>\n<p>Telle est l\u2019une des t\u00e2ches essen\u00adtielles de notre \u00e9poque. Sou\u00adhai\u00adtons qu\u2019elle n\u2019y faillisse pas.<\/p>\n<p>[\/\u200bRobert <sc>Jos\u00adpin<\/sc>.\/\u200b]<\/p>\n<\/div>\n","protected":false},"excerpt":{"rendered":"<p>[(Notre ami et col\u00adla\u00adbo\u00adra\u00adteur Robert Jos\u00adpin nous donne ici un pre\u00admier article sur le pro\u00adbl\u00e8me de l\u2019enfance dite cou\u00adpable. Direc\u00adteur du Centre r\u00e9gio\u00adnal d\u2019observation pour jeunes gens inadap\u00adt\u00e9s, il nous para\u00eet par\u00adti\u00adcu\u00adli\u00e8\u00adre\u00adment qua\u00adli\u00adfi\u00e9 pour four\u00adnir d nos lec\u00adteurs une docu\u00admen\u00adta\u00adtion com\u00adp\u00e9\u00adtente et&nbsp;utile.)] Le pro\u00adbl\u00e8me, dont l\u2019importance est all\u00e9e crois\u00adsant depuis le d\u00e9but du si\u00e8cle, a&nbsp;[\u2026]<\/p>\n","protected":false},"author":1,"featured_media":0,"comment_status":"closed","ping_status":"closed","sticky":false,"template":"","format":"standard","meta":{"wp_typography_post_enhancements_disabled":false,"footnotes":""},"categories":[503],"tags":[],"ppma_author":[540],"class_list":["post-4070","post","type-post","status-publish","format-standard","hentry","category-defense-de-lhomme-n5-fevrier-1949"],"authors":[{"term_id":540,"user_id":1,"is_guest":0,"slug":"admin_3gikpwyf","display_name":"Vincent Dubuc","avatar_url":"https:\/\/secure.gravatar.com\/avatar\/d015720652c25fd2ced191ade86430094e1f288a17483713e3b34d26dea52507?s=96&d=mm&r=g","author_category":"","user_url":"https:\/\/la-presse-anarchiste.net","last_name":"Dubuc","first_name":"Vincent","job_title":"","description":""}],"_links":{"self":[{"href":"https:\/\/la-presse-anarchiste.net\/index.php\/wp-json\/wp\/v2\/posts\/4070","targetHints":{"allow":["GET"]}}],"collection":[{"href":"https:\/\/la-presse-anarchiste.net\/index.php\/wp-json\/wp\/v2\/posts"}],"about":[{"href":"https:\/\/la-presse-anarchiste.net\/index.php\/wp-json\/wp\/v2\/types\/post"}],"author":[{"embeddable":true,"href":"https:\/\/la-presse-anarchiste.net\/index.php\/wp-json\/wp\/v2\/users\/1"}],"replies":[{"embeddable":true,"href":"https:\/\/la-presse-anarchiste.net\/index.php\/wp-json\/wp\/v2\/comments?post=4070"}],"version-history":[{"count":0,"href":"https:\/\/la-presse-anarchiste.net\/index.php\/wp-json\/wp\/v2\/posts\/4070\/revisions"}],"wp:attachment":[{"href":"https:\/\/la-presse-anarchiste.net\/index.php\/wp-json\/wp\/v2\/media?parent=4070"}],"wp:term":[{"taxonomy":"category","embeddable":true,"href":"https:\/\/la-presse-anarchiste.net\/index.php\/wp-json\/wp\/v2\/categories?post=4070"},{"taxonomy":"post_tag","embeddable":true,"href":"https:\/\/la-presse-anarchiste.net\/index.php\/wp-json\/wp\/v2\/tags?post=4070"},{"taxonomy":"author","embeddable":true,"href":"https:\/\/la-presse-anarchiste.net\/index.php\/wp-json\/wp\/v2\/ppma_author?post=4070"}],"curies":[{"name":"wp","href":"https:\/\/api.w.org\/{rel}","templated":true}]}}