{"id":4084,"date":"2020-07-07T06:39:49","date_gmt":"2020-07-07T06:39:49","guid":{"rendered":"https:\/\/la-presse-anarchiste.net\/index.php\/2020\/07\/07\/une-lettre-de-bontemps\/"},"modified":"2020-07-07T06:39:49","modified_gmt":"2020-07-07T06:39:49","slug":"une-lettre-de-bontemps","status":"publish","type":"post","link":"https:\/\/la-presse-anarchiste.net\/index.php\/2020\/07\/07\/une-lettre-de-bontemps\/","title":{"rendered":"Une lettre de Bontemps"},"content":{"rendered":"<div class=\"pdfprnt-buttons pdfprnt-buttons-post pdfprnt-top-right\"><a href=\"https:\/\/la-presse-anarchiste.net\/index.php\/wp-json\/wp\/v2\/posts\/4084?print=pdf\" class=\"pdfprnt-button pdfprnt-button-pdf\" target=\"_blank\"><img decoding=\"async\" src=\"https:\/\/la-presse-anarchiste.net\/wp-content\/plugins\/pdf-print\/images\/pdf.png\" alt=\"image_pdf\" title=\"Afficher le PDF\"><\/a><a href=\"https:\/\/la-presse-anarchiste.net\/index.php\/wp-json\/wp\/v2\/posts\/4084?print=print\" class=\"pdfprnt-button pdfprnt-button-print\" target=\"_blank\"><img decoding=\"async\" src=\"https:\/\/la-presse-anarchiste.net\/wp-content\/plugins\/pdf-print\/images\/print.png\" alt=\"image_print\" title=\"Contenu imprim\u00e9\"><\/a><\/div><div align=\"justify\">\n<p>[\/\u200bParis, le 10 f\u00e9vrier 1949.\/]<\/p>\n<p><sc>Mon cher Lecoin<\/sc>,<\/p>\n<p>Je pen\u00adsais faire un papier en r\u00e9ponse \u00e0 ton plai\u00addoyer en faveur des col\u00adla\u00adbo\u00adra\u00adteurs. Apr\u00e8s avoir lu <a href=\"3911\">ta r\u00e9plique<\/a> \u00e0 <a href=\"3910\">Lau\u00admi\u00e8re<\/a>, qui m\u2019avait devan\u00adc\u00e9, je me suis convain\u00adcu, apr\u00e8s y avoir bien r\u00e9fl\u00e9\u00adchi, que ce serait inutile. On ne peut suivre une pol\u00e9\u00admique de cet ordre dans une revue mensuelle.<\/p>\n<p>Je ne t\u2019envoie donc pas de copie, car, bien qu\u2019en prin\u00adcipe les r\u00e9dac\u00adteurs de ta revue n\u2019engagent qu\u2019eux-m\u00eames, il en va dif\u00adf\u00e9\u00adrem\u00adment des articles du direc\u00adteur sur un sujet de cette impor\u00adtance. Mes fonc\u00adtions de res\u00adpon\u00adsa\u00adbi\u00adli\u00adt\u00e9 en tant que secr\u00e9\u00adtaire g\u00e9n\u00e9\u00adral de la Ligue contre le Racisme et l\u2019Antis\u00e9mitisme (L.I.C.A.) et de r\u00e9dac\u00adteur du <em>Droit de Vivre<\/em> sont incom\u00adpa\u00adtibles avec ta posi\u00adtion et je ne pour\u00adrais, en conscience, me jus\u00adti\u00adfier de te conti\u00adnuer ma col\u00adla\u00adbo\u00adra\u00adtion apr\u00e8s ton second article. Le fait a \u00e9chap\u00adp\u00e9 jus\u00adqu\u2019i\u00adci \u00e0 mes cama\u00adrades du Comi\u00adt\u00e9 cen\u00adtral, mais je n\u2019ai pas \u00e0 attendre une remarque pour prendre une d\u00e9ci\u00adsion conforme \u00e0 la fois \u00e0 mes obli\u00adga\u00adtions morales et \u00e0 mon propre sentiment.<\/p>\n<p>Je le regrette vive\u00adment, car je m\u2019\u00e9tais assez atta\u00adch\u00e9 \u00e0 ta revue pour te don\u00adner un papier chaque mois, bien que je n\u2019en eusse gu\u00e8re le temps. J\u2019esp\u00e8re qu\u2019une \u00e9vo\u00adlu\u00adtion des cir\u00adcons\u00adtances ou un fait nou\u00adveau modi\u00adfie\u00adront la situa\u00adtion ain\u00adsi cr\u00e9\u00e9e et que je pour\u00adrai reprendre ma col\u00adla\u00adbo\u00adra\u00adtion. Je le d\u00e9sire sin\u00adc\u00e8\u00adre\u00adment, <em>D\u00e9fense de l\u2019Homme<\/em> com\u00adblant cer\u00adtai\u00adne\u00adment une lacune. Mal\u00adheu\u00adreu\u00adse\u00adment, dans les conjonc\u00adtures actuelles, toute action publique s\u2019accomplit sur la corde raide et il est des points comme celui-ci qu\u2019on ne peut fran\u00adchir. Pour\u00adtant, crois-le bien, je ne suis pas au nombre des extr\u00e9\u00admistes et j\u2019ai, tant sur les exc\u00e8s d\u2019une cer\u00adtaine \u00ab&nbsp;r\u00e9sis\u00adtance&nbsp;\u00bb que sur les juge\u00adments ren\u00addus par les cours d\u2019exception, une opi\u00adnion tout \u00e0 fait miti\u00adg\u00e9e. Mais les abus des uns ne sau\u00adraient en aucune fa\u00e7on inno\u00adcen\u00adter les autres, sur\u00adtout quand je les vois conti\u00adnuer de plus belle \u00e0 mesure qu\u2019ils reprennent une place dans la presse.<\/p>\n<p>Dans la bataille o\u00f9 je suis enga\u00adg\u00e9 avec mes amis, il ne m\u2019est pas per\u00admis de pla\u00adner et de me pr\u00ea\u00adter \u00e0 une m\u00e9ta\u00adphy\u00adsique du sentiment.<\/p>\n<p>Bien ami\u00adca\u00adle\u00adment \u00e0&nbsp;toi.<\/p>\n<p>[\/Ch.-Aug. <sc>Bon\u00adtemps<\/sc>.\/\u200b]<\/p>\n<h2>Notre r\u00e9ponse<\/h2>\n<p>Le \u00ab&nbsp;direc\u00adteur&nbsp;\u00bb, qui se montre aus\u00adsi large que pos\u00adsible et qui ins\u00e8re par\u00adfois des \u00e9crits dont il n\u2019approuve pas tou\u00adjours com\u00adpl\u00e8\u00adte\u00adment la teneur, aime\u00adrait que les r\u00e9dac\u00adteurs lui laissent au moins la m\u00eame liber\u00adt\u00e9 qu\u2019il leur accorde.<\/p>\n<p>L\u2019amnistie g\u00e9n\u00e9\u00adrale sera bien vot\u00e9e un jour, ne serait-ce que pour blan\u00adchir les gou\u00adver\u00adnants du moment et leur \u00e9vi\u00adter la pri\u00adson. Alors, tu nous revien\u00addras, mon cher Bon\u00adtemps, apr\u00e8s nous avoir puni inuti\u00adle\u00adment et \u00e0 tort pour nous \u00eatre affir\u00adm\u00e9 moins impi\u00adtoyable que la plu\u00adpart de nos conci\u00adtoyens, et plus clairvoyant.<\/p>\n<\/div>\n","protected":false},"excerpt":{"rendered":"<p>[\/\u200b\u200bParis, le 10 f\u00e9vrier 1949.\/] Mon cher Lecoin, Je pen\u00adsais faire un papier en r\u00e9ponse \u00e0 ton plai\u00addoyer en faveur des col\u00adla\u00adbo\u00adra\u00adteurs. Apr\u00e8s avoir lu ta r\u00e9plique \u00e0 Lau\u00admi\u00e8re, qui m\u2019avait devan\u00adc\u00e9, je me suis convain\u00adcu, apr\u00e8s y avoir bien r\u00e9fl\u00e9\u00adchi, que ce serait inutile. On ne peut suivre une pol\u00e9\u00admique de cet ordre&nbsp;dans&nbsp;[\u2026]<\/p>\n","protected":false},"author":1,"featured_media":0,"comment_status":"closed","ping_status":"closed","sticky":false,"template":"","format":"standard","meta":{"wp_typography_post_enhancements_disabled":false,"footnotes":""},"categories":[503],"tags":[],"ppma_author":[540],"class_list":["post-4084","post","type-post","status-publish","format-standard","hentry","category-defense-de-lhomme-n5-fevrier-1949"],"authors":[{"term_id":540,"user_id":1,"is_guest":0,"slug":"admin_3gikpwyf","display_name":"Vincent Dubuc","avatar_url":"https:\/\/secure.gravatar.com\/avatar\/d015720652c25fd2ced191ade86430094e1f288a17483713e3b34d26dea52507?s=96&d=mm&r=g","author_category":"","user_url":"https:\/\/la-presse-anarchiste.net","last_name":"Dubuc","first_name":"Vincent","job_title":"","description":""}],"_links":{"self":[{"href":"https:\/\/la-presse-anarchiste.net\/index.php\/wp-json\/wp\/v2\/posts\/4084","targetHints":{"allow":["GET"]}}],"collection":[{"href":"https:\/\/la-presse-anarchiste.net\/index.php\/wp-json\/wp\/v2\/posts"}],"about":[{"href":"https:\/\/la-presse-anarchiste.net\/index.php\/wp-json\/wp\/v2\/types\/post"}],"author":[{"embeddable":true,"href":"https:\/\/la-presse-anarchiste.net\/index.php\/wp-json\/wp\/v2\/users\/1"}],"replies":[{"embeddable":true,"href":"https:\/\/la-presse-anarchiste.net\/index.php\/wp-json\/wp\/v2\/comments?post=4084"}],"version-history":[{"count":0,"href":"https:\/\/la-presse-anarchiste.net\/index.php\/wp-json\/wp\/v2\/posts\/4084\/revisions"}],"wp:attachment":[{"href":"https:\/\/la-presse-anarchiste.net\/index.php\/wp-json\/wp\/v2\/media?parent=4084"}],"wp:term":[{"taxonomy":"category","embeddable":true,"href":"https:\/\/la-presse-anarchiste.net\/index.php\/wp-json\/wp\/v2\/categories?post=4084"},{"taxonomy":"post_tag","embeddable":true,"href":"https:\/\/la-presse-anarchiste.net\/index.php\/wp-json\/wp\/v2\/tags?post=4084"},{"taxonomy":"author","embeddable":true,"href":"https:\/\/la-presse-anarchiste.net\/index.php\/wp-json\/wp\/v2\/ppma_author?post=4084"}],"curies":[{"name":"wp","href":"https:\/\/api.w.org\/{rel}","templated":true}]}}