{"id":4085,"date":"2020-07-07T06:39:50","date_gmt":"2020-07-07T06:39:50","guid":{"rendered":"https:\/\/la-presse-anarchiste.net\/index.php\/2020\/07\/07\/les-loups-entre-eux\/"},"modified":"2020-07-07T06:39:50","modified_gmt":"2020-07-07T06:39:50","slug":"les-loups-entre-eux","status":"publish","type":"post","link":"https:\/\/la-presse-anarchiste.net\/index.php\/2020\/07\/07\/les-loups-entre-eux\/","title":{"rendered":"Les loups entre&nbsp;eux"},"content":{"rendered":"<div class=\"pdfprnt-buttons pdfprnt-buttons-post pdfprnt-top-right\"><a href=\"https:\/\/la-presse-anarchiste.net\/index.php\/wp-json\/wp\/v2\/posts\/4085?print=pdf\" class=\"pdfprnt-button pdfprnt-button-pdf\" target=\"_blank\"><img decoding=\"async\" src=\"https:\/\/la-presse-anarchiste.net\/wp-content\/plugins\/pdf-print\/images\/pdf.png\" alt=\"image_pdf\" title=\"Afficher le PDF\"><\/a><a href=\"https:\/\/la-presse-anarchiste.net\/index.php\/wp-json\/wp\/v2\/posts\/4085?print=print\" class=\"pdfprnt-button pdfprnt-button-print\" target=\"_blank\"><img decoding=\"async\" src=\"https:\/\/la-presse-anarchiste.net\/wp-content\/plugins\/pdf-print\/images\/print.png\" alt=\"image_print\" title=\"Contenu imprim\u00e9\"><\/a><\/div><div align=\"justify\">\n<p>La contro\u00adverse Lecoin-Lau\u00admi\u00e8re [[cf. n\u00b04 de <em>D\u00e9fense de l\u2019Homme<\/em>]] \u00e0 pro\u00adpos de l\u2019amnistie a une impor\u00adtance qui d\u00e9passe, semble-t-il, le cadre un peu \u00e9troit de la col\u00adla\u00adbo\u00adra\u00adtion qui lui a ser\u00advi de sujet. On peut, allant au fond, y voir l\u2019opposition de deux esprits, de deux m\u00e9thodes pos\u00adsibles&nbsp;: avons-nous, nous anar\u00adchistes, le droit d\u2019\u00eatre \u00ab&nbsp;r\u00e9alistes&nbsp;\u00bb&nbsp;?<\/p>\n<p>On sait que Lau\u00admi\u00e8re, se pen\u00adchant sur le cas des d\u00e9te\u00adnus pour faits de col\u00adla\u00adbo\u00adra\u00adtion concluait avec force que ces gens-l\u00e0 n\u2019\u00e9taient nul\u00adle\u00adment dignes de piti\u00e9, tout aus\u00adsi pi\u00e8tres, dans leur \u00e9go\u00efsme cynique que ceux qui leur avaient suc\u00adc\u00e9\u00add\u00e9 aux \u00ab&nbsp;hon\u00adneurs&nbsp;\u00bb et aux places. Il ajou\u00adtait enfin que, pour une fois que les loups se d\u00e9vo\u00adraient entre eux, il fal\u00adlait s\u2019empresser de se r\u00e9jouir.<\/p>\n<p>Il semble \u00e0 pre\u00admi\u00e8re vue que ce rai\u00adson\u00adne\u00adment soit inat\u00adta\u00adquable&nbsp;: beau\u00adcoup des col\u00adla\u00adbo\u00adra\u00adteurs incar\u00adc\u00e9\u00adr\u00e9s ne m\u00e9ritent, en effet, pas la moindre indul\u00adgence. Seule\u00adment, si la conclu\u00adsion est saine, que pen\u00adser des pr\u00e9\u00admisses du rai\u00adson\u00adne\u00adment&nbsp;? En fait, Lau\u00admi\u00e8re ne nie pas l\u2019injustice de l\u2019accusation, ni son carac\u00adt\u00e8re de ven\u00adgeance, il constate seule\u00adment que le r\u00e9sul\u00adtat est bon \u2013 et cela lui suf\u00adfit. Peu importe que des col\u00adla\u00adbo\u00adra\u00adteurs \u2013 nos enne\u00admis \u00e0 nous aus\u00adsi \u2013 aient \u00e9t\u00e9 frap\u00adp\u00e9s \u00e0 tort&nbsp;: l\u2019essentiel est qu\u2019ils m\u00e9ri\u00adtaient de l\u2019\u00eatre pour une autre rai\u00adson et qu\u2019ils l\u2019ont \u00e9t\u00e9&nbsp;; et tout est bien qui finit&nbsp;bien.<\/p>\n<p>L\u2019exemple typique est celui de B\u00e9raud. On lui cherche une que\u00adrelle\u2026 d\u2019Allemand \u00e0 l\u2019occasion de la col\u00adla\u00adbo\u00adra\u00adtion&nbsp;; il se trouve \u00eatre inno\u00adcent, de ce chef, mais puis\u00adqu\u2019au\u00adtre\u00adfois il a tra\u00adhi sa classe et son par\u00adti&nbsp;; puis\u00adqu\u2019il est deve\u00adnu depuis son entr\u00e9e \u00e0 <em>Grin\u00adgoire<\/em> \u00ab&nbsp;ce qui se fait de meilleur mar\u00adch\u00e9 et de plus salis\u00adsant comme pol\u00e9\u00admiste ren\u00e9\u00adgat&nbsp;\u00bb, sui\u00advant le mot de Jean\u00adson, il est juste qu\u2019il soit aujourd\u2019\u00adhui dure\u00adment frap\u00adp\u00e9. Lau\u00admi\u00e8re r\u00e9ha\u00adbi\u00adlite en somme la N\u00e9m\u00e9\u00adsis antique&nbsp;: mal\u00adheu\u00adreu\u00adse\u00adment, ses voies sont bien tortueuses.<\/p>\n<p>Pour une rai\u00adson <em>tac\u00adtique<\/em>&nbsp;: mettre hors d\u2019\u00e9tat de nuire des adver\u00adsaires poli\u00adtiques m\u00e9pri\u00adsables, avons-nous le droit de sacri\u00adfier le prin\u00adcipe de v\u00e9ri\u00adt\u00e9 qui doit nous ani\u00admer tous. Peut-on don\u00adner un l\u00e9ger coup de pouce \u00e0 l\u2019honn\u00eatet\u00e9 pour obte\u00adnir un r\u00e9sul\u00adtat <em>pra\u00adtique<\/em> hau\u00adte\u00adment d\u00e9sirable&nbsp;?<\/p>\n<p>C\u2019est bien ten\u00adtant. C\u2019est ce que font depuis long\u00adtemps nos cama\u00adrades com\u00admu\u00adnistes. Dans cette gigan\u00adtesque for\u00eat de Bon\u00addy qu\u2019est le monde actuel, eux aus\u00adsi, \u00e0 la faveur du brouillard uni\u00adver\u00adsel, pra\u00adtiquent la foire d\u2019empoigne poli\u00adtique. Eux aus\u00adsi mentent, trichent, d\u00e9pouillent. Il parait que le monde \u00e9tant en per\u00adp\u00e9\u00adtuel deve\u00adnir, et la conjonc\u00adture poli\u00adtique ne ces\u00adsant de se modi\u00adfier, il est n\u00e9ces\u00adsaire d\u2019adapter \u00e0 ce don\u00adn\u00e9 per\u00adp\u00e9\u00adtuel\u00adle\u00adment mou\u00advant la ligne de conduite jour\u00adna\u00adli\u00e8re. Sur\u00adtout, il est dit dans L\u00e9nine que tous les moyens sont bons contre une bour\u00adgeoi\u00adsie qui emploie elle-m\u00eame tous les moyens. Seule compte la r\u00e9a\u00adli\u00adsa\u00adtion finale du but. C\u2019est ce qu\u2019on appelle le r\u00e9a\u00adlisme. La fin jus\u00adti\u00adfie les moyens.<\/p>\n<p>Oui certes, mais, comme le dit Sartre, seule\u00adment dans la mesure o\u00f9 ils ne sont pas des\u00adtruc\u00adteurs de cette fin. Si l\u2019homme qu\u2019on a ain\u00adsi \u00ab&nbsp;sau\u00adv\u00e9&nbsp;\u00bb est deve\u00adnu lui-m\u00eame m\u00e9pri\u00adsable, oie est le gain&nbsp;? Le m\u00eame Sartre appelle des \u00ab&nbsp;salauds&nbsp;\u00bb ceux qui, bour\u00adgeois ou autres, acceptent de sacri\u00adfier la v\u00e9ri\u00adt\u00e9 \u00e0 leur confort intellectuel.<\/p>\n<p>L\u2019esprit de bour\u00adgeoi\u00adsie, fort heu\u00adreu\u00adse\u00adment, se meurt&nbsp;: il se meurt d\u2019avoir trop men\u00adti, et de n\u2019\u00eatre pas m\u00eame par\u00adve\u00adnu \u00e0 se faire illu\u00adsion \u00e0 soi-m\u00eame. Aura-t-il plus de suc\u00adc\u00e8s chez Lau\u00admi\u00e8re&nbsp;? Les hommes libres pre\u00adnant la suite de cet esprit, curieuse pos\u00adt\u00e9\u00adri\u00adt\u00e9 intel\u00adlec\u00adtuelle&nbsp;! Et ceux que Lau\u00admi\u00e8re appelle si jus\u00adte\u00adment \u00ab&nbsp;les loups&nbsp;\u00bb, com\u00adment mieux les d\u00e9ter\u00admi\u00adner qu\u2019en leur appli\u00adquant ce cri\u00adt\u00e8re&nbsp;: la mau\u00advaise foi, le sou\u00adci de faire pas\u00adser des int\u00e9\u00adr\u00eats, quels qu\u2019ils fussent, avant le res\u00adpect de la v\u00e9rit\u00e9.<\/p>\n<p>Oui, une telle atti\u00adtude est ten\u00adtante. Elle ne manque gu\u00e8re d\u2019\u00eatre cou\u00adron\u00adn\u00e9e par des avan\u00adtages imm\u00e9\u00addiats. Mais le ou les par\u00adtis qui s\u2019y livrent sont com\u00adpa\u00adrables \u00e0 des com\u00admer\u00ad\u00e7ants en faillite pr\u00eats \u00e0 toutes les trom\u00adpe\u00adries pour sur\u00adna\u00adger trois jours de plus. Elle carac\u00adt\u00e9\u00adrise une poli\u00adtique \u00e0 la petite semaine. Le jour o\u00f9 il faut liqui\u00adder, quelle d\u00e9ch\u00e9ance. Le bluff fina\u00adle\u00adment ne paie&nbsp;pas.<\/p>\n<p>Je ne vois gu\u00e8re que les anar\u00adchistes soient bien pr\u00e9\u00adpa\u00adr\u00e9s pour cette car\u00adri\u00e8re. Non, les par\u00adtis bour\u00adgeois ont trop d\u2019avance sur nous dans ce domaine, et les com\u00admu\u00adnistes plus de talent. \u00c0 riva\u00adli\u00adser de r\u00e9a\u00adlisme avec les uns et les autres, nous serons sur\u00adclas\u00ads\u00e9s \u00e0 tout coup. C\u2019est notre devoir, c\u2019est aus\u00adsi notre int\u00e9\u00adr\u00eat de ne ser\u00advir, par\u00adtout et en toute occa\u00adsion, que la v\u00e9ri\u00adt\u00e9, de nous refu\u00adser aux com\u00adbines, de nous dis\u00adtin\u00adguer de tous par notre hon\u00adn\u00ea\u00adte\u00adt\u00e9 intran\u00adsi\u00adgeante. Croit-on que ce ne soit pas \u00ab&nbsp;le&nbsp;\u00bb beau r\u00f4le que celui-l\u00e0&nbsp;? J\u2019entends bien qu\u2019on me dira&nbsp;: \u00ab&nbsp;<em>Trop<\/em> beau r\u00f4le, la poli\u00adtique exige qu\u2019on se salisse les mains, la poli\u00adtique hon\u00adn\u00eate est celle qui les salit le moins possible.&nbsp;\u00bb<\/p>\n<p>Certes, mais nous devons faire de n\u00e9ces\u00adsi\u00adt\u00e9 ver\u00adtu. Il faut iden\u00adti\u00adfier notre par\u00adti avec celui de la v\u00e9ri\u00adt\u00e9. Il faut que notre refus m\u00eame de la pro\u00adpa\u00adgande soit notre meilleure pro\u00adpa\u00adgande aupr\u00e8s des igno\u00adrants, des inor\u00adga\u00adni\u00ads\u00e9s. Il faut que tous ceux qui sont de bonne foi viennent \u00e0 nous d\u2019abord parce qu\u2019ils nous trou\u00adve\u00adront \u00e9tranges, avec notre voix dis\u00adcor\u00addante, puis parce qu\u2019ils ver\u00adront que nous ne cher\u00adchons pas \u00e0 rac\u00adcro\u00adcher leur voix, mais \u00e0 conver\u00adtir leur esprit. Parce qu\u2019ils ver\u00adront que notre par\u00adti, c\u2019est le&nbsp;leur.<\/p>\n<p>Non, l\u2019honn\u00eatet\u00e9 n\u2019est pas tel\u00adle\u00adment sans armes, m\u00eame dans le monde d\u2019aujourd\u2019hui.<\/p>\n<p>S\u2019est-on suf\u00adfi\u00adsam\u00adment deman\u00add\u00e9 la rai\u00adson pro\u00adfonde pour laquelle les com\u00admu\u00adnistes nous en veulent tant&nbsp;?<\/p>\n<p>Faut-il voir, de leur part, comme on le dit sou\u00advent, la crainte d\u2019\u00eatre d\u00e9bor\u00add\u00e9s \u00e0 gauche par un grand par\u00adti r\u00e9vo\u00adlu\u00adtion\u00adnaire qui n\u2019aurait rien tra\u00adhi, lui&nbsp;? Qui ferait le ras\u00adsem\u00adble\u00adment des volon\u00adt\u00e9s \u00e9parses entre le \u00ab&nbsp;r\u00e9a\u00adlisme&nbsp;\u00bb com\u00admu\u00adniste et l\u2019impuissante SFIO. Ou m\u00eame la crainte de voir leur \u00e9chap\u00adper les syn\u00addi\u00adcats ouvriers, ins\u00adtru\u00adment et levier de l\u2019action r\u00e9vo\u00adlu\u00adtion\u00adnaire, d\u2019apr\u00e8s L\u00e9nine&nbsp;? Non. Recon\u00adnais\u00adsons avec humi\u00adli\u00adt\u00e9 que dans la situa\u00adtion actuelle leur effi\u00adca\u00adci\u00adt\u00e9, fruit d\u2019un d\u00e9voue\u00adment fana\u00adtique, est \u00e9norme. Impos\u00adsible de riva\u00adli\u00adser avec eux aujourd\u2019hui.<\/p>\n<p>Faut-il voir \u00e0 leur haine un motif moral&nbsp;: nous serions pour eux leur conscience, l\u2019honn\u00eatet\u00e9 qu\u2019ils ont aban\u00addon\u00adn\u00e9e en route \u2013 l\u2019\u0153il de Cain&nbsp;? Ne soyons pas, tout de m\u00eame, trop satis\u00adfaits de nous-m\u00eames. Beau\u00adcoup de com\u00admu\u00adnistes ont la cer\u00adti\u00adtude d\u2019\u00eatre dans le vrai. Ils ne sont pas \u00e0 pro\u00adpre\u00adment par\u00adler de mau\u00advaise foi. Leurs \u0153uvres plaident pour eux. Ils entre\u00adtiennent avec la v\u00e9ri\u00adt\u00e9 des rela\u00adtions ambi\u00adgu\u00ebs, indi\u00adrectes, qu\u2019ils ont du mal \u00e0 pr\u00e9\u00adci\u00adser eux-m\u00eames, et qui sont de l\u2019ordre de la reli\u00adgion, et du sacr\u00e9, tout juste celles du croyant avec le mys\u00adt\u00e8re de la Sainte-Tri\u00adni\u00adt\u00e9. Ce que leur rai\u00adson limi\u00adt\u00e9e ne peut com\u00adprendre, le sur\u00adna\u00adtu\u00adrel mar\u00adxisme-l\u00e9ni\u00adnisme le leur garan\u00adtit&nbsp;: le men\u00adsonge m\u00eame est ain\u00adsi jus\u00adti\u00adfi\u00e9 d\u2019en haut. Chaque mili\u00adtant admet qu\u2019au-dessus de sa conscience, il y a celle du groupe et du Par\u00adti, sup\u00e9\u00adrieure et infaillible. Il se retranche der\u00adri\u00e8re elle, au besoin. Il ne peut se juger fau\u00adtif, car il est d\u00e9pouill\u00e9 de son juge\u00adment. L\u2019individu, avec sa rai\u00adson per\u00adson\u00adnelle, n\u2019est plus la mesure de toute chose, c\u2019est le par\u00adti. \u00c0 cette divi\u00adni\u00adsa\u00adtion du par\u00adti, Trots\u00adky lui-m\u00eame a ter\u00adri\u00adble\u00adment contri\u00adbu\u00e9, et il est tom\u00adb\u00e9 sous les coups de l\u2019idole qu\u2019il avait contri\u00adbu\u00e9 \u00e0 forger.<\/p>\n<p>Nous sommes donc ame\u00adn\u00e9s \u00e0 don\u00adner une autre inter\u00adpr\u00e9\u00adta\u00adtion de l\u2019attitude des com\u00admu\u00adnistes en face des grou\u00adpe\u00adments anar\u00adchistes&nbsp;: c\u2019est le sen\u00adti\u00adment de leur perte in\u00e9\u00adluc\u00adtable qui les \u00e9meut, parce que le ver est dans le fruit, et que le ver c\u2019est le men\u00adsonge. C\u2019est la rage de se sen\u00adtir condam\u00adn\u00e9s qui d\u00e9cuple leur \u00e9ner\u00adgie. On ne joue pas impu\u00adn\u00e9\u00adment avec les plus funestes ins\u00adtincts des hommes, avec le virus natio\u00adna\u00adliste par exemple. Soyons assu\u00adr\u00e9s que le titisme n\u2019est que l\u2019avant-garde, dans un pays pro\u00advi\u00adden\u00adtiel\u00adle\u00adment \u00e9loi\u00adgn\u00e9 de l\u2019URSS, d\u2019un \u00e9tat d\u2019esprit qui est plus ou moins celui de toutes les nations bal\u00adka\u00adniques. Rap\u00adpe\u00adlez-vous <em>La Guerres des Mondes<\/em>, de Welles. Ses Mar\u00adtiens aus\u00adsi \u00e9taient des mas\u00adto\u00addontes et rien ne pou\u00advait les arr\u00ea\u00adter. Ils se sont pour\u00adtant effon\u00addr\u00e9s d\u2019eux-m\u00eames, fou\u00addroy\u00e9s du dedans par les microbes de la terre que leur orga\u00adnisme n\u2019avait pas \u00e9t\u00e9 capable d\u2019\u00e9liminer.<\/p>\n<p>[\/\u200bLaurent <sc>Joan\u00adnel<\/sc>.\/\u200b]<\/p>\n<\/div>\n","protected":false},"excerpt":{"rendered":"<p>La contro\u00adverse Lecoin-Lau\u00ad\u00admi\u00e8re [[cf. n\u00b04 de D\u00e9fense de l\u2019Homme]] \u00e0 pro\u00adpos de l\u2019amnistie a une impor\u00adtance qui d\u00e9passe, semble-t-il, le cadre un peu \u00e9troit de la col\u00adla\u00adbo\u00adra\u00adtion qui lui a ser\u00advi de sujet. On peut, allant au fond, y voir l\u2019opposition de deux esprits, de deux m\u00e9thodes pos\u00adsibles&nbsp;: avons-nous, nous anar\u00adchistes, le droit d\u2019\u00eatre \u00ab&nbsp;r\u00e9alistes&nbsp;\u00bb&nbsp;?&nbsp;[\u2026]<\/p>\n","protected":false},"author":1,"featured_media":0,"comment_status":"closed","ping_status":"closed","sticky":false,"template":"","format":"standard","meta":{"wp_typography_post_enhancements_disabled":false,"footnotes":""},"categories":[503],"tags":[],"ppma_author":[540],"class_list":["post-4085","post","type-post","status-publish","format-standard","hentry","category-defense-de-lhomme-n5-fevrier-1949"],"authors":[{"term_id":540,"user_id":1,"is_guest":0,"slug":"admin_3gikpwyf","display_name":"Vincent Dubuc","avatar_url":"https:\/\/secure.gravatar.com\/avatar\/d015720652c25fd2ced191ade86430094e1f288a17483713e3b34d26dea52507?s=96&d=mm&r=g","author_category":"","user_url":"https:\/\/la-presse-anarchiste.net","last_name":"Dubuc","first_name":"Vincent","job_title":"","description":""}],"_links":{"self":[{"href":"https:\/\/la-presse-anarchiste.net\/index.php\/wp-json\/wp\/v2\/posts\/4085","targetHints":{"allow":["GET"]}}],"collection":[{"href":"https:\/\/la-presse-anarchiste.net\/index.php\/wp-json\/wp\/v2\/posts"}],"about":[{"href":"https:\/\/la-presse-anarchiste.net\/index.php\/wp-json\/wp\/v2\/types\/post"}],"author":[{"embeddable":true,"href":"https:\/\/la-presse-anarchiste.net\/index.php\/wp-json\/wp\/v2\/users\/1"}],"replies":[{"embeddable":true,"href":"https:\/\/la-presse-anarchiste.net\/index.php\/wp-json\/wp\/v2\/comments?post=4085"}],"version-history":[{"count":0,"href":"https:\/\/la-presse-anarchiste.net\/index.php\/wp-json\/wp\/v2\/posts\/4085\/revisions"}],"wp:attachment":[{"href":"https:\/\/la-presse-anarchiste.net\/index.php\/wp-json\/wp\/v2\/media?parent=4085"}],"wp:term":[{"taxonomy":"category","embeddable":true,"href":"https:\/\/la-presse-anarchiste.net\/index.php\/wp-json\/wp\/v2\/categories?post=4085"},{"taxonomy":"post_tag","embeddable":true,"href":"https:\/\/la-presse-anarchiste.net\/index.php\/wp-json\/wp\/v2\/tags?post=4085"},{"taxonomy":"author","embeddable":true,"href":"https:\/\/la-presse-anarchiste.net\/index.php\/wp-json\/wp\/v2\/ppma_author?post=4085"}],"curies":[{"name":"wp","href":"https:\/\/api.w.org\/{rel}","templated":true}]}}