{"id":4090,"date":"2020-07-07T06:39:33","date_gmt":"2020-07-07T06:39:33","guid":{"rendered":"https:\/\/la-presse-anarchiste.net\/index.php\/2020\/07\/07\/parlementarisme-dhier-et-daujourdhui\/"},"modified":"2020-07-07T06:39:33","modified_gmt":"2020-07-07T06:39:33","slug":"parlementarisme-dhier-et-daujourdhui","status":"publish","type":"post","link":"https:\/\/la-presse-anarchiste.net\/index.php\/2020\/07\/07\/parlementarisme-dhier-et-daujourdhui\/","title":{"rendered":"Parlementarisme d\u2019hier\u2026 et d\u2019aujourd\u2019hui"},"content":{"rendered":"<div class=\"pdfprnt-buttons pdfprnt-buttons-post pdfprnt-top-right\"><a href=\"https:\/\/la-presse-anarchiste.net\/index.php\/wp-json\/wp\/v2\/posts\/4090?print=pdf\" class=\"pdfprnt-button pdfprnt-button-pdf\" target=\"_blank\"><img decoding=\"async\" src=\"https:\/\/la-presse-anarchiste.net\/wp-content\/plugins\/pdf-print\/images\/pdf.png\" alt=\"image_pdf\" title=\"Afficher le PDF\"><\/a><a href=\"https:\/\/la-presse-anarchiste.net\/index.php\/wp-json\/wp\/v2\/posts\/4090?print=print\" class=\"pdfprnt-button pdfprnt-button-print\" target=\"_blank\"><img decoding=\"async\" src=\"https:\/\/la-presse-anarchiste.net\/wp-content\/plugins\/pdf-print\/images\/print.png\" alt=\"image_print\" title=\"Contenu imprim\u00e9\"><\/a><\/div><div align=\"justify\">\n<p>\u00c0 l\u2019heure o\u00f9 j\u2019\u00e9cris ces lignes \u2013 air connu \u2013 les quatre Chambres qui com\u00adposent le Par\u00adle\u00adment de la <sc>iv<\/sc>e R\u00e9pu\u00adblique sont r\u00e9unies et pro\u00adc\u00e8dent \u00e0 la nomi\u00adna\u00adtion de leurs bureaux respectifs.<\/p>\n<p>Car elles sont quatre assem\u00adbl\u00e9es qui se sont don\u00adn\u00e9 pour t\u00e2che d\u2019assurer l\u2019administration de la chose publique et de veiller \u00e0 la d\u00e9fense d\u2019une Consti\u00adtu\u00adtion que per\u00adsonne ne nous&nbsp;envie.<\/p>\n<p>En r\u00e9a\u00adli\u00adt\u00e9, il n\u2019y en a qu\u2019une qui compte&nbsp;: l\u2019Assembl\u00e9e Natio\u00adnale, que pr\u00e9\u00adside M.&nbsp;Her\u00adriot. Les autres&nbsp;; Conseil de la R\u00e9pu\u00adblique (ou S\u00e9nat), Conseil \u00e9co\u00adno\u00admique (o\u00f9 tr\u00f4ne le Jou\u00adhaux de la guerre du droit) et l\u2019Assembl\u00e9e de l\u2019Union fran\u00ad\u00e7aise ne sont que des satel\u00adlites sans impor\u00adtance. On se deman\u00adde\u00adrait m\u00eame pour\u00adquoi elles existent si l\u2019on ne savait pas que dans toute bonne d\u00e9mo\u00adcra\u00adtie qui tient \u00e0 r\u00e9sis\u00adter le plus long\u00adtemps pos\u00adsible \u00e0 la col\u00e8re popu\u00adlaire, il faut assu\u00adrer le plus grand nombre de sin\u00e9\u00adcures, cha\u00adcun des pri\u00advi\u00adl\u00e9\u00adgi\u00e9s se fai\u00adsant un devoir de d\u00e9fendre son \u00ab&nbsp;bif\u00adteck&nbsp;\u00bb tout en ayant l\u2019air de d\u00e9fendre ce qu\u2019ils appellent la R\u00e9publique&nbsp;!\u2026<\/p>\n<p>Au temps de la \u00ab&nbsp;troi\u00adsi\u00e8me pour\u00adrie&nbsp;\u00bb, comme nos \u00ab&nbsp;nova\u00adteurs&nbsp;\u00bb se plaisent \u00e0 la nom\u00admer \u2013 bien long\u00adtemps apr\u00e8s nous, il faut le dire \u2013 le r\u00e9gime se conten\u00adtait de deux assem\u00adbl\u00e9es&nbsp;: la Chambre et le&nbsp;S\u00e9nat.<\/p>\n<p>Leurs membres \u00e9taient \u00e9lus. Bien ou mal, c\u2019est enten\u00addu. La foire aux \u00e9lec\u00adteurs bat\u00adtait son plein. C\u2019\u00e9tait assez pit\u00adto\u00adresque, et il y avait par\u00adfois de l\u2019impr\u00e9vu.<\/p>\n<p>Chaque Fran\u00ad\u00e7ais avait le droit de se pr\u00e9\u00adsen\u00adter aux suf\u00adfrages de ses concitoyens.<\/p>\n<p>Et ceux qui ne croyaient pas, \u2013 nous \u00e9tions de ceux-l\u00e0 et le sommes demeu\u00adr\u00e9s \u2013 \u00e0 l\u2019efficience du par\u00adle\u00admen\u00adta\u00adrisme, pou\u00advaient pro\u00adfi\u00adter de la cir\u00adcons\u00adtance pour dire leur fait aux \u00ab&nbsp;bara\u00adti\u00adneurs&nbsp;\u00bb, aux mar\u00adchands d\u2019or\u00advie\u00adtan, \u00e0 tous les char\u00adla\u00adtans de la politique.<\/p>\n<p>Il y avait, mal\u00adgr\u00e9 tout, en ce temps-l\u00e0, une appa\u00adrence de liber\u00adt\u00e9 \u00e0 laquelle les \u00ab&nbsp;tom\u00adbeurs&nbsp;\u00bb du nazisme et autres fas\u00adcismes ont mis bon&nbsp;ordre.<\/p>\n<p>Aujourd\u2019\u00adhui, les par\u00adle\u00admen\u00adtaires ne sont pas \u00e0 pro\u00adpre\u00adment par\u00adler \u00e9lus&nbsp;: ils sont nom\u00adm\u00e9s, d\u00e9si\u00adgn\u00e9s par des par\u00adtis omni\u00adpo\u00adtents qui se sont par\u00adta\u00adg\u00e9 les places \u2013 et quelles places&nbsp;! \u2013 et non pas seule\u00adment les si\u00e8ges aux diverses assem\u00adbl\u00e9es, mais les ambas\u00adsades, les direc\u00adtions d\u2019entreprises natio\u00adna\u00adli\u00ads\u00e9es, etc., ce qui \u00e9ta\u00adblit la foire d\u2019empoigne sui\u00advant le mode proportionnel.<\/p>\n<p>Je ne sais pas si la b\u00eatise popu\u00adlaire que d\u2019aucuns se plaisent \u00e0 juger incom\u00admen\u00adsu\u00adrable r\u00e9sis\u00adte\u00adra encore long\u00adtemps \u00e0 cette pro\u00advo\u00adca\u00adtion inces\u00adsante des divers gangs poli\u00adti\u00adciens qui, \u00e0 force de tirer sur les cor\u00addons de la bourse des contri\u00adbuables fini\u00adront bien par tout casser.<\/p>\n<p>Car ces mes\u00adsieurs n\u2019y vont pas avec le dos de la cuill\u00e8re. Ils savent se ser\u00advir. Cha\u00adcun de ces \u00ab&nbsp;hono\u00adrables&nbsp;\u00bb touche, en effet, un peu plus d\u2019un mil\u00adlion par an. Sans comp\u00adter les \u00e0\u2011c\u00f4t\u00e9s. Pour\u00adquoi faire&nbsp;? Les uns pour voter des imp\u00f4ts que les autres refusent, ce qui n\u2019emp\u00eache pas ces imp\u00f4ts d\u2019\u00eatre fina\u00adle\u00adment appli\u00adqu\u00e9s et les ton\u00addus de l\u2019\u00eatre chaque jour un peu&nbsp;plus.<\/p>\n<p>Apr\u00e8s le vote du der\u00adnier bud\u00adget o\u00f9 les mil\u00adliards \u00e9taient jet\u00e9s \u00e0 la vol\u00e9e, au petit bon\u00adheur et sui\u00advant les injonc\u00adtions gou\u00adver\u00adne\u00admen\u00adtales, apr\u00e8s avoir approu\u00adv\u00e9 des lois qui sont un d\u00e9fi au bon sens (loi fis\u00adcale, loi sur les loyers, etc.), le pr\u00e9\u00adsident Her\u00adriot avant de clore la ses\u00adsion crut bon de f\u00e9li\u00adci\u00adter les quelque cinq cents para\u00adsites dont il dirige les d\u00e9bats pour l\u2019\u0153uvre qu\u2019ils avaient accomplie.<\/p>\n<p>Je ne veux pas faire l\u2019injure au maire de Lyon de croire, en cette cir\u00adcons\u00adtance, \u00e0 sa sin\u00adc\u00e9\u00adri\u00adt\u00e9, ce serait mettre en doute son intelligence.<\/p>\n<p>Car l\u2019\u00e9lecteur lui-m\u00eame qui, par d\u00e9fi\u00adni\u00adtion est un type plu\u00adt\u00f4t bor\u00adn\u00e9, qui croit aux miracles, au p\u00e8re No\u00ebl, etc., l\u2019\u00e9lecteur qui n\u2019en est m\u00eame plus un, qui est en quelque sorte un \u00e9lec\u00adteur \u00ab&nbsp;diri\u00adg\u00e9&nbsp;\u00bb, semble avoir com\u00adpris. Il se rend compte qu\u2019il a vrai\u00adment bonne mine et qu\u2019il aura bien\u00adt\u00f4t mine de&nbsp;rien&nbsp;!\u2026<\/p>\n<p>Certes, le par\u00adle\u00admen\u00adta\u00adrisme de la <sc>iii<\/sc>e R\u00e9pu\u00adblique n\u2019\u00e9tait pas beau \u00e0 voir, mais celui de la <sc>iv<\/sc>e porte en lui sa propre d\u00e9ch\u00e9ance et rem\u00adplace avan\u00adta\u00adgeu\u00adse\u00adment nos comi\u00adt\u00e9s anti\u00adpar\u00adle\u00admen\u00adtaires d\u2019antan.<\/p>\n<p>Qu\u2019il se sui\u00adcide donc. Ce n\u2019est pas nous qui le regretterons.<\/p>\n<p>[\/\u200bPierre <sc>Mual\u00add\u00e8s<\/sc>.\/\u200b]<\/p>\n<\/div>\n","protected":false},"excerpt":{"rendered":"<p>\u00c0 l\u2019heure o\u00f9 j\u2019\u00e9cris ces lignes \u2013 air connu \u2013 les quatre Chambres qui com\u00adposent le Par\u00adle\u00adment de la ive R\u00e9pu\u00adblique sont r\u00e9unies et pro\u00adc\u00e8dent \u00e0 la nomi\u00adna\u00adtion de leurs bureaux res\u00adpec\u00adtifs. Car elles sont quatre assem\u00adbl\u00e9es qui se sont don\u00adn\u00e9 pour t\u00e2che d\u2019assurer l\u2019administration de la chose publique et de veiller \u00e0 la d\u00e9fense&nbsp;[\u2026]<\/p>\n","protected":false},"author":1,"featured_media":0,"comment_status":"closed","ping_status":"closed","sticky":false,"template":"","format":"standard","meta":{"wp_typography_post_enhancements_disabled":false,"footnotes":""},"categories":[503],"tags":[],"ppma_author":[540],"class_list":["post-4090","post","type-post","status-publish","format-standard","hentry","category-defense-de-lhomme-n5-fevrier-1949"],"authors":[{"term_id":540,"user_id":1,"is_guest":0,"slug":"admin_3gikpwyf","display_name":"Vincent Dubuc","avatar_url":"https:\/\/secure.gravatar.com\/avatar\/d015720652c25fd2ced191ade86430094e1f288a17483713e3b34d26dea52507?s=96&d=mm&r=g","author_category":"","user_url":"https:\/\/la-presse-anarchiste.net","last_name":"Dubuc","first_name":"Vincent","job_title":"","description":""}],"_links":{"self":[{"href":"https:\/\/la-presse-anarchiste.net\/index.php\/wp-json\/wp\/v2\/posts\/4090","targetHints":{"allow":["GET"]}}],"collection":[{"href":"https:\/\/la-presse-anarchiste.net\/index.php\/wp-json\/wp\/v2\/posts"}],"about":[{"href":"https:\/\/la-presse-anarchiste.net\/index.php\/wp-json\/wp\/v2\/types\/post"}],"author":[{"embeddable":true,"href":"https:\/\/la-presse-anarchiste.net\/index.php\/wp-json\/wp\/v2\/users\/1"}],"replies":[{"embeddable":true,"href":"https:\/\/la-presse-anarchiste.net\/index.php\/wp-json\/wp\/v2\/comments?post=4090"}],"version-history":[{"count":0,"href":"https:\/\/la-presse-anarchiste.net\/index.php\/wp-json\/wp\/v2\/posts\/4090\/revisions"}],"wp:attachment":[{"href":"https:\/\/la-presse-anarchiste.net\/index.php\/wp-json\/wp\/v2\/media?parent=4090"}],"wp:term":[{"taxonomy":"category","embeddable":true,"href":"https:\/\/la-presse-anarchiste.net\/index.php\/wp-json\/wp\/v2\/categories?post=4090"},{"taxonomy":"post_tag","embeddable":true,"href":"https:\/\/la-presse-anarchiste.net\/index.php\/wp-json\/wp\/v2\/tags?post=4090"},{"taxonomy":"author","embeddable":true,"href":"https:\/\/la-presse-anarchiste.net\/index.php\/wp-json\/wp\/v2\/ppma_author?post=4090"}],"curies":[{"name":"wp","href":"https:\/\/api.w.org\/{rel}","templated":true}]}}