{"id":41,"date":"1945-07-01T00:08:00","date_gmt":"1945-07-01T00:08:00","guid":{"rendered":"https:\/\/la-presse-anarchiste.net\/index.php\/2006\/12\/26\/nos-disparus\/"},"modified":"2025-07-20T02:13:02","modified_gmt":"2025-07-20T02:13:02","slug":"nos-disparus","status":"publish","type":"post","link":"https:\/\/la-presse-anarchiste.net\/index.php\/1945\/07\/01\/nos-disparus\/","title":{"rendered":"Nos disparus"},"content":{"rendered":"<div class=\"pdfprnt-buttons pdfprnt-buttons-post pdfprnt-top-right\"><a href=\"https:\/\/la-presse-anarchiste.net\/index.php\/wp-json\/wp\/v2\/posts\/41?print=pdf\" class=\"pdfprnt-button pdfprnt-button-pdf\" target=\"_blank\"><img decoding=\"async\" src=\"https:\/\/la-presse-anarchiste.net\/wp-content\/plugins\/pdf-print\/images\/pdf.png\" alt=\"image_pdf\" title=\"Afficher le PDF\"><\/a><a href=\"https:\/\/la-presse-anarchiste.net\/index.php\/wp-json\/wp\/v2\/posts\/41?print=print\" class=\"pdfprnt-button pdfprnt-button-print\" target=\"_blank\"><img decoding=\"async\" src=\"https:\/\/la-presse-anarchiste.net\/wp-content\/plugins\/pdf-print\/images\/print.png\" alt=\"image_print\" title=\"Contenu imprim\u00e9\"><\/a><\/div><div align=\"justify\">\n<p>Voi\u00adci la liste, incom\u00adpl\u00e8te sans doute, des amis, abon\u00adn\u00e9s et col\u00adla\u00adbo\u00adra\u00adteurs de l\u2019en dehors d\u00e9c\u00e9\u00add\u00e9s ou morts acci\u00adden\u00adtel\u00adle\u00adment ou en cap\u00adti\u00advi\u00adt\u00e9, etc., au cours des cinq ou six der\u00adni\u00e8res ann\u00e9es&nbsp;:<\/p>\n<p>Acto\u00adrie (Roland), de Saint-Ouen.\u200a\u2014\u200aArnaud, de Gen\u00adne\u00advil\u00adliers.\u200a\u2014\u200aArny\u00advelde, (Andr\u00e9).\u200a\u2014\u200aBar\u00adbe\u00addette (L.).\u200a\u2014\u200aBarier, d\u2019Or\u00adl\u00e9ans.\u200a\u2014\u200aBas\u00adtien, d\u2019A\u00admiens.\u200a\u2014\u200aB\u00e9can.\u200a\u2014\u200aBeno\u00eet, de Mon\u00adtau\u00adban.\u200a\u2014\u200aNo\u00e9\u00adlie Besse, de Ber\u00adge\u00adrac.\u200a\u2014\u200aBon\u00adneau, de Tours.\u200a\u2014\u200aCapa\u00adta\u00adna d\u2019\u00abArtistocratie&nbsp;\u00bb.\u200a\u2014\u200aPaul Cau\u00adbet.\u200a\u2014\u200aFan\u00adny Clar.\u200a\u2014\u200aRaoul Colin, d\u2019Or\u00adl\u00e9ans.\u200a\u2014\u200aRichard Del\u00adrieux, d\u2019Oc\u00adte\u00adville.\u200a\u2014\u200aJean Des\u00adthieux, de Nice.\u200a\u2014\u200aAndr\u00e9 Dupeyre, d\u2019O\u00adrange.\u200a\u2014\u200aS\u00e9bas\u00adtien Faure.\u200a\u2014\u200aEmile Flain\u00adcain, du Pecq.\u200a\u2014\u200aBlanche For\u00adtin.\u200a\u2014\u200aAlbert Fua.\u200a\u2014\u200aAuguste Gali\u00adnier, de Lezi\u00adgnan.\u200a\u2014\u200aClo\u00adtaire Gigault, de Ven\u00adne\u00adcy.\u200a\u2014\u200aGiraut, de Loches.\u200a\u2014\u200aGabriel Gobron.\u200a\u2014\u200aHen\u00adri Grand, de Limoges.\u200a\u2014\u200aDoc\u00adteur Gr\u00e9\u00admillon (Maria\u00adv\u00e9).\u200a\u2014\u200aMau\u00adrice Heine.\u200a\u2014\u200aJean\u2011F. H\u00e9rail, de Paris.\u200a\u2014\u200aA. Huleux, de Vil\u00adle\u00adpa\u00adri\u00adsis.\u200a\u2014\u200aP. Ironde, de Cla\u00admart.\u200a\u2014\u200aClaude Jour\u00adnet.\u200a\u2014\u200aJean Ker\u00adna\u00adnec, de Paris.\u200a\u2014\u200aLemaire, d\u2019O\u00adli\u00advet.\u200a\u2014\u200aAlbert Lecomte, de Romo\u00adran\u00adtin.\u200a\u2014\u200aRen\u00e9 Mase\u00adrier, d\u2019El\u00adbeuf.\u200a\u2014\u200aMau\u00adrice Magre.\u200a\u2014\u200aVic\u00adtor Mar\u00adgue\u00adritte.\u200a\u2014\u200aMar\u00adcel Mar\u00adti\u00adnet.\u200a\u2014\u200aPierre Mille.\u200a\u2014\u200aA. Mos\u00adnier, de Paris.\u200a\u2014\u200aJules Neugues, de Pom\u00admiers.\u200a\u2014\u200aL. Nor\u00admand, d\u2019E\u00adper\u00adnay.\u200a\u2014\u200aGus\u00adtave Pam\u00adpouille, du Bous\u00adcat.\u200a\u2014\u200aRoger Par\u00adson\u00adneau, de La Rochelle.\u200a\u2014\u200aF\u00e9lix P\u00e9lis\u00adsier, de Paris.\u200a\u2014\u200aAlfred Per\u00addrix, de Puteaux.\u200a\u2014\u200aAlexandre Pes\u00adt\u00e9, d\u2019Al\u00adger.\u200a\u2014\u200aPhi\u00adlip\u00adpon, dit Phi\u00adlippe.\u200a\u2014\u200aAnna Reboul, d\u2019Arles.\u200a\u2014\u200aV. Spiel\u00admann, d\u2019Al\u00adger.\u200a\u2014\u200aPaul Vign\u00e9, d\u2019Oc\u00adton.\u200a\u2014\u200aMau\u00adrice Wul\u00adlens.\u200a\u2014\u200aHen\u00adri&nbsp;Zisly.<\/p>\n<p>W. \u2011A. Adrien, de Paris.\u200a\u2014\u200aBer\u00adtie Albrecht, d\u00e9ca\u00adpi\u00adt\u00e9e \u00e0 la hache \u00e0 Fresnes.\u200a\u2014\u200aHau\u00adshal\u00adter, de Gen\u00e8ve.\u200a\u2014\u200aEug\u00e8ne Hum\u00adbert, vic\u00adtime d\u2019un bom\u00adbar\u00adde\u00adment, \u00e0 Amiens, la veille de sa lib\u00e9\u00adra\u00adtion.\u200a\u2014\u200aLe Nor\u00admand, de Houilles.\u200a\u2014\u200aR. Lepoil, de Paris.\u200a\u2014\u200aL\u00e9on Mari\u00adnont.\u200a\u2014\u200aDenys Para\u00adzols, de Mar\u00adseille, mort \u00e0 Bry-sur-Marne.\u200a\u2014\u200aM.&nbsp;Ryan, de Bazarnes.\u200a\u2014\u200aGus\u00adtave Lanoire, de La R\u00e9ole.\u200a\u2014\u200aPierre Ramus (Gross\u00admann) mort \u00e0 bord du navire le condui\u00adsant au Mexique.<\/p>\n<p>Eli\u00ads\u00e9e Per\u00adrier, d\u2019Ai\u00admargues.\u200a\u2014\u200aS\u00e9bast. Bou\u00adlet, d\u2019Ay\u00adgua\u00adt\u00e9\u00adbia.\u200a\u2014\u200aOdile Laurent, de Nogent (S.).\u200a\u2014\u200aAndr\u00e9 Del\u00adchet, de Mul\u00adhouse.\u200a\u2014\u200aAntoi\u00adnette Bene\u00addic\u00adtus, de Paris.\u200a\u2014\u200aHer\u00adv\u00e9 Coat\u00admeur, de Brest.\u200a\u2014\u200aEli\u00ads\u00e9e Ray\u00adnard, d\u2019An\u00addr\u00e9\u00adzieux.\u200a\u2014\u200aL.-E. Car\u00adr\u00e9, d\u2019An\u00adgi\u00adcourt.\u200a\u2014\u200aJean Vignez, de Pen\u00adhars.\u200a\u2014\u200aMarius M\u00e9ne\u00ef, de Bel\u00adgen\u00adtier.\u200a\u2014\u200aMree. Godaert., de Leval\u00adlois-Per\u00adret.\u200a\u2014\u200aBala\u00adnec, de Cou\u00e9\u00adron.\u200a\u2014\u200aEd. Pas\u00adquet, de Gris-Bleu.\u200a\u2014\u200aG. Des\u00adchamps, de Valen\u00adciennes.\u200a\u2014\u200aRay\u00admond Lh\u00e9\u00adri\u00addand, ins\u00adti\u00adtu\u00adteur, de Bieu\u00adzy-Lan\u00advaud, par Plu\u00advi\u00adgner., fusill\u00e9 par les Alle\u00admands le 21 juin 1944.\u200a\u2014\u200aJean\u00adnot, de Lan\u00addi\u00advi\u00adsiau.\u200a\u2014\u200aMichel Fran\u00adcart, de Ver\u00adviers, fusill\u00e9.<\/p>\n<p>On trou\u00adve\u00adra dans ce fas\u00adci\u00adcule un article de P. Cau\u00adbet qui devait para\u00eetre dans <em>l\u2019e d<\/em>. si celui-ci n\u2019a\u00advait pas \u00e9t\u00e9 sup\u00adpri\u00adm\u00e9. Le n\u00b0 1 conte\u00adnait une fan\u00adtai\u00adsie de Roland Acto\u00adrie, dans le n\u00b0 3 sera ins\u00e9\u00adr\u00e9e une \u00e9tude de L. Bar\u00adbe\u00addette. Nous devions bien cela \u00e0 leur m\u00e9moire. Je revien\u00addrai sur la vie et l\u2019\u0153uvre de Zis\u00adly, dont j\u2019ai d\u00e9j\u00e0 dit quelques mots dans un r\u00e9cent num\u00e9\u00adro de \u00ab&nbsp;Ce qu\u2019il faut&nbsp;dire&nbsp;\u00bb.<\/p>\n<p style=\"text-align: right;\">E. A.<\/p>\n<\/div>\n","protected":false},"excerpt":{"rendered":"<p>Voi\u00adci la liste, incom\u00adpl\u00e8te sans doute, des amis, abon\u00adn\u00e9s et col\u00adla\u00adbo\u00adra\u00adteurs de l\u2019en dehors d\u00e9c\u00e9\u00add\u00e9s ou morts acci\u00adden\u00adtel\u00adle\u00adment ou en cap\u00adti\u00advi\u00adt\u00e9, etc., au cours des cinq ou six der\u00adni\u00e8res ann\u00e9es&nbsp;: Acto\u00adrie (Roland), de Saint-Ouen.\u200a\u2014\u200aArnaud, de Gen\u00adne\u00advil\u00adliers.\u200a\u2014\u200aArny\u00advelde, (Andr\u00e9).\u200a\u2014\u200aBar\u00adbe\u00addette (L.).\u200a\u2014\u200aBarier, d\u2019Or\u00adl\u00e9ans.\u200a\u2014\u200aBas\u00adtien, d\u2019A\u00admiens.\u200a\u2014\u200aB\u00e9can.\u200a\u2014\u200aBeno\u00eet, de Mon\u00adtau\u00adban.\u200a\u2014\u200aNo\u00e9\u00adlie Besse, de Ber\u00adge\u00adrac.\u200a\u2014\u200aBon\u00adneau, de Tours.\u200a\u2014\u200aCapa\u00adta\u00adna d\u2019\u00abArtistocratie&nbsp;\u00bb.\u200a\u2014\u200aPaul Cau\u00adbet.\u200a\u2014\u200aFan\u00adny Clar.\u200a\u2014\u200aRaoul Colin, d\u2019Or\u00adl\u00e9ans.\u200a\u2014\u200aRichard Del\u00adrieux, d\u2019Oc\u00adte\u00adville.\u200a\u2014\u200aJean Desthieux,&nbsp;[\u2026]<\/p>\n","protected":false},"author":27,"featured_media":5015,"comment_status":"closed","ping_status":"closed","sticky":false,"template":"wp-custom-template-page-d-article","format":"standard","meta":{"wp_typography_post_enhancements_disabled":false,"footnotes":""},"categories":[6],"tags":[1022],"ppma_author":[697],"class_list":["post-41","post","type-post","status-publish","format-standard","has-post-thumbnail","hentry","category-lunique-na2-juillet-1946","tag-necrologie"],"authors":[{"term_id":697,"user_id":27,"is_guest":0,"slug":"earmand","display_name":"E. Armand","avatar_url":"https:\/\/secure.gravatar.com\/avatar\/11fea9f1e70d435e620b33577aee4b490b84b13e7a49f1398d4a017d4935f997?s=96&d=mm&r=g","author_category":"","user_url":"","last_name":"Armand","first_name":"E.","job_title":"","description":""}],"_links":{"self":[{"href":"https:\/\/la-presse-anarchiste.net\/index.php\/wp-json\/wp\/v2\/posts\/41","targetHints":{"allow":["GET"]}}],"collection":[{"href":"https:\/\/la-presse-anarchiste.net\/index.php\/wp-json\/wp\/v2\/posts"}],"about":[{"href":"https:\/\/la-presse-anarchiste.net\/index.php\/wp-json\/wp\/v2\/types\/post"}],"author":[{"embeddable":true,"href":"https:\/\/la-presse-anarchiste.net\/index.php\/wp-json\/wp\/v2\/users\/27"}],"replies":[{"embeddable":true,"href":"https:\/\/la-presse-anarchiste.net\/index.php\/wp-json\/wp\/v2\/comments?post=41"}],"version-history":[{"count":7,"href":"https:\/\/la-presse-anarchiste.net\/index.php\/wp-json\/wp\/v2\/posts\/41\/revisions"}],"predecessor-version":[{"id":9023,"href":"https:\/\/la-presse-anarchiste.net\/index.php\/wp-json\/wp\/v2\/posts\/41\/revisions\/9023"}],"wp:featuredmedia":[{"embeddable":true,"href":"https:\/\/la-presse-anarchiste.net\/index.php\/wp-json\/wp\/v2\/media\/5015"}],"wp:attachment":[{"href":"https:\/\/la-presse-anarchiste.net\/index.php\/wp-json\/wp\/v2\/media?parent=41"}],"wp:term":[{"taxonomy":"category","embeddable":true,"href":"https:\/\/la-presse-anarchiste.net\/index.php\/wp-json\/wp\/v2\/categories?post=41"},{"taxonomy":"post_tag","embeddable":true,"href":"https:\/\/la-presse-anarchiste.net\/index.php\/wp-json\/wp\/v2\/tags?post=41"},{"taxonomy":"author","embeddable":true,"href":"https:\/\/la-presse-anarchiste.net\/index.php\/wp-json\/wp\/v2\/ppma_author?post=41"}],"curies":[{"name":"wp","href":"https:\/\/api.w.org\/{rel}","templated":true}]}}