{"id":4103,"date":"2020-07-12T09:15:45","date_gmt":"2020-07-12T09:15:45","guid":{"rendered":"https:\/\/la-presse-anarchiste.net\/index.php\/2020\/07\/12\/la-politique-nataliste-est-elle-consequente\/"},"modified":"2020-07-12T09:15:45","modified_gmt":"2020-07-12T09:15:45","slug":"la-politique-nataliste-est-elle-consequente","status":"publish","type":"post","link":"https:\/\/la-presse-anarchiste.net\/index.php\/2020\/07\/12\/la-politique-nataliste-est-elle-consequente\/","title":{"rendered":"La politique nataliste est-elle cons\u00e9quente&nbsp;?"},"content":{"rendered":"<div class=\"pdfprnt-buttons pdfprnt-buttons-post pdfprnt-top-right\"><a href=\"https:\/\/la-presse-anarchiste.net\/index.php\/wp-json\/wp\/v2\/posts\/4103?print=pdf\" class=\"pdfprnt-button pdfprnt-button-pdf\" target=\"_blank\"><img decoding=\"async\" src=\"https:\/\/la-presse-anarchiste.net\/wp-content\/plugins\/pdf-print\/images\/pdf.png\" alt=\"image_pdf\" title=\"Afficher le PDF\"><\/a><a href=\"https:\/\/la-presse-anarchiste.net\/index.php\/wp-json\/wp\/v2\/posts\/4103?print=print\" class=\"pdfprnt-button pdfprnt-button-print\" target=\"_blank\"><img decoding=\"async\" src=\"https:\/\/la-presse-anarchiste.net\/wp-content\/plugins\/pdf-print\/images\/print.png\" alt=\"image_print\" title=\"Contenu imprim\u00e9\"><\/a><\/div><div align=\"justify\">\n<p>[(<br>\nDe nom\u00adbreux lec\u00adteurs nous ont deman\u00add\u00e9 de trai\u00adter quelques sujets \u00ab&nbsp;du jour&nbsp;\u00bb. Nous ne sau\u00adrions mieux faire que d\u2019aborder, avec cette pre\u00admi\u00e8re \u00e9tude, une des ques\u00adtions les plus tra\u00adgiques de l\u2019actualit\u00e9 1951. La poli\u00adtique nata\u00adliste des gou\u00adver\u00adne\u00adments qui se sont suc\u00adc\u00e9\u00add\u00e9 au pou\u00advoir depuis la Lib\u00e9\u00adra\u00adtion peut-elle \u00eatre plus incon\u00ads\u00e9\u00adquente, plus brouillonne, plus impr\u00e9\u00advoyante&nbsp;? De Charles de Gaulle, qui, dans un des dis\u00adcours dont il a le secret, r\u00e9cla\u00admait douze mil\u00adlions de beaux b\u00e9b\u00e9s \u2013 les Fran\u00ad\u00e7ais, bien s\u00fbr, ne sau\u00adraient en avoir d\u2019autres&nbsp;! \u2013 jus\u00adqu\u2019aux com\u00admu\u00adnistes, cha\u00adcun incite les jeunes m\u00e9nages \u00e0 repro\u00adduire \u00e0 outrance. S\u2019est-on seule\u00adment sou\u00adci\u00e9 de construire des cr\u00e8ches, de nou\u00advelles \u00e9coles, des mater\u00adni\u00adt\u00e9s modernes&nbsp;? Ce serait mal conna\u00eetre nos hommes d\u2019\u00c9tat, qui, s\u2019abritant der\u00adri\u00e8re les ministres des Finances suc\u00adces\u00adsifs, ne trouvent des cr\u00e9\u00addits que pour la construc\u00adtion de b\u00e2ti\u00adments admi\u00adnis\u00adtra\u00adtifs, de nou\u00advelles casernes, et d\u2019armements vari\u00e9s. Cela, cha\u00adcun le sait, quelques jour\u00adna\u00adlistes le disent timi\u00adde\u00adment&nbsp;; nous allons, quant \u00e0 nous, don\u00adner notre avis en quelques \u00e9tudes. Aujourd\u2019\u00adhui, Andr\u00e9 Maille a la parole.<br>\n)]<\/p>\n<h2>Le probl\u00e8me d\u00e9mographique<\/h2>\n<p>La super\u00adstruc\u00adture des \u00c9tats modernes repo\u00adsant sur le mili\u00adta\u00adrisme et sur la diplo\u00adma\u00adtie, ne peut nous emp\u00ea\u00adcher de consta\u00adter que la forme de ces \u00c9tats oppri\u00admant les peuples, enfer\u00adm\u00e9s en de fra\u00adgiles, fron\u00adti\u00e8res, pas\u00adsa de la Nation \u00e0 l\u2019\u00c9tat&nbsp;; elle est essen\u00adtiel\u00adle\u00adment fon\u00add\u00e9e sur la poli\u00adtique et l\u2019\u00e9conomie sociale.<\/p>\n<p>Le pro\u00adbl\u00e8me le plus impor\u00adtant des rela\u00adtions paci\u00adfiques entre les Nations, les peuples conti\u00adnuant \u00e0 demeu\u00adrer consi\u00add\u00e9\u00adr\u00e9s comme quan\u00adti\u00adt\u00e9 n\u00e9gli\u00adgeable, n\u2019a pas jus\u00adqu\u2019i\u00adci, rete\u00adnu l\u2019attention des socio\u00adlogues, ni de la plu\u00adpart des \u00e9cri\u00advains qui se sont pen\u00adch\u00e9s sur la mis\u00e8re humaine&nbsp;; nous vou\u00adlons par\u00adler du pro\u00adbl\u00e8me d\u00e9mographique.<\/p>\n<p>Devant la n\u00e9ga\u00adtion ou le silence de cer\u00adtains esprits clair\u00advoyants, que l\u2019on ren\u00adcontre par\u00adfois \u00e0 l\u2019avant-garde du mou\u00adve\u00adment d\u2019\u00e9mancipation, nous devons reprendre les ensei\u00adgne\u00adments de Paul Robin, de Gabriel Giroud, de Manuel Deval\u00add\u00e8s, d\u2019Eug\u00e8ne et Jeanne Hum\u00adbert, qui \u00e9tu\u00addi\u00e8rent en d\u00e9tail, le rap\u00adport qui lie la popu\u00adla\u00adtion aux subsistances.<\/p>\n<p>S\u2019il est regret\u00adtable d\u2019enregistrer l\u2019opposition sys\u00adt\u00e9\u00adma\u00adtique mani\u00adfes\u00adt\u00e9e \u00e0 l\u2019\u00e9gard de ce pro\u00adbl\u00e8me par Kro\u00adpot\u00adkine, par Jean Grave et par les Reclus et l\u2019attitude hos\u00adtile qu\u2019il ren\u00adcon\u00adtra de la part des Mil\u00adle\u00adrand, Sem\u00adbat et autres Beno\u00eet Malon, rap\u00adpe\u00adlons qu\u2019Alfred Naquet et Jau\u00adr\u00e8s ne furent pas insen\u00adsibles aux d\u00e9mons\u00adtra\u00adtions des pr\u00e9\u00adcur\u00adseurs rap\u00adpe\u00adl\u00e9s plus&nbsp;haut.<\/p>\n<p>N\u00e9an\u00admoins, nous ne pou\u00advons que nous \u00e9ton\u00adner de l\u2019usage abu\u00adsif que l\u2019on fait de l\u2019id\u00e9e d\u2019abondance for\u00admu\u00adl\u00e9e par Kro\u00adpot\u00adkine en 1888 sans en don\u00adner la r\u00e9f\u00e9\u00adrence. Ce n\u2019est pas parce qu\u2019il \u00e9tait loin d\u2019envisager le dan\u00adger de la pro\u00adli\u00adf\u00e9\u00adra\u00adtion humaine qui engendre la sur\u00adpo\u00adpu\u00adla\u00adtion, et de ce fait se trouve nui\u00adsible aux rela\u00adtions paci\u00adfiques des humains, qu\u2019on doit faire le silence sur ce pr\u00e9curseur.<\/p>\n<p>Pour les esprits inquiets de l\u2019ineptie des mesures prises, \u00e0 contre-temps, pour m\u00e9na\u00adger les ten\u00addances qui se mani\u00adfestent par\u00admi cer\u00adtaines orga\u00adni\u00adsa\u00adtions, o\u00f9 la d\u00e9mence quan\u00adti\u00adta\u00adtive sup\u00adplante la sagesse qua\u00adli\u00adta\u00adtive, la ques\u00adtion d\u00e9mo\u00adgra\u00adphique ne peut man\u00adquer d\u2019\u00eatre agi\u00adt\u00e9e devant l\u2019accroissement inqui\u00e9\u00adtant des masses humaines.<\/p>\n<p>Nous nous trou\u00advons par\u00adta\u00adg\u00e9s entre la <em>struc\u00adture explo\u00adsive<\/em> des nations pro\u00adli\u00adfiques, l\u2019<em>indice de bel\u00adli\u00adci\u00adt\u00e9<\/em> qui carac\u00adt\u00e9\u00adrise la pres\u00adsion d\u00e9mo\u00adgra\u00adphique et l\u2019infanticide dif\u00adf\u00e9\u00adr\u00e9 qui marque la pro\u00adfonde igno\u00adrance de ceux qui se pr\u00e9\u00adtendent des conduc\u00adteurs d\u2019hommes.<\/p>\n<p>Avant de pous\u00adser plus avant l\u2019examen de ces dif\u00adf\u00e9\u00adrents points de vue, exa\u00admi\u00adnons les id\u00e9es trop sou\u00advent expri\u00adm\u00e9es, sans \u00e9tude appro\u00adfon\u00addie. On a, depuis pr\u00e8s d\u2019un demi-si\u00e8cle, une ten\u00addance mar\u00adqu\u00e9e \u00e0 d\u00e9plo\u00adrer la <em>d\u00e9po\u00adpu\u00adla\u00adtion<\/em>. Or il n\u2019est pas, de nation ou de peu\u00adplade qui, dans les temps modernes, se trouve d\u00e9peu\u00adpl\u00e9e. Il n\u2019y a, en effet, d\u00e9po\u00adpu\u00adla\u00adtion que lorsque, pour une quan\u00adti\u00adt\u00e9 de pro\u00adduits demeu\u00adrant constante, le nombre des consom\u00adma\u00adteurs dimi\u00adnue&nbsp;; on peut m\u00eame ajou\u00adter qu\u2019en dehors de cer\u00adtaines exter\u00admi\u00adna\u00adtions, per\u00adp\u00e9\u00adtr\u00e9es sur plu\u00adsieurs points du globe au cours du <sc>xix<\/sc>e si\u00e8cle, contre des popu\u00adla\u00adtions qua\u00adli\u00adfi\u00e9es rebelles, c\u2019est plu\u00adt\u00f4t le contraire qui se pro\u00adduit, comme nous le ver\u00adrons plus&nbsp;loin.<\/p>\n<p>On parle \u00e9ga\u00adle\u00adment beau\u00adcoup en France de <em>d\u00e9na\u00adta\u00adli\u00adt\u00e9<\/em>. Mais, si l\u2019on com\u00adpare les chiffres offi\u00adciels des mou\u00adve\u00adments de la popu\u00adla\u00adtion, on acquiert rapi\u00adde\u00adment la convic\u00adtion que l\u2019interpr\u00e9tation de ces chiffres est ten\u00addan\u00adcieuse. L\u2019indice de nata\u00adli\u00adt\u00e9, un moment en baisse g\u00e9n\u00e9\u00adra\u00adli\u00ads\u00e9e dans toutes les nations civi\u00adli\u00ads\u00e9es, n\u2019a jamais \u00e9t\u00e9 d\u00e9fa\u00advo\u00adrable \u00e0 la popu\u00adla\u00adtion fran\u00ad\u00e7aise qui, chaque ann\u00e9e, aug\u00admen\u00adtait de 60&nbsp;000 uni\u00adt\u00e9s envi\u00adron. Nous lais\u00adse\u00adrons de c\u00f4t\u00e9 les chiffres r\u00e9cents qui aggravent notre inqui\u00e9tude.<\/p>\n<p>Mais, la <em>sur\u00adpo\u00adpu\u00adla\u00adtion<\/em>, ni\u00e9e par diverses ligues inf\u00e9o\u00add\u00e9es \u00e0 la loi du nombre, est au contraire l\u2019\u00e9tat actuel dans lequel se trouvent toutes les nations, civi\u00adli\u00ads\u00e9es ou non, puisque la quan\u00adti\u00adt\u00e9 des pro\u00adduits n\u00e9ces\u00adsaires \u00e0 leur nour\u00adri\u00adture se trouve constam\u00adment d\u00e9pas\u00ads\u00e9e par le nombre des consom\u00adma\u00adteurs qu\u2019elle doit satis\u00adfaire. Si, tem\u00adpo\u00adrai\u00adre\u00adment, le Cana\u00adda, l\u2019Australie et la R\u00e9pu\u00adblique Argen\u00adtine se trouvent \u00eatre expor\u00adta\u00adteurs de c\u00e9r\u00e9ales, sans en pri\u00adver leurs res\u00adsor\u00adtis\u00adsants, les besoins ext\u00e9\u00adrieurs d\u00e9passent nota\u00adble\u00adment leurs disponibilit\u00e9s.<\/p>\n<p>Au cours des cent cin\u00adquante der\u00adni\u00e8res ann\u00e9es, la popu\u00adla\u00adtion de notre petit tas de boue a presque qua\u00addru\u00adpl\u00e9, soit 650 mil\u00adlions d\u2019individus \u00e0 2.347.000.000, mal\u00adgr\u00e9 les guerres de plus en plus san\u00adglantes qui ont s\u00e9vi et aus\u00adsi mal\u00adgr\u00e9 les cata\u00adclysmes natu\u00adrels (inon\u00adda\u00adtions, trem\u00adble\u00adments de terre, etc.) o\u00f9 la volon\u00adt\u00e9 humaine n\u2019a pas \u00e0 inter\u00adve\u00adnir. Nous nous trou\u00advons, de ce fait, bien pr\u00e8s des accrois\u00adse\u00adments pr\u00e9\u00advus par la loi de Mal\u00adthus, qui \u00e9ta\u00adblis\u00adsait que, sans obs\u00adtacle \u00e0 leur d\u00e9ve\u00adlop\u00adpe\u00adment, les popu\u00adla\u00adtions pou\u00advaient dou\u00adbler tous les trente ans.<\/p>\n<p>Sans doute, la struc\u00adture explo\u00adsive du Japon avec son aug\u00admen\u00adta\u00adtion annuelle de plus de 2 mil\u00adlions d\u2019habitants&nbsp;; celles de l\u2019Italie et de l\u2019Allemagne, o\u00f9 l\u2019accroissement \u00e9tait res\u00adpec\u00adti\u00adve\u00adment de 600&nbsp;000 et 900&nbsp;000&nbsp;; celles de la Rus\u00adsie et des \u00c9tats-Unis d\u2019Am\u00e9rique qui donnent des chiffres \u00e9ga\u00adle\u00adment inqui\u00e9\u00adtants, contri\u00adbuaient \u00e0 \u00e9le\u00adver l\u2019indice de bel\u00adli\u00adci\u00adt\u00e9 qui se carac\u00adt\u00e9\u00adri\u00adsa par la recherche de l\u2019espace vital qui abou\u00adtit au der\u00adnier conflit arm\u00e9. Quant \u00e0 la Pologne, avec un exc\u00e9\u00addent des nais\u00adsances sur les d\u00e9c\u00e8s de 500&nbsp;000 uni\u00adt\u00e9s par an, elle est une d\u00e9mons\u00adtra\u00adtion convain\u00adcante de la sur\u00adpo\u00adpu\u00adla\u00adtion des cam\u00adpagnes polo\u00adnaises, mal incon\u00adnu dans les autres pays d\u2019Europe.<\/p>\n<p>[|<b>*   *   *   *<\/b>|]<\/p>\n<p>\u00c0 cette ascen\u00adsion rapide de la popu\u00adla\u00adtion mon\u00addiale, com\u00adpa\u00adrons \u00e0 pr\u00e9\u00adsent la sur\u00adface utile des terres culti\u00advables des pays consi\u00add\u00e9\u00adr\u00e9s. Com\u00adpa\u00adr\u00e9s aux chiffres fran\u00ad\u00e7ais uti\u00adli\u00ads\u00e9s comme base, les 36 mil\u00adlions d\u2019hectares de l\u2019Italie ne pour\u00adraient nour\u00adrir que 25 mil\u00adlions d\u2019habitants&nbsp;; il y a donc 16 mil\u00adlions d\u2019Italiens en sur\u00adnombre. Les 45 mil\u00adlions d\u2019hectares de l\u2019Allemagne peuvent satis\u00adfaire les besoins de 34 mil\u00adlions d\u2019hommes, soit un exc\u00e8s de 30 mil\u00adlions d\u2019Allemands. Quant au Japon, le m\u00eame cal\u00adcul montre que l\u2019archipel nip\u00adpon compte 55 mil\u00adlions d\u2019habitants en&nbsp;trop.<\/p>\n<p>Si l\u2019espace dont dis\u00adposent momen\u00adta\u00adn\u00e9\u00adment la Rus\u00adsie et les USA d\u00e9passe la den\u00adsi\u00adt\u00e9 humaine au kilo\u00adm\u00e8tre car\u00adr\u00e9, on ne sau\u00adrait pr\u00e9\u00adtendre que ces nations soient pour long\u00adtemps \u00e0 l\u2019abri de la saturation.<\/p>\n<p>Voyons main\u00adte\u00adnant quelles sont les quan\u00adti\u00adt\u00e9s de den\u00adr\u00e9es que l\u2019on peut mettre \u00e0 la dis\u00adpo\u00adsi\u00adtion de ces popu\u00adla\u00adtions que l\u2019on cherche \u00e0 aug\u00admen\u00adter par l\u2019app\u00e2t trom\u00adpeur d\u2019avantages p\u00e9cu\u00adniaires. La <em>ration-type<\/em> n\u00e9ces\u00adsaire, \u00e0 l\u2019adulte, chif\u00adfr\u00e9e en Am\u00e9\u00adrique par Atwat\u00adter, est de 3&nbsp;520 calo\u00adries, appor\u00adt\u00e9es \u00e0 l\u2019organisme humain par 125 grammes de pro\u00adt\u00e9ines, 125 grammes de graisses et 450 grammes d\u2019hydrates de car\u00adbone. En Rus\u00adsie, cette ration-type varie sui\u00advant le cas et est \u00e9va\u00adlu\u00e9e comme suit&nbsp;: pour un tra\u00advail moyen&nbsp;: 3&nbsp;644 calo\u00adries&nbsp;; pour un adulte des cam\u00adpagnes&nbsp;: 3&nbsp;800 et pour un tr\u00e8s gros tra\u00advail&nbsp;: 4&nbsp;300.<\/p>\n<p>Si l\u2019on songe qu\u2019en temps ordi\u00adnaire on arri\u00advait \u00e0 peine \u00e0 2&nbsp;500 calo\u00adries et que ce chiffre se trou\u00adva par\u00adfois inf\u00e9\u00adrieur \u00e0 1&nbsp;000 calo\u00adries par l\u2019effet des res\u00adtric\u00adtions impo\u00ads\u00e9es par les consom\u00adma\u00adtions anor\u00admales du temps de guerre, et aus\u00adsi du fait des allo\u00adca\u00adtions sup\u00e9\u00adrieures accor\u00add\u00e9es aux com\u00adbat\u00adtants, on est en droit de mettre en doute cer\u00adtaines affir\u00adma\u00adtions que la r\u00e9a\u00adli\u00adt\u00e9 d\u00e9ment.<\/p>\n<p>Le public euro\u00adp\u00e9en n\u2019est pas fami\u00adlia\u00adri\u00ads\u00e9 avec l\u2019emploi du terme calo\u00adrie qui mesure l\u2019apport ther\u00admique four\u00adni \u00e0 l\u2019organisme ani\u00admal par l\u2019ingestion des ali\u00adments&nbsp;; mais, il est d\u2019usage cou\u00adrant en Am\u00e9\u00adrique, o\u00f9 les menus des res\u00adtau\u00adrants indiquent, en regard du prix des plats, la valeur calo\u00adri\u00adfique des \u00e9l\u00e9\u00adments qui les composent.<\/p>\n<p>La pro\u00adduc\u00adtion des c\u00e9r\u00e9ales, nous dit-on, est en pro\u00adgres\u00adsion et pour ne pas dimi\u00adnuer le pro\u00adfit capi\u00adta\u00adliste, on br\u00fble ou on d\u00e9na\u00adture le sur\u00adplus que l\u2019on ne peut \u00e9cou\u00adler nor\u00adma\u00adle\u00adment. Si nous pou\u00advons nous d\u00e9cla\u00adrer d\u2019accord pour condam\u00adner la struc\u00adture sociale qui per\u00admet une telle h\u00e9r\u00e9\u00adsie \u00e9co\u00adno\u00admique, nous sommes obli\u00adg\u00e9s de faire des remarques qui sont loin d\u2019\u00eatre favo\u00adrables \u00e0 la th\u00e8se de la pro\u00adgres\u00adsion, quant \u00e0 la pro\u00adduc\u00adtion agri\u00adcole. Tout d\u2019abord, il fau\u00addrait que les sta\u00adtis\u00adti\u00adciens usent d\u2019un m\u00eame lan\u00adgage et emploient des uni\u00adt\u00e9s com\u00adpa\u00adrables, sinon iden\u00adtiques. Mais la confu\u00adsion des termes c\u00e9r\u00e9ales, bl\u00e9 ou fro\u00adment, est d\u00e9j\u00e0 regret\u00adtable&nbsp;; \u00e0 for\u00adtio\u00adri quand les chiffres sont \u00e9va\u00adlu\u00e9s soit en tonnes, soit en quin\u00adtaux, soit en hec\u00adto\u00adlitres au cours d\u2019un m\u00eame expos\u00e9.<\/p>\n<p>La r\u00e9colte de bl\u00e9 n\u2019a pas le carac\u00adt\u00e8re d\u2019abondance que l\u2019on tente de nous faire croire et pour ne consi\u00add\u00e9\u00adrer que l\u2019agriculture fran\u00ad\u00e7aise, nous consta\u00adtons que c\u2019est une qua\u00adsi-sta\u00adbi\u00adli\u00adt\u00e9 que l\u2019on ren\u00adcontre, tant dans le ren\u00adde\u00adment par hec\u00adtare que dans la pro\u00adduc\u00adtion glo\u00adbale. La r\u00e9colte excep\u00adtion\u00adnelle atteinte en France en 1907 s\u2019\u00e9levait \u00e0 103 mil\u00adlions de quin\u00adtaux&nbsp;; jamais ces chiffres ne furent rele\u00adv\u00e9s dans les sta\u00adtis\u00adtiques depuis 40 ans&nbsp;; les ann\u00e9es excel\u00adlentes elles-m\u00eames se font assez rares et la pro\u00adduc\u00adtion de 1948, esti\u00adm\u00e9e \u00e0 80 mil\u00adlions de quin\u00adtaux, n\u2019avait pas \u00e9t\u00e9 atteinte depuis 1935. Ce n\u2019est que par l\u2019abandon de cer\u00adtaines cultures, qui ont fait place \u00e0 l\u2019emblavement en bl\u00e9, que la pro\u00adduc\u00adtion totale se main\u00adtient \u00e0 un niveau \u00e0 peine satis\u00adfai\u00adsant&nbsp;; mais, les ren\u00adde\u00adments \u00e0 l\u2019hectare demeurent de 20 quin\u00adtaux en moyenne et n\u2019ont gu\u00e8re subi de chan\u00adge\u00adment notable depuis un si\u00e8cle.<\/p>\n<p>Les varia\u00adtions s\u2019observent \u00e9ga\u00adle\u00adment au Cana\u00adda, un des pre\u00admiers pays pro\u00adduc\u00adteurs de bl\u00e9. De 154 mil\u00adlions de quin\u00adtaux en 1928 la pro\u00adduc\u00adtion tom\u00adbait \u00e0 82 en 1929 pour se rele\u00adver \u00e0 108 en 1930. D\u2019autre part, il faut avoir le temps de com\u00adpa\u00adrer les diverses sta\u00adtis\u00adtiques avant d\u2019apporter des juge\u00adments pour le moins t\u00e9m\u00e9\u00adraires. Les expor\u00adta\u00adtions de l\u2019Argentine, \u00e9va\u00adlu\u00e9es en 1929 \u00e0 66 mil\u00adlions de quin\u00adtaux, contre\u00addisent le Bul\u00adle\u00adtin de la SDN qui marque une r\u00e9colte de 65 mil\u00adlions de quin\u00adtaux. Il y a lieu de sup\u00adpo\u00adser que les Argen\u00adtins ne sont pas res\u00adt\u00e9s sans man\u00adger de pain, pen\u00addant un an. D\u2019ailleurs, la r\u00e9duc\u00adtion de la consom\u00adma\u00adtion du pain en France, qui passe de 224 kilos par habi\u00adtant en 1914 \u00e0 191 kilos en 1935, para\u00eet illus\u00adtrer suf\u00adfi\u00adsam\u00adment notre&nbsp;th\u00e8se.<\/p>\n<p>Au cours de la guerre 1939\u200a\u2013\u200a1945, on peut esti\u00admer que les d\u00e9fi\u00adcits obser\u00adv\u00e9s \u00e9taient dus \u00e0 la sup\u00adpres\u00adsion des \u00e9changes, \u00e0 une moins bonne s\u00e9lec\u00adtion des semences, \u00e0 la p\u00e9nu\u00adrie d\u2019engrais et \u00e0 un tra\u00advail moins soi\u00adgn\u00e9 de la&nbsp;terre.<\/p>\n<p>Mais, l\u00e0 n\u2019est pas toute la question.<\/p>\n<p>Ind\u00e9\u00adpen\u00addam\u00adment de la qua\u00adli\u00adt\u00e9 inf\u00e9\u00adrieure du grain obte\u00adnu avec l\u2019emploi de plus en plus impor\u00adtant des engrais qui alt\u00e8rent la com\u00adpo\u00adsi\u00adtion chi\u00admique de la farine et modi\u00adfient les qua\u00adli\u00adt\u00e9s bio\u00adlo\u00adgiques du pain, il faut comp\u00adter par sur\u00adcro\u00eet avec une usure pr\u00e9\u00adma\u00adtu\u00adr\u00e9e des terres qui connaissent un \u00e9pui\u00adse\u00adment les ren\u00addant infertiles.<\/p>\n<p>Les USA, qui dans la p\u00e9riode cons\u00e9\u00adcu\u00adtive \u00e0 la crise de 1929, ont connu un nombre de ch\u00f4\u00admeurs inusi\u00adt\u00e9, avaient de 25 \u00e0 30 mil\u00adlions de sous-ali\u00admen\u00adt\u00e9s, mal\u00adgr\u00e9 des r\u00e9coltes abon\u00addantes qui leur per\u00admet\u00adtaient de satis\u00adfaire par\u00adtiel\u00adle\u00adment les demandes de l\u2019ancien conti\u00adnent, en conti\u00adnuel sur\u00adpeu\u00adple\u00adment&nbsp;; les Euro\u00adp\u00e9ens pas\u00adsaient ain\u00adsi avant les Am\u00e9\u00adri\u00adcains. Her\u00adbert Agar, agro\u00adnome de la R\u00e9pu\u00adblique \u00e9toi\u00adl\u00e9e, d\u00e9clare que cette pro\u00adduc\u00adtion inten\u00adsive n\u2019a pas \u00e9t\u00e9 sans \u00e9pui\u00adser une par\u00adtie de leur sol jus\u00adqu\u2019\u00e0 rendre impropres \u00e0 toute culture des \u00e9ten\u00addues consi\u00add\u00e9\u00adrables qu\u2019il d\u00e9taille ain\u00adsi&nbsp;: \u00ab&nbsp;Envi\u00adron 4 mil\u00adlions d\u2019hectares ont \u00e9t\u00e9 com\u00adpl\u00e8\u00adte\u00adment d\u00e9truits, et quand je dis d\u00e9truits, je n\u2019entends pas que ces terres aient besoin de repos et de quelque mati\u00e8re fer\u00adti\u00adli\u00adsante&nbsp;; je veux dire qu\u2019il fau\u00addra des si\u00e8cles pour les res\u00adtau\u00adrer, qu\u2019il est trop tard pour qu\u2019on puisse esp\u00e9\u00adrer leur pro\u00adchaine am\u00e9\u00adlio\u00adra\u00adtion par le tra\u00advail humain. En dehors de ces 4 mil\u00adlions d\u2019hectares, deve\u00adnus d\u00e9ser\u00adtiques, 8 mil\u00adlions d\u2019autres sont s\u00e9rieu\u00adse\u00adment atteints et pr\u00e8s de 30 mil\u00adlions sont mena\u00adc\u00e9s.&nbsp;\u00bb (Ces 42 mil\u00adlions d\u2019hectares cor\u00adres\u00adpondent \u00e0 la sur\u00adface culti\u00advable de la France).<\/p>\n<p>Hit\u00adler, lui-m\u00eame, envi\u00adsa\u00adgeait d\u00e9j\u00e0 que la limite d\u2019utilisation du sol \u00e9tait sur le point d\u2019\u00eatre atteinte, en Alle\u00admagne, et jugeait que l\u2019abus des engrais chi\u00admiques pr\u00e9\u00adsen\u00adtait des signes de d\u00e9t\u00e9\u00adrio\u00adra\u00adtion. Mal\u00adgr\u00e9 cette consta\u00adta\u00adtion, qui ne lui est pas per\u00adson\u00adnelle, il n\u2019h\u00e9sitait pas \u00e0 d\u00e9cr\u00e9\u00adter des lois de nature \u00e0 faire remon\u00adter la courbe de nata\u00adli\u00adt\u00e9 dans une pro\u00adpor\u00adtion sen\u00adsible [[N\u2019oublions pas que la pro\u00adli\u00adfi\u00adci\u00adt\u00e9 de l\u2019Allemagne et de l\u2019Italie avait \u00e9t\u00e9 ame\u00adnui\u00ads\u00e9e par les h\u00e9ca\u00adtombes de 1914\u200a\u2013\u200a1918 et que le taux de nata\u00adli\u00adt\u00e9 dans ces pays bais\u00adsa au-des\u00adsous de celui de la France.]]. N\u2019avait-il pas la pr\u00e9\u00adten\u00adtion de faire vivre sur le conti\u00adnent 250 mil\u00adlions d\u2019Allemands&nbsp;?<\/p>\n<p>L\u2019industrialisation de l\u2019Angleterre a r\u00e9duit nota\u00adble\u00adment sa pro\u00adduc\u00adtion agri\u00adcole qui ne peut sub\u00adve\u00adnir que pour 25&nbsp;% aux besoins de sa popu\u00adla\u00adtion. II y a l\u00e0 un exemple carac\u00adt\u00e9\u00adris\u00adtique qui fait dire ce qui suit \u00e0 Manuel Deval\u00add\u00e8s&nbsp;: \u00ab&nbsp;La sur\u00adpo\u00adpu\u00adla\u00adtion est l\u2019\u00e9tat d\u2019un ter\u00adri\u00adtoire o\u00f9 la popu\u00adla\u00adtion a d\u00e9pas\u00ads\u00e9 le niveau qui lui est assi\u00adgn\u00e9 par ses dis\u00adpo\u00adni\u00adbi\u00adli\u00adt\u00e9s en sub\u00adsis\u00adtances.&nbsp;\u00bb (<em>Cro\u00eetre et mul\u00adti\u00adplier, c\u2019est la guerre<\/em>, page&nbsp;45.).<\/p>\n<p>D\u00e9j\u00e0 en 1919, Hoo\u00adver, alors dic\u00adta\u00adteur aux vivres aux USA, avant d\u2019en deve\u00adnir Pr\u00e9\u00adsident de la R\u00e9pu\u00adblique, esti\u00admait qu\u2019en d\u00e9pit des 30 mil\u00adlions de vic\u00adtimes de la guerre de 1914\u200a\u2013\u200a1918, il y avait 100 mil\u00adlions d\u2019Europ\u00e9ens en trop. Joseph Caillaux por\u00adtait bien\u00adt\u00f4t ce chiffre \u00e0 150 mil\u00adlions et dans son \u00ab&nbsp;<em>Inqui\u00e9\u00adtude du Monde<\/em>&nbsp;\u00bb, Fran\u00adces\u00adco Nit\u00adti disait que 250 mil\u00adlions d\u2019Europ\u00e9ens ne dis\u00adpo\u00adsaient pas d\u2019un ter\u00adri\u00adtoire suf\u00adfi\u00adsant. En 1945, apr\u00e8s une h\u00e9ca\u00adtombe trois fois plus impor\u00adtante, l\u2019\u00e9valuation des popu\u00adla\u00adtions en sur\u00adnombre reste \u00e0 faire. Mais la fra\u00adgi\u00adli\u00adt\u00e9 du r\u00e9gime ali\u00admen\u00adtaire s\u2019est trou\u00adv\u00e9e suf\u00adfi\u00adsam\u00adment d\u00e9mon\u00adtr\u00e9e et seuls les tra\u00adfi\u00adquants \u00e9hon\u00adt\u00e9s des situa\u00adtions dif\u00adfi\u00adciles peuvent se van\u00adter de n\u2019avoir pas eu le sou\u00adci du len\u00adde\u00admain quant \u00e0 leur vie phy\u00adsique. N\u2019oublions pas que nos inten\u00addants du ravi\u00adtaille\u00adment \u00e9taient dis\u00adpen\u00ads\u00e9s du recours au mar\u00adch\u00e9 noir pour satis\u00adfaire leurs d\u00e9sirs.<\/p>\n<p>Ima\u00adgi\u00adnons les USA avec une den\u00adsi\u00adt\u00e9 de popu\u00adla\u00adtion \u00e9gale \u00e0 celle, bien modeste, de la France&nbsp;; leur popu\u00adla\u00adtion serait de 600 mil\u00adlions d\u2019habitants dont l\u2019app\u00e9tit vien\u00addrait com\u00adpli\u00adquer le pro\u00adbl\u00e8me du ravi\u00adtaille\u00adment de l\u2019Europe. Mais cette sup\u00adpo\u00adsi\u00adtion d\u00e9passe nos ap\u00f4tres inf\u00e9\u00adconds de la sur\u00adna\u00adta\u00adli\u00adt\u00e9 qui se contentent de pr\u00e9\u00adsi\u00adder aux des\u00adti\u00adn\u00e9es des nom\u00adbreuses ligues <em>poly\u00adg\u00e9\u00adnistes<\/em> [[Ce mot parait plus ad\u00e9\u00adquat \u00e0 l\u2019\u00e9pith\u00e8te r\u00e9su\u00admant une nom\u00adbreuse pro\u00adg\u00e9\u00adni\u00adture et doit rem\u00adpla\u00adcer \u00ab&nbsp;familles nom\u00adbreuses&nbsp;\u00bb.]] sans se pr\u00e9\u00adoc\u00adcu\u00adper des vicis\u00adsi\u00adtudes per\u00adson\u00adnelles que cr\u00e9ent les charges familiales.<\/p>\n<p>La p\u00e9riode de 1890 \u00e0 1930 mar\u00adquait pour\u00adtant un signe heu\u00adreux dans la baisse des taux de nata\u00adli\u00adt\u00e9 qui, conju\u00adgu\u00e9e avec une plus grande lon\u00adg\u00e9\u00advi\u00adt\u00e9, n\u2019affectait en rien l\u2019indice d\u00e9mo\u00adgra\u00adphique qui conti\u00adnuait sa courbe ascen\u00addante. Dans la seule p\u00e9riode 1910\u200a\u2013\u200a1930 le taux de nata\u00adli\u00adt\u00e9 tombe de 32 \u00e0 17,50&nbsp;% en Alle\u00admagne, de 26 \u00e0 15,3 en Angle\u00adterre, de 20 \u00e0 17,3 en France, alors que la baisse \u00e9tait moins accen\u00adtu\u00e9e dans la p\u00e9riode de vingt ann\u00e9es qui l\u2019avait pr\u00e9\u00adc\u00e9\u00add\u00e9e. Le rel\u00e8\u00adve\u00adment arti\u00adfi\u00adciel obte\u00adnu en Alle\u00admagne et en Ita\u00adlie qui fut un fac\u00adteur impor\u00adtant dans le d\u00e9clen\u00adche\u00adment de la seconde guerre mon\u00addiale, s\u2019est \u00e9ten\u00addu \u00e0 la France \u00e0 la faveur de la p\u00e9riode trou\u00adbl\u00e9e qui bou\u00adle\u00adver\u00adsa l\u2019Europe. Les mil\u00adlions de ber\u00adceaux r\u00e9cla\u00adm\u00e9s devant un micro, par celui dont la taille est sans rap\u00adport avec l\u2019esprit, ne sont-ils pas n\u00e9ces\u00adsaires pour l\u2019alimentation des char\u00adniers que sa caste pr\u00e9pare.<\/p>\n<p>L\u2019audace des sur\u00adpo\u00adpu\u00adla\u00adteurs est sans limite. N\u2019a\u2011t-on pas sou\u00adve\u00adnir du pro\u00adc\u00e8s inten\u00adt\u00e9 par l\u2019<em>Alliance fami\u00adliale des Alpes-Mari\u00adtimes<\/em> \u00e0 Paul Reboux qui en un judi\u00adcieux article publi\u00e9 dans un jour\u00adnal local, repre\u00adnait les chiffres que nous rap\u00adpe\u00adlons plus haut et mar\u00adquait sa pro\u00adfonde \u00e9mo\u00adtion au spec\u00adtacle de cer\u00adtaines atti\u00adtudes peu clair\u00advoyantes, qu\u2019il fus\u00adti\u00adgeait en ces termes&nbsp;:<\/p>\n<p>\u00ab&nbsp;Mal\u00adgr\u00e9 cela (ces chiffres) des gens vous engagent \u00e0 faire des enfants\u2026 C\u2019est nous que \u00e7a regarde, pas eux&nbsp;! Et les lois fis\u00adcales sont ins\u00adti\u00adtu\u00e9es pour pous\u00adser \u00e0 la repo\u00adpu\u00adla\u00adtion&nbsp;! Et le Code p\u00e9nal menace tous les clair\u00advoyants pen\u00adseurs, tous les \u00e9mi\u00adnents phi\u00adlo\u00adsophes ou tous les citoyens ou citoyennes qui font en sorte, par la doc\u00adtrine et par l\u2019action, que de nou\u00advelles vic\u00adtimes de la sur\u00adpo\u00adpu\u00adla\u00adtion ne viennent au monde. La pro\u00addi\u00adgieuse et rui\u00adneuse stu\u00adpi\u00addi\u00adt\u00e9 de ces r\u00e8gles morales date du temps o\u00f9 les conqu\u00e9\u00adrants vou\u00adlaient des hommes, des hommes pour en faire des cadavres glorieux.&nbsp;\u00bb<\/p>\n<p>\u00ab&nbsp;Plus loin&nbsp;: \u00ab&nbsp;Une famille nom\u00adbreuse vit aux cro\u00adchets de la col\u00adlec\u00adti\u00advi\u00adt\u00e9 et contri\u00adbue \u00e0 d\u00e9s\u00ad\u00e9qui\u00adli\u00adbrer le bud\u00adget natio\u00adnal. Au-del\u00e0 de huit enfants le p\u00e8re n\u2019a plus qu\u2019\u00e0 p\u00eacher \u00e0 la ligne ou \u00e0 lever le coude.&nbsp;\u00bb Et encore&nbsp;: \u00ab&nbsp;En ce temps de com\u00adpres\u00adsions, il faut prendre d\u2019urgence cette mesure&nbsp;: aucune famille nom\u00adbreuse ne rece\u00advra de prime ou d\u2019exemption d\u2019aucune sorte si le chef de famille ne peut pr\u00e9\u00adsen\u00adter un cer\u00adti\u00adfi\u00adcat d\u2019indigence. Pr\u00e9\u00adsen\u00adte\u00adment, la famine s\u2019est \u00e9ten\u00addue sur toute la sur\u00adface de la terre. Ce n\u2019est pas le moment de cr\u00e9er des bouches nou\u00advelles.&nbsp;\u00bb Et enfin&nbsp;: \u00ab&nbsp;Tout indi\u00advi\u00addu qui pr\u00e9\u00adtend aug\u00admen\u00adter d\u00e9me\u00adsu\u00adr\u00e9\u00adment le chiffre des hommes est un enne\u00admi de l\u2019humanit\u00e9.&nbsp;\u00bb<\/p>\n<p>L\u2019affaire se ter\u00admi\u00adna en mars 1949 par la condam\u00adna\u00adtion aux d\u00e9pens de l\u2019<em>Alliance fami\u00adliale<\/em> et l\u2019acquittement de Paul Reboux, atten\u00addu, dit le juge\u00adment, \u00ab&nbsp;que les cri\u00adtiques adres\u00ads\u00e9es par Paul Reboux au r\u00e9gime des allo\u00adca\u00adtions fami\u00adliales ont fait, \u00e0 maintes reprises, l\u2019objet de d\u00e9ve\u00adlop\u00adpe\u00adments analogues.&nbsp;\u00bb<\/p>\n<p>Dans le m\u00eame ordre d\u2019id\u00e9es, nous assis\u00adtons \u00e0 l\u2019alignement de la popu\u00adla\u00adtion japo\u00adnaise sur celle des \u00c9tats-Unis. Les faits \u00e9co\u00adno\u00admiques et m\u00eame bio\u00adlo\u00adgiques n\u2019ont pas \u00e9chap\u00adp\u00e9 \u00e0 la saga\u00adci\u00adt\u00e9 de Mac Arthur qui recom\u00admande dans ce pays, o\u00f9 il a acquis une grande influence, la limi\u00adta\u00adtion des nais\u00adsances. Il a su atti\u00adrer l\u2019attention du ministre de la San\u00adt\u00e9 du Japon sur la super\u00adfi\u00adcie res\u00adtreinte de l\u2019archipel nip\u00adpon et sur l\u2019impossibilit\u00e9 d\u2019\u00e9migrer&nbsp;; celui-ci a donc pris dif\u00adf\u00e9\u00adrentes mesures qui sont \u00e0 l\u2019oppos\u00e9 de celles que pra\u00adtique la France d\u00e9mocratique.<\/p>\n<p>Un d\u00e9cret minis\u00adt\u00e9\u00adriel du 1<sup>er<\/sup> avril 1949 approuve la vente de pro\u00adduits anti\u00adcon\u00adcep\u00adtion\u00adnels chi\u00admiques. D\u2019autre part, un film de vul\u00adga\u00adri\u00adsa\u00adtion pro\u00adpage dans le pays, le conseil de limi\u00adter les nais\u00adsances. N\u00e9ces\u00adsi\u00adt\u00e9 de frei\u00adner la nata\u00adli\u00adt\u00e9, pr\u00e9\u00advoyance paren\u00adtale, \u00e9du\u00adca\u00adtion plus pro\u00adfonde des enfants, com\u00adpor\u00adte\u00adment sexuel li\u00e9 \u00e0 la conduite morale des indi\u00advi\u00addus, sont expo\u00ads\u00e9s dans ce film qui s\u2019ach\u00e8ve sur l\u2019activit\u00e9 d\u2019une cli\u00adnique par\u00adti\u00adcu\u00adli\u00e8re o\u00f9 les jeunes femmes sont ini\u00adti\u00e9es \u00e0 la limi\u00adta\u00adtion des nais\u00adsances, par des tableaux figu\u00adrant les m\u00e9thodes anti\u00adcon\u00adcep\u00adtion\u00adnelles et l\u2019usage des divers pro\u00adc\u00e9\u00add\u00e9s qui s\u2019y rapportent.<\/p>\n<p>Est-il n\u00e9ces\u00adsaire de rap\u00adpe\u00adler que les grandes tue\u00adries col\u00adlec\u00adtives que relate l\u2019histoire sont tou\u00adjours sui\u00advies de p\u00e9riodes de f\u00e9li\u00adci\u00adt\u00e9, si rela\u00adtives soient-elles&nbsp;? Les grandes \u00e9pi\u00add\u00e9\u00admies, aggra\u00adv\u00e9es par les cata\u00adclysmes natu\u00adrels ont rare\u00adment \u00e9t\u00e9 aus\u00adsi meur\u00adtri\u00e8res que la plus b\u00e9nigne des guerres. Mais les conflits modernes se trans\u00adforment en \u00e9tat de guerre per\u00adma\u00adnent et ont fait r\u00e9ap\u00adpa\u00adra\u00eetre la famine qui avait dis\u00adpa\u00adru de l\u2019Europe depuis plus de deux si\u00e8cles. Pour\u00adtant, si les ensei\u00adgne\u00adments du pas\u00ads\u00e9 n\u2019\u00e9taient pas si faci\u00adle\u00adment et si l\u00e9g\u00e8\u00adre\u00adment oubli\u00e9s, la classe ouvri\u00e8re s\u2019inspirerait des p\u00e9riodes faciles qui suc\u00adc\u00e8dent aux guerres et aux \u00e9pi\u00add\u00e9\u00admies. La main\u2011d\u2019\u0153uvre se fai\u00adsant plus rare, serait plus recher\u00adch\u00e9e et les salaires devien\u00addraient plus profitables.<\/p>\n<p>Pour cor\u00adro\u00adbo\u00adrer ce qui pr\u00e9\u00adc\u00e8de, jetons un regard sur le <em>Cour\u00adrier de l\u2019Unesco<\/em>, qui s\u2019appesantit sur la ques\u00adtion avec une louable objectivit\u00e9.<\/p>\n<p>Dans son num\u00e9\u00adro de f\u00e9vrier 1949, sous la plume du Doc\u00adteur Sri\u00adpa\u00adti Chan\u00addra\u00adse\u00adkar\u201e nous trou\u00advons ce pas\u00adsage&nbsp;: \u00ab&nbsp;La popu\u00adla\u00adtion du monde a conti\u00adnu\u00e9 de cro\u00eetre m\u00eame pen\u00addant la deuxi\u00e8me guerre mon\u00addiale. Actuel\u00adle\u00adment, en d\u00e9pit de guerres moins impor\u00adtantes, d\u2019\u00e9pid\u00e9mies r\u00e9gio\u00adnales et de la sous-ali\u00admen\u00adta\u00adtion, sinon de la famine g\u00e9n\u00e9\u00adra\u00adli\u00ads\u00e9e, cet accrois\u00adse\u00adment se pour\u00adsuit. En 1950, le monde comp\u00adte\u00adra plus de 2&nbsp;400 mil\u00adlions d\u2019habitants d\u2019apr\u00e8s la courbe des nais\u00adsances et des&nbsp;d\u00e9c\u00e8s.<\/p>\n<p>\u00ab&nbsp;Le fait qu\u2019il y ait actuel\u00adle\u00adment dans le monde 2&nbsp;250 mil\u00adlions d\u2019\u00eatres humains et qu\u2019il y en aura 3&nbsp;000 mil\u00adlions dans un proche ave\u00adnir, ne pose\u00adrait aucun pro\u00adbl\u00e8me si tous \u00e9taient assu\u00adr\u00e9s d\u2019un mini\u00admum vital et de jouir de condi\u00adtions accep\u00adtables en ce qui concerne l\u2019alimentation, l\u2019habillement, le loge\u00adment, l\u2019\u00e9ducation et les loi\u00adsirs. Mais la grande majo\u00adri\u00adt\u00e9 des hommes est actuel\u00adle\u00adment pri\u00adv\u00e9e, m\u00eame du n\u00e9ces\u00adsaire et il ne semble pas que ce n\u00e9ces\u00adsaire puisse lui \u00eatre four\u00adni \u00e0 l\u2019avenir si la popu\u00adla\u00adtion conti\u00adnue \u00e0 aug\u00admen\u00adter plus rapi\u00adde\u00adment que la pro\u00adduc\u00adtion. C\u2019est l\u00e0, bien enten\u00addu, une ques\u00adtion qui pr\u00eate \u00e0 contro\u00adverse et la dis\u00adcus\u00adsion du pro\u00adbl\u00e8me d\u00e9mo\u00adgra\u00adphique \u00e9chauffe sou\u00advent plus qu\u2019elle n\u2019\u00e9claire les esprits, en pro\u00advo\u00adquant le heurt des dif\u00adf\u00e9\u00adrentes id\u00e9o\u00adlo\u00adgies \u00e9co\u00adno\u00admiques, reli\u00adgieuses et politiques.&nbsp;\u00bb<\/p>\n<p>Et, plus loin, nous lisons encore&nbsp;:<\/p>\n<p>\u00ab&nbsp;Quelle que soit la v\u00e9ri\u00adt\u00e9, la r\u00e9a\u00adli\u00adt\u00e9 des pro\u00adbl\u00e8mes d\u00e9mo\u00adgra\u00adphiques mon\u00addiaux est incon\u00adtes\u00adtable&nbsp;; j\u2019entends que d\u2019une fa\u00e7on ou d\u2019une autre l\u2019accroissement de la popu\u00adla\u00adtion mon\u00addiale a \u00e9t\u00e9 la cause incons\u00adciente ou d\u00e9li\u00adb\u00e9\u00adr\u00e9\u00adment pro\u00adcla\u00adm\u00e9e des d\u00e9cla\u00adra\u00adtions de guerre, ain\u00adsi que des reven\u00addi\u00adca\u00adtions d\u2019espace vital, d\u2019acc\u00e8s aux mati\u00e8res pre\u00admi\u00e8res et de liber\u00adt\u00e9 abso\u00adlue d\u2019\u00e9migration ou d\u2019immigration.<\/p>\n<p>\u00ab&nbsp;Cer\u00adtains pays, comme la Su\u00e8de et les USA, main\u00adtiennent un niveau de vie \u00e9le\u00adv\u00e9 [[Lors de l\u2019Exposition inter\u00adna\u00adtio\u00adnale de Paris, en 1937, un tableau du pavillon su\u00e9\u00addois por\u00adtait cette cita\u00adtion&nbsp;: \u00ab&nbsp;L\u2019\u00e9l\u00e9vation du stan\u00addard de vie a pro\u00adfon\u00add\u00e9\u00adment trans\u00adfor\u00adm\u00e9 les habi\u00adtudes du peuple su\u00e9\u00addois&nbsp;; mais, la lourde ran\u00ad\u00e7on du pro\u00adgr\u00e8s du bien-\u00eatre a \u00e9t\u00e9 une limi\u00adta\u00adtion volon\u00adtaire des nais\u00adsances.&nbsp;\u00bb]], en exer\u00ad\u00e7ant un contr\u00f4le strict sur le chiffre de la popu\u00adla\u00adtion&nbsp;; d\u2019autres, comme la Chine et l\u2019Inde, s\u2019en remettent \u00e0 Dieu et \u00e0 la nature et voient leur niveau de vie s\u2019abaisser.&nbsp;\u00bb<\/p>\n<p>Dans le num\u00e9\u00adro d\u2019avril 1949 du m\u00eame <em>Cour\u00adrier<\/em>, sous la signa\u00adture de James Tor\u00adr\u00e8s-Bodet, direc\u00adteur g\u00e9n\u00e9\u00adral de cette ins\u00adti\u00adtu\u00adtion, une invi\u00adta\u00adtion lan\u00adc\u00e9e dans le monde pour s\u2019associer \u00e0 la grande croi\u00adsade pour le main\u00adtien de la paix par l\u2019\u00e9ducation des peuples, conte\u00adnait ce passage&nbsp;:<\/p>\n<p>\u00ab&nbsp;C\u2019est dans les quar\u00adtiers ouvriers des villes, c\u2019est dans les vil\u00adlages qu\u2019il faut construire la Paix. C\u2019est l\u00e0 que vit la grande masse de la popu\u00adla\u00adtion, l\u00e0 qu\u2019elle vit dans des condi\u00adtions qui consti\u00adtuent une menace per\u00adp\u00e9\u00adtuelle pour la&nbsp;Paix\u2026&nbsp;\u00bb<\/p>\n<p>Cette dis\u00adcr\u00e8te allu\u00adsion aux funestes pro\u00adpa\u00adgandes domi\u00adn\u00e9es par la quan\u00adti\u00adt\u00e9 et n\u00e9gli\u00adgeant la qua\u00adli\u00adt\u00e9 sera-t-elle com\u00adprise par les aveugles qui pr\u00e9\u00adsident aux des\u00adti\u00adn\u00e9es du&nbsp;monde&nbsp;?<\/p>\n<p>Tou\u00adjours dans le m\u00eame jour\u00adnal, par\u00adlant de la pau\u00advre\u00adt\u00e9 dans l\u2019indigence Aldous Hux\u00adley&nbsp;\u00e9crit&nbsp;:<\/p>\n<p>\u00ab&nbsp;\u2026 Qui plus est, alors que la popu\u00adla\u00adtion s\u2019accro\u00eet, la fer\u00adti\u00adli\u00adt\u00e9 du sol dimi\u00adnue. La guerre ato\u00admique peut d\u00e9truire une civi\u00adli\u00adsa\u00adtion don\u00adn\u00e9e. L\u2019\u00e9rosion du sol peut sup\u00adpri\u00admer toute pos\u00adsi\u00adbi\u00adli\u00adt\u00e9 de civi\u00adli\u00adsa\u00adtion\u2026 La nour\u00adri\u00adture est une den\u00adr\u00e9e renou\u00adve\u00adlable. Si le sol n\u2019est pas exploi\u00adt\u00e9 jus\u00adqu\u2019\u00e0 l\u2019\u00e9puisement, les r\u00e9coltes se suc\u00adc\u00e9\u00adde\u00adront d\u2019ann\u00e9e en ann\u00e9e. Mais le gise\u00adment d\u2019\u00e9tain ou de cuivre qui a four\u00adni du mine\u00adrai cette ann\u00e9e, ne se recons\u00adti\u00adtue\u00adra pas l\u2019an prochain\u2026<\/p>\n<p>\u00ab&nbsp; L\u2019existence d\u2019un rap\u00adport d\u00e9fa\u00advo\u00adrable entre le chiffre de la popu\u00adla\u00adtion et la somme des res\u00adsources natu\u00adrelles cr\u00e9e une menace per\u00adma\u00adnente pour la paix ain\u00adsi que pour la liber\u00adt\u00e9 indi\u00advi\u00adduelle et poli\u00adtique. \u00c0 l\u2019heure actuelle, pour que la paix soit mena\u00adc\u00e9e, il suf\u00adfit qu\u2019une nation sur\u00adpeu\u00adpl\u00e9e dis\u00adpose d\u2019une indus\u00adtrie capable de pro\u00adduire des armements.&nbsp;\u00bb<\/p>\n<p>Quit\u00adtons ces appr\u00e9\u00adcia\u00adtions sug\u00adges\u00adtives et signa\u00adlons au pas\u00adsage les tra\u00advaux de Gas\u00adton Bou\u00adthoul qui dans des ouvrages [[<em>La Popu\u00adla\u00adtion dans le Monde<\/em> (1935). <em>Cent mil\u00adlions de morts<\/em> (1947). <em>8&nbsp;000 trai\u00adt\u00e9s de paix<\/em> (1948).]] suc\u00adces\u00adsifs se penche sur le pro\u00adbl\u00e8me que nous \u00e9tu\u00addions. Cet auteur estime que condam\u00adner la guerre ne suf\u00adfit pas, mais que pour pro\u00adnon\u00adcer cette condam\u00adna\u00adtion, il est n\u00e9ces\u00adsaire de conna\u00eetre les cir\u00adcons\u00adtances qui la pro\u00advoquent. Consta\u00adtant la m\u00e9dio\u00adcri\u00adt\u00e9 dans laquelle nous nous d\u00e9bat\u00adtons au milieu du <sc>xx<\/sc>e si\u00e8cle, il fait res\u00adsor\u00adtir l\u2019indigence des id\u00e9es de la plu\u00adpart des guides de l\u2019opinion et le fait que les per\u00adtur\u00adba\u00adtions enre\u00adgis\u00adtr\u00e9es dans l\u2019\u00e9quilibre des groupes d\u2019\u00e2ge et de sexe sont cons\u00e9\u00adcu\u00adtives aux sai\u00adgn\u00e9es renou\u00adve\u00adl\u00e9es d\u2019hommes jeunes ain\u00adsi qu\u2019au d\u00e9pla\u00adce\u00adment des popu\u00adla\u00adtions cons\u00e9\u00adcu\u00adtif aux guerres mon\u00addiales qui se com\u00adplique par la r\u00e9ap\u00adpa\u00adri\u00adtion de la famine&nbsp;:<\/p>\n<p>\u00ab&nbsp;Les races jaunes, de m\u00eame que les civi\u00adli\u00adsa\u00adtions archa\u00efques de l\u2019Europe, usaient tra\u00addi\u00adtion\u00adnel\u00adle\u00adment de l\u2019infanticide. Mais l\u2019Europe moderne a choi\u00adsi <em>l\u2019infanticide dif\u00adf\u00e9\u00adr\u00e9. Le sacri\u00adfice des adultes y est consi\u00add\u00e9\u00adr\u00e9 comme pr\u00e9\u00adf\u00e9\u00adrable \u00e0 celui des nou\u00adveaux-n\u00e9s.<\/em>&nbsp;\u00bb [[G. Bou\u00adthoul. <em>Cent mil\u00adlions de morts<\/em>, page 78 (sou\u00adli\u00adgn\u00e9 dans le&nbsp;texte).]]<\/p>\n<p>Si l\u2019on pou\u00advait appli\u00adquer aux Indes, l\u2019hygi\u00e8ne pra\u00adti\u00adqu\u00e9e actuel\u00adle\u00adment aux \u00c9tats-Unis, l\u2019\u00e2ge moyen des Hin\u00addous se trou\u00advant por\u00adt\u00e9 de 27 \u00e0 61 ans, on trou\u00adve\u00adrait sur cette par\u00adtie du globe, en moins d\u2019un si\u00e8cle, de quoi peu\u00adpler cinq Terres. Par contre, si l\u2019on tient compte de l\u2019accroissement de popu\u00adla\u00adtion chez les grandes races euro\u00adp\u00e9ennes entre 1800 et 1940, on constate que si les Latins ont bais\u00ads\u00e9 de 33 \u00e0 24&nbsp;%, les Ger\u00admains et les Scan\u00addi\u00adnaves ont pas\u00ads\u00e9 de 32 \u00e0 30&nbsp;%, tan\u00addis que les popu\u00adla\u00adtions slaves se sont \u00e9le\u00adv\u00e9es de 35 \u00e0 45&nbsp;%. Il y a l\u00e0 une p\u00e9nible consta\u00adta\u00adtion, car les fon\u00adda\u00adtions du monde civi\u00adli\u00ads\u00e9 risquent de se trou\u00adver \u00e9branl\u00e9es.&nbsp;\u00bb<\/p>\n<p>Le doc\u00adteur Simon Obis\u00adpo \u00e0 qui nous emprun\u00adtons ces obser\u00adva\u00adtions, conclut en ces termes&nbsp;:<\/p>\n<p>\u00ab&nbsp;L\u2019attitude actuelle de l\u2019URSS, com\u00adpa\u00adrable \u00e0 celle de l\u2019Allemagne, de l\u2019Italie et du Japon dans le pas\u00ads\u00e9, ne sau\u00adrait lais\u00adser aucun doute sur ses inten\u00adtions belliqueuses.<\/p>\n<p>\u00ab&nbsp;Gui\u00add\u00e9e dans son pro\u00adgramme de sur\u00adpo\u00adpu\u00adla\u00adtion par une igno\u00adrance crasse des pro\u00adbl\u00e8mes \u00e9co\u00adno\u00admiques les plus \u00e9l\u00e9\u00admen\u00adtaires ou par un d\u00e9sir de domi\u00adner le monde, l\u2019URSS devra faire la guerre.&nbsp;\u00bb [[<em>Revue Europe-Am\u00e9\u00adrique<\/em> \u2013 Avril-mai 1946.]]. Et plus&nbsp;loin&nbsp;:<\/p>\n<p>\u00ab&nbsp;On ne r\u00e9p\u00e9\u00adte\u00adra jamais assez que nous sommes des hommes libres, ing\u00e9\u00adnieux, rela\u00adti\u00adve\u00adment puis\u00adsants, et non des lapins et qu\u2019il y a avan\u00adtage \u00e0 nous conduire comme tels. Si nous ne vou\u00adlons du moins avoir \u00e0 choi\u00adsir bien\u00adt\u00f4t entre l\u2019inanition et l\u2019anthropophagie.&nbsp;\u00bb<\/p>\n<p>[|<b>*   *   *   *<\/b>|]<\/p>\n<p>Des esprits super\u00adfi\u00adciels, repre\u00adnant cer\u00adtaines id\u00e9es g\u00e9n\u00e9\u00adrales expri\u00adm\u00e9es, sur ce sujet par\u00adti\u00adcu\u00adlier, par Kro\u00adpot\u00adkine et ses adeptes, ont cher\u00adch\u00e9 \u00e0 tirer un ensei\u00adgne\u00adment du d\u00e9ve\u00adlop\u00adpe\u00adment du machi\u00adnisme qui abou\u00adtit \u00e0 la grande crise de Wall Street en 1929 et qui s\u2019\u00e9tendit \u00e0 toute l\u2019\u00e9conomie capi\u00adta\u00adliste. Avec rai\u00adson, ils ont conclu que le main\u00adtien du pro\u00adfit \u00e9tait incom\u00adpa\u00adtible avec le pro\u00adgr\u00e8s scien\u00adti\u00adfique. Si, sur le ter\u00adrain indus\u00adtriel on peut jus\u00adti\u00adfier, <em>dans une cer\u00adtaine mesure<\/em>, l\u2019abondance toute rela\u00adtive de cer\u00adtains pro\u00adduits, on ne sau\u00adrait en dire autant de la pro\u00adduc\u00adtion des den\u00adr\u00e9es ali\u00admen\u00adtaires. Encore fau\u00addrait-il tenir compte dans le pre\u00admier cas de l\u2019\u00e9puisement pro\u00adgres\u00adsif des mati\u00e8res pre\u00admi\u00e8res dont la consom\u00adma\u00adtion effr\u00e9\u00adn\u00e9e au cours de la der\u00adni\u00e8re guerre a r\u00e9v\u00e9\u00adl\u00e9 le danger.<\/p>\n<p>Lais\u00adsons de c\u00f4t\u00e9 les pr\u00e9\u00advi\u00adsions trop th\u00e9o\u00adriques, qui, en r\u00e9dui\u00adsant des <sup class=\"numerator\">2<\/sup>\u2044<sub class=\"denominator\">3<\/sub> les efforts de l\u2019homme, sont sus\u00adcep\u00adtibles de per\u00admettre l\u2019approvisionnement des mar\u00adch\u00e9s, en pro\u00adduits de plus en plus nom\u00adbreux et de meilleure appa\u00adrence. (Culture en tiroir, o\u00f9 la terre n\u2019est m\u00eame plus indis\u00adpen\u00adsable) et exa\u00admi\u00adnons quelques chiffres concer\u00adnant les pro\u00adduits laitiers.<\/p>\n<p>Tout d\u2019abord, pour\u00adquoi la rou\u00adtine fran\u00ad\u00e7aise de la pay\u00adsan\u00adne\u00adrie se laisse-t-elle sur\u00adpas\u00adser par les \u00e9le\u00adveurs \u00e9tran\u00adgers&nbsp;? Actuel\u00adle\u00adment, pen\u00addant que la vache hol\u00adlan\u00addaise pro\u00adduit 3&nbsp;400 litres de lait par an, la vache alle\u00admande en pro\u00adduit 2&nbsp;500, et la vache suisse 3&nbsp;150. La vache fran\u00ad\u00e7aise qui, avant la guerre, pro\u00addui\u00adsait 1&nbsp;800 litres, n\u2019en donne plus que 1&nbsp;500. Nous avons l\u00e0 des chiffres qui sont loin de cor\u00adro\u00adbo\u00adrer les r\u00e9sul\u00adtats obte\u00adnus avec une vache fri\u00adsonne qui, de 67 litres en 1933 pas\u00adsait en 1936 \u00e0 70 litres par jour&nbsp;; il ne fal\u00adlait pas moins de six traites par jour pour all\u00e9\u00adger les mamelles de l\u2019animal.<\/p>\n<p>S\u2019il \u00e9tait pos\u00adsible de nive\u00adler \u00e0 cette \u00e9chelle la pro\u00adduc\u00adtion de lait mon\u00addiale, la p\u00e9nu\u00adrie de lait serait vite oubli\u00e9e. Mais, cette excep\u00adtion\u00adnelle manne n\u2019a pas encore \u00e9t\u00e9 g\u00e9n\u00e9\u00adra\u00adli\u00ads\u00e9e et la rare\u00adt\u00e9 de ces pro\u00adduits, qui n\u2019est pas tou\u00adjours pro\u00advo\u00adqu\u00e9e pour main\u00adte\u00adnir ou haus\u00adser les prix, a une autre cause sur laquelle nos sta\u00adtis\u00adti\u00adciens font le silence.<\/p>\n<p>C\u2019est l\u2019usage qui est fait des sous-pro\u00adduits du lait et notam\u00adment de la cas\u00e9ine pour des pr\u00e9\u00adpa\u00adra\u00adtions de guerre. Ce qui ame\u00adnait le Pro\u00adfes\u00adseur Debr\u00e9 \u00e0 d\u00e9cla\u00adrer le 30 jan\u00advier 1948 \u00e0 la radio&nbsp;: \u00ab&nbsp;Sur 100 mil\u00adlions de litres de lait recueillis, 32 mil\u00adlions sont conver\u00adtis en beurre, ou en fro\u00admage&nbsp;; et 18 mil\u00adlions en <em>lait indus\u00adtriel<\/em> [[C\u2019est nous qui sou\u00adli\u00adgnons.]]. R\u00e9sul\u00adtat&nbsp;: 250&nbsp;000 enfants n\u2019ont qu\u2019un demi-litre par jour.&nbsp;\u00bb Le Pro\u00adfes\u00adseur Debr\u00e9 oubliait ce jour-l\u00e0, une d\u00e9cla\u00adra\u00adtion faite par lui \u00e0 la m\u00eame radio, le 25 novembre 1947, et qui nous para\u00eet en fla\u00adgrante contra\u00addic\u00adtion avec celle qui pr\u00e9\u00adc\u00e8de&nbsp;: \u00ab&nbsp;L\u2019augmentation du nombre des nais\u00adsances est un ph\u00e9\u00adno\u00adm\u00e8ne heu\u00adreux mon\u00adtrant la confiance des Fran\u00ad\u00e7ais en la pros\u00adp\u00e9\u00adri\u00adt\u00e9 de leur pays et par sur\u00adcro\u00eet une \u00e9l\u00e9\u00adva\u00adtion du niveau moral.&nbsp;\u00bb<\/p>\n<p>En d\u00e9pit des affir\u00adma\u00adtions opti\u00admistes qui, depuis plus de quinze ans sont col\u00adpor\u00adt\u00e9es, la guerre de 1939\u200a\u2013\u200a1945 a rame\u00adn\u00e9 la famine dont les pays civi\u00adli\u00ads\u00e9s avaient per\u00addu la m\u00e9moire. Si pen\u00addant l\u2019ann\u00e9e qui pr\u00e9\u00adc\u00e9\u00adda la guerre, 30 mil\u00adlions d\u2019hommes sont morts par d\u00e9faut de nutri\u00adtion, \u00e0 quel chiffre esti\u00adme\u00adra-t-on les vic\u00adtimes que la der\u00adni\u00e8re guerre a pro\u00advo\u00adqu\u00e9es&nbsp;? Ces faits peuvent sur\u00adprendre l\u2019homme de la rue, mais les milieux offi\u00adciels n\u2019ignorent pas la famine qui r\u00e9gna dans la par\u00adtie m\u00e9ri\u00addio\u00adnale de notre Afrique du Nord pen\u00addant les ann\u00e9es 1936 et 1937&nbsp;; la presse fran\u00ad\u00e7aise, alors gri\u00ads\u00e9e ou d\u00e9so\u00adl\u00e9e par l\u2019euphorie pro\u00advo\u00adqu\u00e9e par le Front popu\u00adlaire, si riche de pro\u00admesses envo\u00adl\u00e9es, obser\u00adva de Conrart le silence prudent.<\/p>\n<p>Les conclu\u00adsions d\u2019un rap\u00adport des ser\u00advices de la SDN, qui d\u00e9ment toute sur\u00adabon\u00addance dans le domaine agri\u00adcole m\u00e9ritent d\u2019\u00eatre signa\u00adl\u00e9es ici&nbsp;: \u00ab&nbsp;Ce qui manque le plus, dans l\u2019alimentation uni\u00adver\u00adselle, ce sont les ali\u00adments pro\u00adtec\u00adteurs&nbsp;: <em>lait, pro\u00adduits de ferme, \u0153ufs, l\u00e9gumes, fruits et viande,<\/em> <sc>mal\u00adgr\u00e9 l\u2019apparence de super\u00adpro\u00adduc\u00adtion<\/sc>.&nbsp;\u00bb [[Acti\u00advi\u00adt\u00e9s de la SDN, n\u00b04. Sec\u00adtion d\u2019Informations 1935, page 42 (cit\u00e9 par \u00ab&nbsp;La Grande R\u00e9forme&nbsp;\u00bb. f\u00e9vrier 1938.]]<\/p>\n<p>On peut certes accor\u00adder un cer\u00adtain cr\u00e9\u00addit aux d\u00e9cou\u00advertes des savants qui s\u2019obstinent \u00e0 recher\u00adcher des am\u00e9\u00adlio\u00adra\u00adtions au sort de leurs sem\u00adblables&nbsp;; mais, les r\u00e9sul\u00adtats de leurs tra\u00advaux sont trop sou\u00advent uti\u00adli\u00ads\u00e9s \u00e0 des fins contraires pour nous inci\u00adter \u00e0 une croyance aveugle.<\/p>\n<p>Quand on nous parle de l\u2019emploi de l\u2019\u00e9nergie nucl\u00e9aire pour sup\u00adpl\u00e9er aux engrais insuf\u00adfi\u00adsants afin de fer\u00adti\u00adli\u00adser un sol appau\u00advri par des cultures inten\u00adsives, nous ne pou\u00advons man\u00adquer d\u2019\u00e9voquer la pilule Ber\u00adthe\u00adlot qui devait r\u00e9vo\u00adlu\u00adtion\u00adner l\u2019alimentation humaine, mais qui \u00e9tait incom\u00adpa\u00adtible avec la n\u00e9ces\u00adsi\u00adt\u00e9 de conte\u00adnir les vita\u00admines dont sont d\u00e9pour\u00advus les ali\u00adments morts, com\u00adpo\u00ads\u00e9s chimiquement.<\/p>\n<p>Dans le m\u00eame ordre d\u2019id\u00e9es, nous pou\u00advons rap\u00adpro\u00adcher les exp\u00e9\u00adriences aux\u00adquelles pro\u00adc\u00e9\u00adda, r\u00e9cem\u00adment, l\u2019arm\u00e9e am\u00e9\u00adri\u00adcaine dans la zone arc\u00adtique. Pour v\u00e9ri\u00adfier la r\u00e9sis\u00adtance humaine aux tem\u00adp\u00e9\u00adra\u00adtures polaires, quelques groupes d\u2019hommes ont \u00e9t\u00e9 sou\u00admis \u00e0 une ali\u00admen\u00adta\u00adtion sp\u00e9\u00adciale leur per\u00admet\u00adtant de r\u00e9sis\u00adter \u00e0 \u2013 40\u00b0 C. Des rations savam\u00adment dos\u00e9es, com\u00adpo\u00ads\u00e9es de dix tablettes de nour\u00adri\u00adture conden\u00ads\u00e9e, cor\u00adres\u00adpon\u00addant \u00e0 500 grammes par homme et par jour, pou\u00advaient appor\u00adter \u00e0 l\u2019organisme humain de 4&nbsp;200 \u00e0 5&nbsp;500 calo\u00adries. Nous sup\u00adpo\u00adsons que l\u2019on n\u2019a pas n\u00e9gli\u00adg\u00e9 le fac\u00adteur go\u00fbt, dans cette nour\u00adri\u00adture scien\u00adti\u00adfique, que nous ne sau\u00adrions sou\u00adhai\u00adter concluante, puis\u00adqu\u2019elle tend \u00e0 envoyer au mas\u00adsacre, pr\u00e9\u00adpa\u00adr\u00e9 par les chan\u00adcel\u00adle\u00adries, ces futures victimes.<\/p>\n<p>Le pres\u00adtige gran\u00addis\u00adsant des mili\u00adtaires qui servent si bien le pou\u00advoir occulte des finan\u00adciers inter\u00adna\u00adtio\u00adnaux, sur\u00advit aux cui\u00adsants \u00e9checs qui ont \u00e9t\u00e9 vite oubli\u00e9s. Ce n\u2019est certes pas la pre\u00admi\u00e8re fois dans l\u2019histoire que nos mili\u00adtaires essuy\u00e8rent une d\u00e9faite com\u00adpa\u00adrable celle de juin 1940 qui nous avait don\u00adn\u00e9 l\u2019illusion de la chute d\u00e9fi\u00adni\u00adtive du mili\u00adta\u00adrisme. Cepen\u00addant, au contraire, n\u2019a\u2011t-on pas vu les res\u00adpon\u00adsables du d\u00e9sastre s\u2019emparer des r\u00eanes du pou\u00advoir. Les craintes mani\u00adfes\u00adt\u00e9es, jadis, par les r\u00e9pu\u00adbli\u00adcains de voir les g\u00e9n\u00e9\u00adraux vain\u00adqueurs se pro\u00adcla\u00admer dic\u00adta\u00adteurs, ne s\u2019\u00e9taient jamais orien\u00adt\u00e9es vers le dan\u00adger que pou\u00advaient pr\u00e9\u00adsen\u00adter des g\u00e9n\u00e9\u00adraux vaincus.<\/p>\n<p>La poli\u00adtique nata\u00adli\u00adtaire \u00e9bau\u00adch\u00e9e par Vichy avait pour but loin\u00adtain l\u2019alimentation en mat\u00e9\u00adriel humain des futurs champs de car\u00adnage o\u00f9 nos stra\u00adt\u00e8ges pra\u00adtiquent cette s\u00e9lec\u00adtion humaine \u00e0 rebours qui nous conduit \u00e0 une d\u00e9g\u00e9\u00adn\u00e9\u00adres\u00adcence certaine.<\/p>\n<p>Les temps sont r\u00e9vo\u00adlus o\u00f9 l\u2019on atten\u00addait que l\u2019enfant, mal ren\u00adsei\u00adgn\u00e9, ait atteint l\u2019\u00e2ge de 18 ans pour vendre les meilleures ann\u00e9es de sa vie en contrac\u00adtant un enga\u00adge\u00adment dans l\u2019arm\u00e9e&nbsp;; dans une atti\u00adtude spar\u00adtiate, qui est loin de nous s\u00e9duire, les m\u00e8res acceptent cet inhu\u00admain tra\u00adfic d\u00e8s la concep\u00adtion. Il est vrai que trop sou\u00advent vic\u00adtimes de l\u2019\u00e9go\u00efsme mas\u00adcu\u00adlin elles ne connaissent que rare\u00adment le plai\u00adsir que devrait leur cau\u00adser ladite concep\u00adtion&nbsp;; leur pas\u00adsi\u00advi\u00adt\u00e9 amou\u00adreuse, qu\u2019elles d\u00e9plorent entre elles le d\u00e9montre et l\u2019instinct mater\u00adnel a per\u00addu chez ces der\u00adni\u00e8res, grand nombre de ses qua\u00adli\u00adt\u00e9s initiales.<\/p>\n<p>Les encou\u00adra\u00adge\u00adments \u00e0 la pro\u00adli\u00adf\u00e9\u00adra\u00adtion que l\u2019on dis\u00adtri\u00adbue avec tant d\u2019empressement, depuis plu\u00adsieurs ann\u00e9es, ne ren\u00adcontrent pas le m\u00eame accueil dans tous les pays. Les m\u00e8res anglaises notam\u00adment ne se laissent pas prendre \u00e0 ce gros\u00adsier app\u00e2t. \u00c0 une enqu\u00eate faite en 1946, par <em>Mass Obser\u00adva\u00adtion<\/em>, sorte de Gal\u00adlup anglais, elles don\u00adnaient comme suit, leur appr\u00e9\u00adcia\u00adtion sur la n\u00e9ces\u00adsi\u00adt\u00e9 du rel\u00e8\u00adve\u00adment du taux de la nata\u00adli\u00adt\u00e9 en Angle\u00adterre, qui \u00e9tait offerte \u00e0 leurs suffrages&nbsp;:<\/p>\n<p>\u00ab&nbsp;1\u00b0 Toute poli\u00adtique de nata\u00adli\u00adt\u00e9 est ins\u00adpi\u00adr\u00e9e par des pr\u00e9\u00adoc\u00adcu\u00adpa\u00adtions mili\u00adtaires&nbsp;; 2\u00b0 Les petits peuples ont plus de chance que les autres de ne pas \u00eatre entra\u00ee\u00adn\u00e9s dans les guerres&nbsp;; 3\u00b0 Les femmes anglaises estiment que leur pays est assez bien peu\u00adpl\u00e9 pour les res\u00adsources dont il dis\u00adpose&nbsp;; 4\u00b0 Une aug\u00admen\u00adta\u00adtion de la popu\u00adla\u00adtion am\u00e8\u00adne\u00adrait une recru\u00addes\u00adcence du ch\u00f4mage.&nbsp;\u00bb<\/p>\n<p>Quant aux mesures finan\u00adci\u00e8res anglaises favo\u00adrables aux nom\u00adbreuses familles, elles se r\u00e9v\u00e8lent peu effi\u00adcaces, car l\u2019enqu\u00eate concluait&nbsp;: \u00ab&nbsp;<em>Le public anglais n\u2019aime pas qu\u2019on ach\u00e8te ses enfants<\/em>.&nbsp;\u00bb<\/p>\n<p>Ces per\u00adti\u00adnentes obser\u00adva\u00adtions ont \u00e9t\u00e9 pas\u00ads\u00e9es sous silence par la presse qui conti\u00adnu\u00e9 \u00e0 pour\u00adsuivre l\u2019ab\u00eatissement de ses lec\u00adteurs. On prend pr\u00e9\u00adtexte, en France, du manque de main\u2011d\u2019\u0153uvre pour rele\u00adver la nata\u00adli\u00adt\u00e9&nbsp;; mais on oublie de faire remar\u00adquer que dans un foyer \u00e9le\u00advant trois enfants, l\u2019un suc\u00adc\u00e9\u00adde\u00adra au p\u00e8re&nbsp;; le second pour\u00adra deve\u00adnir fonc\u00adtion\u00adnaire&nbsp;; quant au troi\u00adsi\u00e8me il aura de fortes chances pour conna\u00eetre le ch\u00f4mage.<\/p>\n<p>Pour l\u2019ensemble de la classe ouvri\u00e8re une seule r\u00e9ponse est \u00e0 noti\u00adfier \u00e0 ces pr\u00e9\u00adten\u00adtions sur\u00adna\u00adta\u00adli\u00adtaires&nbsp;: pour obte\u00adnir des salaires \u00e9le\u00adv\u00e9s, le nombre des pro\u00adduc\u00adteurs doit \u00eatre r\u00e9duit. Lorsque les exploi\u00adteurs sont \u00e0 la recherche d\u2019ouvriers, ceux-ci peuvent accro\u00eetre leurs pr\u00e9\u00adten\u00adtions \u00e0 un niveau de vie plus satisfaisant.<\/p>\n<p>La loi du nombre que veulent impo\u00adser les domes\u00adtiques des gou\u00adver\u00adnants, par qui ils sont gras\u00adse\u00adment entre\u00adte\u00adnus, ne feront jamais res\u00adsor\u00adtir que, mal\u00adgr\u00e9 ses 180 mil\u00adlions d\u2019habitants, la Rus\u00adsie s\u2019est trou\u00adv\u00e9e enva\u00adhie par 80 mil\u00adlions d\u2019Allemands. De m\u00eame, la Chine, avec ses 400 mil\u00adlions d\u2019habitants, fut la proie de 80 mil\u00adlions de Japo\u00adnais et 45 mil\u00adlions d\u2019Anglais purent pen\u00addant long\u00adtemps domi\u00adner les 340 mil\u00adlions d\u2019Hindous.<\/p>\n<p>En fai\u00adsant cette judi\u00adcieuse obser\u00adva\u00adtion, G. Bou\u00adthoul pr\u00e9\u00adcise&nbsp;: \u00ab&nbsp;L\u2019h\u00e9g\u00e9monie du plus grand nombre est une concep\u00adtion pares\u00adseuse qui s\u2019efforce de gros\u00adsir la popu\u00adla\u00adtion \u00e0 la mesure de son app\u00e9\u00adtit au lieu de la limi\u00adter \u00e0 ses res\u00adsources.&nbsp;\u00bb [[Op. cit\u00e9 page&nbsp;134.]]<\/p>\n<p>Nous ne pou\u00advons que regret\u00adter la situa\u00adtion de tous les pays de l\u2019Europe, d\u00e9j\u00e0 sur\u00adpeu\u00adpl\u00e9s puisque la sous-ali\u00admen\u00adta\u00adtion per\u00adsiste, de se trou\u00adver r\u00e9duits \u00e0 la for\u00admule du C\u00e9sar de car\u00adna\u00adval qui trou\u00adva, pr\u00e8s de sa ma\u00ee\u00adtresse, en 1944, une mort sen\u00adsa\u00adtion\u00adnelle, pr\u00e8s de Milan. Quand il pro\u00adcla\u00admait la n\u00e9ces\u00adsi\u00adt\u00e9 pour l\u2019Italie de \u00ab&nbsp;s\u2019\u00e9tendre ou d\u2019exploser&nbsp;\u00bb il oubliait les solen\u00adnelles d\u00e9cla\u00adra\u00adtions qu\u2019il fit en 1913 au doc\u00adteur Lui\u00adgi Ber\u00adta, en se pro\u00adcla\u00admant mal\u00adthu\u00adsien convain\u00adcu. Il pous\u00adsa le machia\u00adv\u00e9\u00adlisme jus\u00adqu\u2019\u00e0 pro\u00admul\u00adguer, en 1934, comme son com\u00adp\u00e8re Hit\u00adler, des lois popu\u00adla\u00adtion\u00adnistes qui ne pou\u00advaient qu\u2019accro\u00eetre la struc\u00adture explo\u00adsive de leurs peuples com\u00adpri\u00adm\u00e9s dans leurs fronti\u00e8res.<\/p>\n<p>De telles mesures vont \u00e0 l\u2019encontre de la pour\u00adsuite du bien-\u00eatre par les humains&nbsp;; au lieu de cor\u00adres\u00adpondre \u00e0 une \u00e9l\u00e9\u00adva\u00adtion phy\u00adsique et morale elles entra\u00eenent au contraire la masse humaine vers une d\u00e9ch\u00e9ance cer\u00adtaine. Non seule\u00adment l\u2019encouragement \u00e0 la pro\u00adli\u00adf\u00e9\u00adra\u00adtion n\u2019\u00e9limine pas les indi\u00advi\u00addus atteints de tares phy\u00adsio\u00adlo\u00adgiques qui, par sur\u00adcro\u00eet, ne font qu\u2019aggraver la mor\u00adbi\u00addi\u00adt\u00e9, mais encore, il est de nature \u00e0 satis\u00adfaire les app\u00e9\u00adtits de conqu\u00eate des p\u00eacheurs en eau trouble, en met\u00adtant \u00e0 leur dis\u00adpo\u00adsi\u00adtion des arm\u00e9es de plus en plus nombreuses.<\/p>\n<p>La moto\u00adri\u00adsa\u00adtion des arm\u00e9es per\u00admet d\u2019enr\u00f4ler des jeunes gens de 16 \u00e0 17 ans et d\u2019accro\u00eetre dans la pro\u00adpor\u00adtion d\u2019un tiers le nombre des recrues.<\/p>\n<p>Un plus grand d\u00e9ve\u00adlop\u00adpe\u00adment de cer\u00adtains points \u00e9bau\u00adch\u00e9s au cours de cet expo\u00ads\u00e9 aurait \u00e9t\u00e9 n\u00e9ces\u00adsaire pour d\u00e9mon\u00adtrer le carac\u00adt\u00e8re bio\u00adlo\u00adgique des guerres modernes&nbsp;; la voie ouverte au mou\u00adve\u00adment paci\u00adfiste, en plein essor, lui impose de fon\u00adder sa pro\u00adpa\u00adgande sur le solide ter\u00adrain du <em>paci\u00adfisme scien\u00adti\u00adfique<\/em>. Mais il faut nous limi\u00adter et c\u2019est sur ces remarques finales de G. Bou\u00adthoul que nous conclurons&nbsp;:<\/p>\n<p>D\u2019a\u00adbord son \u00e9ton\u00adne\u00adment, qui n\u2019est pas le n\u00f4tre, de voir que&nbsp;: \u00ab&nbsp;les nations trouvent natu\u00adrel de d\u00e9pen\u00adser des dizaines de mil\u00adliards pour pr\u00e9\u00adpa\u00adrer les guerres, des cen\u00adtaines de mil\u00adliards pour les faire. Mais elles ne d\u00e9pensent pas un sou pour essayer de com\u00adprendre la nature de cette \u00e9trange \u00e9pi\u00add\u00e9\u00admie men\u00adtale qui les afflige p\u00e9riodiquement.&nbsp;\u00bb<\/p>\n<p>Ensuite, cette crainte que nous devons par\u00adta\u00adger&nbsp;: \u00ab&nbsp;La sur\u00adpo\u00adpu\u00adla\u00adtion de l\u2019Europe la fera choir au rang des vieilles civi\u00adli\u00adsa\u00adtions asia\u00adtiques avec leurs foules immenses, abru\u00adties, asser\u00advies et v\u00e9g\u00e9\u00adtant mis\u00e9\u00adra\u00adble\u00adment. \u00c0 cause de son trop grand nombre, l\u2019homme sera de plus en plus avi\u00adli&nbsp;; de citoyen il devien\u00addra sujet\u2026 La liber\u00adt\u00e9 est un luxe impos\u00adsible dans les pays sur\u00adpeu\u00adpl\u00e9s car la fra\u00adgi\u00adli\u00adt\u00e9 extr\u00eame de leur situa\u00adtion, du fait qu\u2019il existe unie forte pro\u00adpor\u00adtion de \u00ab&nbsp;<em>des\u00adpe\u00adra\u00addos<\/em>&nbsp;\u00bb sans res\u00adsources, ni d\u00e9bou\u00adch\u00e9s, oblige les classes diri\u00adgeantes \u00e0 une poli\u00adtique d\u2019obscurantisme et de f\u00e9ro\u00adci\u00adt\u00e9 \u00e0 l\u2019\u00e9gard du peuple.&nbsp;\u00bb<\/p>\n<p>Que pou\u00advons-nous ajou\u00adter pour ren\u00adfor\u00adcer notre th\u00e8se ten\u00addant \u00e0 d\u00e9mon\u00adtrer que l\u2019humanit\u00e9 n\u2019est pas \u00e0 la veille de conna\u00eetre l\u2019euphorie qu\u2019un enthou\u00adsiasme mal \u00e9ta\u00adbli cherche \u00e0 r\u00e9pandre&nbsp;? La stu\u00adpi\u00addi\u00adt\u00e9 des masses sga\u00adna\u00adrel\u00adli\u00ads\u00e9es [[Expres\u00adsion copi\u00e9e de H. Jean\u00adson.]] ne doit pas nous faire d\u00e9ses\u00adp\u00e9\u00adrer d\u2019un ave\u00adnir meilleur et bien que le vent soit rare\u00adment \u00e0 l\u2019optimisme, ten\u00addons tous nos efforts vers ce bien-\u00eatre et cette liber\u00adt\u00e9 qui nous sont indispensables.<\/p>\n<p>[\/\u200bAndr\u00e9 <sc>Maille<\/sc>.\/\u200b]<\/p>\n<\/div>\n","protected":false},"excerpt":{"rendered":"<p>[( De nom\u00adbreux lec\u00adteurs nous ont deman\u00add\u00e9 de trai\u00adter quelques sujets \u00ab&nbsp;du jour&nbsp;\u00bb. Nous ne sau\u00adrions mieux faire que d\u2019aborder, avec cette pre\u00admi\u00e8re \u00e9tude, une des ques\u00adtions les plus tra\u00adgiques de l\u2019actualit\u00e9 1951. La poli\u00adtique nata\u00adliste des gou\u00adver\u00adne\u00adments qui se sont suc\u00adc\u00e9\u00add\u00e9 au pou\u00advoir depuis la Lib\u00e9\u00adra\u00adtion peut-elle \u00eatre plus incon\u00ads\u00e9\u00adquente, plus brouillonne, plus impr\u00e9voyante&nbsp;?&nbsp;[\u2026]<\/p>\n","protected":false},"author":1,"featured_media":0,"comment_status":"closed","ping_status":"closed","sticky":false,"template":"","format":"standard","meta":{"wp_typography_post_enhancements_disabled":false,"footnotes":""},"categories":[505],"tags":[],"ppma_author":[540],"class_list":["post-4103","post","type-post","status-publish","format-standard","hentry","category-contre-courant-serie-preparatoire-n1-fevrier-1951"],"authors":[{"term_id":540,"user_id":1,"is_guest":0,"slug":"admin_3gikpwyf","display_name":"Vincent Dubuc","avatar_url":"https:\/\/secure.gravatar.com\/avatar\/d015720652c25fd2ced191ade86430094e1f288a17483713e3b34d26dea52507?s=96&d=mm&r=g","author_category":"","user_url":"https:\/\/la-presse-anarchiste.net","last_name":"Dubuc","first_name":"Vincent","job_title":"","description":""}],"_links":{"self":[{"href":"https:\/\/la-presse-anarchiste.net\/index.php\/wp-json\/wp\/v2\/posts\/4103","targetHints":{"allow":["GET"]}}],"collection":[{"href":"https:\/\/la-presse-anarchiste.net\/index.php\/wp-json\/wp\/v2\/posts"}],"about":[{"href":"https:\/\/la-presse-anarchiste.net\/index.php\/wp-json\/wp\/v2\/types\/post"}],"author":[{"embeddable":true,"href":"https:\/\/la-presse-anarchiste.net\/index.php\/wp-json\/wp\/v2\/users\/1"}],"replies":[{"embeddable":true,"href":"https:\/\/la-presse-anarchiste.net\/index.php\/wp-json\/wp\/v2\/comments?post=4103"}],"version-history":[{"count":0,"href":"https:\/\/la-presse-anarchiste.net\/index.php\/wp-json\/wp\/v2\/posts\/4103\/revisions"}],"wp:attachment":[{"href":"https:\/\/la-presse-anarchiste.net\/index.php\/wp-json\/wp\/v2\/media?parent=4103"}],"wp:term":[{"taxonomy":"category","embeddable":true,"href":"https:\/\/la-presse-anarchiste.net\/index.php\/wp-json\/wp\/v2\/categories?post=4103"},{"taxonomy":"post_tag","embeddable":true,"href":"https:\/\/la-presse-anarchiste.net\/index.php\/wp-json\/wp\/v2\/tags?post=4103"},{"taxonomy":"author","embeddable":true,"href":"https:\/\/la-presse-anarchiste.net\/index.php\/wp-json\/wp\/v2\/ppma_author?post=4103"}],"curies":[{"name":"wp","href":"https:\/\/api.w.org\/{rel}","templated":true}]}}