{"id":4117,"date":"2020-07-14T05:43:00","date_gmt":"2020-07-14T05:43:00","guid":{"rendered":"https:\/\/la-presse-anarchiste.net\/index.php\/2020\/07\/14\/causerie-de-bulgarie\/"},"modified":"2020-07-14T05:43:00","modified_gmt":"2020-07-14T05:43:00","slug":"causerie-de-bulgarie","status":"publish","type":"post","link":"https:\/\/la-presse-anarchiste.net\/index.php\/2020\/07\/14\/causerie-de-bulgarie\/","title":{"rendered":"Causerie\u2026 de Bulgarie"},"content":{"rendered":"<div class=\"pdfprnt-buttons pdfprnt-buttons-post pdfprnt-top-right\"><a href=\"https:\/\/la-presse-anarchiste.net\/index.php\/wp-json\/wp\/v2\/posts\/4117?print=pdf\" class=\"pdfprnt-button pdfprnt-button-pdf\" target=\"_blank\"><img decoding=\"async\" src=\"https:\/\/la-presse-anarchiste.net\/wp-content\/plugins\/pdf-print\/images\/pdf.png\" alt=\"image_pdf\" title=\"Afficher le PDF\"><\/a><a href=\"https:\/\/la-presse-anarchiste.net\/index.php\/wp-json\/wp\/v2\/posts\/4117?print=print\" class=\"pdfprnt-button pdfprnt-button-print\" target=\"_blank\"><img decoding=\"async\" src=\"https:\/\/la-presse-anarchiste.net\/wp-content\/plugins\/pdf-print\/images\/print.png\" alt=\"image_print\" title=\"Contenu imprim\u00e9\"><\/a><\/div><div align=\"justify\">\n<p>[\/\u200bPhilippole, le 28 sep\u00adtembre 1920.\/]<\/p>\n<p>C\u2019est moi qui a re\u00e7u les deux bro\u00adchures des publi\u00adca\u00adtions du \u00ab&nbsp;Groupe de Pro\u00adpa\u00adgande par l\u2019\u00c9crit&nbsp;\u00bb que vous avez envoy\u00e9es \u00e0 l\u2019adresse de mon fr\u00e8re. Ce der\u00adnier est mort il y a d\u00e9j\u00e0 trois ans de fatigues et pri\u00adva\u00adtions que la guerre avait cr\u00e9\u00e9es. C\u2019est une grande perte pour notre petit mou\u00adve\u00adment anar\u00adchiste en Bulgarie.<\/p>\n<p>Je viens de tra\u00adduire en bul\u00adgare le \u00ab&nbsp;Mes\u00adsage de Kro\u00adpot\u00adkine aux ouvriers occi\u00adden\u00adtaux&nbsp;\u00bb. Il est sous presse.<\/p>\n<p>Sui\u00advant votre, exemple, nous avons fon\u00add\u00e9 un petit Groupe de pro\u00adpa\u00adgande par l\u2019\u00e9crit et le \u00ab&nbsp;Mes\u00adsage de Kro\u00adpot\u00adkine&nbsp;\u00bb consti\u00adtue\u00adra notre pre\u00admier num\u00e9\u00adro d\u2019une s\u00e9rie de publi\u00adca\u00adtions que nous avons l\u2019intention de faire para\u00eetre. Ici, nous sommes sous la pres\u00adsion d\u2019une grande r\u00e9ac\u00adtion. Le r\u00e9gime de l\u2019\u00e9tat de si\u00e8ge, de la cen\u00adsure conti\u00adnue \u00e0 s\u00e9vir depuis le d\u00e9but de la guerre. Le mou\u00adve\u00adment ouvrier est sous l\u2019influence des n\u00e9o-com\u00admu\u00adnistes (socia\u00adlistes <sc>iii<\/sc>e Inter\u00adna\u00adtio\u00adnale), mais d\u00e9j\u00e0 un m\u00e9con\u00adten\u00adte\u00adment se des\u00adsine dans les milieux ouvriers de ce que le par\u00adti ne rompt pas avec le, par\u00adle\u00admen\u00adta\u00adrisme et ne suit pas le che\u00admin de l\u2019action directe. Le temps est pro\u00adpice de faire une bonne pro\u00adpa\u00adgande anar\u00adchiste&nbsp;: Mal\u00adheu\u00adreu\u00adse\u00adment, chez nous, comme chez vous, l\u2019individualisme imb\u00e9\u00adcile a fait ses ravages dans nos rangs et tout est \u00e0 recom\u00admen\u00adcer. Nous ne per\u00addons pas cou\u00adrage. Au contraire, nous sommes sires d\u2019aller plus vite et d\u2019\u00e9chapper aux fautes com\u00admises dans le pas\u00ads\u00e9, pour\u00advu qu\u2019il y ait la bonne volon\u00adt\u00e9 pour une orga\u00adni\u00adsa\u00adtion sur des bases f\u00e9d\u00e9ratives.<\/p>\n<\/div>\n","protected":false},"excerpt":{"rendered":"<p>[\/\u200b\u200bPhilippole, le 28 sep\u00adtembre 1920.\/] C\u2019est moi qui a re\u00e7u les deux bro\u00adchures des publi\u00adca\u00adtions du \u00ab&nbsp;Groupe de Pro\u00adpa\u00adgande par l\u2019\u00c9crit&nbsp;\u00bb que vous avez envoy\u00e9es \u00e0 l\u2019adresse de mon fr\u00e8re. Ce der\u00adnier est mort il y a d\u00e9j\u00e0 trois ans de fatigues et pri\u00adva\u00adtions que la guerre avait cr\u00e9\u00e9es. C\u2019est une grande perte pour&nbsp;notre&nbsp;[\u2026]<\/p>\n","protected":false},"author":1,"featured_media":0,"comment_status":"closed","ping_status":"closed","sticky":false,"template":"","format":"standard","meta":{"wp_typography_post_enhancements_disabled":false,"footnotes":""},"categories":[508],"tags":[],"ppma_author":[540],"class_list":["post-4117","post","type-post","status-publish","format-standard","hentry","category-publication-de-la-revolte-et-des-temps-nouveaux-n3-1920"],"authors":[{"term_id":540,"user_id":1,"is_guest":0,"slug":"admin_3gikpwyf","display_name":"Vincent Dubuc","avatar_url":"https:\/\/secure.gravatar.com\/avatar\/d015720652c25fd2ced191ade86430094e1f288a17483713e3b34d26dea52507?s=96&d=mm&r=g","author_category":"","user_url":"https:\/\/la-presse-anarchiste.net","last_name":"Dubuc","first_name":"Vincent","job_title":"","description":""}],"_links":{"self":[{"href":"https:\/\/la-presse-anarchiste.net\/index.php\/wp-json\/wp\/v2\/posts\/4117","targetHints":{"allow":["GET"]}}],"collection":[{"href":"https:\/\/la-presse-anarchiste.net\/index.php\/wp-json\/wp\/v2\/posts"}],"about":[{"href":"https:\/\/la-presse-anarchiste.net\/index.php\/wp-json\/wp\/v2\/types\/post"}],"author":[{"embeddable":true,"href":"https:\/\/la-presse-anarchiste.net\/index.php\/wp-json\/wp\/v2\/users\/1"}],"replies":[{"embeddable":true,"href":"https:\/\/la-presse-anarchiste.net\/index.php\/wp-json\/wp\/v2\/comments?post=4117"}],"version-history":[{"count":0,"href":"https:\/\/la-presse-anarchiste.net\/index.php\/wp-json\/wp\/v2\/posts\/4117\/revisions"}],"wp:attachment":[{"href":"https:\/\/la-presse-anarchiste.net\/index.php\/wp-json\/wp\/v2\/media?parent=4117"}],"wp:term":[{"taxonomy":"category","embeddable":true,"href":"https:\/\/la-presse-anarchiste.net\/index.php\/wp-json\/wp\/v2\/categories?post=4117"},{"taxonomy":"post_tag","embeddable":true,"href":"https:\/\/la-presse-anarchiste.net\/index.php\/wp-json\/wp\/v2\/tags?post=4117"},{"taxonomy":"author","embeddable":true,"href":"https:\/\/la-presse-anarchiste.net\/index.php\/wp-json\/wp\/v2\/ppma_author?post=4117"}],"curies":[{"name":"wp","href":"https:\/\/api.w.org\/{rel}","templated":true}]}}