{"id":4154,"date":"2020-07-20T08:11:00","date_gmt":"2020-07-20T08:11:00","guid":{"rendered":"https:\/\/la-presse-anarchiste.net\/index.php\/2020\/07\/20\/les-grands-problemes-du-syndicalisme\/"},"modified":"2020-07-20T08:11:00","modified_gmt":"2020-07-20T08:11:00","slug":"les-grands-problemes-du-syndicalisme","status":"publish","type":"post","link":"https:\/\/la-presse-anarchiste.net\/index.php\/2020\/07\/20\/les-grands-problemes-du-syndicalisme\/","title":{"rendered":"Les Grands probl\u00e8mes du Syndicalisme"},"content":{"rendered":"<div class=\"pdfprnt-buttons pdfprnt-buttons-post pdfprnt-top-right\"><a href=\"https:\/\/la-presse-anarchiste.net\/index.php\/wp-json\/wp\/v2\/posts\/4154?print=pdf\" class=\"pdfprnt-button pdfprnt-button-pdf\" target=\"_blank\"><img decoding=\"async\" src=\"https:\/\/la-presse-anarchiste.net\/wp-content\/plugins\/pdf-print\/images\/pdf.png\" alt=\"image_pdf\" title=\"Afficher le PDF\"><\/a><a href=\"https:\/\/la-presse-anarchiste.net\/index.php\/wp-json\/wp\/v2\/posts\/4154?print=print\" class=\"pdfprnt-button pdfprnt-button-print\" target=\"_blank\"><img decoding=\"async\" src=\"https:\/\/la-presse-anarchiste.net\/wp-content\/plugins\/pdf-print\/images\/print.png\" alt=\"image_print\" title=\"Contenu imprim\u00e9\"><\/a><\/div><div align=\"justify\">\n<p>Le pre\u00admier num\u00e9\u00adro du <em>Com\u00adbat Syn\u00addi\u00adca\u00adliste<\/em>, organe de la CGTSR, publie la d\u00e9cla\u00adra\u00adtion du Congr\u00e8s de Lyon sur le r\u00f4le du syn\u00addi\u00adca\u00adlisme r\u00e9vo\u00adlu\u00adtion\u00adnaire avant et apr\u00e8s la r\u00e9volution.<\/p>\n<p>Les pro\u00adbl\u00e8mes pos\u00e9s par cette d\u00e9cla\u00adra\u00adtion \u2013 ou ce mani\u00adfeste \u2013 sont tel\u00adle\u00adment impor\u00adtants et d\u2019une por\u00adt\u00e9e si grande, que nous croyons qu\u2019il serait de la plus grande uti\u00adli\u00adt\u00e9 de la dis\u00ads\u00e9\u00adquer dans ses par\u00adties les plus vitales et d\u2019\u00e9tudier plus \u00e0 fond cha\u00adcune des ques\u00adtions car\u00addi\u00adnales qui y figurent.<\/p>\n<p>Nous sommes \u00e0 un tour\u00adnant de l\u2019histoire o\u00f9 les phrases seules ne suf\u00adfisent plus. La p\u00e9riode de crises per\u00adma\u00adnentes que nous tra\u00adver\u00adsons exige de nous des solu\u00adtions concr\u00e8tes \u00e0 des pro\u00adbl\u00e8mes concrets. Il ne suf\u00adfit plus de dire que nous vou\u00adlons une soci\u00e9\u00adt\u00e9 fon\u00add\u00e9e sur le bien-\u00eatre et la liber\u00adt\u00e9 des indi\u00advi\u00addus. Il faut pou\u00advoir indi\u00adquer par quels moyens, et de quelle fa\u00e7on la r\u00e9a\u00adli\u00adsa\u00adtion de ce but peut \u00eatre accom\u00adplie. Il ne suf\u00adfit plus de vou\u00adloir d\u00e9truire le Capi\u00adta\u00adlisme et l\u2019\u00c9tat. Il faut pou\u00advoir rem\u00adpla\u00adcer ces sys\u00adt\u00e8mes par un autre qui don\u00adne\u00adrait \u00e0 la soci\u00e9\u00adt\u00e9 humaine la capa\u00adci\u00adt\u00e9 de s\u2019organiser librement.<\/p>\n<p>Le mani\u00adfeste du syn\u00addi\u00adca\u00adlisme r\u00e9vo\u00adlu\u00adtion\u00adnaire que publie l\u2019organe de la CGTSR tente d\u2019esquisser une r\u00e9ponse concr\u00e8te au grand pro\u00adbl\u00e8me de la recons\u00adtruc\u00adtion sociale. Certes, tout ne peut \u00eatre dit dans un mani\u00adfeste. Il ne peut qu\u2019indiquer les grandes lignes. Notre devoir est de rendre ces lignes nettes, pr\u00e9\u00adcises et ne pou\u00advant don\u00adner lieu \u00e0 des mal\u00aden\u00adten\u00addus. La <em>Voix du Tra\u00advail<\/em> t\u00e2che\u00adra donc d\u2019analyser s\u00e9pa\u00adr\u00e9\u00adment cha\u00adcun des pro\u00adbl\u00e8mes angu\u00adlaires que le mani\u00adfeste n\u2019a fait qu\u2019effleurer.<\/p>\n<p>Nous pou\u00advons sub\u00addi\u00advi\u00adser ces pro\u00adbl\u00e8mes en deux cat\u00e9\u00adgo\u00adries impor\u00adtantes&nbsp;: les pro\u00adbl\u00e8mes d\u2019ordre <em>g\u00e9n\u00e9\u00adral<\/em> et les pro\u00adbl\u00e8mes d\u2019ordre <em>par\u00adti\u00adcu\u00adlier<\/em>. Par\u00admi les pro\u00adbl\u00e8mes d\u2019ordre g\u00e9n\u00e9\u00adral, men\u00adtion\u00adnons, comme les plus saillants, les suivants&nbsp;:<\/p>\n<ol>\n<li> La ques\u00adtion de la doc\u00adtrine du syn\u00addi\u00adca\u00adlisme face aux autres doctrines.<\/li>\n<li> Le pro\u00adbl\u00e8me de l\u2019organisation de la production.<\/li>\n<li> Le r\u00f4le du syn\u00addi\u00adcat au len\u00adde\u00admain de la R\u00e9volution.<\/li>\n<li> La ques\u00adtion de l\u2019interd\u00e9pendance du tra\u00advail manuel et du tra\u00advail intel\u00adlec\u00adtuel et technique.<\/li>\n<\/ol>\n<p>Par\u00admi les pro\u00adbl\u00e8mes d\u2019ordre par\u00adti\u00adcu\u00adlier, notons surtout&nbsp;:<\/p>\n<ol>\n<li> Notre atti\u00adtude envers la Charte d\u2019Amiens.<\/li>\n<li> Notre atti\u00adtude envers les par\u00adtis politiques.<\/li>\n<li> Le pro\u00adbl\u00e8me des gr\u00e8ves par\u00adtielles et g\u00e9n\u00e9rales.<\/li>\n<li> Le pro\u00adbl\u00e8me de la d\u00e9fense, les armes \u00e0 la main, des conqu\u00eates de la r\u00e9volution.<\/li>\n<li> Le pro\u00adbl\u00e8me de la sta\u00adbi\u00adli\u00adsa\u00adtion \u00e9ven\u00adtuelle de la r\u00e9volution.<\/li>\n<\/ol>\n<p>Nous n\u2019avons pas l\u2019intention d\u2019examiner ces dif\u00adf\u00e9\u00adrents pro\u00adbl\u00e8mes dans l\u2019ordre, tel que nous venons de les \u00e9nu\u00adm\u00e9\u00adrer. Ce seront plu\u00adt\u00f4t les exi\u00adgences du moment qui dic\u00adte\u00adront l\u2019ordre.<\/p>\n<p>Pour com\u00admen\u00adcer, nous publions, dans ce num\u00e9\u00adro, une pre\u00admi\u00e8re \u00e9tude de notre cama\u00adrade P. Bes\u00adnard sur le r\u00f4le des techniciens.<\/p>\n<\/div>\n","protected":false},"excerpt":{"rendered":"<p>Le pre\u00admier num\u00e9\u00adro du Com\u00adbat Syn\u00addi\u00adca\u00adliste, organe de la CGTSR, publie la d\u00e9cla\u00adra\u00adtion du Congr\u00e8s de Lyon sur le r\u00f4le du syn\u00addi\u00adca\u00adlisme r\u00e9vo\u00adlu\u00adtion\u00adnaire avant et apr\u00e8s la r\u00e9vo\u00adlu\u00adtion. Les pro\u00adbl\u00e8mes pos\u00e9s par cette d\u00e9cla\u00adra\u00adtion \u2013 ou ce mani\u00adfeste \u2013 sont tel\u00adle\u00adment impor\u00adtants et d\u2019une por\u00adt\u00e9e si grande, que nous croyons qu\u2019il serait de la&nbsp;plus&nbsp;[\u2026]<\/p>\n","protected":false},"author":1,"featured_media":0,"comment_status":"closed","ping_status":"closed","sticky":false,"template":"","format":"standard","meta":{"wp_typography_post_enhancements_disabled":false,"footnotes":""},"categories":[510],"tags":[],"ppma_author":[540],"class_list":["post-4154","post","type-post","status-publish","format-standard","hentry","category-la-voix-du-travail-na6-janvier-1927"],"authors":[{"term_id":540,"user_id":1,"is_guest":0,"slug":"admin_3gikpwyf","display_name":"Vincent Dubuc","avatar_url":"https:\/\/secure.gravatar.com\/avatar\/d015720652c25fd2ced191ade86430094e1f288a17483713e3b34d26dea52507?s=96&d=mm&r=g","author_category":"","user_url":"https:\/\/la-presse-anarchiste.net","last_name":"Dubuc","first_name":"Vincent","job_title":"","description":""}],"_links":{"self":[{"href":"https:\/\/la-presse-anarchiste.net\/index.php\/wp-json\/wp\/v2\/posts\/4154","targetHints":{"allow":["GET"]}}],"collection":[{"href":"https:\/\/la-presse-anarchiste.net\/index.php\/wp-json\/wp\/v2\/posts"}],"about":[{"href":"https:\/\/la-presse-anarchiste.net\/index.php\/wp-json\/wp\/v2\/types\/post"}],"author":[{"embeddable":true,"href":"https:\/\/la-presse-anarchiste.net\/index.php\/wp-json\/wp\/v2\/users\/1"}],"replies":[{"embeddable":true,"href":"https:\/\/la-presse-anarchiste.net\/index.php\/wp-json\/wp\/v2\/comments?post=4154"}],"version-history":[{"count":0,"href":"https:\/\/la-presse-anarchiste.net\/index.php\/wp-json\/wp\/v2\/posts\/4154\/revisions"}],"wp:attachment":[{"href":"https:\/\/la-presse-anarchiste.net\/index.php\/wp-json\/wp\/v2\/media?parent=4154"}],"wp:term":[{"taxonomy":"category","embeddable":true,"href":"https:\/\/la-presse-anarchiste.net\/index.php\/wp-json\/wp\/v2\/categories?post=4154"},{"taxonomy":"post_tag","embeddable":true,"href":"https:\/\/la-presse-anarchiste.net\/index.php\/wp-json\/wp\/v2\/tags?post=4154"},{"taxonomy":"author","embeddable":true,"href":"https:\/\/la-presse-anarchiste.net\/index.php\/wp-json\/wp\/v2\/ppma_author?post=4154"}],"curies":[{"name":"wp","href":"https:\/\/api.w.org\/{rel}","templated":true}]}}