{"id":4155,"date":"2020-07-20T08:11:01","date_gmt":"2020-07-20T08:11:01","guid":{"rendered":"https:\/\/la-presse-anarchiste.net\/index.php\/2020\/07\/20\/le-role-social-des-techniciens\/"},"modified":"2020-07-20T08:11:01","modified_gmt":"2020-07-20T08:11:01","slug":"le-role-social-des-techniciens","status":"publish","type":"post","link":"https:\/\/la-presse-anarchiste.net\/index.php\/2020\/07\/20\/le-role-social-des-techniciens\/","title":{"rendered":"Le r\u00f4le social des techniciens"},"content":{"rendered":"<div class=\"pdfprnt-buttons pdfprnt-buttons-post pdfprnt-top-right\"><a href=\"https:\/\/la-presse-anarchiste.net\/index.php\/wp-json\/wp\/v2\/posts\/4155?print=pdf\" class=\"pdfprnt-button pdfprnt-button-pdf\" target=\"_blank\"><img decoding=\"async\" src=\"https:\/\/la-presse-anarchiste.net\/wp-content\/plugins\/pdf-print\/images\/pdf.png\" alt=\"image_pdf\" title=\"Afficher le PDF\"><\/a><a href=\"https:\/\/la-presse-anarchiste.net\/index.php\/wp-json\/wp\/v2\/posts\/4155?print=print\" class=\"pdfprnt-button pdfprnt-button-print\" target=\"_blank\"><img decoding=\"async\" src=\"https:\/\/la-presse-anarchiste.net\/wp-content\/plugins\/pdf-print\/images\/print.png\" alt=\"image_print\" title=\"Contenu imprim\u00e9\"><\/a><\/div><div align=\"justify\">\n<p>Il n\u2019est pas dou\u00adteux que la r\u00e9so\u00adlu\u00adtion vot\u00e9e \u00e0 Lyon par le Congr\u00e8s consti\u00adtu\u00adtif de la CGTSR pose un nombre impor\u00adtant de ques\u00adtions tr\u00e8s graves, vitales pour l\u2019avenir de notre mou\u00adve\u00adment. De leur solu\u00adtion pra\u00adtique, fai\u00adsant suite \u00e0 l\u2019affirmation th\u00e9o\u00adrique, d\u00e9pend <em>ou le salut ou l\u2019asservissement<\/em> \u2013 sous quelque forme que ce soit \u2013 <em>du pro\u00adl\u00e9\u00adta\u00adriat<\/em>.<\/p>\n<p>Ces ques\u00adtions, sur\u00adtout en rai\u00adson des r\u00e9serves for\u00admu\u00adl\u00e9es par quelques cama\u00adrades, doivent \u00eatre com\u00adpl\u00e8\u00adte\u00adment \u00e9lucid\u00e9es.<\/p>\n<p>Ce n\u2019est d\u2019ailleurs qu\u2019\u00e0 cette condi\u00adtion que le syn\u00addi\u00adca\u00adlisme sera en mesure, le moment venu, de faire face \u00e0 toutes les n\u00e9ces\u00adsi\u00adt\u00e9s r\u00e9vo\u00adlu\u00adtion\u00adnaires, <em>de suf\u00adfire seul \u00e0 cette t\u00e2che<\/em>.<\/p>\n<p>En d\u00e9ter\u00admi\u00adnant de cette fa\u00e7on le r\u00f4le du syn\u00addi\u00adca\u00adlisme, le Congr\u00e8s de Lyon <em>\u00e0 non seule\u00adment rom\u00adpu la neu\u00adtra\u00adli\u00adt\u00e9 tra\u00addi\u00adtion\u00adnelle du syn\u00addi\u00adca\u00adlisme vis-\u00e0-vis des par\u00adtis poli\u00adtiques \u2013 de tous les par\u00adtis&nbsp;; mais encore il lui a don\u00adn\u00e9 mis\u00adsion de pro\u00advo\u00adquer leur dis\u00adpa\u00adri\u00adtion pour consti\u00adtuer la force unique de classe<\/em>.<\/p>\n<p>Cette atti\u00adtude nette \u2013 qui sera sans doute \u00e2pre\u00adment com\u00adbat\u00adtue \u2013 est cepen\u00addant par\u00adfai\u00adte\u00adment logique. Elle s\u2019explique tr\u00e8s bien. Et tous ceux qui admettent qu\u2019il y a contra\u00addic\u00adtion abso\u00adlue, totales, d\u00e9fi\u00adni\u00adtive, entre les buts que se sont res\u00adpec\u00adti\u00adve\u00adment assi\u00adgn\u00e9s et les par\u00adtis poli\u00adtiques et le syn\u00addi\u00adca\u00adlisme, com\u00adpren\u00addront cette affir\u00adma\u00adtion his\u00adto\u00adrique du Congr\u00e8s de&nbsp;Lyon.<\/p>\n<p>\u00c0 ce sujet, \u00e0 titre de ren\u00adsei\u00adgne\u00adments, je prie nos lec\u00adteurs de se repor\u00adter \u00e0 l\u2019article por\u00adtant comme titre&nbsp;: <sc>\u00eatre ou ne pas \u00eatre<\/sc>, paru dans le n\u00b05 de la <em>Voix du Tra\u00advail<\/em>.<\/p>\n<p>Je leur demande \u00e9ga\u00adle\u00adment de lire et de relire la r\u00e9so\u00adlu\u00adtion de Lyon, avant d\u2019envisager en d\u00e9tail les<br>\npro\u00adbl\u00e8mes qu\u2019elle pose.<\/p>\n<p>Aujourd\u2019\u00adhui, j\u2019examinerai [le r\u00f4le des tech\u00adni\u00adciens, avant, pen\u00addant et apr\u00e8s la r\u00e9vo\u00adlu\u00adtion.<\/p>\n<p>[|<b> \u2013 O \u2013 <\/b>|]<\/p>\n<p>Il est de toute \u00e9vi\u00addence qu\u2019en d\u00e9cla\u00adrant que&nbsp;: \u00ab&nbsp;<em>En r\u00e9unis\u00adsant, d\u00e8s que pos\u00adsible, dans un m\u00eame orga\u00adnisme, toutes les forces qui concourent \u00e0 la vie sociale, le syn\u00addi\u00adca\u00adlisme sera en mesure, d\u00e8s le com\u00admen\u00adce\u00adment de la r\u00e9vo\u00adlu\u00adtion, de prendre en mains, par tous ses organes, la direc\u00adtion de la pro\u00adduc\u00adtion et l\u2019administration de la vie sociale<\/em>&nbsp;\u00bb, le Congr\u00e8s a affir\u00adm\u00e9 son d\u00e9sir de com\u00adpl\u00e9\u00adter, en la modi\u00adfiant pro\u00adfon\u00add\u00e9\u00adment la struc\u00adture et la com\u00adpo\u00adsi\u00adtion des organes du syndicalisme.<\/p>\n<p>Lors\u00adqu\u2019il pr\u00e9\u00adcise sa pen\u00ads\u00e9e en fai\u00adsant appel aux tech\u00adni\u00adciens, aux savants et aux pay\u00adsans&nbsp;; lors\u00adqu\u2019il affirme que seule, l\u2019union solide de tous ces \u00e9l\u00e9\u00adments assu\u00adre\u00adra le suc\u00adc\u00e8s de la r\u00e9vo\u00adlu\u00adtion, le Congr\u00e8s entend par l\u00e0 qu\u2019il faut pr\u00e9\u00adpa\u00adrer, <em>d\u00e8s main\u00adte\u00adnant<\/em>, cette col\u00adla\u00adbo\u00adra\u00adtion, en ten\u00adtant de faire ren\u00adtrer toutes ces forces indis\u00adpen\u00adsables <em>dans les cadres conf\u00e9\u00add\u00e9\u00adraux<\/em>.<\/p>\n<p>Ce n\u2019est, certes, pas chose facile, ais\u00e9e. Mais, <em>sous peine d\u2019\u00eatre tota\u00adle\u00adment au-des\u00adsous de sa t\u00e2che<\/em>, le syn\u00addi\u00adca\u00adlisme doit r\u00e9a\u00adli\u00adser cela, aus\u00adsi rapi\u00adde\u00adment que possible.<\/p>\n<p>Ces obs\u00adtacles seront de deux ordres&nbsp;: <em>psy\u00adcho\u00adlo\u00adgiques<\/em> et <em>Mat\u00e9\u00adriels<\/em>. Ils vien\u00addront aus\u00adsi de deux c\u00f4t\u00e9s&nbsp;: <em>des ouvriers et des tech\u00adni\u00adciens<\/em>.<\/p>\n<p>Il y a, de part et d\u2019autre, une mutua\u00adli\u00adt\u00e9 nou\u00advelle \u00e0 faire na\u00eetre, \u00e0 d\u00e9ve\u00adlop\u00adper, \u00e0 ancrer dans les cer\u00adveaux&nbsp;: Seule, chez le man\u0153uvre comme chez l\u2019intellectuel, <em>la notion exacte de classe<\/em> peut per\u00admettre de sur\u00admon\u00adter les dif\u00adfi\u00adcul\u00adt\u00e9s de tous ordres.<\/p>\n<p>Si on admet que tous les indi\u00advi\u00addus qui <em>touchent un salaire ou un trai\u00adte\u00adment et ceux qui n\u2019exploitent per\u00adsonne, appar\u00adtiennent, de fait<\/em>, \u00e0 la classe ouvri\u00e8re, il est incon\u00adtes\u00adtable que les tech\u00adni\u00adciens et les savants \u2013 sala\u00adri\u00e9s par le patro\u00adnat ou par l\u2019\u00c9tat \u2013 les arti\u00adsans de la ville et de la cam\u00adpagne, ne sau\u00adraient \u00eatre reje\u00adt\u00e9s dans la classe capi\u00adta\u00adliste. Ce serait, d\u2019ailleurs, <em>\u00e9co\u00adno\u00admi\u00adque\u00adment<\/em> inexact.<\/p>\n<p>En accep\u00adtant ce pos\u00adtu\u00adlat, on for\u00admule net\u00adte\u00adment la d\u00e9fi\u00adni\u00adtion r\u00e9elle de la classe. De m\u00eame, on en d\u00e9ter\u00admine les \u00e9l\u00e9\u00adments consti\u00adtu\u00adtifs et on en fixe le cadre g\u00e9n\u00e9ral.<\/p>\n<p>Certes, je sais qu\u2019une \u00e9du\u00adca\u00adtion ancienne, erro\u00adn\u00e9e, fera s\u2019\u00e9lever peut-\u00eatre, avec une vio\u00adlence un peu mys\u00adtique, cer\u00adtains ouvriers et cer\u00adtains intel\u00adlec\u00adtuels contre une telle concep\u00adtion de la \u00ab&nbsp;<em>classe<\/em>&nbsp;\u00bb.<\/p>\n<p>Aux uns et aux autres, je demande de rai\u00adson\u00adner. Je leur demande, en pre\u00admier lieu, de reje\u00adter l\u2019id\u00e9e de la \u00ab&nbsp;<em>classe dite moyenne<\/em>&nbsp;\u00bb qui, selon eux, tient vrai\u00adment une place entre la classe ouvri\u00e8re et&nbsp;la<br>\nclasse capitaliste.<\/p>\n<p>Un exa\u00admen s\u00e9rieux de la ques\u00adtion leur per\u00admet\u00adtra de se rendre compte que cette classe tam\u00adpon n\u2019existe pas r\u00e9el\u00adle\u00adment. L\u2019observation des faits sociaux leur d\u00e9mon\u00adtre\u00adra que l\u2019antagonisme \u00e9co\u00adno\u00admique des chasses a tou\u00adjours obli\u00adg\u00e9 la \u00ab&nbsp;<em>classe moyenne<\/em>&nbsp;\u00bb \u00e0 se ral\u00adlier \u00e0 l\u2019une ou l\u2019autre des forces en pr\u00e9\u00adsence qui consti\u00adtuent <em>les deux p\u00f4les<\/em> d\u2019attraction du mou\u00adve\u00adment social.<\/p>\n<p>Il n\u2019est pas niable que la \u00ab&nbsp;<em>classe dite moyenne<\/em>&nbsp;\u00bb n\u2019a pas tou\u00adjours com\u00adprit son devoir et ses v\u00e9ri\u00adtables int\u00e9\u00adr\u00eats et qu\u2019\u00e0 maintes reprises elle a pac\u00adti\u00ads\u00e9 avec le capi\u00adta\u00adlisme, li\u00e9 son sort \u00e0 celui-ci. Il est non moins cer\u00adtain que, reniant leur ori\u00adgine, des tech\u00adni\u00adciens, des agents de ma\u00ee\u00adtrise \u00e0 tous les degr\u00e9s oublient sou\u00advent, trop sou\u00advent, tout ou par\u00adtie de leurs devoirs de classe et se font les auxi\u00adliaires ou les ser\u00advi\u00adteurs du capi\u00adta\u00adlisme qui \u00ab&nbsp;<em>savent<\/em>&nbsp;\u00bb leur aban\u00addon\u00adner, \u00e0 bon escient, une par\u00adcelle de leur auto\u00adri\u00adt\u00e9, sans ces\u00adser cepen\u00addant de les contr\u00f4\u00adler \u00e9troitement.<\/p>\n<p>Cette auto\u00adri\u00adt\u00e9, qu\u2019ils exercent par pro\u00adcu\u00adra\u00adtion, une r\u00e9mu\u00adn\u00e9\u00adra\u00adtion rela\u00adti\u00adve\u00adment \u00e9le\u00adv\u00e9e, les portent \u00e0 se consi\u00add\u00e9\u00adrer au-des\u00adsus des autres sala\u00adri\u00e9s, \u00e0 les d\u00e9dai\u00adgner parfois.<\/p>\n<p>Ils croient, fort cou\u00adram\u00adment, que les tech\u00adni\u00adciens, les agents de ma\u00ee\u00adtrise, consti\u00adtuent une sorte \u00ab&nbsp;<em>d\u2019aristocratie inter\u00adm\u00e9\u00addiaire<\/em>&nbsp;\u00bb.<\/p>\n<p>Pour\u00adtant, la bar\u00adri\u00e8re toute th\u00e9o\u00adrique qu\u2019ils ont ain\u00adsi \u00e9di\u00adfi\u00e9e, pour se s\u00e9pa\u00adrer de la classe ouvri\u00e8re et ten\u00adter d\u2019incorporer \u00e0 la classe bour\u00adgeoise qui leur reste fer\u00adm\u00e9e, hos\u00adtile et d\u00e9dai\u00adgneuse, est toute th\u00e9o\u00adrique. Elle n\u2019existe que dans leur esprit faus\u00ads\u00e9 par l\u2019orgueil et l\u2019id\u00e9e inexacte qu\u2019ils ont de leur valeur, de leurs connais\u00adsances, de leur indis\u00adpen\u00adsa\u00adbi\u00adli\u00adt\u00e9. Elle est, aus\u00adsi, fra\u00adgile et, tou\u00adjours elle fut empor\u00adt\u00e9e par les bou\u00adle\u00adver\u00adse\u00adments occa\u00adsion\u00adn\u00e9s par les grands mou\u00adve\u00adments sociaux de l\u2019histoire.<\/p>\n<p>Il importe, aujourd\u2019\u00adhui, de faire dis\u00adpa\u00adra\u00eetre cet obs\u00adtacle moral, de r\u00e9in\u00adt\u00e9\u00adgrer cha\u00adcun dans sa <em>classe de fait<\/em>, de lui faire com\u00adprendre qu\u2019il ne doit plus la quitter.<\/p>\n<p>Ce r\u00e9sul\u00adtat peut \u00eatre obte\u00adnu si les tech\u00adni\u00adciens et les agents de ma\u00ee\u00adtrise \u2013 sans les\u00adquels nous ne pou\u00advons que peu de choses, mais qui ne peuvent rien sans nous \u2013 savent conci\u00adlier les exi\u00adgences de leur r\u00f4le actuel avec celles, plus imp\u00e9\u00adrieuses, de leur devoir de classe.<\/p>\n<p>S\u2019ils ont cette atti\u00adtude, la m\u00e9fiance des ouvriers, des employ\u00e9s, \u00e0 leur \u00e9gard s\u2019att\u00e9nuera peu \u00e0 peu, pour finir par dis\u00adpa\u00adra\u00eetre totalement.<\/p>\n<p>Mis en confiance, les ouvriers accueillent les nou\u00adveaux venus \u00e0 leurs c\u00f4t\u00e9s. Ils leur font une place sur le m\u00eame plan, <em>ni au-des\u00adsous, ni au-des\u00adsus d\u2019eux<\/em>.<\/p>\n<p>C\u2019est ain\u00adsi que se cr\u00e9e\u00adra l\u2019harmonie, pr\u00e9\u00adlude de la col\u00adla\u00adbo\u00adra\u00adtion et fac\u00adteur essen\u00adtiel de l\u2019action.<\/p>\n<p>Il appar\u00adtient donc, d\u2019une part, aux tech\u00adni\u00adciens, aux agents de ma\u00ee\u00adtrise de pro\u00advo\u00adquer cette confiance chez les ouvriers \u2013 dont les res\u00adsen\u00adti\u00adments sont loin d\u2019\u00eatre tota\u00adle\u00adment injus\u00adti\u00adfi\u00e9s \u2013 et, d\u2019autre part, aux ouvriers de com\u00adprendre une telle \u00e9volution.<\/p>\n<p>Pro\u00adbl\u00e8me ardu, dif\u00adfi\u00adcile \u00e0 r\u00e9soudre, d\u2019autant plus redou\u00adtable qu\u2019il est d\u2019ordre moral, qui doit, pour\u00adtant, rece\u00advoir une solu\u00adtion posi\u00adtive et rapide, si on veut que le syn\u00addi\u00adca\u00adlisme soit en mesure de <em>pr\u00e9\u00adpa\u00adrer ses propres cadres r\u00e9vo\u00adlu\u00adtion\u00adnaires<\/em>, ceux qui \u00e9du\u00adque\u00adront d\u2019abord les masses ouvri\u00e8res et devront, le moment venu, prendre en mains les r\u00eanes de l\u2019organisation sociale.<\/p>\n<p>[|<b> \u2013 O \u2013 <\/b>|]<\/p>\n<p>Cer\u00adtains cama\u00adrades \u00ab&nbsp;<em>trop ouvri\u00e9\u00adristes<\/em>&nbsp;\u00bb, \u00e0 mon sens, se demandent pour\u00adquoi nous tenons abso\u00adlu\u00adment \u00e0 avoir avec nous, dans notre mou\u00adve\u00adment, les forces tech\u00adniques et scientifiques.<\/p>\n<p>Leur inqui\u00e9\u00adtude les force pour\u00adtant \u00e0 r\u00e9fl\u00e9\u00adchir et un obser\u00adva\u00adteur atten\u00adtif se rend compte qu\u2019un voile se d\u00e9chire devant leurs&nbsp;yeux.<\/p>\n<p>Pour la pre\u00admi\u00e8re fois, ils doutent de la valeur des ensei\u00adgne\u00adments qu\u2019ils ont re\u00e7us. Ils ne sont plus cer\u00adtains qu\u2019ils sont, <em>\u00e0 eux seuls<\/em>, capables de r\u00e9soudre tous les pro\u00adbl\u00e8mes r\u00e9vo\u00adlu\u00adtion\u00adnaires. Il leur appa\u00adra\u00eet aujourd\u2019\u00adhui, apr\u00e8s les grands \u00e9v\u00e9\u00adne\u00adments de ces dix der\u00adni\u00e8res ann\u00e9es, qu\u2019ils ont quelque chose \u00e0 apprendre, qu\u2019ils doivent com\u00adpl\u00e9\u00adter leurs connais\u00adsances sociales, modi\u00adfier leurs orga\u00adnismes, les adap\u00adter aux n\u00e9ces\u00adsi\u00adt\u00e9s. Ils sentent tout cela confu\u00ads\u00e9\u00adment, mais ils paraissent ne pas l\u2019accepter sans r\u00e9ti\u00adcences, parce que leur \u00e9du\u00adca\u00adtion pre\u00admi\u00e8re p\u00e8se encore sur eux de tout son&nbsp;poids.<\/p>\n<p>Ils ne sai\u00adsissent pas encore, en g\u00e9n\u00e9\u00adral, toute la dif\u00adf\u00e9\u00adrence qu\u2019il y a entre le mou\u00adve\u00adment social d\u2019au\u00adjourd\u2019\u00adhui avec celui qui exis\u00adtait il y a 25&nbsp;ans.<\/p>\n<p>Ils la pres\u00adsentent cepen\u00addant. Ils la com\u00adpren\u00addront sous peu, lorsque notre mou\u00adve\u00adment ouvrier pas\u00adse\u00adra d\u00e9fi\u00adni\u00adti\u00adve\u00adment de l\u2019adolescence tapa\u00adgeuse \u2013 natu\u00adrelle d\u2019ailleurs \u2013 \u00e0 la matu\u00adri\u00adt\u00e9 r\u00e9a\u00adli\u00adsa\u00adtrice \u2013 non moins naturelle.<\/p>\n<p>Ils se ren\u00addront compte alors que les <em>forces manuelles, tech\u00adniques et scien\u00adti\u00adfiques<\/em>, dont la conju\u00adgai\u00adson assure la vie sociale en r\u00e9gime capi\u00adta\u00adliste, seront non moins n\u00e9ces\u00adsaires au syn\u00addi\u00adca\u00adlisme pour assu\u00adrer la marche d\u2019un ordre nou\u00adveau, si dif\u00adf\u00e9\u00adrent que celui-ci soit de l\u2019ancien.<\/p>\n<p>Ils se ren\u00addront compte \u00e9ga\u00adle\u00adment que si l\u2019un des fac\u00adteurs \u2013 qui sont trop essen\u00adtiels \u2013 fait d\u00e9faut, c\u2019est la faillite cer\u00adtaine du syst\u00e8me.<\/p>\n<p>Et ceci s\u2019appliquera aus\u00adsi bien aux tech\u00adni\u00adciens qu\u2019aux ouvriers, aux savants qu\u2019aux manuels.<\/p>\n<p>Si ni les uns ni les autres ne le com\u00adpre\u00adnaient il n\u2019y aurait pas de vraie r\u00e9vo\u00adlu\u00adtion sociale pos\u00adsible et les par\u00adtis seraient assu\u00adr\u00e9s de triom\u00adpher, une fois de plus, par une r\u00e9vo\u00adlu\u00adtion pure\u00adment politique.<\/p>\n<p>Je conserve l\u2019espoir qu\u2019il en sera autre\u00adment. Mais, je dis, avec force, encore une fois, aux ouvriers&nbsp;: <em>Nous ne pou\u00advons presque rien sans les tech\u00adni\u00adciens, et \u00e0 ceux-ci&nbsp;: Vous ne pou\u00advez abso\u00adlu\u00adment rien sans les ouvriers<\/em>.<\/p>\n<p>Aux ouvriers je dis encore&nbsp;: <em>Vous n\u2019avez que des connais\u00adsances rudi\u00admen\u00adtaires dans tous les domaines&nbsp;; bien peu. d\u2019entre vous sont capables de diri\u00adger de grandes entre\u00adprises, de conce\u00advoir et de faire ex\u00e9\u00adcu\u00adter de grands tra\u00advaux&nbsp;; vous pos\u00ads\u00e9\u00addez moins encore le coup d\u2019\u0153il d\u2019ensemble du guide char\u00adg\u00e9 d\u2019assurer, dans sa com\u00adplexi\u00adt\u00e9, la marche des grands ser\u00advices essen\u00adtiels&nbsp;: che\u00admins de fer, postes, ports, etc<\/em>.<\/p>\n<p>Vous avez donc, besoin des ser\u00advices des tech\u00adni\u00adciens connais\u00adsant ce fonc\u00adtion\u00adne\u00adment et pos\u00ads\u00e9\u00addant, par leurs \u00e9tudes, par leur for\u00adma\u00adtion, les qua\u00adli\u00adt\u00e9s ci-des\u00adsus, qui vous font d\u00e9faut.<\/p>\n<p>Par contre, vous ouvriers, vous pos\u00ads\u00e9\u00addez \u00e0 un plus haut degr\u00e9, g\u00e9n\u00e9\u00adra\u00adle\u00adment, le sens social. Vous pou\u00advez, sou\u00advent, par l\u2019\u00e9ducation pra\u00adtique acquise dans vos luttes, indi\u00adquer le but \u00e0 atteindre&nbsp;; vous \u00eates par\u00adfai\u00adte\u00adment sus\u00adcep\u00adtibles, dans bien des cas, de tra\u00adcer le cadre g\u00e9n\u00e9\u00adral, dans lequel vous vou\u00adlez r\u00e9a\u00adli\u00adser votre affran\u00adchis\u00adse\u00adment et, aus\u00adsi, celui de la struc\u00adture sociale nouvelle.<\/p>\n<p>Votre r\u00f4le est-il moins grand que celui des tech\u00adni\u00adciens&nbsp;? Non, il est diff\u00e9rent.<\/p>\n<p>Ayant, par ailleurs, pos\u00e9 le prin\u00adcipe de l\u2019\u00e9galit\u00e9 de tous \u00e9l\u00e9\u00adments, je trouve nor\u00admal que tech\u00adni\u00adciens et manuels par\u00adti\u00adcipent <em>\u00e9ga\u00adle\u00adment<\/em> \u00e0 la direc\u00adtion de l\u2019appareil social&nbsp;; que les uns et les autres, s\u2019ils en sont <em>\u00e9ga\u00adle\u00adment<\/em> capables, en assurent conjoin\u00adte\u00adment le fonc\u00adtion\u00adne\u00adment \u00e0 tous les degr\u00e9s.<\/p>\n<p>Qu\u2019on ne vienne pas me dire qu\u2019on peut s\u00e9pa\u00adrer la tech\u00adnique de la main-d\u2019\u0153uvre et <em>vice-ver\u00adsa<\/em>, ou que la seconde, par la for\u00adma\u00adtion rapide de demi-tech\u00adni\u00adciens, peut rem\u00adpla\u00adcer la pre\u00admi\u00e8re. C\u2019est impos\u00adsible et il faut s\u2019en rendre compte.<\/p>\n<p>Aux tech\u00adni\u00adciens, je d\u00e9clare&nbsp;: <em>Sans le concours des manuels vous ne pou\u00advez abso\u00adlu\u00adment rien. En outre votre for\u00adma\u00adtion, votre genre de vie ont faus\u00ads\u00e9 votre sens social. Vous \u00eates, en g\u00e9n\u00e9\u00adral, imbus de mul\u00adtiples pr\u00e9\u00adju\u00adg\u00e9s&nbsp;; vous croyez votre situa\u00adtion tr\u00e8s sup\u00e9\u00adrieure \u00e0 ce qu\u2019elle est r\u00e9el\u00adle\u00adment. Vous vous ima\u00adgi\u00adnez que vous \u00eates n\u00e9s pour com\u00adman\u00adder et diri\u00adger et vous ne savez pas appr\u00e9\u00adcier \u00e0 leur valeur les autres forces de la pro\u00adduc\u00adtion, aus\u00adsi n\u00e9ces\u00adsaires que vous-m\u00eames \u00e0 la vie sociale<\/em>.<\/p>\n<p>Vous devez vous d\u00e9bar\u00adras\u00adser de ce lourd et faux bagage. Ce n\u2019est qu\u2019\u00e0 cette condi\u00adtion que vous pour\u00adrez jouer le r\u00f4le social consi\u00add\u00e9\u00adrable qui est le v\u00f4tre par des\u00adti\u00adna\u00adtion, <em>avant, pen\u00addant et apr\u00e8s la r\u00e9vo\u00adlu\u00adtion<\/em>.<\/p>\n<p>[|<b> \u2013 O \u2013 <\/b>|]<\/p>\n<p>En d\u00e9cla\u00adrant qu\u2019il fal\u00adlait \u00e9lar\u00adgir son champ de recru\u00adte\u00adment et pr\u00e9\u00adpa\u00adrer les cadres r\u00e9vo\u00adlu\u00adtion\u00adnaires du syn\u00addi\u00adca\u00adlisme, j\u2019ose croire que le Congr\u00e8s de Lyon n\u2019a pas vou\u00adlu faire une affir\u00adma\u00adtion de plus que les congr\u00e8s pr\u00e9\u00adc\u00e9\u00addents et s\u2019en tenir&nbsp;l\u00e0.<\/p>\n<p>J\u2019imagine donc que cette affir\u00adma\u00adtion est s\u00e9rieuse et qu\u2019il s\u2019agit r\u00e9el\u00adle\u00adment de ten\u00adter de la mat\u00e9\u00adria\u00adli\u00adser pratiquement.<\/p>\n<p>Lais\u00adsons de c\u00f4t\u00e9 le recru\u00adte\u00adment et l\u2019organisation, du moins pour le moment. Tenons-nous-en \u00e0 la pr\u00e9\u00adpa\u00adra\u00adtion des cadres r\u00e9volutionnaires.<\/p>\n<p>Il est hors de doute que ce n\u2019est pas \u00e0 l\u2019heure de l\u2019action qu\u2019il fau\u00addra tout impro\u00advi\u00adser. Il faut, au contraire, pr\u00e9\u00adpa\u00adrer lon\u00adgue\u00adment et ne lais\u00adser \u00e0 l\u2019improvisation que le minimum.<\/p>\n<p>D\u00e8s main\u00adte\u00adnant, d\u2019ailleurs, pour les luttes sociales actuelles, il est n\u00e9ces\u00adsaire de ren\u00adfor\u00adcer nos moyens d\u2019action.<\/p>\n<p>Le Congr\u00e8s de Lyon a indi\u00adqu\u00e9 clai\u00adre\u00adment com\u00adment il enten\u00addait que le syn\u00addi\u00adca\u00adlisme agisse. Il a pos\u00e9, \u00e0 cet \u00e9gard, une reven\u00addi\u00adca\u00adtion pr\u00e9\u00adcise&nbsp;: <em>le contr\u00f4le syn\u00addi\u00adcal de la pro\u00adduc\u00adtion<\/em>.<\/p>\n<p>C\u2019est, de beau\u00adcoup, la reven\u00addi\u00adca\u00adtion la plus com\u00adpl\u00e8te du pro\u00adl\u00e9\u00adta\u00adriat. Elle va <em>du droit de regard \u00e0 la conqu\u00eate de l\u2019entreprise<\/em>.<\/p>\n<p>En intro\u00addui\u00adsant le <em>contr\u00f4le syn\u00addi\u00adcal<\/em> dans l\u2019entreprise, on fait p\u00e9n\u00e9\u00adtrer la puis\u00adsance syn\u00addi\u00adcale dans la for\u00adte\u00adresse capi\u00adta\u00adliste. La br\u00e8che du d\u00e9but s\u2019\u00e9largit au fur et \u00e0 mesure que le contr\u00f4le devient plus pr\u00e9\u00adcis, plus vigou\u00adreux, que les com\u00admis\u00adsions de v\u00e9ri\u00adfi\u00adca\u00adtion et de pro\u00adpa\u00adgande syn\u00addi\u00adcale se montrent plus aptes \u00e0 la besogne et font recu\u00adler, par leurs capa\u00adci\u00adt\u00e9s et leur action syn\u00addi\u00adcale, l\u2019autorit\u00e9 patronale.<\/p>\n<p><em>Le contr\u00f4le syn\u00addi\u00adcal doit s\u2019exercer dans com\u00adpro\u00admis\u00adsion ni liai\u00adson avec le patro\u00adnat<\/em>, par le seul jeu des organes consti\u00adtu\u00e9s pour cette besogne&nbsp;: par les syndicats.<\/p>\n<p>Connais\u00adsant par les inves\u00adti\u00adga\u00adtions des contr\u00f4\u00adleurs d\u00e9si\u00adgn\u00e9s, le nombre et la pro\u00adve\u00adnance des com\u00admandes&nbsp;; sachant d\u2019o\u00f9 viennent et \u00e0 quel prix entrent les mati\u00e8res pre\u00admi\u00e8res&nbsp;; pou\u00advant d\u00e9ter\u00admi\u00adner la valeur des trans\u00adfor\u00adma\u00adtions suc\u00adces\u00adsives subies par le pro\u00adduit avant d\u2019\u00eatre fini et par\u00adtant le prix de revient et le prix de vente, les syn\u00addi\u00adcats seront \u00e0 m\u00eame de contr\u00f4\u00adler <em>l\u2019embauchage, la dur\u00e9e du tra\u00advail, le salaire et le co\u00fbt de la vie<\/em>, en cen\u00adtra\u00adli\u00adsant les sta\u00adtis\u00adtiques indus\u00adtrielles locales.<\/p>\n<p>Ils seront dont arm\u00e9s pour poser, \u00e0 coup s\u00fbr, avec preuves \u00e0 l\u2019appui, toutes leurs revendications.<\/p>\n<p>Il est cer\u00adtain, \u00e9ga\u00adle\u00adment, que la pra\u00adtique du contr\u00f4le d\u00e9ve\u00adlop\u00adpe\u00adra chez les ouvriers la capa\u00adci\u00adt\u00e9 de ges\u00adtion et qu\u2019apr\u00e8s un cer\u00adtain temps d\u2019apprentissage, ils seront en mesure de par\u00adti\u00adci\u00adper avec clair\u00advoyance, \u00e0 la marche et \u00e0 la direc\u00adtion des grandes entre\u00adprises, apr\u00e8s la chute du capitalisme.<\/p>\n<p>Et c\u2019est l\u00e0 o\u00f9 les tech\u00adni\u00adciens peuvent jouer un grand&nbsp;r\u00f4le.<\/p>\n<p>Si ce contr\u00f4le syn\u00addi\u00adcal peut s\u2019exercer sans eux, il est \u00e9vident qu\u2019il devien\u00addra plus facile avec leur concours.<\/p>\n<p>Par eux, les syn\u00addi\u00adcats pour\u00adront obte\u00adnir des ren\u00adsei\u00adgne\u00adments plus pr\u00e9\u00adcis&nbsp;; avec leur par\u00adti\u00adci\u00adpa\u00adtion \u00e0 la vie active, nous aurons, en eux, des guides tech\u00adniques pr\u00e9\u00adcieux qui pour\u00adront \u00e9du\u00adquer les ouvriers qui seront d\u00e9si\u00adgn\u00e9s pour exer\u00adcer les d\u00e9li\u00adcates fonc\u00adtions de contr\u00f4\u00adleurs dans les rouages com\u00adpli\u00adqu\u00e9s des grandes entre\u00adprises modernes.<\/p>\n<p>C\u2019est l\u00e0 le r\u00f4le du tech\u00adni\u00adcien ayant la r\u00e9volution.<\/p>\n<p>Lorsque celle-ci \u00e9cla\u00adte\u00adra, lors\u00adqu\u2019il fau\u00addra remettre en marche l\u2019appareil de la pro\u00adduc\u00adtion, le concours des tech\u00adni\u00adciens sera indis\u00adpen\u00adsable. Selon que les ouvriers et les pay\u00adsans les auront comme amis ou adver\u00adsaires, la r\u00e9vo\u00adlu\u00adtion pro\u00adgres\u00adse\u00adra ou stag\u00adne\u00adra. Et stag\u00adner, c\u2019est recu\u00adler. La r\u00e9vo\u00adlu\u00adtion russe consti\u00adtue, \u00e0 cet \u00e9gard, un ensei\u00adgne\u00adment qu\u2019il ne faut pus perdre de&nbsp;vue.<\/p>\n<p>Il ne faut pas son\u00adger \u00e0 asser\u00advir les tech\u00adni\u00adciens \u00e0 la classe ouvri\u00e8re, comme la bour\u00adgeoi\u00adsie le fait actuel\u00adle\u00adment. Cette mani\u00adfes\u00adta\u00adtion de force se ter\u00admi\u00adne\u00adrait par un acte d\u2019impuissance et peut-\u00eatre l\u2019octroi for\u00adc\u00e9 aux int\u00e9\u00adres\u00ads\u00e9s de pri\u00advi\u00adl\u00e8ges sp\u00e9\u00adciaux qu\u2019il convient, d\u2019\u00e9carter \u00e0 jamais si on ne veut, d\u2019une fa\u00e7on ou d\u2019une autre, faire revivre \u00ab&nbsp;la&nbsp;caste&nbsp;\u00bb.<\/p>\n<p>Nous avons donc besoin des tech\u00adni\u00adciens pour la besogne de pr\u00e9\u00adpa\u00adra\u00adtion r\u00e9vo\u00adlu\u00adtion\u00adnaire, pour le d\u00e9ve\u00adlop\u00adpe\u00adment de celle-ci et, il va sans dire, apr\u00e8s, pour sta\u00adbi\u00adli\u00adser les conqu\u00eates prol\u00e9tariennes.<\/p>\n<p>Mais, je le r\u00e9p\u00e8te, ils ont encore plus besoin de nous que nous n\u2019avons besoin d\u2019eux et ceci me conduit \u00e0 affir\u00admer que c\u2019est dans le sein d\u2019un mou\u00adve\u00adment unique que cette col\u00adla\u00adbo\u00adra\u00adtion n\u00e9ces\u00adsaire doit prendre nais\u00adsance, se for\u00adti\u00adfier, pour s\u2019affirmer indis\u00adso\u00adluble, le moment venu.<\/p>\n<p>Aux ouvriers et aux tech\u00adni\u00adciens de le com\u00adprendre, de pra\u00adti\u00adquer l\u2019union du tra\u00advail manuel et du tra\u00advail intel\u00adlec\u00adtuel, comme l\u2019a si magis\u00adtra\u00adle\u00adment expo\u00ads\u00e9 <em>Pierre Kro\u00adpot\u00adkine<\/em>.<\/p>\n<p>Ce n\u2019est qu\u2019\u00e0 cette condi\u00adtion que le syn\u00addi\u00adca\u00adlisme, apr\u00e8s s\u2019\u00eatre assu\u00adr\u00e9 \u00e9ga\u00adle\u00adment le concours des pay\u00adsans, sera en mesure de suf\u00adfire \u00e0 toute la besogne r\u00e9vo\u00adlu\u00adtion\u00adnaire, sans craindre la dic\u00adta\u00adture des par\u00adtis et la domi\u00adna\u00adtion des\u00adpo\u00adtique de l\u2019\u00c9tat.<\/p>\n<p>[\/\u200bPierre <sc>Bes\u00adnard<\/sc>.\/\u200b]<\/p>\n<\/div>\n","protected":false},"excerpt":{"rendered":"<p>Il n\u2019est pas dou\u00adteux que la r\u00e9so\u00adlu\u00adtion vot\u00e9e \u00e0 Lyon par le Congr\u00e8s consti\u00adtu\u00adtif de la CGTSR pose un nombre impor\u00adtant de ques\u00adtions tr\u00e8s graves, vitales pour l\u2019avenir de notre mou\u00adve\u00adment. De leur solu\u00adtion pra\u00adtique, fai\u00adsant suite \u00e0 l\u2019affirmation th\u00e9o\u00adrique, d\u00e9pend ou le salut ou l\u2019asservissement \u2013 sous quelque forme que ce soit \u2013&nbsp;du&nbsp;[\u2026]<\/p>\n","protected":false},"author":1,"featured_media":0,"comment_status":"closed","ping_status":"closed","sticky":false,"template":"","format":"standard","meta":{"wp_typography_post_enhancements_disabled":false,"footnotes":""},"categories":[510],"tags":[],"ppma_author":[540],"class_list":["post-4155","post","type-post","status-publish","format-standard","hentry","category-la-voix-du-travail-na6-janvier-1927"],"authors":[{"term_id":540,"user_id":1,"is_guest":0,"slug":"admin_3gikpwyf","display_name":"Vincent Dubuc","avatar_url":"https:\/\/secure.gravatar.com\/avatar\/d015720652c25fd2ced191ade86430094e1f288a17483713e3b34d26dea52507?s=96&d=mm&r=g","author_category":"","user_url":"https:\/\/la-presse-anarchiste.net","last_name":"Dubuc","first_name":"Vincent","job_title":"","description":""}],"_links":{"self":[{"href":"https:\/\/la-presse-anarchiste.net\/index.php\/wp-json\/wp\/v2\/posts\/4155","targetHints":{"allow":["GET"]}}],"collection":[{"href":"https:\/\/la-presse-anarchiste.net\/index.php\/wp-json\/wp\/v2\/posts"}],"about":[{"href":"https:\/\/la-presse-anarchiste.net\/index.php\/wp-json\/wp\/v2\/types\/post"}],"author":[{"embeddable":true,"href":"https:\/\/la-presse-anarchiste.net\/index.php\/wp-json\/wp\/v2\/users\/1"}],"replies":[{"embeddable":true,"href":"https:\/\/la-presse-anarchiste.net\/index.php\/wp-json\/wp\/v2\/comments?post=4155"}],"version-history":[{"count":0,"href":"https:\/\/la-presse-anarchiste.net\/index.php\/wp-json\/wp\/v2\/posts\/4155\/revisions"}],"wp:attachment":[{"href":"https:\/\/la-presse-anarchiste.net\/index.php\/wp-json\/wp\/v2\/media?parent=4155"}],"wp:term":[{"taxonomy":"category","embeddable":true,"href":"https:\/\/la-presse-anarchiste.net\/index.php\/wp-json\/wp\/v2\/categories?post=4155"},{"taxonomy":"post_tag","embeddable":true,"href":"https:\/\/la-presse-anarchiste.net\/index.php\/wp-json\/wp\/v2\/tags?post=4155"},{"taxonomy":"author","embeddable":true,"href":"https:\/\/la-presse-anarchiste.net\/index.php\/wp-json\/wp\/v2\/ppma_author?post=4155"}],"curies":[{"name":"wp","href":"https:\/\/api.w.org\/{rel}","templated":true}]}}