{"id":416,"date":"2007-05-27T23:32:23","date_gmt":"2007-05-27T23:32:23","guid":{"rendered":"https:\/\/la-presse-anarchiste.net\/index.php\/2007\/05\/27\/causeries-suite\/"},"modified":"2007-05-27T23:32:23","modified_gmt":"2007-05-27T23:32:23","slug":"causeries-suite","status":"publish","type":"post","link":"https:\/\/la-presse-anarchiste.net\/index.php\/2007\/05\/27\/causeries-suite\/","title":{"rendered":"Causeries (suite)"},"content":{"rendered":"<div class=\"pdfprnt-buttons pdfprnt-buttons-post pdfprnt-top-right\"><a href=\"https:\/\/la-presse-anarchiste.net\/index.php\/wp-json\/wp\/v2\/posts\/416?print=pdf\" class=\"pdfprnt-button pdfprnt-button-pdf\" target=\"_blank\"><img decoding=\"async\" src=\"https:\/\/la-presse-anarchiste.net\/wp-content\/plugins\/pdf-print\/images\/pdf.png\" alt=\"image_pdf\" title=\"Afficher le PDF\"><\/a><a href=\"https:\/\/la-presse-anarchiste.net\/index.php\/wp-json\/wp\/v2\/posts\/416?print=print\" class=\"pdfprnt-button pdfprnt-button-print\" target=\"_blank\"><img decoding=\"async\" src=\"https:\/\/la-presse-anarchiste.net\/wp-content\/plugins\/pdf-print\/images\/print.png\" alt=\"image_print\" title=\"Contenu imprim\u00e9\"><\/a><\/div><div align=\"justify\">\n      Il est hors de doute que les in\u00e9ga\u00adli\u00adt\u00e9s, les mons\u00adtruo\u00adsi\u00adt\u00e9s sociales ne peuvent \u00eatre attribu\u00e9es<br>\n\u00e0  la nature et qu\u2019elles tiennent uni\u00adque\u00adment aux vices de notre \u00e9tat social. Ce n\u2019est dont pas d\u2019une<br>\ns\u00e9lec\u00adtion  natu\u00adrelle,  mais  d\u2019une  s\u00e9lec\u00adtion  arti\u00adfi\u00adcielle que les faibles sont vic\u00adtimes, et si&nbsp;ces<br>\nfaibles  vou\u00adlaient seule\u00adment r\u00e9agir, cris\u00adper les poings et mon\u00adtrer les dents, ils ne tar\u00adde\u00adraient pas<br>\n\u00e0 d\u00e9pouiller les forts, \u00e0 leur faire rendre gorge de leurs vols accumul\u00e9s.\n<h2>\u200a\u2014\u200aO&nbsp;\u2014<\/h2>\n<p>      Mais les faibles r\u00e9agissent, les oppri\u00adm\u00e9s sont las de souf\u00adfrir et pr\u00e9\u00adparent silen\u00adcieu\u00adse\u00adment&nbsp;le<br>\ngrand  coup qui fera \u00e9cla\u00adter le vieux monde comme une vieille noix s\u00e8che. Et de ce cham\u00adbar\u00adde\u00adment&nbsp;que<br>\nsortira-t-il&nbsp;?<\/p>\n<p>      Un  pre\u00admier  point  hors et au-des\u00adsus de tout conteste c\u2019est \u00e9vi\u00addem\u00adment que tous les moyens de<br>\npro\u00adduc\u00adtions  devront \u00eatre mis \u00e0 la dis\u00adpo\u00adsi\u00adtion de tous et ces\u00adser d\u2019\u00eatre le mono\u00adpole de quelques-uns.<br>\nIl  ne  devra  plus y avoir au d\u00e9ve\u00adlop\u00adpe\u00adment int\u00e9\u00adgral des facul\u00adt\u00e9s et \u00e0 la satis\u00adfac\u00adtion com\u00adpl\u00e8te&nbsp;des<br>\nbesoins de cha\u00adcun, d\u2019autres obs\u00adtacles que les impos\u00adsi\u00adbi\u00adli\u00adt\u00e9s natu\u00adrelles, c\u2019est-\u00e0-dire que l\u2019humanit\u00e9<br>\nn\u2019aura pas su vaincre.<\/p>\n<p>      D\u2019o\u00f9  cette  cons\u00e9\u00adquence que tous les moyens de pro\u00adduc\u00adtion\u200a\u2014\u200a\u00e9du\u00adca\u00adtion, science, art, proc\u00e9d\u00e9s<br>\nindus\u00adtriels, ins\u00adtru\u00adments de tra\u00advail, etc.\u200a\u2014\u200adoivent \u00eatre mis \u00e0 la dis\u00adpo\u00adsi\u00adtion de tous de telle&nbsp;sorte<br>\nque,  cha\u00adcun  en  ayant  pris  sui\u00advant  ses  go\u00fbts,  ses  apti\u00adtudes,  ses  besoins  et  sa puissance<br>\nd\u2019assimilation,  soit  \u00e0  m\u00eame de vivre aus\u00adsi inten\u00adsi\u00adve\u00adment que pos\u00adsible sans devoir d\u2019hommage ni&nbsp;de<br>\nrede\u00advance \u00e0 per\u00adsonne en par\u00adti\u00adcu\u00adlier mais seule\u00adment \u00e0 la col\u00adlec\u00adti\u00advi\u00adt\u00e9 tout enti\u00e8re dont il est partie<br>\nint\u00e9\u00adgrante et active.<\/p>\n<h2>\u2014 O \u2014<\/h2>\n<p>        En  r\u00e9su\u00adm\u00e9,  il  est  prou\u00adv\u00e9  que  ce  sont moins des fata\u00adli\u00adt\u00e9s natu\u00adrelles que des fatalit\u00e9s<br>\nsociales  qui  s\u2019opposent  \u00e0  l\u2019essor  de  l\u2019humanit\u00e9&nbsp;; il faut donc d\u00e9cla\u00adrer la guerre, et la&nbsp;mener<br>\nrude\u00adment, \u00e0 ces fata\u00adli\u00adt\u00e9s conventionnelles.<\/p>\n<p>      Il  nous  reste  main\u00adte\u00adnant  \u00e0  dire  \u00e0  la foule des d\u00e9sh\u00e9\u00adri\u00adt\u00e9s com\u00adment elle doit op\u00e9\u00adrer&nbsp;pour<br>\nassu\u00adrer  l\u2019av\u00e8nement  de  la  <sc>jus\u00adtice  sociale<\/sc> c\u2019est ce que nous ferons en plu\u00adsieurs autres<br>\ncauseries.<\/p>\n<\/div>","protected":false},"excerpt":{"rendered":"<p>Il est hors de doute que les in\u00e9ga\u00adli\u00adt\u00e9s, les mons\u00adtruo\u00adsi\u00adt\u00e9s sociales ne peuvent \u00eatre attri\u00adbu\u00e9es \u00e0 la nature et qu\u2019elles tiennent uni\u00adque\u00adment aux vices de notre \u00e9tat social. Ce n\u2019est dont pas d\u2019une s\u00e9lec\u00adtion natu\u00adrelle, mais d\u2019une s\u00e9lec\u00adtion arti\u00adfi\u00adcielle que les faibles sont vic\u00adtimes, et si&nbsp;ces faibles vou\u00adlaient seule\u00adment r\u00e9agir, cris\u00adper les poings et montrer&nbsp;[\u2026]<\/p>\n","protected":false},"author":1,"featured_media":0,"comment_status":"closed","ping_status":"closed","sticky":false,"template":"","format":"standard","meta":{"wp_typography_post_enhancements_disabled":false,"footnotes":""},"categories":[61],"tags":[],"ppma_author":[540],"class_list":["post-416","post","type-post","status-publish","format-standard","hentry","category-le-libertaire-n3-10-25-fevrier-1892"],"authors":[{"term_id":540,"user_id":1,"is_guest":0,"slug":"admin_3gikpwyf","display_name":"Vincent Dubuc","avatar_url":"https:\/\/secure.gravatar.com\/avatar\/d015720652c25fd2ced191ade86430094e1f288a17483713e3b34d26dea52507?s=96&d=mm&r=g","author_category":"","user_url":"https:\/\/la-presse-anarchiste.net","last_name":"Dubuc","first_name":"Vincent","job_title":"","description":""}],"_links":{"self":[{"href":"https:\/\/la-presse-anarchiste.net\/index.php\/wp-json\/wp\/v2\/posts\/416","targetHints":{"allow":["GET"]}}],"collection":[{"href":"https:\/\/la-presse-anarchiste.net\/index.php\/wp-json\/wp\/v2\/posts"}],"about":[{"href":"https:\/\/la-presse-anarchiste.net\/index.php\/wp-json\/wp\/v2\/types\/post"}],"author":[{"embeddable":true,"href":"https:\/\/la-presse-anarchiste.net\/index.php\/wp-json\/wp\/v2\/users\/1"}],"replies":[{"embeddable":true,"href":"https:\/\/la-presse-anarchiste.net\/index.php\/wp-json\/wp\/v2\/comments?post=416"}],"version-history":[{"count":0,"href":"https:\/\/la-presse-anarchiste.net\/index.php\/wp-json\/wp\/v2\/posts\/416\/revisions"}],"wp:attachment":[{"href":"https:\/\/la-presse-anarchiste.net\/index.php\/wp-json\/wp\/v2\/media?parent=416"}],"wp:term":[{"taxonomy":"category","embeddable":true,"href":"https:\/\/la-presse-anarchiste.net\/index.php\/wp-json\/wp\/v2\/categories?post=416"},{"taxonomy":"post_tag","embeddable":true,"href":"https:\/\/la-presse-anarchiste.net\/index.php\/wp-json\/wp\/v2\/tags?post=416"},{"taxonomy":"author","embeddable":true,"href":"https:\/\/la-presse-anarchiste.net\/index.php\/wp-json\/wp\/v2\/ppma_author?post=416"}],"curies":[{"name":"wp","href":"https:\/\/api.w.org\/{rel}","templated":true}]}}