{"id":4162,"date":"2020-07-20T08:10:53","date_gmt":"2020-07-20T08:10:53","guid":{"rendered":"https:\/\/la-presse-anarchiste.net\/index.php\/2020\/07\/20\/marx-ennemi-de-lindependance-syndicale\/"},"modified":"2020-07-20T08:10:53","modified_gmt":"2020-07-20T08:10:53","slug":"marx-ennemi-de-lindependance-syndicale","status":"publish","type":"post","link":"https:\/\/la-presse-anarchiste.net\/index.php\/2020\/07\/20\/marx-ennemi-de-lindependance-syndicale\/","title":{"rendered":"Marx ennemi de l\u2019ind\u00e9pendance syndicale"},"content":{"rendered":"<div class=\"pdfprnt-buttons pdfprnt-buttons-post pdfprnt-top-right\"><a href=\"https:\/\/la-presse-anarchiste.net\/index.php\/wp-json\/wp\/v2\/posts\/4162?print=pdf\" class=\"pdfprnt-button pdfprnt-button-pdf\" target=\"_blank\"><img decoding=\"async\" src=\"https:\/\/la-presse-anarchiste.net\/wp-content\/plugins\/pdf-print\/images\/pdf.png\" alt=\"image_pdf\" title=\"Afficher le PDF\"><\/a><a href=\"https:\/\/la-presse-anarchiste.net\/index.php\/wp-json\/wp\/v2\/posts\/4162?print=print\" class=\"pdfprnt-button pdfprnt-button-print\" target=\"_blank\"><img decoding=\"async\" src=\"https:\/\/la-presse-anarchiste.net\/wp-content\/plugins\/pdf-print\/images\/print.png\" alt=\"image_print\" title=\"Contenu imprim\u00e9\"><\/a><\/div><div align=\"justify\">\n<p>Les n\u00e9o-com\u00admu\u00adnistes, dans leurs d\u00e9m\u00ea\u00adl\u00e9s avec les com\u00admu\u00adnistes ortho\u00addoxes, cherchent \u00e0 d\u00e9mo\u00adlir ces der\u00adniers \u00e0 coups de Marx. Ils viennent de d\u00e9ni\u00adcher une inter\u00adview don\u00adn\u00e9e par Marx \u00e0 un ouvrier alle\u00admand en 1869 dans lequel, parait-il, Marx avait pro\u00adcla\u00adm\u00e9 que \u00ab&nbsp;les syn\u00addi\u00adcats ne devaient jamais \u00eatre asso\u00adci\u00e9s \u00e0 un grou\u00adpe\u00adment poli\u00adtique ni d\u00e9pendre de celui-ci&nbsp;\u00bb&nbsp;: De l\u00e0 \u00e0 d\u00e9cla\u00adrer que Karl. Marx est le seul, unique et authen\u00adtique p\u00e8re du syn\u00addi\u00adca\u00adlisme r\u00e9vo\u00adlu\u00adtion\u00adnaire il n\u2019y a qu\u2019un pas, que l\u2019organe de ces com\u00admu\u00adnistes se h\u00e2te, du reste, de faire joyeu\u00adse\u00adment en assi\u00admi\u00adlant leur th\u00e8se \u00e0 celle du p\u00e8re Mark\u2026 de&nbsp;1869.<\/p>\n<p>H\u00e9las, on veut oublier le Karl Marx de la Pre\u00admi\u00e8re Inter\u00adna\u00adtio\u00adnale, le Karl Marx enne\u00admi farouche du f\u00e9d\u00e9\u00adra\u00adlisme de Bakou\u00adnine, le Karl Marx de 1871 \u2013 c\u2019est-\u00e0-dire de deux ans <em>apr\u00e8s<\/em> l\u2019interview dont parlent les n\u00e9o-com\u00admu\u00adnistes. Rap\u00adpe\u00adlons les&nbsp;faits.<\/p>\n<p>En 1871 fut convo\u00adqu\u00e9e \u00e0 Londres, par les soins du Conseil g\u00e9n\u00e9\u00adral de l\u2019Internationale, <em>c\u2019est-\u00e0-dire par Marx<\/em> qui vivait \u00e0 Londres et qui diri\u00adgeait tous les rouages du Conseil, une Conf\u00e9\u00adrence dont le but \u00e9tait de cen\u00adtra\u00adli\u00adser l\u2019Internationale et de don\u00adner des pou\u00advoirs plus larges au Conseil g\u00e9n\u00e9\u00adral. Voi\u00adci quelques pas\u00adsages de la r\u00e9so\u00adlu\u00adtion de cette Conf\u00e9\u00adrence r\u00e9di\u00adg\u00e9e par le Conseil g\u00e9n\u00e9\u00adral, c\u2019est-\u00e0-dire tou\u00adjours par Marx, et sign\u00e9e par tous ses membres&nbsp;:<\/p>\n<p>\u00ab&nbsp;\u2026 Consi\u00add\u00e9\u00adrant que contre le pou\u00advoir col\u00adlec\u00adtif des classes pos\u00ads\u00e9\u00addantes le pro\u00adl\u00e9\u00adta\u00adriat ne peut agir comme classe qu\u2019en <em>se consti\u00adtuant lui-m\u00eame en par\u00adti poli\u00adtique dis\u00adtinct<\/em>, oppo\u00ads\u00e9 \u00e0 tous les anciens par\u00adtis for\u00adm\u00e9s par les classes poss\u00e9dantes&nbsp;;<\/p>\n<p>\u00ab&nbsp;Que cette consti\u00adtu\u00adtion du pro\u00adl\u00e9\u00adta\u00adriat en par\u00adti poli\u00adtique est <em>indis\u00adpen\u00adsable<\/em> pour assu\u00adrer le <em>triomphe de la r\u00e9vo\u00adlu\u00adtion sociale<\/em> et de son but supr\u00eame&nbsp;: l\u2019abolition des classes&nbsp;;<\/p>\n<p>\u00ab&nbsp;La Conf\u00e9\u00adrence rap\u00adpelle aux membres de l\u2019Internationale&nbsp;:<\/p>\n<p>\u00ab&nbsp;Que dans l\u2019\u00e9tat mili\u00adtant de la classe ouvri\u00e8re, son mou\u00adve\u00adment \u00e9co\u00adno\u00admique et son action poli\u00adtique sont <em>indis\u00adso\u00adlu\u00adble\u00adment unis<\/em>.&nbsp;\u00bb<\/p>\n<p>C\u2019est un peu loin du syn\u00addi\u00adca\u00adlisme r\u00e9vo\u00adlu\u00adtion\u00adnaire que nos syn\u00addi\u00adca\u00adlo-mar\u00adxistes, cherchent chez Marx. C\u2019est bel et bien dans le par\u00adti poli\u00adtique que Marx voyait le triomphe de la r\u00e9vo\u00adlu\u00adtion sociale, dans l\u2019union indis\u00adso\u00adluble de l\u2019action poli\u00adtique et du mou\u00adve\u00adment \u00e9co\u00adno\u00admique \u2013 et non dans l\u2019ind\u00e9pendance de celui-ci \u00e0 l\u2019\u00e9gard de celle-l\u00e0.<\/p>\n<p>Du reste, au Congr\u00e8s de La Haye, en 1872, \u00e0 ce Congr\u00e8s o\u00f9 Marx r\u00e9us\u00adsit \u00e0 faire exclure Bakou\u00adnine et Guillaume de l\u2019Internationale, c\u2019est-\u00e0-dire quand il devint le seul ma\u00eetre\u2026 et fos\u00adsoyeur de l\u2019Internationale, il fut d\u00e9ci\u00add\u00e9 d\u2019ajouter aux Sta\u00adtuts un para\u00adgraphe disant que \u00ab&nbsp;<em>la conqu\u00eate du pou\u00advoir poli\u00adtique devient donc le grand devoir du pro\u00adl\u00e9\u00adta\u00adriat&nbsp;!<\/em>&nbsp;\u00bb<\/p>\n<p>Non, d\u00e9ci\u00add\u00e9\u00adment, les cher\u00adcheurs de la pater\u00adni\u00adt\u00e9 du syn\u00addi\u00adca\u00adlisme r\u00e9vo\u00adlu\u00adtion\u00adnaire n\u2019ont pas de chance. Nous leur conseillons de relire, ou de lire s\u2019ils ne l\u2019ont pas encore fait, la r\u00e9so\u00adlu\u00adtion sur l\u2019attitude envers les par\u00adtis poli\u00adtiques, adop\u00adt\u00e9e par le Congr\u00e8s romand de l\u2019Internationale, tenu \u00e0 La Chaux-de-Fonds en 1870, et par la F\u00e9d\u00e9\u00adra\u00adtion Juras\u00adsienne au Congr\u00e8s de Saint-Imier en 1872. Ils trou\u00adve\u00adront l\u00e0 les prin\u00adcipes fon\u00adda\u00admen\u00adtaux, qui res\u00adtent encore aujourd\u2019hui intacts, du syn\u00addi\u00adca\u00adlisme r\u00e9vo\u00adlu\u00adtion\u00adnaire f\u00e9d\u00e9raliste.<\/p>\n<p>Seule\u00adment, voi\u00adl\u00e0, Marx n\u2019y \u00e9tait pas, \u00e0 ces Congr\u00e8s. Alors, \u00e7a devient inac\u00adcep\u00adtable, car il faut abso\u00adlu\u00adment que ce soit ou Marx ou L\u00e9nine. Autre\u00adment la bou\u00adtique du quai Jem\u00admapes se refuse \u00e0 accep\u00adter la marchandise.<\/p>\n<\/div>\n","protected":false},"excerpt":{"rendered":"<p>Les n\u00e9o-com\u00ad\u00admu\u00ad\u00adnistes, dans leurs d\u00e9m\u00ea\u00adl\u00e9s avec les com\u00admu\u00adnistes ortho\u00addoxes, cherchent \u00e0 d\u00e9mo\u00adlir ces der\u00adniers \u00e0 coups de Marx. Ils viennent de d\u00e9ni\u00adcher une inter\u00adview don\u00adn\u00e9e par Marx \u00e0 un ouvrier alle\u00admand en 1869 dans lequel, parait-il, Marx avait pro\u00adcla\u00adm\u00e9 que \u00ab&nbsp;les syn\u00addi\u00adcats ne devaient jamais \u00eatre asso\u00adci\u00e9s \u00e0 un grou\u00adpe\u00adment poli\u00adtique ni d\u00e9pendre de celui-ci&nbsp;\u00bb&nbsp;:&nbsp;[\u2026]<\/p>\n","protected":false},"author":1,"featured_media":0,"comment_status":"closed","ping_status":"closed","sticky":false,"template":"","format":"standard","meta":{"wp_typography_post_enhancements_disabled":false,"footnotes":""},"categories":[510],"tags":[],"ppma_author":[540],"class_list":["post-4162","post","type-post","status-publish","format-standard","hentry","category-la-voix-du-travail-na6-janvier-1927"],"authors":[{"term_id":540,"user_id":1,"is_guest":0,"slug":"admin_3gikpwyf","display_name":"Vincent Dubuc","avatar_url":"https:\/\/secure.gravatar.com\/avatar\/d015720652c25fd2ced191ade86430094e1f288a17483713e3b34d26dea52507?s=96&d=mm&r=g","author_category":"","user_url":"https:\/\/la-presse-anarchiste.net","last_name":"Dubuc","first_name":"Vincent","job_title":"","description":""}],"_links":{"self":[{"href":"https:\/\/la-presse-anarchiste.net\/index.php\/wp-json\/wp\/v2\/posts\/4162","targetHints":{"allow":["GET"]}}],"collection":[{"href":"https:\/\/la-presse-anarchiste.net\/index.php\/wp-json\/wp\/v2\/posts"}],"about":[{"href":"https:\/\/la-presse-anarchiste.net\/index.php\/wp-json\/wp\/v2\/types\/post"}],"author":[{"embeddable":true,"href":"https:\/\/la-presse-anarchiste.net\/index.php\/wp-json\/wp\/v2\/users\/1"}],"replies":[{"embeddable":true,"href":"https:\/\/la-presse-anarchiste.net\/index.php\/wp-json\/wp\/v2\/comments?post=4162"}],"version-history":[{"count":0,"href":"https:\/\/la-presse-anarchiste.net\/index.php\/wp-json\/wp\/v2\/posts\/4162\/revisions"}],"wp:attachment":[{"href":"https:\/\/la-presse-anarchiste.net\/index.php\/wp-json\/wp\/v2\/media?parent=4162"}],"wp:term":[{"taxonomy":"category","embeddable":true,"href":"https:\/\/la-presse-anarchiste.net\/index.php\/wp-json\/wp\/v2\/categories?post=4162"},{"taxonomy":"post_tag","embeddable":true,"href":"https:\/\/la-presse-anarchiste.net\/index.php\/wp-json\/wp\/v2\/tags?post=4162"},{"taxonomy":"author","embeddable":true,"href":"https:\/\/la-presse-anarchiste.net\/index.php\/wp-json\/wp\/v2\/ppma_author?post=4162"}],"curies":[{"name":"wp","href":"https:\/\/api.w.org\/{rel}","templated":true}]}}