{"id":4164,"date":"2020-07-20T08:10:32","date_gmt":"2020-07-20T08:10:32","guid":{"rendered":"https:\/\/la-presse-anarchiste.net\/index.php\/2020\/07\/20\/pointes-et-griffes\/"},"modified":"2020-07-20T08:10:32","modified_gmt":"2020-07-20T08:10:32","slug":"pointes-et-griffes","status":"publish","type":"post","link":"https:\/\/la-presse-anarchiste.net\/index.php\/2020\/07\/20\/pointes-et-griffes\/","title":{"rendered":"Pointes et griffes"},"content":{"rendered":"<div class=\"pdfprnt-buttons pdfprnt-buttons-post pdfprnt-top-right\"><a href=\"https:\/\/la-presse-anarchiste.net\/index.php\/wp-json\/wp\/v2\/posts\/4164?print=pdf\" class=\"pdfprnt-button pdfprnt-button-pdf\" target=\"_blank\"><img decoding=\"async\" src=\"https:\/\/la-presse-anarchiste.net\/wp-content\/plugins\/pdf-print\/images\/pdf.png\" alt=\"image_pdf\" title=\"Afficher le PDF\"><\/a><a href=\"https:\/\/la-presse-anarchiste.net\/index.php\/wp-json\/wp\/v2\/posts\/4164?print=print\" class=\"pdfprnt-button pdfprnt-button-print\" target=\"_blank\"><img decoding=\"async\" src=\"https:\/\/la-presse-anarchiste.net\/wp-content\/plugins\/pdf-print\/images\/print.png\" alt=\"image_print\" title=\"Contenu imprim\u00e9\"><\/a><\/div><div align=\"justify\">\n<h2>Bonne foi communiste<\/h2>\n<p>Ne pou\u00advant plus cacher \u00e0 leurs adh\u00e9\u00adrents la consti\u00adtu\u00adtion de la CGTSR, les diri\u00adgeants de la Com\u00adpa\u00adgnie G\u00e9n\u00e9\u00adrale des Tra\u00advailleurs Ulc\u00e9\u00adr\u00e9s (CGTU) se d\u00e9cident \u00e0 annon\u00adcer a leurs ouailles qu\u2019une CGT nou\u00advelle est n\u00e9e. Et il faut voir conti\u00adnent l\u2019<em>Huma\u00adni\u00adt\u00e9<\/em> du 26 nov. raconte la chose. \u00c0 entendre les tenants de la bou\u00adtique com\u00admu\u00adniste, le SUB craque de toutes parts et, natu\u00adrel\u00adle\u00adment,  le SUB cra\u00adquant, la CGTSR est morte. Quelle logique, tout de&nbsp;m\u00eame&nbsp;!<\/p>\n<p>\u00c0 vrai dire, les choses vont tout autre\u00adment et c\u2019est bien ce qui cha\u00adgrine nos bons amis \u00ab&nbsp;les cocos&nbsp;\u00bb. Le SUB tient, la mino\u00adri\u00adt\u00e9 s\u2019incline, la CGTSR au lieu d\u2019un \u00ab&nbsp;liqui\u00adda\u00adteur post\u00adhume&nbsp;\u00bb a d\u00e9si\u00adgn\u00e9 deux secr\u00e9\u00adtaires per\u00adma\u00adnents et, d\u2019ici peu, les \u00ab&nbsp;b\u00e9ni-oui-oui&nbsp;\u00bb de la Grange-aux-Belles s\u2019en apercevront.<\/p>\n<p>Le SUB, la F\u00e9d\u00e9\u00adra\u00adtion \u00ab&nbsp;amo\u00adch\u00e9e&nbsp;\u00bb du B\u00e2ti\u00adment se portent bien. Et \u00e0 c\u00f4t\u00e9 des 42 syn\u00addi\u00adcats du B\u00e2ti\u00adment, les 46 syn\u00addi\u00adcats auto\u00adnomes des autres indus\u00adtries font bonne figure. D\u2019autres se ral\u00adlient d\u00e9j\u00e0 et nous allons voir si le silence ou l\u2019ineptie seront long\u00adtemps des armes suf\u00adfi\u00adsantes pour nous combattre.<\/p>\n<p>La bonne foi qui s\u2019\u00e9tale dans l\u2019<em>Huma\u00adni\u00adt\u00e9<\/em> et la <em>V.O.<\/em>, au sujet des \u00e9v\u00e9\u00adne\u00adments qui se d\u00e9roulent ici, donne une id\u00e9e de la valeur des infor\u00adma\u00adtions qu\u2019on sert aux \u00ab&nbsp;masses&nbsp;\u00bb, en ce qui concerne la Russie.<\/p>\n<p>\u00c0 l\u2019avenir, que nos cama\u00adrades qui lisent encore ces deux canards croient le contraire de ce qu\u2019ils racontent. Ils seront s\u00fbre\u00adment dans le vrai. Ah&nbsp;! ces tra\u00advailleurs <em>ulc\u00e9\u00adr\u00e9s par le bou\u00adlot<\/em>, quels his\u00adto\u00adriens ils&nbsp;font&nbsp;!<\/p>\n<h2>L\u2019ISR se l\u00e9ninise<\/h2>\n<p>Le der\u00adnier CCN de la CGTU s\u2019\u00e9tait occu\u00adp\u00e9 du pro\u00adbl\u00e8me de la main-d\u2019\u0153uvre \u00e9tran\u00adg\u00e8re. Il avait com\u00adpl\u00e8\u00adte\u00adment igno\u00adr\u00e9 le tra\u00advail fait en France par le Comi\u00adt\u00e9 d\u2019\u00c9migration de l\u2019AIT auquel par\u00adti\u00adcipent la F\u00e9d\u00e9\u00adra\u00adtion du B\u00e2ti\u00adment, le SUB et les repr\u00e9\u00adsen\u00adtants des orga\u00adni\u00adsa\u00adtions \u00e9tran\u00adg\u00e8res dont une grande-par\u00adtie de ses membres a \u00e9t\u00e9 obli\u00adg\u00e9e d\u2019\u00e9migrer en France. Ce silence est dans l\u2019ordre des choses. Mais l\u2019Internationale Syn\u00addi\u00adcale Rouge a vou\u00adlu ren\u00adch\u00e9\u00adrir. Dans son rap\u00adport sur le CCN [[<em>Bul\u00adle\u00adtin de l\u2019ISR<\/em> (\u00e9di\u00adtion alle\u00admande), n\u00b051 du 13 novembre 1926.]] nous trou\u00advons cette&nbsp;perle&nbsp;:<\/p>\n<p>\u00ab&nbsp;Non pas la r\u00e9gle\u00admen\u00adta\u00adtion offi\u00adcielle de la main-d\u2019\u0153uvre, comme le pro\u00adposent les r\u00e9for\u00admistes, non pas <em>les m\u00e9thodes de vio\u00adlence contre les immi\u00adgrants, comme le pro\u00adposent les anar\u00adcho-syn\u00addi\u00adca\u00adlistes<\/em>, mais un tra\u00advail patient pour le recru\u00adte\u00adment des ouvriers \u00e9tran\u00adgers inor\u00adga\u00adni\u00ads\u00e9s, dans l\u2019arm\u00e9e du pro\u00adl\u00e9\u00adta\u00adriat r\u00e9vo\u00adlu\u00adtion\u00adnaire orga\u00adni\u00ads\u00e9 et la lutte pour les droits \u00e9gaux des tra\u00advailleurs \u00e9tran\u00adgers \u2013 tel est le mot d\u2019ordre de la&nbsp;CGTU&nbsp;\u00bb.<\/p>\n<p>L\u2019ISR sait bien qu\u2019elle a effron\u00adt\u00e9\u00adment men\u00adti en nous attri\u00adbuant des \u00ab&nbsp;m\u00e9thodes de vio\u00adlence&nbsp;\u00bb. Nous \u00e9tions pr\u00e9\u00adci\u00ads\u00e9\u00adment ceux qui avions d\u00e8s le com\u00admen\u00adce\u00adment pro\u00adpo\u00ads\u00e9 aux exploi\u00adt\u00e9s venus en France d\u2019un peu par\u00adtout, d\u2019entrer dans nos syn\u00addi\u00adcats pour col\u00adla\u00adbo\u00adrer \u00e0 l\u2019\u0153uvre com\u00admune de notre \u00e9man\u00adci\u00adpa\u00adtion\u2026 Mais l\u2019ISR n\u2019est ni \u00e0 son pre\u00admier, ni \u00e0 son der\u00adnier men\u00adsonge. Elle s\u2019est sp\u00e9\u00adcia\u00adli\u00ads\u00e9e dans ce genre. Le grand ma\u00eetre L\u00e9nine n\u2019a\u2011t-il pas dit que \u00ab&nbsp;vio\u00adlen\u00adter la v\u00e9ri\u00adt\u00e9&nbsp;\u00bb est une&nbsp;vertu&nbsp;?<\/p>\n<h2>Monatte ne comprend plus<\/h2>\n<p>Monatte ne sait plus \u00e0 quel Dieu se vouer ni \u00e0 quel sphinx s\u2019adresser. En pur d\u00e9ses\u00adpoir, il s\u2019\u00e9crie&nbsp;: \u00ab&nbsp;Se repr\u00e9\u00adsente-t-on \u00e0 Mos\u00adcou les sen\u00adti\u00adments que peut res\u00adsen\u00adtir un mili\u00adtant s\u00e9rieux d\u2019ici en pr\u00e9\u00adsence de l\u2019humiliation infli\u00adg\u00e9e \u00e0 des hommes comme Chliap\u00adni\u00adkoff et Med\u00adve\u00addieff de se d\u00e9sa\u00advouer eux-m\u00eames, de pro\u00adcla\u00admer que ce qu\u2019ils pensent ils ne le pensent plus, alors qu\u2019ils ne peuvent pas ne pas conti\u00adnuer \u00e0 le pen\u00adser. Non, d\u00e9ci\u00add\u00e9\u00adment, nous ne pou\u00advons pas comprendre.&nbsp;\u00bb<\/p>\n<p>Est-ce que Monatte avait mieux com\u00adpris tout  ce qui se pas\u00adsait en Rus\u00adsie quand il a adh\u00e9\u00adr\u00e9 au Par\u00adti com\u00admu\u00adniste&nbsp;? Est-ce que le coup de pied quelque part qu\u2019il a re\u00e7u l\u00e0-bas lui a fait mieux com\u00adprendre ce qu\u2019il ne savait pas&nbsp;? Est-ce que l\u2019ind\u00e9pendance du syn\u00addi\u00adca\u00adlisme qu\u2019il pro\u00adclame tout en se d\u00e9cla\u00adrant pour la dic\u00adta\u00adture du pro\u00adl\u00e9\u00adta\u00adriat repr\u00e9\u00adsen\u00adt\u00e9 par le par\u00adti com\u00admu\u00adniste qui en est l\u2019avant-garde et dont les syn\u00addi\u00adcats ne sont n\u00e9ces\u00adsai\u00adre\u00adment que les ins\u00adtru\u00adments ob\u00e9is\u00adsants va, lui d\u00e9chi\u00adrer&nbsp;la<br>\ntoile d\u2019araign\u00e9e dans laquelle il s\u2019est emp\u00ea\u00adtr\u00e9&nbsp;? Croit-il que c\u2019est lui, le sau\u00advage, qui enfin r\u00e9sou\u00addra le pro\u00adbl\u00e8me s\u00e9cu\u00adlaire de la qua\u00addra\u00adture du cercle&nbsp;?<\/p>\n<p>D\u00e9ci\u00add\u00e9\u00adment non, mon cher Monatte, la cha\u00adrade n\u2019est pas pour toi, puisque cela t\u2019a pris juste neuf ans pour avouer fran\u00adche\u00adment que tu ne com\u00adpre\u00adnais&nbsp;rien.<\/p>\n<h2>Arithm\u00e9tique.<\/h2>\n<p>La CGTU pro\u00adclame qu\u2019elle pos\u00ads\u00e8de 650&nbsp;000 membres. La CGT, de son c\u00f4t\u00e9, ne vou\u00adlant pas res\u00adter en d\u00e9fi\u00adcit, d\u00e9clare qu\u2019elle aus\u00adsi compte 650&nbsp;000 membres.<\/p>\n<p>On s\u2019accorde \u00e0 d\u00e9cla\u00adrer que la somme totale de membres orga\u00adni\u00ads\u00e9s dans les deux CGT poli\u00adti\u00adciennes est 650&nbsp;000 membres&nbsp;!<\/p>\n<p>Oh&nbsp;! magie des chiffres&nbsp;!<\/p>\n<h2>R\u00e9compenses bien m\u00e9rit\u00e9es<\/h2>\n<p>La presse sovi\u00e9\u00adtique nous apprend que Kame\u00adnef a \u00e9t\u00e9 nom\u00adm\u00e9 ambas\u00adsa\u00addeur aupr\u00e8s du gou\u00adver\u00adne\u00adment ami de Mus\u00adso\u00adli\u00adni. Cela don\u00adne\u00adra une excel\u00adlente occa\u00adsion \u00e0 Son Excel\u00adlence sovi\u00e9\u00adtiste d\u2019apprendre com\u00adment on traite une oppo\u00adsi\u00adtion. Nous appre\u00adnons, d\u2019un autre c\u00f4t\u00e9, de source tout \u00e0 fait inof\u00adfi\u00adcielle, qu\u2019on n\u2019attend que la recon\u00adnais\u00adsance des Soviets par l\u2019Espagne pour y envoyer Trotz\u00adky comme Excel\u00adlence Pl\u00e9\u00adni\u00adpo\u00adten\u00adtiaire aupr\u00e8s de Pri\u00admo de Rivera.<\/p>\n<p>Quant \u00e0 Chliap\u00adni\u00adkoff, il para\u00eet qu\u2019on lui r\u00e9serve le poste de Pr\u00e9\u00adsident de la Tch\u00e9\u00adka de&nbsp;Bakou\u2026<\/p>\n<\/div>\n","protected":false},"excerpt":{"rendered":"<p>Bonne foi com\u00admu\u00adniste Ne pou\u00advant plus cacher \u00e0 leurs adh\u00e9\u00adrents la consti\u00adtu\u00adtion de la CGTSR, les diri\u00adgeants de la Com\u00adpa\u00adgnie G\u00e9n\u00e9\u00adrale des Tra\u00advailleurs Ulc\u00e9\u00adr\u00e9s (CGTU) se d\u00e9cident \u00e0 annon\u00adcer a leurs ouailles qu\u2019une CGT nou\u00advelle est n\u00e9e. Et il faut voir conti\u00adnent l\u2019Huma\u00adni\u00adt\u00e9 du 26 nov. raconte la chose. \u00c0 entendre les tenants de&nbsp;la&nbsp;[\u2026]<\/p>\n","protected":false},"author":1,"featured_media":0,"comment_status":"closed","ping_status":"closed","sticky":false,"template":"","format":"standard","meta":{"wp_typography_post_enhancements_disabled":false,"footnotes":""},"categories":[510],"tags":[],"ppma_author":[540],"class_list":["post-4164","post","type-post","status-publish","format-standard","hentry","category-la-voix-du-travail-na6-janvier-1927"],"authors":[{"term_id":540,"user_id":1,"is_guest":0,"slug":"admin_3gikpwyf","display_name":"Vincent Dubuc","avatar_url":"https:\/\/secure.gravatar.com\/avatar\/d015720652c25fd2ced191ade86430094e1f288a17483713e3b34d26dea52507?s=96&d=mm&r=g","author_category":"","user_url":"https:\/\/la-presse-anarchiste.net","last_name":"Dubuc","first_name":"Vincent","job_title":"","description":""}],"_links":{"self":[{"href":"https:\/\/la-presse-anarchiste.net\/index.php\/wp-json\/wp\/v2\/posts\/4164","targetHints":{"allow":["GET"]}}],"collection":[{"href":"https:\/\/la-presse-anarchiste.net\/index.php\/wp-json\/wp\/v2\/posts"}],"about":[{"href":"https:\/\/la-presse-anarchiste.net\/index.php\/wp-json\/wp\/v2\/types\/post"}],"author":[{"embeddable":true,"href":"https:\/\/la-presse-anarchiste.net\/index.php\/wp-json\/wp\/v2\/users\/1"}],"replies":[{"embeddable":true,"href":"https:\/\/la-presse-anarchiste.net\/index.php\/wp-json\/wp\/v2\/comments?post=4164"}],"version-history":[{"count":0,"href":"https:\/\/la-presse-anarchiste.net\/index.php\/wp-json\/wp\/v2\/posts\/4164\/revisions"}],"wp:attachment":[{"href":"https:\/\/la-presse-anarchiste.net\/index.php\/wp-json\/wp\/v2\/media?parent=4164"}],"wp:term":[{"taxonomy":"category","embeddable":true,"href":"https:\/\/la-presse-anarchiste.net\/index.php\/wp-json\/wp\/v2\/categories?post=4164"},{"taxonomy":"post_tag","embeddable":true,"href":"https:\/\/la-presse-anarchiste.net\/index.php\/wp-json\/wp\/v2\/tags?post=4164"},{"taxonomy":"author","embeddable":true,"href":"https:\/\/la-presse-anarchiste.net\/index.php\/wp-json\/wp\/v2\/ppma_author?post=4164"}],"curies":[{"name":"wp","href":"https:\/\/api.w.org\/{rel}","templated":true}]}}