{"id":417,"date":"2007-05-27T23:37:35","date_gmt":"2007-05-27T23:37:35","guid":{"rendered":"https:\/\/la-presse-anarchiste.net\/index.php\/2007\/05\/27\/mouvement-social-16\/"},"modified":"2007-05-27T23:37:35","modified_gmt":"2007-05-27T23:37:35","slug":"mouvement-social-16","status":"publish","type":"post","link":"https:\/\/la-presse-anarchiste.net\/index.php\/2007\/05\/27\/mouvement-social-16\/","title":{"rendered":"Mouvement social"},"content":{"rendered":"<div class=\"pdfprnt-buttons pdfprnt-buttons-post pdfprnt-top-right\"><a href=\"https:\/\/la-presse-anarchiste.net\/index.php\/wp-json\/wp\/v2\/posts\/417?print=pdf\" class=\"pdfprnt-button pdfprnt-button-pdf\" target=\"_blank\"><img decoding=\"async\" src=\"https:\/\/la-presse-anarchiste.net\/wp-content\/plugins\/pdf-print\/images\/pdf.png\" alt=\"image_pdf\" title=\"Afficher le PDF\"><\/a><a href=\"https:\/\/la-presse-anarchiste.net\/index.php\/wp-json\/wp\/v2\/posts\/417?print=print\" class=\"pdfprnt-button pdfprnt-button-print\" target=\"_blank\"><img decoding=\"async\" src=\"https:\/\/la-presse-anarchiste.net\/wp-content\/plugins\/pdf-print\/images\/print.png\" alt=\"image_print\" title=\"Contenu imprim\u00e9\"><\/a><\/div><div align=\"justify\">\n<h2>Espagne<\/h2>\n<p>      Les  ventres  creux  sont tra\u00adqu\u00e9s l\u00e0-bas. Le ministre des tra\u00advaux publics du cabi\u00adnet de Madrid<br>\nvient  de pro\u00admettre de leur don\u00adner du plomb quand ils deman\u00adde\u00adront du pain&nbsp;; et pour ne pas les&nbsp;faire<br>\nlan\u00adguir dans les pri\u00adsons, la cour mar\u00adtiale fonc\u00adtion\u00adne\u00adra plus ter\u00adrible qu\u2019en temps de guerre.<\/p>\n<p>      En vingt quatre heures, ou moins m\u00eame, les rebelles seront pris, jug\u00e9s et ex\u00e9cut\u00e9s.<\/p>\n<p>      Les gou\u00adver\u00adne\u00adments esp\u00e8rent enrayer la marche ascen\u00addante des id\u00e9es anar\u00adchistes en ex\u00e9\u00adcu\u00adtant&nbsp;les<br>\npri\u00adson\u00adniers de X\u00e9r\u00e8s et en pro\u00admet\u00adtant d\u2019assassiner en masse les meurts-de-faim au 1<sup>er<\/sup> mai<br>\nprochain.<\/p>\n<p>      Mais cela pour\u00adrait bien \u00eatre cause de plus s\u00e9rieuses insurrections.<\/p>\n<p>      Le ministre de la guerre se trompe peut-\u00eatre lorsqu\u2019il dit \u00eatre s\u00fbr de son arm\u00e9e&nbsp;; les fils&nbsp;et<br>\nles  fr\u00e8res  des  Pataouets,ceux  qui  sont  \u00e0  la caserne, pour\u00adraient bien se rap\u00adpe\u00adler au moment du<br>\ncar\u00adnage  qu\u2019il  font par\u00adtie de ce peuple qu\u2019on leur com\u00admande d\u2019assassiner&nbsp;; qu\u2019hier ils \u00e9taient \u00e0&nbsp;la<br>\nchar\u00adrue  et  \u00e0  l\u2019atelier,  que  demain ils y retour\u00adne\u00adront et dans un moment de luci\u00addi\u00adt\u00e9 reconna\u00eetre<br>\nmeurs vrais ennemis.<\/p>\n<p>      Mais il se peut aus\u00adsi que le peuple en uni\u00adforme tire sur le peuple en guenille.<\/p>\n<p>      \u00c0  Paris, aus\u00adsi, le 18 mars 71, 35000 com\u00admu\u00adnards ont \u00e9t\u00e9 mitraill\u00e9s\u2026 l\u2019id\u00e9e n\u2019en est pas&nbsp;moins<br>\nres\u00adt\u00e9e debout.<\/p>\n<p>      Le  sou\u00adve\u00adnir  des  mar\u00adtyrs  de  Chi\u00adca\u00adgo  n\u2019emp\u00eache  pas qu\u2019aujourd\u2019hui on entende des milliers<br>\nd\u2019hommes se dire anarchistes.<\/p>\n<p>      Et  si on tue ceux d\u2019Espagne il y aura encore quelques grands c\u0153urs de moins qui bat\u00adtront&nbsp;pour<br>\nl\u2019anarchie,  quelques  hommes  qui ne pour\u00adront plus tra\u00advailler au bon\u00adheur de l\u2019humanit\u00e9, l\u2019id\u00e9e sera<br>\nquand m\u00eame l\u00e0, <sc>rayon\u00adnante<\/sc> parce qu\u2019elle est v\u00e9rit\u00e9.<\/p>\n<p><strong><em>Bil\u00adbao<br>\n<\/em><\/strong><\/p>\n<p>Il  y a eu gr\u00e8ve des mineurs dans plu\u00adsieurs centres houillers du 25 jan\u00advier au 8 f\u00e9vrier, mais&nbsp;apr\u00e8s<br>\nplu\u00adsieurs  com\u00adbats avec les sol\u00addats et la gen\u00addar\u00adme\u00adrie o\u00f9 il y a eu beau\u00adcoup de sang ver\u00ads\u00e9 de part&nbsp;et<br>\nd\u2019autres, la tra\u00advail a \u00e9t\u00e9 repris.<\/p>\n<p>      Le  gou\u00adver\u00adne\u00adment  consi\u00add\u00e9\u00adrant  le carac\u00adt\u00e8re anar\u00adchiste du mou\u00adve\u00adment \u00e0 fait fonc\u00adtion\u00adner la&nbsp;cour<br>\nmartiale.<\/p>\n<h2>Valladolid<\/h2>\n<p>      Un  artilleur  nom\u00adm\u00e9 Cami\u00adna\u00adgo a tu\u00e9 son ser\u00adgent d\u2019un coup de cara\u00adbine parce qu\u2019il le punissait<br>\ninjustement.<\/p>\n<h2>Suisse<\/h2>\n<p>      La Suisse accor\u00adde\u00adra d\u00e9sor\u00admais l\u2019extradition des anarchistes.<\/p>\n<div align=\"center\"><strong>\u2014 O \u2014<\/strong><\/div>\n<p><strong>Wil\u00adna<\/strong>  24 jan\u00advier\u200a\u2014\u200aUn offi\u00adcier d\u2019artillerie venant prendre le com\u00adman\u00adde\u00adment de sa bat\u00adte\u00adrie et voyant<br>\nque ses hommes lui refu\u00adsaient le salut mili\u00adtaire, par muti\u00adne\u00adrie, en tua deux \u00e0 coups de revolver.<\/p>\n<p>      Par\u00adtout les m\u00eames ces galonn\u00e9s&nbsp;!<\/p>\n<h2>Portugal<\/h2>\n<p>\u00c0 Lis\u00adbonne des ouvriers sans tra\u00advail ont pill\u00e9 les boulangeries<\/p>\n<h2>Alg\u00e9rie<\/h2>\n<p>      Une d\u00e9go\u00fb\u00adtante affaire de m\u0153urs a \u00e9t\u00e9 d\u00e9cou\u00adverte au pre\u00admier \u00e9tran\u00adger \u00e0 Bel-Abb\u00e8s.<\/p>\n<p>      Pour emp\u00ea\u00adcher ces scan\u00addales il faut jeter bas les casernes.<\/p>\n<p>      Tho\u00admas\u00adsi\u00adni  et  Jerres,  ser\u00adgents,  ont  atti\u00adr\u00e9  un  jeune  sol\u00addat dans leur chambre et par&nbsp;la<br>\nvio\u00adlence ils ont com\u00admis sur lui un atten\u00adtat ignoble.<\/p>\n<p>      Voi\u00adl\u00e0 jusqu\u2019\u00e0 quel point le mili\u00adta\u00adrisme abru\u00adti l\u2019individu, on ne peut pas dire que se sont&nbsp;des<br>\nexcep\u00adtions,  il  ne  se  passe  pas  de  semaine sans que les quo\u00adti\u00addiens relatent 3 ou 4 faits&nbsp;aussi<br>\nr\u00e9vol\u00adtants &nbsp;;  il est pro\u00adbable que si ces gens-l\u00e0 au lieu de vivre en caserne dans cette continuelle<br>\npro\u00admis\u00adcui\u00adt\u00e9,  avaient  pu  vivre  de  la vie large de l\u2019homme libre, ils n\u2019auraient pas \u00e9t\u00e9 r\u00e9duit \u00e0<br>\nfaire ces ignobles salet\u00e9s.&nbsp;<\/p><\/div>\n","protected":false},"excerpt":{"rendered":"<p>Espagne Les ventres creux sont tra\u00adqu\u00e9s l\u00e0-bas. Le ministre des tra\u00advaux publics du cabi\u00adnet de Madrid vient de pro\u00admettre de leur don\u00adner du plomb quand ils deman\u00adde\u00adront du pain&nbsp;; et pour ne pas les&nbsp;faire lan\u00adguir dans les pri\u00adsons, la cour mar\u00adtiale fonc\u00adtion\u00adne\u00adra plus ter\u00adrible qu\u2019en temps de guerre. En vingt quatre heures, ou moins&nbsp;m\u00eame,&nbsp;[\u2026]<\/p>\n","protected":false},"author":1,"featured_media":0,"comment_status":"closed","ping_status":"closed","sticky":false,"template":"","format":"standard","meta":{"wp_typography_post_enhancements_disabled":false,"footnotes":""},"categories":[61],"tags":[],"ppma_author":[540],"class_list":["post-417","post","type-post","status-publish","format-standard","hentry","category-le-libertaire-n3-10-25-fevrier-1892"],"authors":[{"term_id":540,"user_id":1,"is_guest":0,"slug":"admin_3gikpwyf","display_name":"Vincent Dubuc","avatar_url":"https:\/\/secure.gravatar.com\/avatar\/d015720652c25fd2ced191ade86430094e1f288a17483713e3b34d26dea52507?s=96&d=mm&r=g","author_category":"","user_url":"https:\/\/la-presse-anarchiste.net","last_name":"Dubuc","first_name":"Vincent","job_title":"","description":""}],"_links":{"self":[{"href":"https:\/\/la-presse-anarchiste.net\/index.php\/wp-json\/wp\/v2\/posts\/417","targetHints":{"allow":["GET"]}}],"collection":[{"href":"https:\/\/la-presse-anarchiste.net\/index.php\/wp-json\/wp\/v2\/posts"}],"about":[{"href":"https:\/\/la-presse-anarchiste.net\/index.php\/wp-json\/wp\/v2\/types\/post"}],"author":[{"embeddable":true,"href":"https:\/\/la-presse-anarchiste.net\/index.php\/wp-json\/wp\/v2\/users\/1"}],"replies":[{"embeddable":true,"href":"https:\/\/la-presse-anarchiste.net\/index.php\/wp-json\/wp\/v2\/comments?post=417"}],"version-history":[{"count":0,"href":"https:\/\/la-presse-anarchiste.net\/index.php\/wp-json\/wp\/v2\/posts\/417\/revisions"}],"wp:attachment":[{"href":"https:\/\/la-presse-anarchiste.net\/index.php\/wp-json\/wp\/v2\/media?parent=417"}],"wp:term":[{"taxonomy":"category","embeddable":true,"href":"https:\/\/la-presse-anarchiste.net\/index.php\/wp-json\/wp\/v2\/categories?post=417"},{"taxonomy":"post_tag","embeddable":true,"href":"https:\/\/la-presse-anarchiste.net\/index.php\/wp-json\/wp\/v2\/tags?post=417"},{"taxonomy":"author","embeddable":true,"href":"https:\/\/la-presse-anarchiste.net\/index.php\/wp-json\/wp\/v2\/ppma_author?post=417"}],"curies":[{"name":"wp","href":"https:\/\/api.w.org\/{rel}","templated":true}]}}