{"id":4178,"date":"2020-07-21T08:46:43","date_gmt":"2020-07-21T08:46:43","guid":{"rendered":"https:\/\/la-presse-anarchiste.net\/index.php\/2020\/07\/21\/revue-critique-des-faits-des-idees-des-ecrits\/"},"modified":"2020-07-21T08:46:43","modified_gmt":"2020-07-21T08:46:43","slug":"revue-critique-des-faits-des-idees-des-ecrits","status":"publish","type":"post","link":"https:\/\/la-presse-anarchiste.net\/index.php\/2020\/07\/21\/revue-critique-des-faits-des-idees-des-ecrits\/","title":{"rendered":"Revue critique des faits, des id\u00e9es, des \u00e9crits"},"content":{"rendered":"<div class=\"pdfprnt-buttons pdfprnt-buttons-post pdfprnt-top-right\"><a href=\"https:\/\/la-presse-anarchiste.net\/index.php\/wp-json\/wp\/v2\/posts\/4178?print=pdf\" class=\"pdfprnt-button pdfprnt-button-pdf\" target=\"_blank\"><img decoding=\"async\" src=\"https:\/\/la-presse-anarchiste.net\/wp-content\/plugins\/pdf-print\/images\/pdf.png\" alt=\"image_pdf\" title=\"Afficher le PDF\"><\/a><a href=\"https:\/\/la-presse-anarchiste.net\/index.php\/wp-json\/wp\/v2\/posts\/4178?print=print\" class=\"pdfprnt-button pdfprnt-button-print\" target=\"_blank\"><img decoding=\"async\" src=\"https:\/\/la-presse-anarchiste.net\/wp-content\/plugins\/pdf-print\/images\/print.png\" alt=\"image_print\" title=\"Contenu imprim\u00e9\"><\/a><\/div><div align=\"justify\">\n<h2>Les faits<\/h2>\n<p>La presse m\u00e8ne grand tapage autour des \u00ab&nbsp;sc\u00e8nes anar\u00adchiques&nbsp;\u00bb de Lorient. Le dra\u00adpeau rouge a \u00e9t\u00e9 arbo\u00adr\u00e9 aux accents de \u00ab&nbsp;l\u2019Internationale&nbsp;\u00bb au som\u00admet d\u2019un navire de guerre en construc\u00adtion, on a fait la gr\u00e8ve des bras croi\u00ads\u00e9s, on a hu\u00e9 l\u2019amiral et des col\u00adli\u00adsions ont eu lieu avec la police. Les motifs de tout ceci&nbsp;? Reven\u00addi\u00adca\u00adtions bien ano\u00addines, ren\u00advoi d\u2019un contre-ma\u00eetre, d\u00e9pla\u00adce\u00adment des ves\u00adtiaires, etc. Ces r\u00e9vol\u00adt\u00e9s de quelques heures, n\u2019en conti\u00adnuent par moins \u00e0 construire des cui\u00adras\u00ads\u00e9s, des engins de meurtre, de des\u00adtruc\u00adtion. Col\u00adla\u00adbo\u00adra\u00adteurs dociles des \u0153uvres de guerre et d\u2019esclavage, leur r\u00e9volte est elle s\u00e9rieuse et peut-elle mena\u00adcer l\u2019ordre social actuel&nbsp;? Certes, nous ne pou\u00advons que d\u00e9si\u00adrer la fr\u00e9\u00adquence de tels sou\u00adbre\u00adsauts popu\u00adlaires, \u00e0 condi\u00adtion qu\u2019ils deviennent plus conscients et plus profonds.<\/p>\n<p>[|<b> \u2013 O \u2013 <\/b>|]<br>\n<\/p>\n<p>La r\u00e9pres\u00adsion gou\u00adver\u00adne\u00admen\u00adtale conti\u00adnue, en s\u2019accentuant. Her\u00adv\u00e9, tou\u00adjours sar\u00adcas\u00adtique, addi\u00adtionne les ann\u00e9es de pri\u00adson. D\u2019autres&nbsp;: Gour\u00adme\u00adlon, Roul\u00adlier, Pen\u00adgam, Aubin, etc., sont frap\u00adp\u00e9s, tan\u00adt\u00f4t pour pro\u00advo\u00adca\u00adtions au sabo\u00adtage, tan\u00adt\u00f4t pour par\u00adti\u00adci\u00adpa\u00adtion au mou\u00adve\u00adment pro\u00adtes\u00adta\u00adtaire contre la cher\u00adt\u00e9 des vivres, tan\u00adt\u00f4t encore pour anti-mili\u00adta\u00adrisme. Voi\u00adci main\u00adte\u00adnant notre ami, le chan\u00adson\u00adnier Lanoff, que les Assises de l\u2019Aisne viennent de condam\u00adner pour d\u00e9lit de parole \u00e0 deux mois de pri\u00adson. N\u2019est-il pas logique que s\u2019affirme, paral\u00adl\u00e8\u00adle\u00adment \u00e0 l\u2019indiff\u00e9rence g\u00e9n\u00e9\u00adrale, l\u2019arbitraire des diri\u00adgeants&nbsp;? Ceux-ci ne craignent gu\u00e8re nos col\u00e8res de r\u00e9unions publiques et la r\u00e9pro\u00adba\u00adtion pla\u00adto\u00adnique des \u00ab&nbsp;orga\u00adni\u00ads\u00e9s&nbsp;\u00bb coti\u00adsants et votards. Culti\u00adver des forces, qui se pour\u00adront dres\u00adser uti\u00adle\u00adment, ferait davan\u00adtage r\u00e9fl\u00e9\u00adchir nos ma\u00eetres, \u2013 que se conten\u00adter de crier sans&nbsp;agir.<\/p>\n<h2>Les p\u00e9riodiques<\/h2>\n<p><em>La Guerre Sociale<\/em> publie la d\u00e9fense pro\u00adnon\u00adc\u00e9e par Gus\u00adtave Her\u00adv\u00e9 aux Assises. Accu\u00ads\u00e9 d\u2019avoir fait l\u2019apologie d\u2019attentats contre des poli\u00adciers, il pro\u00adnonce en termes ardents la condam\u00adna\u00adtion du r\u00e9gime actuel dont la cor\u00adrup\u00adtion et la sot\u00adtise deviennent de plus en plus \u00e9vi\u00addentes. Mais ses consi\u00add\u00e9\u00adra\u00adtions \u00e0 l\u2019\u00e9gard de la police, laissent \u00e0 d\u00e9si\u00adrer. Com\u00adpl\u00e9\u00adt\u00e9es par les d\u00e9cla\u00adra\u00adtions qu\u2019Almereyda adresse \u00e0 \u00ab&nbsp;fr\u00e8re flic&nbsp;\u00bb elles nous pr\u00e9\u00adsentent les poli\u00adciers sous un jour com\u00adpl\u00e8\u00adte\u00adment nou\u00adveau. Le \u00ab&nbsp;vrai&nbsp;\u00bb poli\u00adcier, qui m\u00e9nage les mani\u00adfes\u00adtants et se contente de moles\u00adter les r\u00e9frac\u00adtaires \u00e9co\u00adno\u00admiques, est aver\u00adti que les portes de la R\u00e9pu\u00adblique Sociale lui seront grandes ouvertes. H\u00e9las, nous nous en doutions\u2026<\/p>\n<p>[|<b> \u2013 O \u2013 <\/b>|]<br>\n<\/p>\n<p>Com\u00adbien d\u00e9mo\u00adra\u00adli\u00adsantes les colonnes o\u00f9 <em>La Bataille Syn\u00addi\u00adca\u00adliste<\/em> nous parle des pro\u00advo\u00adca\u00adteurs sti\u00adpen\u00addi\u00e9s par les gou\u00adver\u00adnants. Chaque jour am\u00e8ne la d\u00e9cou\u00adverte de nou\u00adveaux mou\u00adchards, dont la mal\u00adfai\u00adsance peut-\u00eatre grande au sein d\u2019organisations mou\u00adton\u00adni\u00e8res. Le vrai rem\u00e8de, c\u2019est r\u00e9agir contre toute d\u00e9l\u00e9\u00adga\u00adtion, tout embri\u00adga\u00adde\u00adment \u2013 en don\u00adnant \u00e0 cha\u00adcun conscience de son indi\u00advi\u00addua\u00adli\u00adt\u00e9. Alors les d\u00e9ma\u00adgogues plus ou moins tar\u00e9s ne feront plus de vic\u00adtimes. Ajou\u00adtons tou\u00adte\u00adfois que ce n\u2019est pas une rai\u00adson pour sus\u00adpec\u00adter tout par\u00adti\u00adsan de l\u2019action directe et de la vio\u00adlence, ain\u00adsi que cer\u00adtains semblent vou\u00adloir le faire. De plus, il faut faire la part du bluff jour\u00adna\u00adlis\u00adtique et des conclu\u00adsions peut \u00eatre h\u00e2tives aux\u00adquelles il peut conduire.<\/p>\n<p>\u2013 \u00c0 pro\u00adpos du cas Ricor\u00addeau, le <em>Liber\u00adtaire<\/em> s\u2019\u00e9l\u00e8ve contre la <em>Guerre Sociale<\/em>. \u00ab&nbsp;Assez de bluff&nbsp;\u00bb, tel est le conseil signi\u00adfi\u00adca\u00adtif, don\u00adn\u00e9 aux \u00ab&nbsp;Poli\u00adti\u00adciens de la G.S.&nbsp;\u00bb D\u2019autre part, ces der\u00adniers engagent une pol\u00e9\u00admique vio\u00adlente avec la <em>Bataille Syn\u00addi\u00adca\u00adliste<\/em>. R\u00e9p\u00e9\u00adtons-le, l\u2019impression g\u00e9n\u00e9\u00adrale est plu\u00adt\u00f4t d\u00e9moralisante.<\/p>\n<p>[|<b> \u2013 O \u2013 <\/b>|]<br>\n<\/p>\n<p>\u00ab&nbsp;La guerre au ser\u00advice de la vie&nbsp;\u00bb. Tel est le titre choi\u00adsi par Le R\u00e9tif dans <em>l\u2019anarchie<\/em> pour com\u00admen\u00adter la th\u00e8se ch\u00e8re \u00e0 \u00c9lie Faure et \u00e0 maint revan\u00adchard\u2026 La th\u00e8se est ici, inco\u00adh\u00e9\u00adrente et mau\u00advaise. Le R\u00e9tif donne d\u2019abord de bonnes rai\u00adsons contre les bou\u00adche\u00adries humaines, puis il affirme \u2013 par une sin\u00adgu\u00adli\u00e8re contra\u00addic\u00adtion \u2013 que les exp\u00e9\u00addi\u00adtions colo\u00adniales ont de l\u2019utilit\u00e9 et contri\u00adbuent au pro\u00adgr\u00e8s de la civi\u00adli\u00adsa\u00adtion. Des esprits para\u00addoxaux ou int\u00e9\u00adres\u00ads\u00e9s peuvent sou\u00adte\u00adnir de sem\u00adblables th\u00e9o\u00adries, il ne m\u2019appara\u00eet pas logique de les ren\u00adcon\u00adtrer sous la plume d\u2019un cama\u00adrade, \u0153uvrant ain\u00adsi que nous-m\u00eames, pour la r\u00e9no\u00adva\u00adtion et l\u2019affranchissement sociaux.<\/p>\n<p>Dans le m\u00eame organe, voi\u00adci une tra\u00adduc\u00adtion de Tan\u00adcre\u00addo Loren\u00adzi, appr\u00e9\u00adciant l\u2019individualisme-anarchiste r\u00e9cem\u00adment expo\u00ads\u00e9 par notre ami Deval\u00add\u00e8s. C\u2019est une condam\u00adna\u00adtion de la r\u00e9volte bas\u00e9e sur la rai\u00adson et sur la conscience et la glo\u00adri\u00adfi\u00adca\u00adtion des col\u00e8res sen\u00adti\u00admen\u00adtales et impul\u00adsives. Nous aurons occa\u00adsion ici, d\u2019examiner et de dis\u00adcu\u00adter \u00e0 fond ces doc\u00adtrines sociales, bas\u00e9es \u00e0 mon avis, sur une incom\u00adpr\u00e9\u00adhen\u00adsion fla\u00adgrante des lois qui r\u00e9gissent la nature humaine et l\u2019\u00e9volution des collectivit\u00e9s.<\/p>\n<p>[|<b> \u2013 O \u2013 <\/b>|]<br>\n<\/p>\n<p><em>Hors du trou\u00adpeau<\/em>, revue men\u00adsuelle, conti\u00adnue les tra\u00addi\u00adtions de sa devan\u00adci\u00e8re <em>l\u2019\u00c8re Nou\u00advelle<\/em>. Tra\u00addi\u00adtions fort indi\u00advi\u00addua\u00adlistes\u2026 \u00ab&nbsp;Hors de moi, tout n\u2019est que t\u00e9n\u00e8bres et confu\u00adsion\u2026 Seul, j\u2019existe\u2026&nbsp;\u00bb Voi\u00adl\u00e0 qui ne per\u00admet\u00adtra gu\u00e8re de r\u00e9ha\u00adbi\u00adli\u00adter les id\u00e9es indi\u00advi\u00addua\u00adlistes-anar\u00adchistes, trop sou\u00advent d\u00e9na\u00adtu\u00adr\u00e9es et confon\u00addues avec les outrances du per\u00adson\u00adna\u00adlisme bizarre de certains.<\/p>\n<p>[|<b> \u2013 O \u2013 <\/b>|]<br>\n<\/p>\n<p>\u00c0 noter, dans la <em>Soci\u00e9\u00adt\u00e9 Nou\u00advelle<\/em> plu\u00adsieurs r\u00e9ponses in\u00e9dites \u00e0 une enqu\u00eate sur les rap\u00adports entre les peuples fran\u00ad\u00e7ais et alle\u00admands. Une int\u00e9\u00adres\u00adsante \u00e9tude des fr\u00e8res Mary sur les \u00ab&nbsp;R\u00e9v\u00e9\u00adla\u00adtions du micro\u00adscope&nbsp;\u00bb, vul\u00adga\u00adri\u00adsant les notions curieuses de la plas\u00admo\u00adg\u00e9\u00adnie. Entre M.&nbsp;Valen\u00adsi et entre ami et col\u00adla\u00adbo\u00adra\u00adteur Alfred Naquet se pour\u00adsuit une contro\u00adverse fort \u00e9du\u00adca\u00adtive sur \u00ab&nbsp;le Sio\u00adnisme et le Socia\u00adlisme&nbsp;\u00bb En sou\u00adte\u00adnant la th\u00e8se anti-patrio\u00adtique et anti-reli\u00adgieuse, des\u00adtruc\u00adtrice des natio\u00adna\u00adlismes nou\u00adveaux&nbsp;; Naquet accom\u00adplit une \u0153uvre \u00e9man\u00adci\u00adpa\u00adtrice incon\u00adtes\u00adtable. La v\u00e9ri\u00adt\u00e9 sociale est dans l\u2019\u00e9largissement des cadres o\u00f9 ago\u00adnise encore la per\u00adson\u00adna\u00adli\u00adt\u00e9 de l\u2019homme.<\/p>\n<p>Signa\u00adlons aus\u00adsi dans les der\u00adniers num\u00e9\u00adros, \u00ab&nbsp;Syn\u00addi\u00adca\u00adlisme et coop\u00e9\u00adra\u00adtion&nbsp;\u00bb par J. Bar\u00e9 et \u00ab&nbsp;le Syn\u00addi\u00adca\u00adlisme et la R\u00e9vo\u00adlu\u00adtion Sociale&nbsp;\u00bb par L\u00e9on Torton.&nbsp;<\/p>\n<p>En pas\u00adsant, remer\u00adcions la r\u00e9dac\u00adtion, de la <em>Soci\u00e9\u00adt\u00e9 Nou\u00advelle<\/em>, pour avoir publi\u00e9 in exten\u00adso, la cir\u00adcu\u00adlaire-pro\u00adgramme de notre revue. M\u00eames remer\u00adcie\u00adments \u00e0 nos amis de <em>l\u2019anarchie<\/em>.<\/p>\n<h2>Les livres<\/h2>\n<p><em>Les J\u00e9suites, la classe ouvri\u00e8re et la r\u00e9vo\u00adlu\u00adtion<\/em>. (Jules Rous\u00adset, \u00c9diteur).<\/p>\n<p>Notre col\u00adla\u00adbo\u00adra\u00adteur \u00c9mile Hureau rompt des lances contre le j\u00e9sui\u00adtisme, dont il d\u00e9nonce les men\u00e9es actuelles. Moder\u00adnime, Sillo\u00adnisme, ne sont que les formes d\u2019une tac\u00adtique nou\u00advelle pour assu\u00adjet\u00adtir et abru\u00adtir. Il pro\u00adteste contre l\u2019indiff\u00e9rence pr\u00e9\u00adsente \u00e0 l\u2019\u00e9gard des forces reli\u00adgieuses. Non, dit-il, l\u2019\u00c9glise n\u2019est pas morte et l\u2019action anti-reli\u00adgieuse n\u2019est ni sur\u00adan\u00adn\u00e9e ni inutile&nbsp;; plus que jamais, au contraire il nous faut redou\u00adbler d\u2019efforts contre l\u2019obscurantisme et don\u00adner aux cer\u00adveaux une nour\u00adri\u00adture saine et lib\u00e9\u00adra\u00adtrice. Ce livre dont l\u2019allure g\u00e9n\u00e9\u00adrale est tr\u00e8s int\u00e9\u00adres\u00adsante pour\u00adra para\u00eetre na\u00eff. Il n\u2019en sera pas moins utile et capable de faire bonne besogne si l\u2019on veut \u00e9cou\u00adter ce que dit son auteur<\/p>\n<p>[|<b> \u2013 O \u2013 <\/b>|]<br>\n<\/p>\n<p><em>La La\u00efque contre l\u2019enfant<\/em>. (La Soci\u00e9\u00adt\u00e9 Nou\u00advelle, \u00c9diteur).<\/p>\n<p>Je signale avec plai\u00adsir le petit livre que vient de publier sous ce titre, notre ami Ste\u00adphen Mac Say. C\u2019est l\u2019\u0153uvre d\u2019un p\u00e9da\u00adgogue docu\u00admen\u00adt\u00e9 et aver\u00adti, \u00e0 l\u2019esprit liber\u00adtaire. Avec un cou\u00adrage peu fr\u00e9\u00adquent, il ne se borne pas \u00e0 une cri\u00adtique des vieux sys\u00adt\u00e8mes dog\u00adma\u00adtiques, mais s\u2019attaque \u00e9ga\u00adle\u00adment aux offi\u00adcines \u00e0 la fa\u00e7ade rajeu\u00adnies qui dis\u00adtil\u00adlent l\u2019enseignement dit \u00ab&nbsp;la\u00efque&nbsp;\u00bb.<br>\nEn face de tous les fana\u00adtismes, il d\u00e9fi\u00adnit l\u2019\u00e9ducation ration\u00adnelle, fai\u00adsant des indi\u00advi\u00addus et non des serfs,\u2014 des hommes libres et non des dis\u00adciples dociles des \u00e9coles r\u00e9pu\u00adbli\u00adcaines, patrio\u00adtiques, reli\u00adgieuses, voire socia\u00adlistes ou syn\u00addi\u00adcales\u2026 Ces pages fortes, sans lit\u00adt\u00e9\u00adra\u00adture pu\u00e9\u00adrile, sont \u00e0 lire et \u00e0 faire lire par tous ceux que pr\u00e9\u00adoc\u00adcupe l\u2019essentiel pro\u00adbl\u00e8me de l\u2019\u00e9ducation l\u2019enfance.<\/p>\n<p>[|<b> \u2013 O \u2013 <\/b>|]<br>\n<\/p>\n<p><em>Une vic\u00adtoire sans guerre<\/em>. (Schleich fr\u00e8res, \u00c9diteurs.)<\/p>\n<p>Un recueil pr\u00e9\u00adsen\u00adt\u00e9 par J. G. Car\u00adte\u00adret de docu\u00adments, de des\u00adsins, d\u2019articles, concer\u00adnant les r\u00e9cents inci\u00addents diplo\u00adma\u00adtiques que sou\u00adle\u00adv\u00e8rent entre la France et l\u2019Allemagne, les com\u00adp\u00e9\u00adti\u00adtions capi\u00adta\u00adlistes en terre maro\u00adcaine. Beau\u00adcoup de satires, de cari\u00adca\u00adtures qui mon\u00adtre\u00adront la men\u00adta\u00adli\u00adt\u00e9 alle\u00admande sous son v\u00e9ri\u00adtable aspect et non telle que les jour\u00adnaux bour\u00adgeois ont int\u00e9\u00adr\u00eat \u00e0 nous la pr\u00e9\u00adsen\u00adter. De tels livres sont cer\u00adtai\u00adne\u00adment bien\u00adfai\u00adsants, sur\u00adtout lors\u00adqu\u2019ils sont ani\u00adm\u00e9s \u2013 comme celui-ci \u2013 d\u2019une pen\u00ads\u00e9e sai\u00adne\u00adment pacifiste.<\/p>\n<p>[\/\u200bA.&nbsp;L.\/]<\/p>\n<\/div>","protected":false},"excerpt":{"rendered":"<p>Les faits La presse m\u00e8ne grand tapage autour des \u00ab&nbsp;sc\u00e8nes anar\u00adchiques&nbsp;\u00bb de Lorient. Le dra\u00adpeau rouge a \u00e9t\u00e9 arbo\u00adr\u00e9 aux accents de \u00ab&nbsp;l\u2019Internationale&nbsp;\u00bb au som\u00admet d\u2019un navire de guerre en construc\u00adtion, on a fait la gr\u00e8ve des bras croi\u00ads\u00e9s, on a hu\u00e9 l\u2019amiral et des col\u00adli\u00adsions ont eu lieu avec la police. Les motifs de&nbsp;[\u2026]<\/p>\n","protected":false},"author":1,"featured_media":0,"comment_status":"closed","ping_status":"closed","sticky":false,"template":"","format":"standard","meta":{"wp_typography_post_enhancements_disabled":false,"footnotes":""},"categories":[512],"tags":[],"ppma_author":[540],"class_list":["post-4178","post","type-post","status-publish","format-standard","hentry","category-lidee-libre-n1-decembre-1911"],"authors":[{"term_id":540,"user_id":1,"is_guest":0,"slug":"admin_3gikpwyf","display_name":"Vincent Dubuc","avatar_url":"https:\/\/secure.gravatar.com\/avatar\/d015720652c25fd2ced191ade86430094e1f288a17483713e3b34d26dea52507?s=96&d=mm&r=g","author_category":"","user_url":"https:\/\/la-presse-anarchiste.net","last_name":"Dubuc","first_name":"Vincent","job_title":"","description":""}],"_links":{"self":[{"href":"https:\/\/la-presse-anarchiste.net\/index.php\/wp-json\/wp\/v2\/posts\/4178","targetHints":{"allow":["GET"]}}],"collection":[{"href":"https:\/\/la-presse-anarchiste.net\/index.php\/wp-json\/wp\/v2\/posts"}],"about":[{"href":"https:\/\/la-presse-anarchiste.net\/index.php\/wp-json\/wp\/v2\/types\/post"}],"author":[{"embeddable":true,"href":"https:\/\/la-presse-anarchiste.net\/index.php\/wp-json\/wp\/v2\/users\/1"}],"replies":[{"embeddable":true,"href":"https:\/\/la-presse-anarchiste.net\/index.php\/wp-json\/wp\/v2\/comments?post=4178"}],"version-history":[{"count":0,"href":"https:\/\/la-presse-anarchiste.net\/index.php\/wp-json\/wp\/v2\/posts\/4178\/revisions"}],"wp:attachment":[{"href":"https:\/\/la-presse-anarchiste.net\/index.php\/wp-json\/wp\/v2\/media?parent=4178"}],"wp:term":[{"taxonomy":"category","embeddable":true,"href":"https:\/\/la-presse-anarchiste.net\/index.php\/wp-json\/wp\/v2\/categories?post=4178"},{"taxonomy":"post_tag","embeddable":true,"href":"https:\/\/la-presse-anarchiste.net\/index.php\/wp-json\/wp\/v2\/tags?post=4178"},{"taxonomy":"author","embeddable":true,"href":"https:\/\/la-presse-anarchiste.net\/index.php\/wp-json\/wp\/v2\/ppma_author?post=4178"}],"curies":[{"name":"wp","href":"https:\/\/api.w.org\/{rel}","templated":true}]}}