{"id":4182,"date":"2020-07-22T18:47:31","date_gmt":"2020-07-22T18:47:31","guid":{"rendered":"https:\/\/la-presse-anarchiste.net\/index.php\/2020\/07\/22\/ou-va-la-revolution-benbelliste\/"},"modified":"2020-07-22T18:47:31","modified_gmt":"2020-07-22T18:47:31","slug":"ou-va-la-revolution-benbelliste","status":"publish","type":"post","link":"https:\/\/la-presse-anarchiste.net\/index.php\/2020\/07\/22\/ou-va-la-revolution-benbelliste\/","title":{"rendered":"O\u00f9 va la r\u00e9volution benbelliste"},"content":{"rendered":"<div class=\"pdfprnt-buttons pdfprnt-buttons-post pdfprnt-top-right\"><a href=\"https:\/\/la-presse-anarchiste.net\/index.php\/wp-json\/wp\/v2\/posts\/4182?print=pdf\" class=\"pdfprnt-button pdfprnt-button-pdf\" target=\"_blank\"><img decoding=\"async\" src=\"https:\/\/la-presse-anarchiste.net\/wp-content\/plugins\/pdf-print\/images\/pdf.png\" alt=\"image_pdf\" title=\"Afficher le PDF\"><\/a><a href=\"https:\/\/la-presse-anarchiste.net\/index.php\/wp-json\/wp\/v2\/posts\/4182?print=print\" class=\"pdfprnt-button pdfprnt-button-print\" target=\"_blank\"><img decoding=\"async\" src=\"https:\/\/la-presse-anarchiste.net\/wp-content\/plugins\/pdf-print\/images\/print.png\" alt=\"image_print\" title=\"Contenu imprim\u00e9\"><\/a><\/div><div align=\"justify\">\n<p>[[Cette note nous est par\u00adve\u00adnue quand l\u2019article <em><a href=\"4161\">R\u00e9a\u00adli\u00adt\u00e9s alg\u00e9\u00adriennes<\/a><\/em>, de Gas\u00adton Leval, \u00e9tait \u00e9crit. Elle le com\u00adpl\u00e8te utilement.]]<\/p>\n<p>Tant pis pour les ben\u00adbel\u00adlistes et autres natio\u00adna\u00adlistes alg\u00e9\u00adriens qui ne voient pas plus loin que la bagarre r\u00e9vo\u00adlu\u00adtion\u00adnaire par laquelle ils sont obnu\u00adbi\u00adl\u00e9s. Nous avons tou\u00adjours sou\u00adte\u00adnu et nous conti\u00adnuons de sou\u00adte\u00adnir qu\u2019une r\u00e9vo\u00adlu\u00adtion sociale est un fait de tant d\u2019importance qu\u2019il ne peut \u00eatre entre\u00adpris \u00e0 la l\u00e9g\u00e8re.<\/p>\n<p>Ben Bel\u00adla vient d\u2019apporter une fois de plus la preuve de notre affir\u00adma\u00adtion, en fai\u00adsant, le 28 octobre, des d\u00e9cla\u00adra\u00adtions sen\u00adsa\u00adtion\u00adnelles, que <em>le Monde<\/em> repro\u00addui\u00adsait le jour suivant&nbsp;:<\/p>\n<p>\u00ab&nbsp;Les tra\u00advailleurs du sec\u00adteur agri\u00adcole, a\u2011t-il d\u00e9cla\u00adr\u00e9, ne ver\u00adront pas leurs condi\u00adtions de vie s\u2019am\u00e9liorer rapidement.&nbsp;\u00bb<\/p>\n<p>Pre\u00admi\u00e8re douche gla\u00adc\u00e9e sur l\u2019enthousiasme de ceux selon les\u00adquels il suf\u00adfi\u00adsait de mettre dehors les colons euro\u00adp\u00e9ens pour am\u00e9\u00adlio\u00adrer sen\u00adsi\u00adble\u00adment, et du jour au len\u00adde\u00admain, le sort de la popu\u00adla\u00adtion&nbsp;arabe.&nbsp;<\/p>\n<p>Deuxi\u00e8me douche&nbsp;:<\/p>\n<p>\u00ab&nbsp;Pour l\u2019instant, notre pro\u00adduc\u00adtion agri\u00adcole est com\u00adpl\u00e8\u00adte\u00adment d\u00e9s\u00ad\u00e9qui\u00adli\u00adbr\u00e9e. L\u2019Alg\u00e9rie importe 70 mil\u00adliards par an de den\u00adr\u00e9es ali\u00admen\u00adtaires alors qu\u2019elle pour\u00adrait en pro\u00adduire la plus grande par\u00adtie sur son territoire.&nbsp;\u00bb<\/p>\n<p>Cette der\u00adni\u00e8re affir\u00adma\u00adtion est plus que dis\u00adcu\u00adtable. Mais que devient donc la socia\u00adli\u00adsa\u00adtion agraire dont on se gar\u00adga\u00adrise tant&nbsp;? Pour\u00adquoi la pro\u00adduc\u00adtion en est-elle l\u00e0 alors que dans les col\u00adlec\u00adti\u00advi\u00adt\u00e9s espa\u00adgnoles elle aug\u00admente rapi\u00adde\u00adment, d\u2019une ann\u00e9e \u00e0 l\u2019autre&nbsp;?<\/p>\n<p>Troi\u00adsi\u00e8me douche&nbsp;:<\/p>\n<p>Ben Bel\u00adla d\u00e9couvre que la situa\u00adtion agri\u00adcole alg\u00e9\u00adrienne se carac\u00adt\u00e9\u00adrise comme suit&nbsp;: \u00ab&nbsp;Huit mil\u00adlions de fel\u00adlahs dont les condi\u00adtions de vie sont \u00e0 peine ima\u00adgi\u00adnables sur quatre mil\u00adlions d\u2019hectares de ter\u00adrain rava\u00adg\u00e9s par l\u2019\u00e9rosion et le ravinement.&nbsp;\u00bb&nbsp;<\/p>\n<p>Ce qui fait un demi-hec\u00adtare de mau\u00advaise terre par fellah.<\/p>\n<p>Nous avons tou\u00adjours pos\u00e9 ces ques\u00adtions dans notre revue, et nous disons que tout r\u00e9vo\u00adlu\u00adtion\u00adnaire s\u00e9rieux doit les poser. Mais \u00e0 temps. Les d\u00e9cla\u00adma\u00adteurs et les agi\u00adta\u00adteurs \u00e9cer\u00adve\u00adl\u00e9s ne sont pas ceux qui doivent gui\u00adder l\u2019histoire, mais ceux qui ont une mati\u00e8re grise valable dans leur bo\u00eete cr\u00e2\u00adnienne. Car Ben Bel\u00adla d\u00e9couvre aus\u00adsi main\u00adte\u00adnant \u2013 ce que nous avons dit il y a sept ans, que \u00ab&nbsp;la moder\u00adni\u00adsa\u00adtion de l\u2019agriculture ne suf\u00adfi\u00adra pas pour four\u00adnir du tra\u00advail \u00e0 tous les hommes&nbsp;\u00bb.<\/p>\n<p>Il en d\u00e9duit donc qu\u2019il faut \u00ab&nbsp;op\u00e9\u00adrer un trans\u00adfert d\u2019au moins un mil\u00adlion de jeunes de ces r\u00e9gions du sec\u00adteur agri\u00adcole au sec\u00adteur industriel&nbsp;\u00bb.<\/p>\n<p>Ce qui s\u2019est fait et se fait par\u00adtout, et d\u2019abord dans les nations capi\u00adta\u00adlistes (en Angle\u00adterre et aux \u00c9tats-Unis), ce qui s\u2019est fait en URSS et m\u00eame ce qui se fait actuel\u00adle\u00adment dans l\u2019Espagne de Fran\u00adco, car les lois de l\u2019\u00e9conomie sont les m\u00eames. Mais voi\u00adci une chose qu\u2019il oublie&nbsp;: c\u2019est que pour cette poli\u00adtique de d\u00e9pla\u00adce\u00adment de popu\u00adla\u00adtion et de cr\u00e9a\u00adtion indus\u00adtrielle il faut d\u2019abord avoir une \u00e9co\u00adno\u00admie agri\u00adcole solide, qui serve de sup\u00adport, d\u2019<em>accu\u00admu\u00adla\u00adtion pri\u00admi\u00adtive<\/em>, comme disent les \u00e9co\u00adno\u00admistes. Sinon, rien n\u2019est faisable.<\/p>\n<p>Atten\u00addons voir com\u00adment il s\u2019y pren\u00addra. Mais comme il est pr\u00e9\u00advoyant, il a annon\u00adc\u00e9 qu\u2019il fau\u00addrait \u00ab&nbsp;un effort for\u00admi\u00addable&nbsp;\u00bb, \u00ab&nbsp;une aus\u00adt\u00e9\u00adri\u00adt\u00e9 libre\u00adment consen\u00adtie&nbsp;\u00bb qui devra durer quinze ans&nbsp;!<\/p>\n<p>Le peuple alg\u00e9\u00adrien, qu\u2019il dis\u00adtrait par la guerre, a\u2011t-il gagn\u00e9 \u00e0 ce chan\u00adge\u00adment par la fa\u00e7on dont on l\u2019a fait&nbsp;? Et n\u2019oublions pas que dans trente ans il sera deux fois plus nom\u00adbreux que maintenant.<\/p>\n<p>Non, la r\u00e9vo\u00adlu\u00adtion n\u2019est pas une affaire pour les petites cer\u00advelles. Aurons-nous l\u2019honn\u00eatet\u00e9 et le cou\u00adrage de le reconna\u00eetre&nbsp;?<\/p>\n<\/div>\n","protected":false},"excerpt":{"rendered":"<p>[[Cette note nous est par\u00adve\u00adnue quand l\u2019article R\u00e9a\u00adli\u00adt\u00e9s alg\u00e9\u00adriennes, de Gas\u00adton Leval, \u00e9tait \u00e9crit. Elle le com\u00adpl\u00e8te uti\u00adle\u00adment.]] Tant pis pour les ben\u00adbel\u00adlistes et autres natio\u00adna\u00adlistes alg\u00e9\u00adriens qui ne voient pas plus loin que la bagarre r\u00e9vo\u00adlu\u00adtion\u00adnaire par laquelle ils sont obnu\u00adbi\u00adl\u00e9s. Nous avons tou\u00adjours sou\u00adte\u00adnu et nous conti\u00adnuons de sou\u00adte\u00adnir qu\u2019une r\u00e9vo\u00adlu\u00adtion sociale est&nbsp;[\u2026]<\/p>\n","protected":false},"author":1,"featured_media":0,"comment_status":"closed","ping_status":"closed","sticky":false,"template":"","format":"standard","meta":{"wp_typography_post_enhancements_disabled":false,"footnotes":""},"categories":[513],"tags":[],"ppma_author":[540],"class_list":["post-4182","post","type-post","status-publish","format-standard","hentry","category-cahiers-de-lhumanisme-libertaire-n96-97-novembre-decembre-1963"],"authors":[{"term_id":540,"user_id":1,"is_guest":0,"slug":"admin_3gikpwyf","display_name":"Vincent Dubuc","avatar_url":"https:\/\/secure.gravatar.com\/avatar\/d015720652c25fd2ced191ade86430094e1f288a17483713e3b34d26dea52507?s=96&d=mm&r=g","author_category":"","user_url":"https:\/\/la-presse-anarchiste.net","last_name":"Dubuc","first_name":"Vincent","job_title":"","description":""}],"_links":{"self":[{"href":"https:\/\/la-presse-anarchiste.net\/index.php\/wp-json\/wp\/v2\/posts\/4182","targetHints":{"allow":["GET"]}}],"collection":[{"href":"https:\/\/la-presse-anarchiste.net\/index.php\/wp-json\/wp\/v2\/posts"}],"about":[{"href":"https:\/\/la-presse-anarchiste.net\/index.php\/wp-json\/wp\/v2\/types\/post"}],"author":[{"embeddable":true,"href":"https:\/\/la-presse-anarchiste.net\/index.php\/wp-json\/wp\/v2\/users\/1"}],"replies":[{"embeddable":true,"href":"https:\/\/la-presse-anarchiste.net\/index.php\/wp-json\/wp\/v2\/comments?post=4182"}],"version-history":[{"count":0,"href":"https:\/\/la-presse-anarchiste.net\/index.php\/wp-json\/wp\/v2\/posts\/4182\/revisions"}],"wp:attachment":[{"href":"https:\/\/la-presse-anarchiste.net\/index.php\/wp-json\/wp\/v2\/media?parent=4182"}],"wp:term":[{"taxonomy":"category","embeddable":true,"href":"https:\/\/la-presse-anarchiste.net\/index.php\/wp-json\/wp\/v2\/categories?post=4182"},{"taxonomy":"post_tag","embeddable":true,"href":"https:\/\/la-presse-anarchiste.net\/index.php\/wp-json\/wp\/v2\/tags?post=4182"},{"taxonomy":"author","embeddable":true,"href":"https:\/\/la-presse-anarchiste.net\/index.php\/wp-json\/wp\/v2\/ppma_author?post=4182"}],"curies":[{"name":"wp","href":"https:\/\/api.w.org\/{rel}","templated":true}]}}