{"id":4185,"date":"2020-07-22T18:47:09","date_gmt":"2020-07-22T18:47:09","guid":{"rendered":"https:\/\/la-presse-anarchiste.net\/index.php\/2020\/07\/22\/realites-sud-americaines\/"},"modified":"2020-07-22T18:47:09","modified_gmt":"2020-07-22T18:47:09","slug":"realites-sud-americaines","status":"publish","type":"post","link":"https:\/\/la-presse-anarchiste.net\/index.php\/2020\/07\/22\/realites-sud-americaines\/","title":{"rendered":"R\u00e9alit\u00e9s sud-am\u00e9ricaines"},"content":{"rendered":"<div class=\"pdfprnt-buttons pdfprnt-buttons-post pdfprnt-top-right\"><a href=\"https:\/\/la-presse-anarchiste.net\/index.php\/wp-json\/wp\/v2\/posts\/4185?print=pdf\" class=\"pdfprnt-button pdfprnt-button-pdf\" target=\"_blank\"><img decoding=\"async\" src=\"https:\/\/la-presse-anarchiste.net\/wp-content\/plugins\/pdf-print\/images\/pdf.png\" alt=\"image_pdf\" title=\"Afficher le PDF\"><\/a><a href=\"https:\/\/la-presse-anarchiste.net\/index.php\/wp-json\/wp\/v2\/posts\/4185?print=print\" class=\"pdfprnt-button pdfprnt-button-print\" target=\"_blank\"><img decoding=\"async\" src=\"https:\/\/la-presse-anarchiste.net\/wp-content\/plugins\/pdf-print\/images\/print.png\" alt=\"image_print\" title=\"Contenu imprim\u00e9\"><\/a><\/div><div align=\"justify\">\n<p>Dans le num\u00e9\u00adro 7, cor\u00adres\u00adpon\u00addant aux mois de jan\u00advier-f\u00e9vrier 1964, de la revue <em>Pano\u00adra\u00admas<\/em>, \u00e9di\u00adt\u00e9e \u00e0 Mexi\u00adco, nous trou\u00advons une \u00e9tude publi\u00e9e par le par\u00adti \u00ab&nbsp;Apris\u00adta&nbsp;\u00bb p\u00e9ru\u00advien sur l\u2019\u00e9conomie sociale du P\u00e9rou. Cette \u00e9tude, s\u00e9rieuse et cou\u00adra\u00adgeuse, montre la r\u00e9a\u00adli\u00adt\u00e9 des struc\u00adtures sociales qui dans ce pays, comme dans tant d\u2019autres de l\u2019Am\u00e9rique indo-latine, remonte \u00e0 l\u2019implantation des \u00ab&nbsp;conquis\u00adta\u00addores&nbsp;\u00bb dans cette par\u00adtie du monde. Nous y rele\u00advons, sur la situa\u00adtion de la popu\u00adla\u00adtion agraire, ces chiffres qui, \u00e0 peu de choses pr\u00e8s, cor\u00adres\u00adpondent \u00e0 ceux de la Colom\u00adbie, du Br\u00e9\u00adsil, de l\u2019\u00c9quateur, etc., du Mexique \u00e0 la Terre de Feu. Ils prouvent, une fois de plus, m\u00eame si cela bous\u00adcule le confort intel\u00adlec\u00adtuel de ceux qui expliquent toute la mis\u00e8re centre et sud-am\u00e9\u00adri\u00adcaine par l\u2019exploitation \u00ab&nbsp;yanque&nbsp;\u00bb, que les causes fon\u00adda\u00admen\u00adtales sont beau\u00adcoup plus pro\u00adfondes. En ne les d\u00e9non\u00ad\u00e7ant pas on ne sert pas la v\u00e9ri\u00adt\u00e9, mais on fait le jeu des pires exploi\u00adteurs des grandes masses humaines dont on d\u00e9tourne l\u2019attention en les exci\u00adtant contre les \u00ab&nbsp;\u00e9trangers&nbsp;\u00bb.<\/p>\n<p>Le der\u00adnier recen\u00adse\u00adment agri\u00adcole, dit cette \u00e9tude, a mon\u00adtr\u00e9 que, sur 20&nbsp;600&nbsp;000 hec\u00adtares de terres labou\u00adr\u00e9es et de prai\u00adries naturelles&nbsp;:<\/p>\n<p>\u2013 95 pour cent des pro\u00adpri\u00e9\u00adtaires n\u2019en pos\u00ads\u00e8dent que 6&nbsp;%, soit 1&nbsp;260&nbsp;000 hec\u00adtares, grou\u00adp\u00e9es en 546&nbsp;000 fermes d\u2019une moyenne de 2,03 hec\u00adtares chacune&nbsp;;<br> \u2013 1 pour cent des pro\u00adpri\u00e9\u00adtaires pos\u00ads\u00e8dent des fermes de 20 \u00e0 200 hec\u00adtares&nbsp;; moyennes&nbsp;: 54 hec\u00adtares par ferme, et pour\u00adcen\u00adtage sur la super\u00adfi\u00adcie totale&nbsp;: 1,08&nbsp;%&nbsp;;<br> \u2013 4&nbsp;832 pro\u00adpri\u00e9\u00adtaires, soit moins de 4&nbsp;% du total, pos\u00ads\u00e8dent 93&nbsp;% du total des terres, et la moyenne des exploi\u00adta\u00adtions est de 2&nbsp;200 hectares.<\/p>\n<p>Enre\u00adgis\u00adtrez, et n\u2019oubliez pas.<\/p>\n<\/div>\n","protected":false},"excerpt":{"rendered":"<p>Dans le num\u00e9\u00adro 7, cor\u00adres\u00adpon\u00addant aux mois de jan\u00ad\u00advier-f\u00e9vrier 1964, de la revue Pano\u00adra\u00admas, \u00e9di\u00adt\u00e9e \u00e0 Mexi\u00adco, nous trou\u00advons une \u00e9tude publi\u00e9e par le par\u00adti \u00ab&nbsp;Apris\u00adta&nbsp;\u00bb p\u00e9ru\u00advien sur l\u2019\u00e9conomie sociale du P\u00e9rou. Cette \u00e9tude, s\u00e9rieuse et cou\u00adra\u00adgeuse, montre la r\u00e9a\u00adli\u00adt\u00e9 des struc\u00adtures sociales qui dans ce pays, comme dans tant d\u2019autres de l\u2019Am\u00e9rique indo-latine, remonte&nbsp;[\u2026]<\/p>\n","protected":false},"author":1,"featured_media":0,"comment_status":"closed","ping_status":"closed","sticky":false,"template":"","format":"standard","meta":{"wp_typography_post_enhancements_disabled":false,"footnotes":""},"categories":[513],"tags":[],"ppma_author":[540],"class_list":["post-4185","post","type-post","status-publish","format-standard","hentry","category-cahiers-de-lhumanisme-libertaire-n96-97-novembre-decembre-1963"],"authors":[{"term_id":540,"user_id":1,"is_guest":0,"slug":"admin_3gikpwyf","display_name":"Vincent Dubuc","avatar_url":"https:\/\/secure.gravatar.com\/avatar\/d015720652c25fd2ced191ade86430094e1f288a17483713e3b34d26dea52507?s=96&d=mm&r=g","author_category":"","user_url":"https:\/\/la-presse-anarchiste.net","last_name":"Dubuc","first_name":"Vincent","job_title":"","description":""}],"_links":{"self":[{"href":"https:\/\/la-presse-anarchiste.net\/index.php\/wp-json\/wp\/v2\/posts\/4185","targetHints":{"allow":["GET"]}}],"collection":[{"href":"https:\/\/la-presse-anarchiste.net\/index.php\/wp-json\/wp\/v2\/posts"}],"about":[{"href":"https:\/\/la-presse-anarchiste.net\/index.php\/wp-json\/wp\/v2\/types\/post"}],"author":[{"embeddable":true,"href":"https:\/\/la-presse-anarchiste.net\/index.php\/wp-json\/wp\/v2\/users\/1"}],"replies":[{"embeddable":true,"href":"https:\/\/la-presse-anarchiste.net\/index.php\/wp-json\/wp\/v2\/comments?post=4185"}],"version-history":[{"count":0,"href":"https:\/\/la-presse-anarchiste.net\/index.php\/wp-json\/wp\/v2\/posts\/4185\/revisions"}],"wp:attachment":[{"href":"https:\/\/la-presse-anarchiste.net\/index.php\/wp-json\/wp\/v2\/media?parent=4185"}],"wp:term":[{"taxonomy":"category","embeddable":true,"href":"https:\/\/la-presse-anarchiste.net\/index.php\/wp-json\/wp\/v2\/categories?post=4185"},{"taxonomy":"post_tag","embeddable":true,"href":"https:\/\/la-presse-anarchiste.net\/index.php\/wp-json\/wp\/v2\/tags?post=4185"},{"taxonomy":"author","embeddable":true,"href":"https:\/\/la-presse-anarchiste.net\/index.php\/wp-json\/wp\/v2\/ppma_author?post=4185"}],"curies":[{"name":"wp","href":"https:\/\/api.w.org\/{rel}","templated":true}]}}