{"id":42,"date":"1945-07-01T00:10:34","date_gmt":"1945-07-01T00:10:34","guid":{"rendered":"https:\/\/la-presse-anarchiste.net\/index.php\/2006\/12\/26\/entre-nous\/"},"modified":"2025-07-20T02:13:58","modified_gmt":"2025-07-20T02:13:58","slug":"entre-nous","status":"publish","type":"post","link":"https:\/\/la-presse-anarchiste.net\/index.php\/1945\/07\/01\/entre-nous\/","title":{"rendered":"Entre nous"},"content":{"rendered":"<div class=\"pdfprnt-buttons pdfprnt-buttons-post pdfprnt-top-right\"><a href=\"https:\/\/la-presse-anarchiste.net\/index.php\/wp-json\/wp\/v2\/posts\/42?print=pdf\" class=\"pdfprnt-button pdfprnt-button-pdf\" target=\"_blank\"><img decoding=\"async\" src=\"https:\/\/la-presse-anarchiste.net\/wp-content\/plugins\/pdf-print\/images\/pdf.png\" alt=\"image_pdf\" title=\"Afficher le PDF\"><\/a><a href=\"https:\/\/la-presse-anarchiste.net\/index.php\/wp-json\/wp\/v2\/posts\/42?print=print\" class=\"pdfprnt-button pdfprnt-button-print\" target=\"_blank\"><img decoding=\"async\" src=\"https:\/\/la-presse-anarchiste.net\/wp-content\/plugins\/pdf-print\/images\/print.png\" alt=\"image_print\" title=\"Contenu imprim\u00e9\"><\/a><\/div><div align=\"justify\">\n<p>Pour toutes sortes de rai\u00adsons, mon inten\u00adtion pre\u00admi\u00e8re \u00e9tait de ne sor\u00adtir l\u2019<em>Unique<\/em> qu\u2019en octobre, c\u2019est-\u00e0-dire apr\u00e8s la p\u00e9riode dite des vacances, mais devant les marques d\u2019en\u00adcou\u00adra\u00adge\u00adments sus\u00adci\u00adt\u00e9es par l\u2019en\u00advoi de notre cir\u00adcu\u00adlaire, infor\u00admant la plu\u00adpart des anciens abon\u00adn\u00e9s de \u00ab&nbsp;l\u2019en dehors&nbsp;\u00bb de mon des\u00adsein de reprendre notre acti\u00advi\u00adt\u00e9, j\u2019ai cru bon de lan\u00adcer un pre\u00admier num\u00e9\u00adro en juin. Cepen\u00addant le pro\u00adchain fas\u00adci\u00adcule por\u00adte\u00adra la date d\u2019ao\u00fbt-sep\u00adtembre et ne para\u00ee\u00adtra que dans la pre\u00admi\u00e8re quin\u00adzaine de septembre.<\/p>\n<p>Dans ce fas\u00adci\u00adcule, nous entre\u00adtien\u00addrons nos abon\u00adn\u00e9s des frais occa\u00adsion\u00adn\u00e9s par l\u2019en\u00advoi des cir\u00adcu\u00adlaires dont il est ques\u00adtion plus haut, du co\u00fbt de \u00ab&nbsp;l\u2019U\u00adnique&nbsp;\u00bb, des frais de port aux\u00adquels son exp\u00e9\u00addi\u00adtion donne lieu,&nbsp;etc.<\/p>\n<p style=\"text-align: right;\">E. A.<\/p>\n<\/div>\n","protected":false},"excerpt":{"rendered":"<p>Pour toutes sortes de rai\u00adsons, mon inten\u00adtion pre\u00admi\u00e8re \u00e9tait de ne sor\u00adtir l\u2019Unique qu\u2019en octobre, c\u2019est-\u00e0-dire apr\u00e8s la p\u00e9riode dite des vacances, mais devant les marques d\u2019en\u00adcou\u00adra\u00adge\u00adments sus\u00adci\u00adt\u00e9es par l\u2019en\u00advoi de notre cir\u00adcu\u00adlaire, infor\u00admant la plu\u00adpart des anciens abon\u00adn\u00e9s de \u00ab&nbsp;l\u2019en dehors&nbsp;\u00bb de mon des\u00adsein de reprendre notre acti\u00advi\u00adt\u00e9, j\u2019ai cru bon de lan\u00adcer&nbsp;un&nbsp;[\u2026]<\/p>\n","protected":false},"author":27,"featured_media":5015,"comment_status":"closed","ping_status":"closed","sticky":false,"template":"wp-custom-template-page-d-article","format":"standard","meta":{"wp_typography_post_enhancements_disabled":false,"footnotes":""},"categories":[6],"tags":[552],"ppma_author":[697],"class_list":["post-42","post","type-post","status-publish","format-standard","has-post-thumbnail","hentry","category-lunique-na2-juillet-1946","tag-vie-des-revues"],"authors":[{"term_id":697,"user_id":27,"is_guest":0,"slug":"earmand","display_name":"E. Armand","avatar_url":"https:\/\/secure.gravatar.com\/avatar\/11fea9f1e70d435e620b33577aee4b490b84b13e7a49f1398d4a017d4935f997?s=96&d=mm&r=g","author_category":"","user_url":"","last_name":"Armand","first_name":"E.","job_title":"","description":""}],"_links":{"self":[{"href":"https:\/\/la-presse-anarchiste.net\/index.php\/wp-json\/wp\/v2\/posts\/42","targetHints":{"allow":["GET"]}}],"collection":[{"href":"https:\/\/la-presse-anarchiste.net\/index.php\/wp-json\/wp\/v2\/posts"}],"about":[{"href":"https:\/\/la-presse-anarchiste.net\/index.php\/wp-json\/wp\/v2\/types\/post"}],"author":[{"embeddable":true,"href":"https:\/\/la-presse-anarchiste.net\/index.php\/wp-json\/wp\/v2\/users\/27"}],"replies":[{"embeddable":true,"href":"https:\/\/la-presse-anarchiste.net\/index.php\/wp-json\/wp\/v2\/comments?post=42"}],"version-history":[{"count":4,"href":"https:\/\/la-presse-anarchiste.net\/index.php\/wp-json\/wp\/v2\/posts\/42\/revisions"}],"predecessor-version":[{"id":9024,"href":"https:\/\/la-presse-anarchiste.net\/index.php\/wp-json\/wp\/v2\/posts\/42\/revisions\/9024"}],"wp:featuredmedia":[{"embeddable":true,"href":"https:\/\/la-presse-anarchiste.net\/index.php\/wp-json\/wp\/v2\/media\/5015"}],"wp:attachment":[{"href":"https:\/\/la-presse-anarchiste.net\/index.php\/wp-json\/wp\/v2\/media?parent=42"}],"wp:term":[{"taxonomy":"category","embeddable":true,"href":"https:\/\/la-presse-anarchiste.net\/index.php\/wp-json\/wp\/v2\/categories?post=42"},{"taxonomy":"post_tag","embeddable":true,"href":"https:\/\/la-presse-anarchiste.net\/index.php\/wp-json\/wp\/v2\/tags?post=42"},{"taxonomy":"author","embeddable":true,"href":"https:\/\/la-presse-anarchiste.net\/index.php\/wp-json\/wp\/v2\/ppma_author?post=42"}],"curies":[{"name":"wp","href":"https:\/\/api.w.org\/{rel}","templated":true}]}}