{"id":4207,"date":"2020-07-25T01:57:53","date_gmt":"2020-07-25T01:57:53","guid":{"rendered":"https:\/\/la-presse-anarchiste.net\/index.php\/2020\/07\/25\/anarchie-et-communisme\/"},"modified":"2020-07-25T01:57:53","modified_gmt":"2020-07-25T01:57:53","slug":"anarchie-et-communisme","status":"publish","type":"post","link":"https:\/\/la-presse-anarchiste.net\/index.php\/2020\/07\/25\/anarchie-et-communisme\/","title":{"rendered":"Anarchie et communisme"},"content":{"rendered":"<div class=\"pdfprnt-buttons pdfprnt-buttons-post pdfprnt-top-right\"><a href=\"https:\/\/la-presse-anarchiste.net\/index.php\/wp-json\/wp\/v2\/posts\/4207?print=pdf\" class=\"pdfprnt-button pdfprnt-button-pdf\" target=\"_blank\"><img decoding=\"async\" src=\"https:\/\/la-presse-anarchiste.net\/wp-content\/plugins\/pdf-print\/images\/pdf.png\" alt=\"image_pdf\" title=\"Afficher le PDF\"><\/a><a href=\"https:\/\/la-presse-anarchiste.net\/index.php\/wp-json\/wp\/v2\/posts\/4207?print=print\" class=\"pdfprnt-button pdfprnt-button-print\" target=\"_blank\"><img decoding=\"async\" src=\"https:\/\/la-presse-anarchiste.net\/wp-content\/plugins\/pdf-print\/images\/print.png\" alt=\"image_print\" title=\"Contenu imprim\u00e9\"><\/a><\/div><div align=\"justify\">\n<p>Anar\u00adchiste&nbsp;!<\/p>\n<p>Il me semble, en ce seul mot, avoir d\u00e9fi\u00adni l\u2019aspiration de tout mon \u00eatre&nbsp;: n\u00e9ga\u00adteur d\u2019autorit\u00e9, de quelle source qu\u2019elle \u00e9mane, je veux lib\u00e9\u00adrer mes \u00e9paules de toute contrainte, n\u00e9ces\u00adsi\u00adt\u00e9, devoir, droit, obligation.<\/p>\n<p>Que venez-vous me par\u00adler de cit\u00e9 d\u2019Harmonie, d\u2019\u00e9galit\u00e9, de dimi\u00adnu\u00adtion de l\u2019effort&nbsp;? Je ne veux pas de votre route sans obs\u00adtacles o\u00f9 l\u2019on s\u2019atrophie et o\u00f9 l\u2019on s\u2019endort dans la mono\u00adto\u00adnie du par\u00adcours qui conduit au pays de M\u00e9diocratie.<\/p>\n<p>Si l\u2019on me deman\u00addait de d\u00e9fi\u00adnir en un seul terme les aspi\u00adra\u00adtions anta\u00adgo\u00adnistes aux miennes, c\u2019est-\u00e0-dire impli\u00adquant d\u00e9pen\u00addance, ser\u00advi\u00adtude, abn\u00e9\u00adga\u00adtion, je r\u00e9pon\u00addrais&nbsp;: \u00ab&nbsp;com\u00admu\u00adnisme&nbsp;\u00bb. Et cepen\u00addant plu\u00adsieurs ont os\u00e9 accou\u00adpler ces deux vocables, n\u00e9ga\u00adtion l\u2019un de l\u2019autre&nbsp;: anar\u00adchie et communisme.<\/p>\n<p>Anar\u00adchie, mot qui exprime l\u2019ind\u00e9pendance, l\u2019originalit\u00e9, la supr\u00e9\u00adma\u00adtie de l\u2019individu, le violent d\u00e9sir de lut\u00adter, de vivre, de s\u2019\u00e9lever au-des\u00adsus de la m\u00e9dio\u00adcri\u00adt\u00e9 g\u00e9n\u00e9\u00adrale&nbsp;; com\u00admu\u00adnisme, terme qui sent l\u2019\u00e9galit\u00e9, l\u2019uniformit\u00e9, le com\u00admun, la d\u00e9pen\u00addance \u00e0 l\u2019\u00e9gard d\u2019une abs\u00adtrac\u00adtion&nbsp;: la soci\u00e9t\u00e9\u2026<\/p>\n<p>Vos \u00ab&nbsp;biens com\u00admuns&nbsp;\u00bb \u2013 \u00f4 com\u00admu\u00adnistes \u2013 ne sau\u00adraient me satis\u00adfaire. Je pr\u00e9\u00adtends \u00eatre ma\u00eetre et pro\u00adpri\u00e9\u00adtaire de mon pro\u00adduit et de tout ce que ma puis\u00adsance me per\u00admet\u00adtra d acqu\u00e9\u00adrir. J\u2019entends dis\u00adpo\u00adser de ce que je pos\u00ads\u00e8de \u00e0 ma guise, sans que per\u00adsonne ait \u00e0 y objec\u00adter. Le bien com\u00admun n\u2019est jamais mon bien&nbsp;; li\u00e9 par des consi\u00add\u00e9\u00adra\u00adtions morales, je suis obli\u00adg\u00e9 d\u2019en user dans la mesure qu\u2019il est conve\u00adnu d\u2019appeler sage et rai\u00adson\u00adnable. Or, je pr\u00e9\u00adtends ne conna\u00eetre aucune limite&nbsp;: il ne me sied point d\u2019\u00eatre rai\u00adson\u00adnable ni de me conduire en&nbsp;sage.<\/p>\n<p>Le com\u00admu\u00adnisme est avant tout une doc\u00adtrine sociale&nbsp;: c\u2019est la pro\u00adtes\u00adta\u00adtion de tous les faibles, de tous les \u00e9cra\u00ads\u00e9s, impuis\u00adsants \u00e0 sou\u00adle\u00adver le poids qui les accable,<\/p>\n<p>\u2026 Refou\u00adl\u00e9s au bas des \u00e9che\u00adlons de l\u2019in\u00e9galit\u00e9, ils r\u00e9clament l\u2019\u00e9galit\u00e9&nbsp;; impuis\u00adsants, ils veulent mode\u00adler la soci\u00e9\u00adt\u00e9 de telle sorte que toute lutte dis\u00adpa\u00adraisse&nbsp;; impo\u00adtents, ils d\u00e9si\u00adrent que tous les obs\u00adtacles dis\u00adpa\u00adraissent de leur&nbsp;route.<\/p>\n<p>Anar\u00adchiste, je ne sau\u00adrais me satis\u00adfaire de cet id\u00e9al. Mieux vaut encore la soci\u00e9\u00adt\u00e9 actuelle. Je me sou\u00adcie peu des dif\u00adf\u00e9\u00adrentes formes que peut rev\u00ea\u00adtir la soci\u00e9\u00adt\u00e9&nbsp;; c\u2019est actuel\u00adle\u00adment que je vis, et c\u2019est avec l\u2019organisation du moment que j\u2019ai \u00e0 compter.<\/p>\n<p>L\u2019anarchie, pour moi, n\u2019est pas une doc\u00adtrine sociale&nbsp;: c\u2019est une aspi\u00adra\u00adtion indi\u00advi\u00adduelle, une mani\u00e8re d\u2019\u00eatre, une fa\u00e7on de sen\u00adtir, une r\u00e9volte de l\u2019individu contre tout ce qui lie, asser\u00advit, encha\u00eene, une explo\u00adsion d\u2019ind\u00e9pendance&nbsp;: une des plus hautes mani\u00adfes\u00adta\u00adtions de la Volont\u00e9.<\/p>\n<p>[\/\u200bFrancis Vergas\/]<\/p>\n<\/div>\n","protected":false},"excerpt":{"rendered":"<p>Anar\u00adchiste&nbsp;! Il me semble, en ce seul mot, avoir d\u00e9fi\u00adni l\u2019aspiration de tout mon \u00eatre&nbsp;: n\u00e9ga\u00adteur d\u2019autorit\u00e9, de quelle source qu\u2019elle \u00e9mane, je veux lib\u00e9\u00adrer mes \u00e9paules de toute contrainte, n\u00e9ces\u00adsi\u00adt\u00e9, devoir, droit, obli\u00adga\u00adtion. Que venez-vous me par\u00adler de cit\u00e9 d\u2019Harmonie, d\u2019\u00e9galit\u00e9, de dimi\u00adnu\u00adtion de l\u2019effort&nbsp;? Je ne veux pas de votre route sans obstacles&nbsp;[\u2026]<\/p>\n","protected":false},"author":1,"featured_media":0,"comment_status":"closed","ping_status":"closed","sticky":false,"template":"","format":"standard","meta":{"wp_typography_post_enhancements_disabled":false,"footnotes":""},"categories":[516],"tags":[],"ppma_author":[540],"class_list":["post-4207","post","type-post","status-publish","format-standard","hentry","category-les-refractaire-6e-fascicule-juillet-aout-1913"],"authors":[{"term_id":540,"user_id":1,"is_guest":0,"slug":"admin_3gikpwyf","display_name":"Vincent Dubuc","avatar_url":"https:\/\/secure.gravatar.com\/avatar\/d015720652c25fd2ced191ade86430094e1f288a17483713e3b34d26dea52507?s=96&d=mm&r=g","author_category":"","user_url":"https:\/\/la-presse-anarchiste.net","last_name":"Dubuc","first_name":"Vincent","job_title":"","description":""}],"_links":{"self":[{"href":"https:\/\/la-presse-anarchiste.net\/index.php\/wp-json\/wp\/v2\/posts\/4207","targetHints":{"allow":["GET"]}}],"collection":[{"href":"https:\/\/la-presse-anarchiste.net\/index.php\/wp-json\/wp\/v2\/posts"}],"about":[{"href":"https:\/\/la-presse-anarchiste.net\/index.php\/wp-json\/wp\/v2\/types\/post"}],"author":[{"embeddable":true,"href":"https:\/\/la-presse-anarchiste.net\/index.php\/wp-json\/wp\/v2\/users\/1"}],"replies":[{"embeddable":true,"href":"https:\/\/la-presse-anarchiste.net\/index.php\/wp-json\/wp\/v2\/comments?post=4207"}],"version-history":[{"count":0,"href":"https:\/\/la-presse-anarchiste.net\/index.php\/wp-json\/wp\/v2\/posts\/4207\/revisions"}],"wp:attachment":[{"href":"https:\/\/la-presse-anarchiste.net\/index.php\/wp-json\/wp\/v2\/media?parent=4207"}],"wp:term":[{"taxonomy":"category","embeddable":true,"href":"https:\/\/la-presse-anarchiste.net\/index.php\/wp-json\/wp\/v2\/categories?post=4207"},{"taxonomy":"post_tag","embeddable":true,"href":"https:\/\/la-presse-anarchiste.net\/index.php\/wp-json\/wp\/v2\/tags?post=4207"},{"taxonomy":"author","embeddable":true,"href":"https:\/\/la-presse-anarchiste.net\/index.php\/wp-json\/wp\/v2\/ppma_author?post=4207"}],"curies":[{"name":"wp","href":"https:\/\/api.w.org\/{rel}","templated":true}]}}