{"id":4229,"date":"2020-08-04T14:03:32","date_gmt":"2020-08-04T14:03:32","guid":{"rendered":"https:\/\/la-presse-anarchiste.net\/index.php\/2020\/08\/04\/correspondance-34\/"},"modified":"2020-08-04T14:03:32","modified_gmt":"2020-08-04T14:03:32","slug":"correspondance-34","status":"publish","type":"post","link":"https:\/\/la-presse-anarchiste.net\/index.php\/2020\/08\/04\/correspondance-34\/","title":{"rendered":"Correspondance"},"content":{"rendered":"<div class=\"pdfprnt-buttons pdfprnt-buttons-post pdfprnt-top-right\"><a href=\"https:\/\/la-presse-anarchiste.net\/index.php\/wp-json\/wp\/v2\/posts\/4229?print=pdf\" class=\"pdfprnt-button pdfprnt-button-pdf\" target=\"_blank\"><img decoding=\"async\" src=\"https:\/\/la-presse-anarchiste.net\/wp-content\/plugins\/pdf-print\/images\/pdf.png\" alt=\"image_pdf\" title=\"Afficher le PDF\"><\/a><a href=\"https:\/\/la-presse-anarchiste.net\/index.php\/wp-json\/wp\/v2\/posts\/4229?print=print\" class=\"pdfprnt-button pdfprnt-button-print\" target=\"_blank\"><img decoding=\"async\" src=\"https:\/\/la-presse-anarchiste.net\/wp-content\/plugins\/pdf-print\/images\/print.png\" alt=\"image_print\" title=\"Contenu imprim\u00e9\"><\/a><\/div><div align=\"justify>\n<p>[\/Saint-Imier, 25 novembre 1872\/]<\/p>\n<p>Compagnons r\u00e9dacteurs du <em>Bulletin<\/em>,<\/p>\n<p>Il serait heureux que les sections s\u2019habituassent \u00e0 vous communiquer tout ce qui se rattache, dans nos contr\u00e9es, au mouvement ouvrier.<\/p>\n<p>Nous continuerons, pour notre part, \u00e0 vous tenir au courant des travaux de notre F\u00e9d\u00e9ration ouvri\u00e8re locale. Le comit\u00e9 de cette f\u00e9d\u00e9ration s\u2019est r\u00e9uni hier et s\u2019est occup\u00e9&nbsp;: 1\u00b0 de l\u2019enqu\u00eate \u00e0 propos des arrestations pour dettes&nbsp;; 2\u00b0 de la question des subsistances&nbsp;; 3\u00b0 des conf\u00e9rences populaires&nbsp;; 4\u00b0 de la rentr\u00e9e des cotisations f\u00e9d\u00e9rales et du renouvellement des d\u00e9l\u00e9gations&nbsp;; 5\u00b0 de l\u2019impression des statuts f\u00e9d\u00e9raux.<\/p>\n<p>La question des arrestations pour dettes a \u00e9t\u00e9 discut\u00e9e \u00e0 deux points de vue&nbsp;: le c\u00f4t\u00e9 juridique et celui des m\u0153urs et des relations entre patrons et ouvriers. Si des abus se sont produits, c\u2019est gr\u00e2ce \u00e0 l\u2019ignorance dans laquelle sont g\u00e9n\u00e9ralement les ouvriers concernant les dispositions l\u00e9gales pour affaires de dettes. La publication de ces dispositions a \u00e9t\u00e9 vot\u00e9e, ainsi qu\u2019une r\u00e9solution touchant les vraies causes de la plaie dont g\u00e9n\u00e9ralement on se plaint.<\/p>\n<p>Une commission est charg\u00e9e de la r\u00e9daction de ce document, d\u2019ici au 8 d\u00e9cembre prochain.<\/p>\n<p>Les comit\u00e9s de sections seront invit\u00e9s \u00e0 ouvrir imm\u00e9diatement des listes de souscription pour procurer les premiers fonds n\u00e9cessaires \u00e0 l\u2019achat de denr\u00e9es alimentaires.<\/p>\n<p>Des invitations personnelles seront adress\u00e9es \u00e0 un certain nombre de personnes pour les engager \u00e0 contribuer \u00e0 l\u2019organisation de conf\u00e9rences populaires.<\/p>\n<p>Enfin une circulaire sera adress\u00e9e aux sections pour leur rappeler les dispositions des statuts concernant le paiement des cotisations f\u00e9d\u00e9rales et le renouvellement annuel des d\u00e9l\u00e9gations.<\/p>\n<p>L\u2019impression des statuts a \u00e9t\u00e9 vot\u00e9e.<\/p>\n<p>Le comit\u00e9 se r\u00e9unira de nouveau le 8 d\u00e9cembre \u00e0 2 h. apr\u00e8s midi, \u00e0 l\u2019H\u00f4tel-de-ville \u00e0 St-Imier.<\/p>\n<\/div>\n<\/body><\/html>\"><\/div>","protected":false},"excerpt":{"rendered":"","protected":false},"author":1,"featured_media":0,"comment_status":"closed","ping_status":"closed","sticky":false,"template":"","format":"standard","meta":{"wp_typography_post_enhancements_disabled":false,"footnotes":""},"categories":[518],"tags":[],"ppma_author":[540],"class_list":["post-4229","post","type-post","status-publish","format-standard","hentry","category-bulletin-de-la-federation-jurassienne-n24-15-decembre-1972"],"authors":[{"term_id":540,"user_id":1,"is_guest":0,"slug":"admin_3gikpwyf","display_name":"Vincent Dubuc","avatar_url":"https:\/\/secure.gravatar.com\/avatar\/d015720652c25fd2ced191ade86430094e1f288a17483713e3b34d26dea52507?s=96&d=mm&r=g","author_category":"","user_url":"https:\/\/la-presse-anarchiste.net","last_name":"Dubuc","first_name":"Vincent","job_title":"","description":""}],"_links":{"self":[{"href":"https:\/\/la-presse-anarchiste.net\/index.php\/wp-json\/wp\/v2\/posts\/4229","targetHints":{"allow":["GET"]}}],"collection":[{"href":"https:\/\/la-presse-anarchiste.net\/index.php\/wp-json\/wp\/v2\/posts"}],"about":[{"href":"https:\/\/la-presse-anarchiste.net\/index.php\/wp-json\/wp\/v2\/types\/post"}],"author":[{"embeddable":true,"href":"https:\/\/la-presse-anarchiste.net\/index.php\/wp-json\/wp\/v2\/users\/1"}],"replies":[{"embeddable":true,"href":"https:\/\/la-presse-anarchiste.net\/index.php\/wp-json\/wp\/v2\/comments?post=4229"}],"version-history":[{"count":0,"href":"https:\/\/la-presse-anarchiste.net\/index.php\/wp-json\/wp\/v2\/posts\/4229\/revisions"}],"wp:attachment":[{"href":"https:\/\/la-presse-anarchiste.net\/index.php\/wp-json\/wp\/v2\/media?parent=4229"}],"wp:term":[{"taxonomy":"category","embeddable":true,"href":"https:\/\/la-presse-anarchiste.net\/index.php\/wp-json\/wp\/v2\/categories?post=4229"},{"taxonomy":"post_tag","embeddable":true,"href":"https:\/\/la-presse-anarchiste.net\/index.php\/wp-json\/wp\/v2\/tags?post=4229"},{"taxonomy":"author","embeddable":true,"href":"https:\/\/la-presse-anarchiste.net\/index.php\/wp-json\/wp\/v2\/ppma_author?post=4229"}],"curies":[{"name":"wp","href":"https:\/\/api.w.org\/{rel}","templated":true}]}}