{"id":4230,"date":"2020-08-04T14:03:19","date_gmt":"2020-08-04T14:03:19","guid":{"rendered":"https:\/\/la-presse-anarchiste.net\/index.php\/2020\/08\/04\/le-congres-regional-belge\/"},"modified":"2020-08-04T14:03:19","modified_gmt":"2020-08-04T14:03:19","slug":"le-congres-regional-belge","status":"publish","type":"post","link":"https:\/\/la-presse-anarchiste.net\/index.php\/2020\/08\/04\/le-congres-regional-belge\/","title":{"rendered":"Le Congr\u00e8s r\u00e9gional belge"},"content":{"rendered":"<div class=\"pdfprnt-buttons pdfprnt-buttons-post pdfprnt-top-right\"><a href=\"https:\/\/la-presse-anarchiste.net\/index.php\/wp-json\/wp\/v2\/posts\/4230?print=pdf\" class=\"pdfprnt-button pdfprnt-button-pdf\" target=\"_blank\"><img decoding=\"async\" src=\"https:\/\/la-presse-anarchiste.net\/wp-content\/plugins\/pdf-print\/images\/pdf.png\" alt=\"image_pdf\" title=\"Afficher le PDF\"><\/a><a href=\"https:\/\/la-presse-anarchiste.net\/index.php\/wp-json\/wp\/v2\/posts\/4230?print=print\" class=\"pdfprnt-button pdfprnt-button-print\" target=\"_blank\"><img decoding=\"async\" src=\"https:\/\/la-presse-anarchiste.net\/wp-content\/plugins\/pdf-print\/images\/print.png\" alt=\"image_print\" title=\"Contenu imprim\u00e9\"><\/a><\/div><div align=\"justify\">\n<p>Le Congr\u00e8s des Sec\u00adtions belges aura lieu \u00e0 Bruxelles les 25 et 26 d\u00e9cembre pro\u00adchains, avec l\u2019ordre du jour suivant&nbsp;:<\/p>\n<p>[|S\u00e9ance du 25 d\u00e9cembre.|]<\/p>\n<p>Le matin, r\u00e9cep\u00adtion des d\u00e9l\u00e9\u00adgu\u00e9s et v\u00e9ri\u00adfi\u00adca\u00adtion de leurs mandats.<\/p>\n<p>L\u2019apr\u00e8s-midi&nbsp;: 1\u00b0 V\u00e9ri\u00adfi\u00adca\u00adtion des comptes&nbsp;; 2\u00b0 D\u00e9ci\u00adsion \u00e0 prendre rela\u00adti\u00adve\u00adment \u00e0 la situa\u00adtion du jour\u00adnal l\u2019<em>Inter\u00adna\u00adtio\u00adnale<\/em>, organe des Sec\u00adtions belges&nbsp;; 3\u00b0 Dis\u00adcus\u00adsion sur le mode de vota\u00adtion&nbsp;; 4\u00b0 R\u00e9or\u00adga\u00adni\u00adsa\u00adtion du Conseil f\u00e9d\u00e9\u00adral sur de nou\u00advelles bases, plus conformes aux prin\u00adcipes f\u00e9d\u00e9ralistes.<\/p>\n<p>[|S\u00e9ances du 26 d\u00e9cembre.|]<\/p>\n<p>1\u00b0 Dis\u00adcus\u00adsion sur l\u2019organisation des Congr\u00e8s natio\u00adnaux et inter\u00adna\u00adtio\u00adnaux, au point de vue de l\u2019autonomie des groupes et des f\u00e9d\u00e9\u00adra\u00adtions&nbsp;; 2\u00b0 Dis\u00adcus\u00adsion sur la pro\u00adpo\u00adsi\u00adtion de sup\u00adpri\u00admer le Conseil g\u00e9n\u00e9ral.<\/p>\n<p>Comme on le voit, cet ordre du jour contient plu\u00adsieurs points d\u2019une extr\u00eame impor\u00adtance, et les d\u00e9li\u00adb\u00e9\u00adra\u00adtions des d\u00e9l\u00e9\u00adgu\u00e9s des ouvriers belges pr\u00e9\u00adsen\u00adte\u00adront un vif int\u00e9\u00adr\u00eat pour tous ceux qui ont \u00e0 c\u0153ur le d\u00e9ve\u00adlop\u00adpe\u00adment et la r\u00e9or\u00adga\u00adni\u00adsa\u00adtion de l\u2019Internationale.<\/p>\n<\/div>\n","protected":false},"excerpt":{"rendered":"<p>Le Congr\u00e8s des Sec\u00adtions belges aura lieu \u00e0 Bruxelles les 25 et 26 d\u00e9cembre pro\u00adchains, avec l\u2019ordre du jour sui\u00advant&nbsp;: [|S\u00e9ance du 25 d\u00e9cembre.|] Le matin, r\u00e9cep\u00adtion des d\u00e9l\u00e9\u00adgu\u00e9s et v\u00e9ri\u00adfi\u00adca\u00adtion de leurs man\u00addats. L\u2019apr\u00e8s-midi&nbsp;: 1\u00b0 V\u00e9ri\u00adfi\u00adca\u00adtion des comptes&nbsp;; 2\u00b0 D\u00e9ci\u00adsion \u00e0 prendre rela\u00adti\u00adve\u00adment \u00e0 la situa\u00adtion du jour\u00adnal l\u2019Inter\u00adna\u00adtio\u00adnale, organe des Sec\u00adtions belges&nbsp;;&nbsp;3\u00b0&nbsp;[\u2026]<\/p>\n","protected":false},"author":1,"featured_media":0,"comment_status":"closed","ping_status":"closed","sticky":false,"template":"","format":"standard","meta":{"wp_typography_post_enhancements_disabled":false,"footnotes":""},"categories":[518],"tags":[],"ppma_author":[540],"class_list":["post-4230","post","type-post","status-publish","format-standard","hentry","category-bulletin-de-la-federation-jurassienne-n24-15-decembre-1972"],"authors":[{"term_id":540,"user_id":1,"is_guest":0,"slug":"admin_3gikpwyf","display_name":"Vincent Dubuc","avatar_url":"https:\/\/secure.gravatar.com\/avatar\/d015720652c25fd2ced191ade86430094e1f288a17483713e3b34d26dea52507?s=96&d=mm&r=g","author_category":"","user_url":"https:\/\/la-presse-anarchiste.net","last_name":"Dubuc","first_name":"Vincent","job_title":"","description":""}],"_links":{"self":[{"href":"https:\/\/la-presse-anarchiste.net\/index.php\/wp-json\/wp\/v2\/posts\/4230","targetHints":{"allow":["GET"]}}],"collection":[{"href":"https:\/\/la-presse-anarchiste.net\/index.php\/wp-json\/wp\/v2\/posts"}],"about":[{"href":"https:\/\/la-presse-anarchiste.net\/index.php\/wp-json\/wp\/v2\/types\/post"}],"author":[{"embeddable":true,"href":"https:\/\/la-presse-anarchiste.net\/index.php\/wp-json\/wp\/v2\/users\/1"}],"replies":[{"embeddable":true,"href":"https:\/\/la-presse-anarchiste.net\/index.php\/wp-json\/wp\/v2\/comments?post=4230"}],"version-history":[{"count":0,"href":"https:\/\/la-presse-anarchiste.net\/index.php\/wp-json\/wp\/v2\/posts\/4230\/revisions"}],"wp:attachment":[{"href":"https:\/\/la-presse-anarchiste.net\/index.php\/wp-json\/wp\/v2\/media?parent=4230"}],"wp:term":[{"taxonomy":"category","embeddable":true,"href":"https:\/\/la-presse-anarchiste.net\/index.php\/wp-json\/wp\/v2\/categories?post=4230"},{"taxonomy":"post_tag","embeddable":true,"href":"https:\/\/la-presse-anarchiste.net\/index.php\/wp-json\/wp\/v2\/tags?post=4230"},{"taxonomy":"author","embeddable":true,"href":"https:\/\/la-presse-anarchiste.net\/index.php\/wp-json\/wp\/v2\/ppma_author?post=4230"}],"curies":[{"name":"wp","href":"https:\/\/api.w.org\/{rel}","templated":true}]}}