{"id":4256,"date":"2021-06-13T15:54:58","date_gmt":"2021-06-13T15:54:58","guid":{"rendered":"https:\/\/la-presse-anarchiste.net\/index.php\/2021\/06\/13\/nous-sommes-trop\/"},"modified":"2021-06-13T15:54:58","modified_gmt":"2021-06-13T15:54:58","slug":"nous-sommes-trop","status":"publish","type":"post","link":"https:\/\/la-presse-anarchiste.net\/index.php\/2021\/06\/13\/nous-sommes-trop\/","title":{"rendered":"Nous sommes trop"},"content":{"rendered":"<div class=\"pdfprnt-buttons pdfprnt-buttons-post pdfprnt-top-right\"><a href=\"https:\/\/la-presse-anarchiste.net\/index.php\/wp-json\/wp\/v2\/posts\/4256?print=pdf\" class=\"pdfprnt-button pdfprnt-button-pdf\" target=\"_blank\"><img decoding=\"async\" src=\"https:\/\/la-presse-anarchiste.net\/wp-content\/plugins\/pdf-print\/images\/pdf.png\" alt=\"image_pdf\" title=\"Afficher le PDF\"><\/a><a href=\"https:\/\/la-presse-anarchiste.net\/index.php\/wp-json\/wp\/v2\/posts\/4256?print=print\" class=\"pdfprnt-button pdfprnt-button-print\" target=\"_blank\"><img decoding=\"async\" src=\"https:\/\/la-presse-anarchiste.net\/wp-content\/plugins\/pdf-print\/images\/print.png\" alt=\"image_print\" title=\"Contenu imprim\u00e9\"><\/a><\/div><div align=\"justify\">\n<p>Le titre, que j\u2019emprunte \u00e0 M.&nbsp;Pierre Dani\u00adnos&nbsp;[[<i>Figa\u00adro<\/i> du 10 juillet 1951.]], fait image. Il est assez plai\u00adsant de consta\u00adter pr\u00e9\u00adsen\u00adte\u00adment que dans de s\u00e9v\u00e8res revues, dans les quo\u00adti\u00addiens les plus s\u00e9rieux, sous la plume d\u2019\u00e9\u00adcri\u00advains non sus\u00adpects d\u2019i\u00add\u00e9es sub\u00adver\u00adsives, mais dou\u00e9s d\u2019es\u00adprit posi\u00adtif, le grave pro\u00adbl\u00e8me d\u00e9mo\u00adgra\u00adphique est enfin exa\u00admi\u00adn\u00e9 avec une cer\u00adtaine angoisse devant l\u2019af\u00adflux popu\u00adla\u00adtif de ces der\u00adni\u00e8res ann\u00e9es. On pr\u00e9\u00advoit qu\u2019au rythme actuel des nais\u00adsances, 500&nbsp;000 enfants par semaine na\u00ee\u00adtront dans le monde, ce qui met\u00adtrait la popu\u00adla\u00adtion du globe avant la fin du si\u00e8cle \u00e0 plus de trois milliards.<\/p>\n<p>Autre\u00adfois, on citait des pays comme la Chine, le Japon, l\u2019Inde, l\u2019I\u00adta\u00adlie, l\u2019Al\u00adle\u00admagne comme \u00e9tant d\u2019in\u00adqui\u00e9\u00adtantes p\u00e9pi\u00adni\u00e8res humaines, \u00e9touf\u00adfant dans leurs limites, man\u00adquant de l\u2019es\u00adsen\u00adtiel et sus\u00adcep\u00adtibles de sus\u00adci\u00adter de redou\u00adtables troubles \u00e0 l\u2019ex\u00adt\u00e9\u00adrieur de leurs fron\u00adti\u00e8res. Aujourd\u2019\u00adhui on peut dire que tous les pays se sont accor\u00add\u00e9s pour entre\u00adte\u00adnir dans leur propre sein une psy\u00adchose sur\u00adna\u00adta\u00adliste et favo\u00adri\u00adser de leur mieux, par des secours finan\u00adciers on\u00e9\u00adreux, la mul\u00adti\u00adpli\u00adca\u00adtion sans mesure de leurs natio\u00adnaux. Un tel pro\u00adces\u00adsus devait abou\u00adtir \u00e0 un d\u00e9bor\u00adde\u00adment pro\u00adli\u00adfique mena\u00ad\u00e7ant, dans le pr\u00e9\u00adsent et dans le&nbsp;futur.<\/p>\n<p>D\u00e9j\u00e0 l\u2019as\u00adphyxie se mani\u00adfeste dans toutes les branches de l\u2019\u00e9\u00adco\u00adno\u00admie sociale&nbsp;; les routes se barrent de plus en plus, les car\u00adri\u00e8res sont enva\u00adhies, les d\u00e9bou\u00adch\u00e9s se res\u00adserrent \u00e9troi\u00adte\u00adment. On pro\u00adc\u00e8de par\u00adtout \u00e0 une minu\u00adtieuse \u00e9li\u00admi\u00adna\u00adtion, on hausse les dif\u00adfi\u00adcul\u00adt\u00e9s d\u2019ac\u00adc\u00e8s, ce qui laisse sur le car\u00adreau plus de can\u00addi\u00addats qu\u2019il n\u2019y a d\u2019\u00e9\u00adlus. Les pays, jadis accueillants, deviennent vigi\u00adlants et \u00e9ta\u00adblissent de solides bar\u00adri\u00e8res \u00e0 l\u2019im\u00admi\u00adgra\u00adtion pour ne pas aggra\u00adver les malaises dus au ch\u00f4\u00admage et \u00e0 la crise de l\u2019ha\u00adbi\u00adta\u00adtion qui s\u00e9vissent par\u00adtout. Les jeunes com\u00admencent \u00e0 sen\u00adtir les p\u00e9nibles effets de cet encom\u00adbre\u00adment humain. Dans un proche ave\u00adnir la situa\u00adtion sera pure\u00adment catastrophique.<\/p>\n<p>Et l\u2019\u00c9\u00adtat insa\u00adtiable, l\u2019\u00c9\u00adtat-Pro\u00advi\u00addence, l\u2019\u00c9\u00adtat-Ban\u00adquier \u00e0 qui cha\u00adcun men\u00addie allo\u00adca\u00adtion, pen\u00adsion, retraite, aide, place, fonc\u00adtion, secours de toute nature ne peut plus faire face aux d\u00e9penses et aux exi\u00adgences des trop nom\u00adbreux qu\u00e9\u00adman\u00addeurs que sa n\u00e9faste poli\u00adtique a cr\u00e9\u00e9s. L\u2019argent qu\u2019il draine sans rel\u00e2che n\u2019y suf\u00adfit pas. Les bud\u00adgets enflent sans arr\u00eat. Celui de la guerre, rui\u00adneux entre tous, atteint, dans tous les pays, des chiffres fabu\u00adleux car tout s\u2019en\u00adcha\u00eene&nbsp;: il faut bien pr\u00e9\u00advoir les futurs mas\u00adsacres. La guerre, de tout temps, n\u2019a-t-elle pas \u00e9t\u00e9 l\u2019<i>ulti\u00adma ratio<\/i>, -\u00ab&nbsp;l\u2019exu\u00adtoire par quoi se r\u00e9ta\u00adblit l\u2019\u00e9\u00adqui\u00adlibre de la popu\u00adla\u00adtion chez les races saines et bien por\u00adtantes&nbsp;\u00bb, selon l\u2019o\u00adpi\u00adnion du g\u00e9n\u00e9\u00adral Cher\u00adfils, bien pla\u00adc\u00e9 pour s\u2019y conna\u00eetre.<\/p>\n<p>Et M.&nbsp;Pierre Dani\u00adnos de s\u2019a\u00adlar\u00admer&nbsp;: \u00ab&nbsp;Le chiffre d\u2019ac\u00adcrois\u00adse\u00adment de 825&nbsp;000&nbsp;000&nbsp;[[Le chiffre offi\u00adciel est de 825&nbsp;700&nbsp;000.]] d\u2019\u00e2mes en 50 ans qui vient de nous \u00eatre r\u00e9v\u00e9\u00adl\u00e9 prouve p\u00e9remp\u00adtoi\u00adre\u00adment que la terre n\u2019est plus \u00e0 la mesure des gens qui l\u2019ha\u00adbitent. Il serait pour le moins n\u00e9ces\u00adsaire de l\u2019\u00e9\u00adlar\u00adgir un peu des \u00ab&nbsp;\u00e9p\u00f4les&nbsp;\u00bb et de don\u00adner de l\u2019am\u00adpleur \u00e0 la cein\u00adture \u00e9quatoriale&nbsp;\u00bb.<\/p>\n<p>L\u2019hu\u00admour, c\u2019est tr\u00e8s joli, mais \u00e7a n\u2019a jamais suf\u00adfi \u00e0 r\u00e9soudre les pro\u00adbl\u00e8mes ardus. En atten\u00addant, les meneurs du grand jeu inter\u00adna\u00adtio\u00adnal dont nous sommes les infimes pions, conti\u00adnuent leur poli\u00adtique de l\u2019au\u00adtruche en mati\u00e8re d\u00e9mo\u00adgra\u00adphique et nous pr\u00e9\u00adci\u00adpitent tout droit vers l\u2019i\u00adn\u00e9\u00adluc\u00adtable&nbsp;chaos.<\/p>\n<p>Il n\u2019est pas jus\u00adqu\u2019\u00e0 M.&nbsp;Thier\u00adry Maul\u00adnier&nbsp;[[<i>Figa\u00adro<\/i> du 16 avril 1951.]] qui reprend une \u00e9tude de M.&nbsp;Andr\u00e9 Sieg\u00adfried concer\u00adnant la mar\u00e9e mon\u00adtante de l\u2019es\u00adp\u00e8ce qui fait que la popu\u00adla\u00adtion vient de dou\u00adbler en cent ans et va dou\u00adbler encore dans les cent ans \u00e0 venir. Avec de grandes res\u00adtric\u00adtions sur le peu\u00adple\u00adment occi\u00adden\u00adtal par rap\u00adport au sur\u00adpeu\u00adple\u00adment asia\u00adtique, M.&nbsp;Thier\u00adry Maul\u00adnier convient, mal\u00adgr\u00e9 tout, que \u00ab&nbsp;le nombre des hommes sur la terre se r\u00e9gle\u00adra tou\u00adjours d\u2019une mani\u00e8re ou de l\u2019autre sur la quan\u00adti\u00adt\u00e9 de pro\u00adduits dis\u00adpo\u00adnibles pour leur sub\u00adsis\u00adtance. D\u2019une mani\u00e8re ou de l\u2019autre. Il est \u00e9vident qu\u2019une mani\u00e8re peut valoir mieux que l\u2019autre. Il est \u00e9vident que le jour o\u00f9 la terre sera mena\u00adc\u00e9e de sur\u00adpeu\u00adple\u00adment, une limi\u00adta\u00adtion rai\u00adson\u00adnable des nais\u00adsances sera pr\u00e9\u00adf\u00e9\u00adrable aux \u00e9pi\u00add\u00e9\u00admies et aux famines r\u00e9gulatrices.&nbsp;\u00bb<\/p>\n<p>Quel m\u00e9na\u00adge\u00adment dans l\u2019ex\u00adpres\u00adsion&nbsp;! Et qu\u2019en termes pes\u00e9s ces choses-l\u00e0 sont mises&nbsp;! Mais M.&nbsp;Thier\u00adry Maul\u00adnier oublie le r\u00e9gu\u00adla\u00adteur guerre, \u00e0 moins qu\u2019il ne l\u2019ait volon\u00adtai\u00adre\u00adment&nbsp;omis.<\/p>\n<p>Apr\u00e8s avoir envi\u00adsa\u00adg\u00e9 la pro\u00adduc\u00adtion et la consom\u00adma\u00adtion des ali\u00adments et des mati\u00e8res n\u00e9ces\u00adsaires \u00e0 la vie des hommes, l\u2019\u00e9\u00adro\u00adsion et l\u2019ap\u00adpau\u00advris\u00adse\u00adment des terres sur\u00adcul\u00adti\u00adv\u00e9es, les limites des r\u00e9serves en char\u00adbon et en p\u00e9trole dans le monde, le r\u00e9dac\u00adteur du <i>Figa\u00adro<\/i> pr\u00e9\u00adcise&nbsp;: \u00ab&nbsp;Depuis l\u2019aube de son his\u00adtoire, l\u2019hu\u00adma\u00adni\u00adt\u00e9 avait v\u00e9cu, si l\u2019on ose dire, du reve\u00adnu de la nature&nbsp;: faune et flore. On peut avan\u00adcer que le pro\u00addi\u00adgieux chan\u00adge\u00adment du <sc>xix<\/sc><sup>e<\/sup> si\u00e8cle a r\u00e9sul\u00adt\u00e9 de ce que l\u2019homme occi\u00adden\u00adtal, pour\u00advu des moyens de la science, a d\u00e9ci\u00add\u00e9 sou\u00addain de ne plus se conten\u00adter du reve\u00adnu et s\u2019est mis \u00e0 vivre sur le capi\u00adtal ter\u00adrestre. Mais tout capi\u00adtal s\u2019\u00e9\u00adpuise lorsque l\u2019on vit sur lui. Il fau\u00addra y penser.&nbsp;\u00bb<\/p>\n<p>Oui, il fau\u00addra y pen\u00adser. Y pen\u00adser tout de suite car d\u2019ores et d\u00e9j\u00e0 <i>la terre est mena\u00adc\u00e9e de sur\u00adpeu\u00adple\u00adment<\/i>. Il ne s\u2019a\u00adgit plus de tem\u00adpo\u00adri\u00adser, il faut agir et non pas \u00e0 la mani\u00e8re de ce m\u00e9de\u00adcin anglais vivant en Chine, \u00e0 qui un savant am\u00e9\u00adri\u00adcain pro\u00adpo\u00adsait un moyen tr\u00e8s \u00e9co\u00adno\u00admique de d\u00e9truire les rats et de mettre fin ain\u00adsi aux \u00e9pi\u00add\u00e9\u00admies de peste qui fai\u00adsaient des h\u00e9ca\u00adtombes par\u00admi la dense foule chi\u00adnoise&nbsp;; il lui deman\u00addait, pour com\u00adbattre le fl\u00e9au, une somme rela\u00adti\u00adve\u00adment faible. L\u2019ayant \u00e9cou\u00adt\u00e9, l\u2019An\u00adglais r\u00e9pon\u00addit&nbsp;: \u00ab&nbsp;Il y a en Chine tant de dizaines de mil\u00adlions de Chi\u00adnois de trop&nbsp;! Lais\u00adsez faire la peste. Vous n\u2019au\u00adrez pas un&nbsp;sou&nbsp;!&nbsp;\u00bb<\/p>\n<p>Le pro\u00adfes\u00adseur Hux\u00adley qui a \u00e9tu\u00addi\u00e9 en com\u00adpa\u00adgnie de beau\u00adcoup d\u2019autres savants le pro\u00adbl\u00e8me d\u00e9mo\u00adgra\u00adphique, conclut que \u00ab&nbsp;la ques\u00adtion, de popu\u00adla\u00adtion est la v\u00e9ri\u00adtable \u00e9nigme du sphinx. Aupr\u00e8s des ravages du ter\u00adrible monstre sur\u00adpo\u00adpu\u00adla\u00adtion les autres ques\u00adtions s\u2019ef\u00adfacent insi\u00adgni\u00adfiantes&nbsp;\u00bb. De tous c\u00f4t\u00e9s l\u2019on per\u00ad\u00e7oit le cri d\u2019a\u00adlarme pous\u00ads\u00e9 par Tho\u00admas-Robert Mal\u00adthus, dans son <i>Essai sur le prin\u00adcipe de popu\u00adla\u00adtion<\/i>. Ses pr\u00e9\u00advi\u00adsions sur la loi ten\u00addan\u00adcielle de popu\u00adla\u00adtion pour\u00adtant si d\u00e9cri\u00e9es, com\u00adbat\u00adtues et ni\u00e9es par des augures qui, bien enten\u00addu, n\u2019a\u00advaient jamais lu la pre\u00admi\u00e8re ligne de ses \u00e9crits, \u00e9taient donc justes&nbsp;?<\/p>\n<p>Dans un livre sans par\u00adti pris, extr\u00ea\u00adme\u00adment clair et lar\u00adge\u00adment docu\u00admen\u00adt\u00e9&nbsp;: <i>La Faim du Monde<\/i>&nbsp;[[<i>La Faim du Monde<\/i>, par William Vogt. Tra\u00adduc\u00adtion d\u2019I\u00adsa\u00adbelle Rol\u00adlet. Hachette, Paris.]], M.&nbsp;William Vogt \u00e9tu\u00addie atten\u00adti\u00adve\u00adment les pro\u00adbl\u00e8mes se rat\u00adta\u00adchant \u00e0 l\u2019exis\u00adtence humaine. Dans son avant-pro\u00adpos l\u2019au\u00adteur pr\u00e9\u00advient qu\u2019il a fait de nom\u00adbreuses recherches \u00ab&nbsp;dans l\u2019es\u00adpoir de mettre en lumi\u00e8re cer\u00adtaines rela\u00adtions de l\u2019homme avec son milieu, qui ont puis\u00adsam\u00adment influ\u00e9 sur bien des dilemmes et des incer\u00adti\u00adtudes dans les\u00adquels nous nous trou\u00advons aujourd\u2019\u00adhui. Ces rela\u00adtions exer\u00adce\u00adront for\u00adc\u00e9\u00adment un effet gigan\u00adtesque sur l\u2019hu\u00adma\u00adni\u00adt\u00e9 de demain. Si nous les n\u00e9gli\u00adgeons, il est \u00e0 peu pr\u00e8s cer\u00adtain qu\u2019elles an\u00e9an\u00adti\u00adront notre civilisation.&nbsp;\u00bb<\/p>\n<p>On ne peut ana\u00adly\u00adser en quelques lignes un pareil livre. Il faut le lire pour en assi\u00admi\u00adler l\u2019a\u00adbon\u00addante argu\u00admen\u00adta\u00adtion. William Vogt a lu des cen\u00adtaines d\u2019ou\u00advrages dont il cite quelques extraits, notam\u00adment ces lignes de Cres\u00adsey&nbsp;: \u00ab&nbsp;Aucune nation n\u2019a le droit moral de lais\u00adser sa popu\u00adla\u00adtion d\u00e9pas\u00adser la capa\u00adci\u00adt\u00e9 nour\u00adri\u00adci\u00e8re de son ter\u00adri\u00adtoire, \u00e0 moins d\u2019ac\u00adcep\u00adter un abais\u00adse\u00adment de son stan\u00addard de vie. La pres\u00adsion de sa popu\u00adla\u00adtion seule n\u2019au\u00adto\u00adrise pas un pays \u00e0 s\u2019emparer de la terre de son voi\u00adsin, sur\u00adtout si ce voi\u00adsin est \u00e9ga\u00adle\u00adment sur\u00adpeu\u00adpl\u00e9. Le monde est bon\u00add\u00e9 main\u00adte\u00adnant, et la r\u00e9gle\u00admen\u00adta\u00adtion de son peu\u00adple\u00adment est deve\u00adnue l\u2019un des pro\u00adbl\u00e8mes inter\u00adna\u00adtio\u00adnaux les plus essen\u00adtiels.&nbsp;\u00bb L\u2019au\u00adteur de <i>La Faim du Monde<i> a visi\u00adt\u00e9 de nom\u00adbreux pays. Il a exa\u00admi\u00adn\u00e9 sur place, au Japon, en Chine\u200a\u2014\u200ao\u00f9 l\u2019on estime \u00e0 cent mil\u00adlions le nombre de per\u00adsonnes mortes de faim au cours du si\u00e8cle der\u00adnier,\u200a\u2014\u200aen Gr\u00e8ce, en Am\u00e9\u00adrique latine, aux Indes o\u00f9, selon M.&nbsp;Mun\u00adshi, ministre du Ravi\u00adtaille\u00adment, \u00ab&nbsp;la situa\u00adtion actuelle est pro\u00adba\u00adble\u00adment une des plus cri\u00adtiques de l\u2019his\u00adtoire indienne moderne&nbsp;\u00bb. Et de toutes les \u00e9tudes qu\u2019il a faites au long de ses voyages et \u00e0 tra\u00advers ses lec\u00adtures, William Vogt tire la conclu\u00adsion sui\u00advante&nbsp;: \u00ab&nbsp;Toutes les mesures pos\u00adsibles de pr\u00e9\u00adser\u00adva\u00adtion res\u00adte\u00adront sans effet si les popu\u00adla\u00adtions humaines s\u2019ac\u00adcroissent ind\u00e9\u00adfi\u00adni\u00adment. Il est \u00e9vident que d\u2019i\u00adci cin\u00adquante ans le monde ne sera pas en \u00e9tat de nour\u00adrir trois mil\u00adliards d\u2019in\u00addi\u00advi\u00addus de plus si ce n\u2019est au r\u00e9gime des coo\u00adlies&nbsp;; un sixi\u00e8me d\u2019hec\u00adtare ne peut d\u00e9cem\u00adment nour\u00adrir un homme, le v\u00eatir et r\u00e9gu\u00adla\u00adri\u00adser le cycle hydro\u00adlo\u00adgique. \u00c0 mesure que le chiffre des popu\u00adla\u00adtions aug\u00admente, les abus que l\u2019on fait du sol, comme je l\u2019ai mon\u00adtr\u00e9, aug\u00admen\u00adte\u00adront&nbsp;aussi.&nbsp;\u00bb<\/i><\/i><\/p>\n<p>Dans son der\u00adnier livre paru&nbsp;: <i>Trop d\u2019en\u00adfants&nbsp;?<\/i>&nbsp;[[<i>Trop d\u2019en\u00adfants&nbsp;?<\/i>, par Paul Reboux. \u00c9di\u00adtions Deno\u00ebl, Paris.]] Paul Reboux pose un grand nombre de ques\u00adtions aux\u00adquelles il r\u00e9pond d\u2019ailleurs avec preuves solides \u00e0 l\u2019ap\u00adpui. Il s\u2019\u00e9\u00adl\u00e8ve contre cette fr\u00e9\u00adn\u00e9\u00adsie popu\u00adla\u00adtrice qui r\u00e8gne dans tous les pays. Il fait res\u00adsor\u00adtir com\u00adbien le fameux \u00ab&nbsp;droit \u00e0 la vie&nbsp;\u00bb, qui fait le suc\u00adc\u00e8s des d\u00e9ma\u00adgogues de tous bords dans le but int\u00e9\u00adres\u00ads\u00e9 et peu louable de sub\u00adju\u00adguer l\u2019es\u00adprit peu aver\u00adti des foules, n\u2019existe pas en&nbsp;fait.<\/p>\n<p>Apr\u00e8s le tr\u00e8s impor\u00adtant ouvrage de William Vogt, <i>Trop d\u2019en\u00adfants&nbsp;?<\/i> pose le pro\u00adbl\u00e8me d\u2019une fa\u00e7on lucide. C\u2019est un livre ins\u00adtruc\u00adtif, oppor\u00adtun et cou\u00adra\u00adgeux d\u2019un obser\u00adva\u00adteur atten\u00adtif qui se place au-des\u00adsus des dogmes mys\u00adtiques, psy\u00adchiques ou moraux, et en dehors de toutes les cha\u00adpelles id\u00e9o\u00adlo\u00adgiques et poli\u00adtiques pour se situer dans un cli\u00admat r\u00e9el, posi\u00adtif et scien\u00adti\u00adfique. Il demande que soient sup\u00adpri\u00adm\u00e9s les encou\u00adra\u00adge\u00adments aux pul\u00adlu\u00adla\u00adtions exces\u00adsives qui font de tout nou\u00adveau-n\u00e9 un enfant de rap\u00adport. Il d\u00e9montre l\u2019in\u00adjus\u00adtice des lois d\u2019ex\u00adcep\u00adtion qui ont \u00e9t\u00e9 vot\u00e9es pour inter\u00addire la pro\u00adpa\u00adga\u00adtion des th\u00e9o\u00adries n\u00e9o-mal\u00adthu\u00adsiennes et de leur com\u00adpl\u00e9\u00adment&nbsp;: la divul\u00adga\u00adtion des moyens pr\u00e9ventifs.<\/p>\n<p>Peut-on esp\u00e9\u00adrer que tous ces appels \u00e0 la sagesse soient enten\u00addus, com\u00adpris et s\u00e9rieu\u00adse\u00adment pris en consid\u00e9ration&nbsp;?<\/p>\n<p>[\/\u200bJeanne <sc>Hum\u00adbert<\/sc>\/\u200b]<\/p>\n<\/div>\n","protected":false},"excerpt":{"rendered":"<p>Le titre, que j\u2019emprunte \u00e0 M.&nbsp;Pierre Dani\u00adnos&nbsp;[[Figa\u00adro du 10 juillet 1951.]], fait image. Il est assez plai\u00adsant de consta\u00adter pr\u00e9\u00adsen\u00adte\u00adment que dans de s\u00e9v\u00e8res revues, dans les quo\u00adti\u00addiens les plus s\u00e9rieux, sous la plume d\u2019\u00e9\u00adcri\u00advains non sus\u00adpects d\u2019i\u00add\u00e9es sub\u00adver\u00adsives, mais dou\u00e9s d\u2019es\u00adprit posi\u00adtif, le grave pro\u00adbl\u00e8me d\u00e9mo\u00adgra\u00adphique est enfin exa\u00admi\u00adn\u00e9 avec une cer\u00adtaine angoisse devant&nbsp;[\u2026]<\/p>\n","protected":false},"author":1,"featured_media":0,"comment_status":"closed","ping_status":"closed","sticky":false,"template":"","format":"standard","meta":{"wp_typography_post_enhancements_disabled":false,"footnotes":""},"categories":[520],"tags":[],"ppma_author":[540],"class_list":["post-4256","post","type-post","status-publish","format-standard","hentry","category-contre-courant-na2-mars-1952"],"authors":[{"term_id":540,"user_id":1,"is_guest":0,"slug":"admin_3gikpwyf","display_name":"Vincent Dubuc","avatar_url":"https:\/\/secure.gravatar.com\/avatar\/d015720652c25fd2ced191ade86430094e1f288a17483713e3b34d26dea52507?s=96&d=mm&r=g","author_category":"","user_url":"https:\/\/la-presse-anarchiste.net","last_name":"Dubuc","first_name":"Vincent","job_title":"","description":""}],"_links":{"self":[{"href":"https:\/\/la-presse-anarchiste.net\/index.php\/wp-json\/wp\/v2\/posts\/4256","targetHints":{"allow":["GET"]}}],"collection":[{"href":"https:\/\/la-presse-anarchiste.net\/index.php\/wp-json\/wp\/v2\/posts"}],"about":[{"href":"https:\/\/la-presse-anarchiste.net\/index.php\/wp-json\/wp\/v2\/types\/post"}],"author":[{"embeddable":true,"href":"https:\/\/la-presse-anarchiste.net\/index.php\/wp-json\/wp\/v2\/users\/1"}],"replies":[{"embeddable":true,"href":"https:\/\/la-presse-anarchiste.net\/index.php\/wp-json\/wp\/v2\/comments?post=4256"}],"version-history":[{"count":0,"href":"https:\/\/la-presse-anarchiste.net\/index.php\/wp-json\/wp\/v2\/posts\/4256\/revisions"}],"wp:attachment":[{"href":"https:\/\/la-presse-anarchiste.net\/index.php\/wp-json\/wp\/v2\/media?parent=4256"}],"wp:term":[{"taxonomy":"category","embeddable":true,"href":"https:\/\/la-presse-anarchiste.net\/index.php\/wp-json\/wp\/v2\/categories?post=4256"},{"taxonomy":"post_tag","embeddable":true,"href":"https:\/\/la-presse-anarchiste.net\/index.php\/wp-json\/wp\/v2\/tags?post=4256"},{"taxonomy":"author","embeddable":true,"href":"https:\/\/la-presse-anarchiste.net\/index.php\/wp-json\/wp\/v2\/ppma_author?post=4256"}],"curies":[{"name":"wp","href":"https:\/\/api.w.org\/{rel}","templated":true}]}}