{"id":4258,"date":"2021-06-13T15:54:00","date_gmt":"2021-06-13T15:54:00","guid":{"rendered":"https:\/\/la-presse-anarchiste.net\/index.php\/2021\/06\/13\/notre-correspondance\/"},"modified":"2021-06-13T15:54:00","modified_gmt":"2021-06-13T15:54:00","slug":"notre-correspondance","status":"publish","type":"post","link":"https:\/\/la-presse-anarchiste.net\/index.php\/2021\/06\/13\/notre-correspondance\/","title":{"rendered":"Notre correspondance"},"content":{"rendered":"<div class=\"pdfprnt-buttons pdfprnt-buttons-post pdfprnt-top-right\"><a href=\"https:\/\/la-presse-anarchiste.net\/index.php\/wp-json\/wp\/v2\/posts\/4258?print=pdf\" class=\"pdfprnt-button pdfprnt-button-pdf\" target=\"_blank\"><img decoding=\"async\" src=\"https:\/\/la-presse-anarchiste.net\/wp-content\/plugins\/pdf-print\/images\/pdf.png\" alt=\"image_pdf\" title=\"Afficher le PDF\"><\/a><a href=\"https:\/\/la-presse-anarchiste.net\/index.php\/wp-json\/wp\/v2\/posts\/4258?print=print\" class=\"pdfprnt-button pdfprnt-button-print\" target=\"_blank\"><img decoding=\"async\" src=\"https:\/\/la-presse-anarchiste.net\/wp-content\/plugins\/pdf-print\/images\/print.png\" alt=\"image_print\" title=\"Contenu imprim\u00e9\"><\/a><\/div><div align=\"justify\">\n<h3>\u00c0 propos d\u2019honneur<\/h3>\n<p>Je lis dans le pre\u00admier num\u00e9\u00adro de <i>Contre-cou\u00adrant<\/i> que M.&nbsp;Ray\u00admond de la Pra\u00addelle a r\u00e9cla\u00adm\u00e9, au cours d\u2019une inter\u00adven\u00adtion ora\u00adtoire, le droit \u00e0 l\u2019ob\u00adjec\u00adtion de conscience au nom de <i>l\u2019hon\u00adneur<\/i> mili\u00adtaire. Cela me para\u00eet un peu para\u00addoxal tout de m\u00eame. Et, puis\u00adqu\u2019il est ques\u00adtion d\u2019hon\u00adneur, que l\u2019au\u00adteur de cette d\u00e9cla\u00adra\u00adtion veuille bien prendre connais\u00adsance du petit arti\u00adcu\u00adlet sui\u00advant paru il y a quelques jours dans un organe ves\u00adp\u00e9\u00adral de droite&nbsp;: \u00ab&nbsp;Nous appre\u00adnons qu\u2019au cours des r\u00e9centes grandes man\u0153uvres de concen\u00adtra\u00adtion mili\u00adtaire en Hautes-Alpes, un obus explo\u00adsant est tom\u00adb\u00e9 sur une ferme pr\u00e8s de Brian\u00ad\u00e7on, occa\u00adsion\u00adnant un com\u00admen\u00adce\u00adment d\u2019in\u00adcen\u00addie, heu\u00adreu\u00adse\u00adment vite cir\u00adcons\u00adcrit par les secours imm\u00e9\u00addiats du per\u00adson\u00adnel, mais qui e\u00fbt pu avoir les plus graves cons\u00e9quences.&nbsp;\u00bb<\/p>\n<p>Ce fait divers se passe de com\u00admen\u00adtaires. Cepen\u00addant moi qui, en ma pauvre na\u00ef\u00adve\u00adt\u00e9, croyais que ces stu\u00adpides exer\u00adcices se pas\u00adsaient \u00e0 blanc, je m\u2019a\u00adper\u00ad\u00e7ois de la cadu\u00adci\u00adt\u00e9 de ma croyance. Aux pro\u00adchaines man\u0153uvres,\u200a\u2014\u200acela se passe \u00e0 proxi\u00admi\u00adt\u00e9 d\u2019une cit\u00e9 indus\u00adtrielle,\u200a\u2014\u200aquels seront les r\u00e9sul\u00adtats&nbsp;? D\u2019a\u00adpr\u00e8s enqu\u00eate, ces mes\u00adsieurs ont droit \u00e0 7&nbsp;% d\u2019o\u00adbus&nbsp;r\u00e9els.<\/p>\n<p>L\u00e0, alors, je pense que l\u2019hon\u00adneur mili\u00adtaire sera un tan\u00adti\u00adnet en jeu. Qu\u2019en dites-vous, amis lec\u00adteurs&nbsp;? Qu\u2019on se le dise quand m\u00eame, ne serait-ce qu\u2019au simple point de vue s\u00e9curit\u00e9.<\/p>\n<p>[\/\u200bEug\u00e8ne <sc>Gran\u00adguillotte<\/sc>\/\u200b]<\/p>\n<h3>Lettre du Paraguay<\/h3>\n<p>Me voi\u00adci ren\u00addu \u00e0 Asun\u00adcion apr\u00e8s une tra\u00adver\u00ads\u00e9e de vingt-quatre jours par mer heu\u00adreu\u00adse\u00adment calme. J\u2019ai pas\u00ads\u00e9 quelques heures \u00e0 Rio-de-Janei\u00adro, rade superbe, unique au monde par sa f\u00e9e\u00adrie de lumi\u00e8re. La ville est bien, mais sale comme toutes les villes sud-am\u00e9\u00adri\u00adcaines o\u00f9 les contrastes frappent, o\u00f9 voi\u00adsinent gratte-ciel splen\u00addides et tau\u00addis infects \u00e0 Bue\u00adnos-Aires par exemple.<\/p>\n<p>\u00c0 Asun\u00adcion le moderne c\u00f4toie le pri\u00admi\u00adtif. Vous y voyez des vaches, des \u00e2nes cir\u00adcu\u00adler libre\u00adment dans les rues, brou\u00adter l\u2019herbe entre les pav\u00e9s\u200a\u2014\u200acar les rues sont pav\u00e9es avec de gros gri\u00adsons ce qui rend la cir\u00adcu\u00adla\u00adtion \u00e0 bicy\u00adclette tr\u00e8s p\u00e9nible\u200a\u2014\u200asans que per\u00adsonne s\u2019en offusque.<\/p>\n<p>Les moyens de trans\u00adport datent de J\u00e9sus-Christ et pour\u00adtant les voi\u00adtures sont tou\u00adjours combles car les Sud-Am\u00e9\u00adri\u00adcains, tout comme les Pari\u00adsiens, n\u2019aiment pas mar\u00adcher \u00e0 pied. Cette capi\u00adtale pos\u00ads\u00e8de la lumi\u00e8re \u00e9lec\u00adtrique mais pas d\u2019\u00e9\u00adgouts et les gens y font leur popote sur les trottoirs.<\/p>\n<p>Je pour\u00adrai d\u2019i\u00adci peu don\u00adner sur les m\u0153urs des indi\u00adg\u00e8nes un long pro\u00adpos car je pars inces\u00adsam\u00adment dans la brousse. Ami\u00adca\u00adle\u00adment aux&nbsp;amis.<\/p>\n<p>[\/\u200bMarius <sc>Par\u00adson\u00adneau<\/sc>\/\u200b]<\/p>\n<\/div>\n","protected":false},"excerpt":{"rendered":"<p>\u00c0 pro\u00adpos d\u2019honneur Je lis dans le pre\u00admier num\u00e9\u00adro de Contre-cou\u00ad\u00adrant que M.&nbsp;Ray\u00admond de la Pra\u00addelle a r\u00e9cla\u00adm\u00e9, au cours d\u2019une inter\u00adven\u00adtion ora\u00adtoire, le droit \u00e0 l\u2019ob\u00adjec\u00adtion de conscience au nom de l\u2019hon\u00adneur mili\u00adtaire. Cela me para\u00eet un peu para\u00addoxal tout de m\u00eame. Et, puis\u00adqu\u2019il est ques\u00adtion d\u2019hon\u00adneur, que l\u2019au\u00adteur de cette d\u00e9cla\u00adra\u00adtion veuille bien&nbsp;[\u2026]<\/p>\n","protected":false},"author":1,"featured_media":0,"comment_status":"closed","ping_status":"closed","sticky":false,"template":"","format":"standard","meta":{"wp_typography_post_enhancements_disabled":false,"footnotes":""},"categories":[520],"tags":[],"ppma_author":[540],"class_list":["post-4258","post","type-post","status-publish","format-standard","hentry","category-contre-courant-na2-mars-1952"],"authors":[{"term_id":540,"user_id":1,"is_guest":0,"slug":"admin_3gikpwyf","display_name":"Vincent Dubuc","avatar_url":"https:\/\/secure.gravatar.com\/avatar\/d015720652c25fd2ced191ade86430094e1f288a17483713e3b34d26dea52507?s=96&d=mm&r=g","author_category":"","user_url":"https:\/\/la-presse-anarchiste.net","last_name":"Dubuc","first_name":"Vincent","job_title":"","description":""}],"_links":{"self":[{"href":"https:\/\/la-presse-anarchiste.net\/index.php\/wp-json\/wp\/v2\/posts\/4258","targetHints":{"allow":["GET"]}}],"collection":[{"href":"https:\/\/la-presse-anarchiste.net\/index.php\/wp-json\/wp\/v2\/posts"}],"about":[{"href":"https:\/\/la-presse-anarchiste.net\/index.php\/wp-json\/wp\/v2\/types\/post"}],"author":[{"embeddable":true,"href":"https:\/\/la-presse-anarchiste.net\/index.php\/wp-json\/wp\/v2\/users\/1"}],"replies":[{"embeddable":true,"href":"https:\/\/la-presse-anarchiste.net\/index.php\/wp-json\/wp\/v2\/comments?post=4258"}],"version-history":[{"count":0,"href":"https:\/\/la-presse-anarchiste.net\/index.php\/wp-json\/wp\/v2\/posts\/4258\/revisions"}],"wp:attachment":[{"href":"https:\/\/la-presse-anarchiste.net\/index.php\/wp-json\/wp\/v2\/media?parent=4258"}],"wp:term":[{"taxonomy":"category","embeddable":true,"href":"https:\/\/la-presse-anarchiste.net\/index.php\/wp-json\/wp\/v2\/categories?post=4258"},{"taxonomy":"post_tag","embeddable":true,"href":"https:\/\/la-presse-anarchiste.net\/index.php\/wp-json\/wp\/v2\/tags?post=4258"},{"taxonomy":"author","embeddable":true,"href":"https:\/\/la-presse-anarchiste.net\/index.php\/wp-json\/wp\/v2\/ppma_author?post=4258"}],"curies":[{"name":"wp","href":"https:\/\/api.w.org\/{rel}","templated":true}]}}