{"id":4264,"date":"2021-06-13T15:54:14","date_gmt":"2021-06-13T15:54:14","guid":{"rendered":"https:\/\/la-presse-anarchiste.net\/index.php\/2021\/06\/13\/dans-la-jungle-autoritaire\/"},"modified":"2021-06-13T15:54:14","modified_gmt":"2021-06-13T15:54:14","slug":"dans-la-jungle-autoritaire","status":"publish","type":"post","link":"https:\/\/la-presse-anarchiste.net\/index.php\/2021\/06\/13\/dans-la-jungle-autoritaire\/","title":{"rendered":"Dans la jungle autoritaire"},"content":{"rendered":"<div class=\"pdfprnt-buttons pdfprnt-buttons-post pdfprnt-top-right\"><a href=\"https:\/\/la-presse-anarchiste.net\/index.php\/wp-json\/wp\/v2\/posts\/4264?print=pdf\" class=\"pdfprnt-button pdfprnt-button-pdf\" target=\"_blank\"><img decoding=\"async\" src=\"https:\/\/la-presse-anarchiste.net\/wp-content\/plugins\/pdf-print\/images\/pdf.png\" alt=\"image_pdf\" title=\"Afficher le PDF\"><\/a><a href=\"https:\/\/la-presse-anarchiste.net\/index.php\/wp-json\/wp\/v2\/posts\/4264?print=print\" class=\"pdfprnt-button pdfprnt-button-print\" target=\"_blank\"><img decoding=\"async\" src=\"https:\/\/la-presse-anarchiste.net\/wp-content\/plugins\/pdf-print\/images\/print.png\" alt=\"image_print\" title=\"Contenu imprim\u00e9\"><\/a><\/div><div align=\"justify\">\n<p>[|<\/p>\n<h3>Propos d\u2019un&nbsp;Paria<\/h3>\n<p>|]<\/p>\n<h3>Trop tard\u2026 Il est&nbsp;pass\u00e9&nbsp;!<\/h3>\n<p>C\u2019est Louis-Fer\u00addi\u00adnand, de retour d\u2019un voyage en U.R.S.S. qui r\u00e9su\u00admait&nbsp;ainsi<br>\nses impres\u00adsions&nbsp;: \u00ab&nbsp;Vive la <sc>iii<\/sc><sup>e<\/sup> pourrie&nbsp;!&nbsp;\u00bb<\/p>\n<p>Certes, pour \u00eatre pour\u00adrie, elle l\u2019\u00e9\u00adtait, la troi\u00adsi\u00e8me&nbsp;! Mais, par com\u00adpa\u00adrai\u00adson avec celle que nous subis\u00adsons actuel\u00adle\u00adment, on serait presque ten\u00adt\u00e9 de r\u00e9p\u00e9\u00adter avec l\u2019au\u00adteur de \u00ab&nbsp;Baga\u00adtelles pour un mas\u00adsacre&nbsp;\u00bb&nbsp;: Vive la <sc>iii<\/sc><sup>e<\/sup> et avec, \u00e9vi\u00addem\u00adment, toute l\u2019i\u00adro\u00adnie qu\u2019il met\u00adtait dans cette exclamation.<\/p>\n<p>C\u2019\u00e9\u00adtait pour\u00adtant pour sau\u00adver cette Marianne en d\u00e9com\u00adpo\u00adsi\u00adtion que les \u00ab&nbsp;gars du 12 f\u00e9vrier&nbsp;\u00bb se sont heur\u00adt\u00e9s aux \u00ab&nbsp;voyous&nbsp;\u00bb de La Rocque et aux flics de Chiappe et qu\u2019ils \u00e9taient pr\u00eats der\u00adni\u00e8\u00adre\u00adment \u00e0 pour\u00adfendre les \u00ab&nbsp;voyous&nbsp;\u00bb de de Gaulle et les sbires de Baylot.<\/p>\n<p>Cette conti\u00adnui\u00adt\u00e9 dans la volon\u00adt\u00e9 de sau\u00adver un r\u00e9gime qu\u2019ils abhorrent vaut son pesant de caviar. Il est cer\u00adtain que pas mal de ces \u00ab&nbsp;r\u00e9pu\u00adbli\u00adcains \u00e0 tout crin&nbsp;\u00bb ont beau\u00adcoup plus \u00e0 perdre qu\u2019\u00e0 gagner \u00e0 un chan\u00adge\u00adment de r\u00e9gime. Le m\u00e9tier de r\u00e9vo\u00adlu\u00adtion\u00adnaire en pays capi\u00adta\u00adliste nour\u00adrit son&nbsp;homme.<\/p>\n<p>Ce qu\u2019il y a aus\u00adsi de curieux, c\u2019est que les slo\u00adgans ne changent pas.<\/p>\n<p>\u00ab&nbsp;Il faut bar\u00adrer la route au fas\u00adcisme&nbsp;!&nbsp;\u00bb qu\u2019ils disaient hier et qu\u2019ils r\u00e9p\u00e8tent aujourd\u2019\u00adhui, les&nbsp;gars&nbsp;!\u2026<\/p>\n<p>Car le colo\u00adnel a \u00e9t\u00e9 rem\u00adpla\u00adc\u00e9 par le \u00ab&nbsp;grand&nbsp;\u00bb g\u00e9n\u00e9ral&nbsp;!<\/p>\n<p>Le fas\u00adcisme&nbsp;! De Gaulle dic\u00adta\u00adteur&nbsp;? Balivernes.<\/p>\n<p>Et puis, il y a belle lurette qu\u2019il est pas\u00ads\u00e9 le fas\u00adcisme. Et que les dic\u00adta\u00adteurs sont jus\u00adte\u00adment ceux-l\u00e0 qui gueulent le plus&nbsp;fort.<\/p>\n<p>Si nous n\u2019a\u00advons pas la dic\u00adta\u00adture d\u2019un homme, nous avons celle des par\u00adtis. La plu\u00adpart des mesures, lois, d\u00e9crets pris depuis la lib\u00e9\u00adra\u00adtion ne sentent-ils pas le tota\u00adli\u00adta\u00adrisme \u00e0 plein&nbsp;nez&nbsp;?<\/p>\n<p>Liber\u00adt\u00e9, liber\u00adt\u00e9 ch\u00e9rie&nbsp;!\u2026<\/p>\n<p>Nous avons, para\u00eet-il, des liber\u00adt\u00e9s \u00e0 d\u00e9fendre. Lesquelles&nbsp;?<\/p>\n<p>Il serait plus juste de dire que nous en avons pas mal \u00e0 recon\u00adqu\u00e9\u00adrir, ne serait-ce que la liber\u00adt\u00e9 d\u2019ex\u00adpres\u00adsion que les ma\u00eetres du jour ont envoy\u00e9e, avec les autres, au rayon des vieilles lunes.<\/p>\n<p>Heu\u00adreu\u00adse\u00adment, il reste un espoir, c\u2019est que les dic\u00adta\u00adteurs \u00e0 la cur\u00e9e s\u2019empoignent \u00e0 belles dents.., et qu\u2019ils en cr\u00e8vent.<\/p>\n<p>Chi\u00adm\u00e8re, direz-vous&nbsp;? Peut-\u00eatre. Mais que serait la vie sans esp\u00e9rance&nbsp;?<\/p>\n<p>[\/\u200bPierre <sc>Mual\u00add\u00e8s<\/sc>\/\u200b]<\/p>\n<h3>Le profanateur<\/h3>\n<p>La mort de George&nbsp;<sc>vi<\/sc>, ses obs\u00e8ques, sa suc\u00adces\u00adsion au tr\u00f4ne devaient bou\u00adgre\u00adment int\u00e9\u00adres\u00adser les Fran\u00ad\u00e7ais r\u00e9pu\u00adbli\u00adcains puisque la presse quo\u00adti\u00addienne a gav\u00e9 ses lec\u00adteurs durant une semaine des moindres d\u00e9tails se rap\u00adpor\u00adtant \u00e0 ces \u00e9v\u00e9\u00adne\u00adments d\u2019im\u00adpor\u00adtance. Et les Anglais&nbsp;? Il para\u00eet qu\u2019ils \u00e9taient tous en larmes pour le roi et en ado\u00adra\u00adtion devant la nou\u00advelle reine. Sauf un pour le moins. Celui-l\u00e0 a vou\u00adlu pro\u00adtes\u00adter contre la \u00ab&nbsp;com\u00admer\u00adcia\u00adli\u00adsa\u00adtion&nbsp;\u00bb des fun\u00e9\u00adrailles royales. En refu\u00adsant d\u2019ob\u00adser\u00adver les deux minutes de silence ordon\u00adn\u00e9es alors qu\u2019il se trou\u00advait dans Fleet Street. On a vou\u00adlu l\u2019\u00e9\u00adchar\u00adper d\u2019a\u00adbord. Il fut tra\u00adduit devant le tri\u00adbu\u00adnal ensuite o\u00f9 on lui tint ce dis\u00adcours&nbsp;: \u00ab&nbsp;Nous sommes fiers, dans ce pays, de la liber\u00adt\u00e9 de parole et des autres liber\u00adt\u00e9s dont nous jouis\u00adsons, \u00e0 condi\u00adtion, tou\u00adte\u00adfois, de ne pas tou\u00adcher aux liber\u00adt\u00e9s des autres, par l\u2019ex\u00adpres\u00adsion de votre point de vue vous vous \u00eates ren\u00addu cou\u00adpable d\u2019a\u00advoir pro\u00advo\u00adqu\u00e9 du d\u00e9sordre.&nbsp;\u00bb Rien que la liber\u00adt\u00e9 de ne pas avoir d\u2019o\u00adpi\u00adnion per\u00adson\u00adnelle. \u00c0 tout le moins de ne pas l\u2019ex\u00adpri\u00admer. Ces deux minutes ont valu \u00e0 Antho\u00adny George une livre d\u2019a\u00admende. Envi\u00adron 28&nbsp;000 francs de l\u2019heure au cours du change. C\u2019est&nbsp;cher&nbsp;!<\/p>\n<h3>Votez pour eux&nbsp;! Votez pour&nbsp;moi&nbsp;!<\/h3>\n<p>L\u2019a\u00adven\u00adture de ce Tac\u00adnet, \u00e9lu d\u00e9pu\u00adt\u00e9 sous le nom de Ducreux, n\u2019est tout de m\u00eame pas piqu\u00e9e des vers&nbsp;! Peu scru\u00adpu\u00adleux il avait v\u00e9ri\u00adta\u00adble\u00adment l\u2019\u00e9\u00adtoffe d\u2019un poli\u00adti\u00adcien. Sa mort nous prive peut-\u00eatre d\u2019un ministre des Finances qui aurait su tirer le char de l\u2019\u00c9\u00adtat hors du bour\u00adbier o\u00f9 il s\u2019en\u00adlise chaque jour davan\u00adtage. Dans l\u2019af\u00adfaire, ceux qui ont meilleures mines, ce ne sont point tant les col\u00adl\u00e8gues que les \u00e9lec\u00adteurs. Ces der\u00adniers, bien enten\u00addu, ont l\u2019ha\u00adbi\u00adtude. Ils en ont d\u00e9j\u00e0 vu de toutes les cou\u00adleurs. Et si le nombre des \u00ab&nbsp;votards&nbsp;\u00bb dimi\u00adnue d\u2019\u00e9\u00adlec\u00adtions en \u00e9lec\u00adtions, ceux qui res\u00adtent n\u2019ont plus qu\u2019\u00e0 s\u2019es\u00adbau\u00addir d\u2019une si fine plai\u00adsan\u00adte\u00adrie. \u00c0 ce sujet il est amu\u00adsant de rap\u00adpe\u00adler l\u2019i\u00adni\u00adtia\u00adtive prise par Zo d\u2019Axa, en 1898, de pr\u00e9\u00adsen\u00adter aux suf\u00adfrages popu\u00adlaires l\u2019\u00e2ne blanc pr\u00e9\u00adnom\u00adm\u00e9 Nul. L\u2019\u00e2ne fut \u00e9lu. Sur le papier, il va de soi, car il s\u2019a\u00adgis\u00adsait d\u2019une addi\u00adtion com\u00adpre\u00adnant les bul\u00adle\u00adtins blancs, les bul\u00adle\u00adtins nuls, les abs\u00adten\u00adtions. \u00ab&nbsp;Voix et silences qui nor\u00adma\u00adle\u00adment se r\u00e9unissent pour signi\u00adfier ou le d\u00e9go\u00fbt ou le m\u00e9pris&nbsp;\u00bb. Cela fai\u00adsait, d\u00e9j\u00e0, une confor\u00adtable majo\u00adri\u00adt\u00e9. Les \u00e9lec\u00adteurs du demi-si\u00e8cle \u00e9li\u00adraient aus\u00adsi l\u2019\u00e2ne Nul. Sous le nom d\u2019un quel\u00adconque Ducreux.<\/p>\n<h3>Ils en ont un&nbsp;aussi&nbsp;!<\/h3>\n<p>Est-ce la faute de la fameuse \u00ab&nbsp;loi des s\u00e9ries&nbsp;\u00bb&nbsp;? En tout cas les purs natio\u00adna\u00adlistes (il en reste encore quelques-uns dans la presse) se r\u00e9joui\u00adront et feront obser\u00adver que le Palais-Bour\u00adbon n\u2019a pas l\u2019ex\u00adclu\u00adsi\u00advi\u00adt\u00e9 des pan\u00adta\u00adlon\u00adnades. En Alle\u00admagne on sait y faire \u00e9ga\u00adle\u00adment. Un ancien gau\u00adlei\u00adter nazi du nom de Fritz Roess\u00adler avait \u00e9chap\u00adp\u00e9 au z\u00e8le des \u00e9pu\u00adra\u00adteurs. Il e\u00fbt pu se tenir tran\u00adquille et dig\u00e9\u00adrer en paix. Ce qu\u2019eussent fait volon\u00adtiers ses vic\u00adtimes. Il aimait les par\u00adlotes et les hon\u00adneurs. C\u2019est ce qui l\u2019a per\u00addu. Il com\u00admen\u00ad\u00e7a par assu\u00adrer son d\u00e9c\u00e8s\u2026 par \u00e9cri\u00adtures publiques. Res\u00adsus\u00adci\u00adtant sous le nom de Franz Rich\u00adter il com\u00admen\u00ad\u00e7a par se rema\u00adrier avec sa veuve pour deve\u00adnir le beau-p\u00e8re de ses propres enfants. Jus\u00adqu\u2019i\u00adci la situa\u00adtion n\u2019est que vau\u00adde\u00advi\u00adlesque. Ce n\u2019\u00e9\u00adtait pas suf\u00adfi\u00adsant \u00e0 son gr\u00e9 puisque la taren\u00adtule poli\u00adtique l\u2019a\u00advait si bien piqu\u00e9 qu\u2019il adh\u00e9\u00adra au par\u00adti n\u00e9o\u00adna\u00adzi et se fit nom\u00admer d\u00e9pu\u00adt\u00e9 au Bun\u00addes\u00adtag. Tout a une fin, m\u00eame l\u2019im\u00adpos\u00adture. Le gaillard est en pri\u00adson et son par\u00adti pri\u00adv\u00e9 d\u2019un de ses membres les plus influents. Avouez qu\u2019\u00e0 Bonn aus\u00adsi l\u2019\u00e2ne Nul avait sa petite chance.<\/p>\n<h3>Information<\/h3>\n<p>En ouvrant son jour\u00adnal le matin le lec\u00adteur peut lire, \u00e0 peu pr\u00e8s chaque jour des nou\u00advelles de ce genre&nbsp;: \u00ab&nbsp;La pre\u00admi\u00e8re bombe ato\u00admique fabri\u00adqu\u00e9e en Angle\u00adterre sera essay\u00e9e cette ann\u00e9e en Aus\u00adtra\u00adlie.\u200a\u2014\u200aL\u2019I\u00adta\u00adlie va bien\u00adt\u00f4t fabri\u00adquer des fus\u00e9es en Sar\u00addaigne.\u200a\u2014\u200aLa You\u00adgo\u00adsla\u00advie se lance \u00e0 son tour dans la course ato\u00admique, etc.&nbsp;\u00bb Com\u00adment s\u2019\u00e9\u00adton\u00adner (apr\u00e8s avoir ain\u00adsi consta\u00adt\u00e9 la pr\u00e9\u00adpa\u00adra\u00adtion m\u00e9ti\u00adcu\u00adleuse de l\u2019as\u00adsas\u00adsi\u00adnat col\u00adlec\u00adtif) de la pul\u00adlu\u00adla\u00adtion de modestes entre\u00adprises indi\u00advi\u00adduelles titr\u00e9es ain\u00adsi&nbsp;: \u00ab&nbsp;Un ban\u00addit de 18 ans assas\u00adsine sa pro\u00adpri\u00e9\u00adtaire.\u200a\u2014\u200aDeux gang\u00adsters arm\u00e9s et mas\u00adqu\u00e9s d\u00e9va\u00adlisent des culti\u00adva\u00adteurs.\u200a\u2014\u200aUn Rou\u00admain blesse gri\u00e8\u00adve\u00adment son ancien patron.\u200a\u2014\u200aUn chau\u00addron\u00adnier poi\u00adgnarde son amie, etc.&nbsp;\u00bb L\u2019exemple vient de haut mais seuls, dans tous les cas, les petits trinquent. Vous direz peut-\u00eatre que c\u2019est l\u00e0 leur r\u00f4le puisque cela dure depuis si long\u00adtemps. Bien s\u00fbr. Encore est-il heu\u00adreux de trou\u00adver par\u00adfois, dans le m\u00eame jour\u00adnal, la note gaie. Celle-ci, par exemple&nbsp;: \u00ab&nbsp;Parce qu\u2019il aimait mieux construire que dor\u00admir\u2026 Eug\u00e8ne le Jeune, vacher du Finis\u00adt\u00e8re et \u00ab&nbsp;che\u00admi\u00adnot-cas\u00adtor&nbsp;\u00bb, a b\u00e2ti huit mai\u00adsons \u00e0 lui tout seul, durant ses heures de loi\u00adsir.&nbsp;\u00bb Avec la pho\u00adto de ce fada, s.v.p.<\/p>\n<h3>O justice&nbsp;!<\/h3>\n<p>Marie et Fran\u00ad\u00e7ois Mayoux, ins\u00adti\u00adtu\u00adteurs, signent une bro\u00adchure paci\u00adfiste vers 1917 au nom de leur syn\u00addi\u00adcat. Ils sont pour\u00adsui\u00advis, empri\u00adson\u00adn\u00e9s, r\u00e9vo\u00adqu\u00e9s. Rien que de plus nor\u00admal sous le Tigre ou ses sem\u00adblables. Amnis\u00adti\u00e9s en 1919, r\u00e9in\u00adt\u00e9\u00adgr\u00e9s en 1924 ils ont ver\u00ads\u00e9, pour assu\u00adrer l\u2019in\u00adt\u00e9\u00adgra\u00adli\u00adt\u00e9 de leur retraite, comme tous les r\u00e9in\u00adt\u00e9\u00adgr\u00e9s, les sommes aff\u00e9\u00adrentes aux sept ann\u00e9es de r\u00e9vo\u00adca\u00adtion. Pos\u00adtiers et che\u00admi\u00adnots, dans leur cas, obtiennent le droit \u00e0 l\u2019a\u00advan\u00adce\u00adment, r\u00e9gu\u00adlier chez les fonc\u00adtion\u00adnaires. Les Mayoux, eux, l\u2019at\u00adtendent encore mal\u00adgr\u00e9 les pro\u00admesses de 1924 et l\u2019am\u00adnis\u00adtie de 1937. Ce qui fait qu\u2019au\u00adjourd\u2019\u00adhui leur retraite est inf\u00e9\u00adrieure \u00e0 celle d\u2019un ins\u00adti\u00adtu\u00adteur pour une sanc\u00adtion dis\u00adci\u00adpli\u00adnaire datant de 34 ans et amnis\u00adti\u00e9e six fois. Nous pro\u00adtes\u00adtons ici. Nous deman\u00addons \u00e0 nos lec\u00adteurs qui ont la pos\u00adsi\u00adbi\u00adli\u00adt\u00e9 de pro\u00adtes\u00adter dans des jour\u00adnaux, assez libres pour le faire, de nous imi\u00adter. Pour les syn\u00addi\u00adqu\u00e9s d\u2019in\u00adter\u00adve\u00adnir dans leurs syn\u00addi\u00adcats pour faite rendre jus\u00adtice \u00e0 nos veux&nbsp;amis.<\/p>\n<h3>Cas similaire<\/h3>\n<p>Un autre de nos amis, lui aus\u00adsi ancien ins\u00adti\u00adtu\u00adteur, et aus\u00adsi paci\u00adfiste convain\u00adcu puis\u00adqu\u2019il s\u2019a\u00adgit de Louis Hobey, auteur de \u00ab&nbsp;La guerre c\u2019est \u00e7\u00e0&nbsp;\u00bb, et mili\u00adtant ardent de la paix et du syn\u00addi\u00adca\u00adlisme avant la Seconde Guerre mon\u00addiale. \u00c0 la retraite pro\u00adpor\u00adtion\u00adnelle il dut pour vivre d\u00e9cem\u00adment entrer pro\u00adfes\u00adsion\u00adnel\u00adle\u00adment dans une mai\u00adrie comme secr\u00e9\u00adtaire. Tout aurait bien \u00e9t\u00e9 si Mon\u00adsieur le Maire n\u2019a\u00advait pris ombrage des acti\u00advi\u00adt\u00e9s ext\u00e9\u00adrieures de son employ\u00e9. Il le r\u00e9vo\u00adqua, pure\u00adment et sim\u00adple\u00adment, sans indem\u00adni\u00adt\u00e9. Ce geste d\u2019au\u00adto\u00adcrate a entra\u00ee\u00adn\u00e9 un pour\u00advoi en Conseil d\u2019\u00c9\u00adtat d\u00e9po\u00ads\u00e9 par la F\u00e9d\u00e9\u00adra\u00adtion des secr\u00e9\u00adtaires de Mai\u00adrie. Depuis Hobey vit avec une retraite incom\u00adpl\u00e8te car, s\u2019il a obte\u00adnu un nou\u00adveau titre de pen\u00adsion le maire, obs\u00adti\u00adn\u00e9, en a fait dif\u00adf\u00e9\u00adrer le paie\u00adment. Il est bon d\u2019as\u00adso\u00adcier ce cas d\u2019ar\u00adbi\u00adtraire \u00e0 la pro\u00adtes\u00adta\u00adtion que nous \u00e9le\u00advions dans l\u2019\u00e9\u00adcho pr\u00e9c\u00e9dent.<\/p>\n<h3>France for&nbsp;ever<\/h3>\n<p>Il n\u2019est pas besoin de longs dis\u00adcours pour d\u00e9mon\u00adtrer que la France\u200a\u2014\u200asous la qua\u00adtri\u00e8me R\u00e9pu\u00adblique\u200a\u2014\u200aest le pays le plus paci\u00adfique du monde. Les preuves abondent. Voi\u00adci, \u00e0 titre docu\u00admen\u00adtaire, un aper\u00ad\u00e7u de l\u2019\u00e9\u00adcart entre les charges de r\u00e9ar\u00adme\u00adment accep\u00adt\u00e9es par les \u00c9tats et les charges, plus \u00e9le\u00adv\u00e9es, que les \u00ab&nbsp;Sages&nbsp;\u00bb recom\u00adman\u00addaient d\u2019as\u00adsu\u00admer (les chiffres indiquent la pro\u00adpor\u00adtion des d\u00e9penses mili\u00adtaires par rap\u00adport au reve\u00adnu natio\u00adnal). La pre\u00admi\u00e8re colonne est r\u00e9ser\u00adv\u00e9e aux chiffres gou\u00adver\u00adne\u00admen\u00adtaux, la seconde \u00e0 la recom\u00adman\u00adda\u00adtion des \u00ab&nbsp;Sages&nbsp;\u00bb&nbsp;:<\/p>\n<table>\n<tbody>\n<tr class=\"row_even\">\n<td> France&nbsp;<\/td>\n<td> 9,8&nbsp;% <\/td>\n<td> 10,6&nbsp;% <\/td>\n<\/tr>\n<tr class=\"row_odd\">\n<td> Belgique&nbsp;<\/td>\n<td> 5,1&nbsp;% <\/td>\n<td> 8&nbsp;%&nbsp;<\/td>\n<\/tr>\n<tr class=\"row_even\">\n<td> Italie&nbsp;<\/td>\n<td> 5,7&nbsp;% <\/td>\n<td> 6,5&nbsp;% <\/td>\n<\/tr>\n<tr class=\"row_odd\">\n<td> Norv\u00e8ge&nbsp;<\/td>\n<td> 4,7&nbsp;% <\/td>\n<td> 5,4&nbsp;% <\/td>\n<\/tr>\n<tr class=\"row_even\">\n<td> Danemark&nbsp;<\/td>\n<td> 2,81&nbsp;% <\/td>\n<td> 3,7&nbsp;% <\/td>\n<\/tr>\n<tr class=\"row_odd\">\n<td> Canada&nbsp;<\/td>\n<td> 8,6&nbsp;% <\/td>\n<td> 9,4&nbsp;% <\/td>\n<\/tr>\n<\/tbody>\n<\/table>\n<p>Cinq des gou\u00adver\u00adne\u00adments int\u00e9\u00adres\u00ads\u00e9s ont fer\u00adme\u00adment refu\u00ads\u00e9 d\u2019ac\u00adcep\u00adter pareilles recom\u00adman\u00adda\u00adtions. La Bel\u00adgique entre autres s\u2019est mon\u00adtr\u00e9e fran\u00adche\u00adment aigre-douce. La France, par contre, a \u00e9t\u00e9 la seule \u00e0 consen\u00adtir \u00e0 por\u00adter de 1.070 \u00e0 1,120&nbsp;mil\u00adlion son effort mili\u00adtaire. \u00c0 nos poches&nbsp;!<\/p>\n<p>[\/\u200b<sc>Mow\u00adgli<\/sc>\/\u200b]<\/p>\n<\/div>\n","protected":false},"excerpt":{"rendered":"<p>[| Pro\u00adpos d\u2019un&nbsp;Paria |] Trop tard\u2026 Il est&nbsp;pas\u00ads\u00e9&nbsp;! C\u2019est Louis-Fer\u00ad\u00addi\u00ad\u00adnand, de retour d\u2019un voyage en U.R.S.S. qui r\u00e9su\u00admait&nbsp;ain\u00adsi ses impres\u00adsions&nbsp;: \u00ab&nbsp;Vive la iiie pour\u00adrie&nbsp;!&nbsp;\u00bb Certes, pour \u00eatre pour\u00adrie, elle l\u2019\u00e9\u00adtait, la troi\u00adsi\u00e8me&nbsp;! Mais, par com\u00adpa\u00adrai\u00adson avec celle que nous subis\u00adsons actuel\u00adle\u00adment, on serait presque ten\u00adt\u00e9 de r\u00e9p\u00e9\u00adter avec l\u2019au\u00adteur de \u00ab&nbsp;Baga\u00adtelles pour un mas\u00adsacre&nbsp;\u00bb&nbsp;: Vive&nbsp;[\u2026]<\/p>\n","protected":false},"author":1,"featured_media":0,"comment_status":"closed","ping_status":"closed","sticky":false,"template":"","format":"standard","meta":{"wp_typography_post_enhancements_disabled":false,"footnotes":""},"categories":[520],"tags":[],"ppma_author":[540],"class_list":["post-4264","post","type-post","status-publish","format-standard","hentry","category-contre-courant-na2-mars-1952"],"authors":[{"term_id":540,"user_id":1,"is_guest":0,"slug":"admin_3gikpwyf","display_name":"Vincent Dubuc","avatar_url":"https:\/\/secure.gravatar.com\/avatar\/d015720652c25fd2ced191ade86430094e1f288a17483713e3b34d26dea52507?s=96&d=mm&r=g","author_category":"","user_url":"https:\/\/la-presse-anarchiste.net","last_name":"Dubuc","first_name":"Vincent","job_title":"","description":""}],"_links":{"self":[{"href":"https:\/\/la-presse-anarchiste.net\/index.php\/wp-json\/wp\/v2\/posts\/4264","targetHints":{"allow":["GET"]}}],"collection":[{"href":"https:\/\/la-presse-anarchiste.net\/index.php\/wp-json\/wp\/v2\/posts"}],"about":[{"href":"https:\/\/la-presse-anarchiste.net\/index.php\/wp-json\/wp\/v2\/types\/post"}],"author":[{"embeddable":true,"href":"https:\/\/la-presse-anarchiste.net\/index.php\/wp-json\/wp\/v2\/users\/1"}],"replies":[{"embeddable":true,"href":"https:\/\/la-presse-anarchiste.net\/index.php\/wp-json\/wp\/v2\/comments?post=4264"}],"version-history":[{"count":0,"href":"https:\/\/la-presse-anarchiste.net\/index.php\/wp-json\/wp\/v2\/posts\/4264\/revisions"}],"wp:attachment":[{"href":"https:\/\/la-presse-anarchiste.net\/index.php\/wp-json\/wp\/v2\/media?parent=4264"}],"wp:term":[{"taxonomy":"category","embeddable":true,"href":"https:\/\/la-presse-anarchiste.net\/index.php\/wp-json\/wp\/v2\/categories?post=4264"},{"taxonomy":"post_tag","embeddable":true,"href":"https:\/\/la-presse-anarchiste.net\/index.php\/wp-json\/wp\/v2\/tags?post=4264"},{"taxonomy":"author","embeddable":true,"href":"https:\/\/la-presse-anarchiste.net\/index.php\/wp-json\/wp\/v2\/ppma_author?post=4264"}],"curies":[{"name":"wp","href":"https:\/\/api.w.org\/{rel}","templated":true}]}}