{"id":4268,"date":"2021-06-13T15:55:05","date_gmt":"2021-06-13T15:55:05","guid":{"rendered":"https:\/\/la-presse-anarchiste.net\/index.php\/2021\/06\/13\/manieres-de-voir\/"},"modified":"2021-06-13T15:55:05","modified_gmt":"2021-06-13T15:55:05","slug":"manieres-de-voir","status":"publish","type":"post","link":"https:\/\/la-presse-anarchiste.net\/index.php\/2021\/06\/13\/manieres-de-voir\/","title":{"rendered":"Mani\u00e8res de&nbsp;voir"},"content":{"rendered":"<div class=\"pdfprnt-buttons pdfprnt-buttons-post pdfprnt-top-right\"><a href=\"https:\/\/la-presse-anarchiste.net\/index.php\/wp-json\/wp\/v2\/posts\/4268?print=pdf\" class=\"pdfprnt-button pdfprnt-button-pdf\" target=\"_blank\"><img decoding=\"async\" src=\"https:\/\/la-presse-anarchiste.net\/wp-content\/plugins\/pdf-print\/images\/pdf.png\" alt=\"image_pdf\" title=\"Afficher le PDF\"><\/a><a href=\"https:\/\/la-presse-anarchiste.net\/index.php\/wp-json\/wp\/v2\/posts\/4268?print=print\" class=\"pdfprnt-button pdfprnt-button-print\" target=\"_blank\"><img decoding=\"async\" src=\"https:\/\/la-presse-anarchiste.net\/wp-content\/plugins\/pdf-print\/images\/print.png\" alt=\"image_print\" title=\"Contenu imprim\u00e9\"><\/a><\/div><p class=\"post_excerpt\">Bras\u00adser les id\u00e9es, pro\u00advo\u00adquer des contro\u00adverses sur ces id\u00e9es, et par cela m\u00eame rendre le jour\u00adnal vivant, est un des buts de <i>Contre-cou\u00adrant<\/i>. Les articles ins\u00e9\u00adr\u00e9s dans cette rubrique n\u2019au\u00adront certes point l\u2019a\u00adgr\u00e9\u00adment de tous nos lec\u00adteurs, mais il ne peut en \u00eatre autre\u00adment si nous vou\u00adlons avoir dans notre organe un coin r\u00e9ser\u00adv\u00e9 \u00e0 la libre dis\u00adcus\u00adsion ou \u00e0 la contro\u00adverse courtoise.<\/p>\n<p><!--more--><\/p>\n<div align=\"justify\">\n<p>Cha\u00adcun sait que les peuples n\u2019ont jamais eu un go\u00fbt mar\u00adqu\u00e9 pour la guerre, et qu\u2019au\u00adjourd\u2019\u00adhui comme autre\u00adfois ils aspirent \u00e0 la paix. Cette v\u00e9ri\u00adt\u00e9 de La Palice, que nul n\u2019i\u00adgnore, les beaux par\u00adleurs s\u2019\u00e9\u00adver\u00adtuent \u00e0 en faire leur propre d\u00e9cou\u00adverte, \u00ab&nbsp;r\u00e9v\u00e9\u00adlant&nbsp;\u00bb, \u00e0 qui veut bien les \u00e9cou\u00adter, que des popu\u00adla\u00adtions enti\u00e8res sont lasses de la guerre.<\/p>\n<p>Mais ces faux ap\u00f4tres, se gar\u00addant bien d\u2019al\u00adler trop loin dans l\u2019a\u00adna\u00adlyse d\u2019un pro\u00adbl\u00e8me pour lequel l\u2019\u00e9\u00adlo\u00adquence ne r\u00e9sout rien, omettent d\u2019a\u00adjou\u00adter&nbsp;: si les peuples n\u2019ont jamais <i>d\u00e9si\u00adr\u00e9<\/i> la guerre, cela ne les a pas emp\u00ea\u00adch\u00e9s de la faire chaque fois que leurs diri\u00adgeants l\u2019ont d\u00e9ci\u00add\u00e9e. Ils ne l\u2019ont jamais appe\u00adl\u00e9e de leurs v\u0153ux, mais tou\u00adjours ils ont accep\u00adt\u00e9 de la faire. Admet\u00adtons m\u00eame, pour \u00eatre indul\u00adgent, que ne l\u2019ayant jamais vrai\u00adment accep\u00adt\u00e9e, ils l\u2019ont subie, ce qui att\u00e9\u00adnue la por\u00adt\u00e9e de leur res\u00adpon\u00adsa\u00adbi\u00adli\u00adt\u00e9. Peu importe. Ce qui compte ici, c\u2019est d\u2019a\u00advoir \u00e0 consta\u00adter <i>qu\u2019ils l\u2019ont faite<\/i>, et que le cas \u00e9ch\u00e9ant (tr\u00eave de romans-feuille\u00adtons), dans la conjonc\u00adture \u00e9co\u00adno\u00admique et sociale actuelle, si leurs diri\u00adgeants en d\u00e9ci\u00addaient ain\u00adsi, <i>ils la refe\u00adraient<\/i>&nbsp;!<\/p>\n<p>Si cette conjonc\u00adture \u00e9co\u00adno\u00admique et sociale, sous tous les cieux et dans tous les r\u00e9gimes exis\u00adtant \u00e0 ce jour, doit \u00eatre \u00e0 l\u2019o\u00adri\u00adgine d\u2019un nou\u00adveau conflit mon\u00addial, c\u2019est donc \u00e0 elle, qu\u2019il faut s\u2019en prendre au lieu d\u2019af\u00adfir\u00admer, avec gran\u00addi\u00adlo\u00adquence, vou\u00adloir d\u00e9ve\u00adlop\u00adper un d\u00e9sir de paix qui existe effec\u00adti\u00adve\u00adment, et que le bon sens natu\u00adrel emp\u00ea\u00adche\u00adra tou\u00adjours de dis\u00adpa\u00adra\u00eetre. Ce d\u00e9sir, il n\u2019est plus que de le satis\u00adfaire, non pas seule\u00adment par des for\u00admules ver\u00adbales et sans por\u00adt\u00e9e, expri\u00admant cette aspi\u00adra\u00adtion indi\u00advi\u00adduelle com\u00admune \u00e0 tous les hommes&nbsp;: <i>vivre en paix<\/i>, mais par une action qui rende la paix pos\u00adsible en sup\u00adpri\u00admant les causes morales, mat\u00e9\u00adrielles et poli\u00adtiques de la guerre.<\/p>\n<p>Les hommes d\u2019\u00c9\u00adtat, qu\u2019ils soient \u00ab&nbsp;orien\u00adtaux&nbsp;\u00bb ou \u00ab&nbsp;occi\u00adden\u00adtaux&nbsp;\u00bb, ont tel\u00adle\u00adment bien com\u00adpris les sen\u00adti\u00adments paci\u00adfiques des peuples, qu\u2019ils sont les pre\u00admiers, pour gran\u00addir leur pres\u00adtige et <i>ren\u00adfor\u00adcer leur puis\u00adsance<\/i>, \u00e0 adop\u00adter ce slo\u00adgan gal\u00advau\u00add\u00e9 par les pires enne\u00admis de la paix&nbsp;: \u00ab&nbsp;\u00c0 bas la guerre&nbsp;!&nbsp;\u00bb Leur puis\u00adsance se tra\u00addui\u00adsant par l\u2019op\u00adpres\u00adsion \u00e9co\u00adno\u00admique, sociale, poli\u00adtique et morale des peuples, leur \u00ab&nbsp;paix&nbsp;\u00bb n\u2019est autre chose que la <i>guerre sociale<\/i> dont ils sont les b\u00e9n\u00e9\u00adfi\u00adciaires\u200a\u2014\u200aet dont la guerre \u00ab&nbsp;imp\u00e9\u00adria\u00adliste&nbsp;\u00bb n\u2019est qu\u2019un des aspects. Tout en ne d\u00e9si\u00adrant pas la guerre pour elle-m\u00eame, dont l\u2019is\u00adsue r\u00e9serve tou\u00adjours des sur\u00adprises, ils sont en tout temps pr\u00eats \u00e0 la d\u00e9clen\u00adcher, si de son d\u00e9clen\u00adche\u00adment peut d\u00e9pendre le main\u00adtien ou l\u2019ex\u00adten\u00adsion de leur puis\u00adsance. Elle consti\u00adtue en soi un pis-aller auquel les diri\u00adgeants recourent bien volon\u00adtiers. Non par plai\u00adsir, certes, mais par n\u00e9ces\u00adsi\u00adt\u00e9. Il n\u2019y a donc pas lieu de s\u2019at\u00adtar\u00adder aux ini\u00adtia\u00adtives \u00ab&nbsp;paci\u00adfistes&nbsp;\u00bb des puis\u00adsants, car elles tendent \u00e0 cacher de bien cruelles r\u00e9alit\u00e9s.<\/p>\n<p>Cepen\u00addant, au-des\u00adsus des frac\u00adtions poli\u00adtiques, des hommes d\u2019\u00c9\u00adtat, des car\u00adtels indus\u00adtriels et finan\u00adciers, il existe un cou\u00adrant d\u2019i\u00add\u00e9es pro\u00adfon\u00add\u00e9\u00adment paci\u00adfiste, d\u00e9nu\u00e9 de toute arri\u00e8re-pen\u00ads\u00e9e poli\u00adtique, de toute volon\u00adt\u00e9 de domi\u00adna\u00adtion&nbsp;: c\u2019est celui qui, englo\u00adbant une par\u00adtie de ceux qui sui\u00advirent Gar\u00adry Davis, va jus\u00adqu\u2019aux objec\u00adteurs de conscience. C\u2019est le seul cou\u00adrant auquel nous accor\u00adde\u00adrons assez de cr\u00e9\u00addit pour lui consen\u00adtir des expli\u00adca\u00adtions d\u00e9taill\u00e9es, afin de d\u00e9mon\u00adtrer son incon\u00adsis\u00adtance et les dan\u00adgers qu\u2019il pr\u00e9sente.<\/p>\n<p>Ce cou\u00adrant pr\u00e9\u00adsente des dan\u00adgers parce qu\u2019il s\u2019a\u00addresse \u00e0 la par\u00adtie la plus saine de l\u2019o\u00adpi\u00adnion, parce que chez les mieux inten\u00adtion\u00adn\u00e9s il entre\u00adtient des illu\u00adsions qu\u2019il faut abso\u00adlu\u00adment d\u00e9truire pour que soit atteint le but qu\u2019il se pro\u00adpose&nbsp;: r\u00e9a\u00adli\u00adser la paix. Ses adeptes sur\u00adgissent de milieux forts divers, et se ren\u00adcontrent chez les ath\u00e9es les plus r\u00e9so\u00adlus comme par\u00admi les d\u00e9istes les plus enra\u00adci\u00adn\u00e9s dans leur foi. Pour les uns et les autres, et \u00e0 quelques nuances pr\u00e8s, la guerre peut \u00eatre \u00e9vi\u00adt\u00e9e dans le cadre social actuel, ou tout au moins sans qu\u2019il soit n\u00e9ces\u00adsaire de pro\u00adc\u00e9\u00adder avant tout \u00e0 la r\u00e9vo\u00adlu\u00adtion sociale. Ce qui revient au&nbsp;m\u00eame.<\/p>\n<p>Il suf\u00adfi\u00adrait, selon eux, que tous les hommes de bonne volon\u00adt\u00e9 d\u00e9cident d\u2019or\u00adga\u00adni\u00adser la paix. Mais les choses ne sont pas si simples, et la bonne volon\u00adt\u00e9 ne suf\u00adfit&nbsp;pas.<\/p>\n<p>\u00c9tant \u00e9ta\u00adbli que la r\u00e9a\u00adli\u00adsa\u00adtion d\u2019une paix durable d\u00e9pend de la dis\u00adpa\u00adri\u00adtion des forces d\u2019op\u00adpres\u00adsion qui causent ou d\u00e9clenchent les guerres, c\u2019est \u00e0 la des\u00adtruc\u00adtion de ces forces qu\u2019il faut tra\u00advailler sans d\u00e9lai. Si les \u00ab&nbsp;hommes de bonne volon\u00adt\u00e9&nbsp;\u00bb conti\u00adnuent \u00e0 se conten\u00adter de cla\u00admer bien haut leur amour de la paix, sans s\u2019en\u00adga\u00adger dans l\u2019ac\u00adtion r\u00e9vo\u00adlu\u00adtion\u00adnaire qui d\u00e9trui\u00adra les causes de guerre, ils seront, comme par le pas\u00ads\u00e9, sub\u00admer\u00adg\u00e9s, d\u00e9truits eux-m\u00eames par cette guerre, contre laquelle ils n\u2019au\u00adront rien fait d\u2019efficace.<\/p>\n<p>[\/\u200bHenri <sc>Bouy\u00e9<\/sc>\/\u200b]<\/p>\n<\/div>\n","protected":false},"excerpt":{"rendered":"<p>Bras\u00adser les id\u00e9es, pro\u00advo\u00adquer des contro\u00adverses sur ces id\u00e9es, et par cela m\u00eame rendre le jour\u00adnal vivant, est un des buts de Contre-cou\u00ad\u00adrant. Les articles ins\u00e9\u00adr\u00e9s dans cette rubrique n\u2019au\u00adront certes point l\u2019a\u00adgr\u00e9\u00adment de tous nos lec\u00adteurs, mais il ne peut en \u00eatre autre\u00adment si nous vou\u00adlons avoir dans notre organe un coin r\u00e9ser\u00adv\u00e9&nbsp;\u00e0&nbsp;[\u2026]<\/p>\n","protected":false},"author":1,"featured_media":0,"comment_status":"closed","ping_status":"closed","sticky":false,"template":"","format":"standard","meta":{"wp_typography_post_enhancements_disabled":false,"footnotes":""},"categories":[520],"tags":[],"ppma_author":[540],"class_list":["post-4268","post","type-post","status-publish","format-standard","hentry","category-contre-courant-na2-mars-1952"],"authors":[{"term_id":540,"user_id":1,"is_guest":0,"slug":"admin_3gikpwyf","display_name":"Vincent Dubuc","avatar_url":"https:\/\/secure.gravatar.com\/avatar\/d015720652c25fd2ced191ade86430094e1f288a17483713e3b34d26dea52507?s=96&d=mm&r=g","author_category":"","user_url":"https:\/\/la-presse-anarchiste.net","last_name":"Dubuc","first_name":"Vincent","job_title":"","description":""}],"_links":{"self":[{"href":"https:\/\/la-presse-anarchiste.net\/index.php\/wp-json\/wp\/v2\/posts\/4268","targetHints":{"allow":["GET"]}}],"collection":[{"href":"https:\/\/la-presse-anarchiste.net\/index.php\/wp-json\/wp\/v2\/posts"}],"about":[{"href":"https:\/\/la-presse-anarchiste.net\/index.php\/wp-json\/wp\/v2\/types\/post"}],"author":[{"embeddable":true,"href":"https:\/\/la-presse-anarchiste.net\/index.php\/wp-json\/wp\/v2\/users\/1"}],"replies":[{"embeddable":true,"href":"https:\/\/la-presse-anarchiste.net\/index.php\/wp-json\/wp\/v2\/comments?post=4268"}],"version-history":[{"count":0,"href":"https:\/\/la-presse-anarchiste.net\/index.php\/wp-json\/wp\/v2\/posts\/4268\/revisions"}],"wp:attachment":[{"href":"https:\/\/la-presse-anarchiste.net\/index.php\/wp-json\/wp\/v2\/media?parent=4268"}],"wp:term":[{"taxonomy":"category","embeddable":true,"href":"https:\/\/la-presse-anarchiste.net\/index.php\/wp-json\/wp\/v2\/categories?post=4268"},{"taxonomy":"post_tag","embeddable":true,"href":"https:\/\/la-presse-anarchiste.net\/index.php\/wp-json\/wp\/v2\/tags?post=4268"},{"taxonomy":"author","embeddable":true,"href":"https:\/\/la-presse-anarchiste.net\/index.php\/wp-json\/wp\/v2\/ppma_author?post=4268"}],"curies":[{"name":"wp","href":"https:\/\/api.w.org\/{rel}","templated":true}]}}